{"id":28544,"date":"2023-08-21T15:40:12","date_gmt":"2023-08-21T15:40:12","guid":{"rendered":"https:\/\/senegalndiaye.com\/?p=28544"},"modified":"2023-08-28T09:15:23","modified_gmt":"2023-08-28T09:15:23","slug":"%e2%9c%85-le-groupe-scolaire-marieme-et-aida-un-pilier-de-leducation-specialisee-au-senegal-enfant-autiste","status":"publish","type":"post","link":"https:\/\/senegalndiaye.com\/tr\/%e2%9c%85-le-groupe-scolaire-marieme-et-aida-un-pilier-de-leducation-specialisee-au-senegal-enfant-autiste\/","title":{"rendered":"\u2705 Mari\u00e8me ve Aida Okul Grubu: Senegal&#039;de kayna\u015ft\u0131rman\u0131n temel dire\u011fi (\u00f6zel e\u011fitim, otistik \u00e7ocuk)"},"content":{"rendered":"<p>\u00d6zel e\u011fitim, Senegal&#039;deki otizmli \u00e7ocuklar gibi engelli bireylere hayati destek sunarak Senegal toplumunda \u00f6nemli bir yere sahiptir. Senegal, y\u0131llar i\u00e7inde \u00f6zel e\u011fitim gereksinimi olan ki\u015filer de dahil olmak \u00fczere herkesin kaliteli e\u011fitime eri\u015fimini sa\u011flamay\u0131 ama\u00e7layan program ve politikalar\u0131n uygulanmas\u0131nda \u00f6nemli ilerlemeler kaydetti. Ancak zorluklar devam ediyor ve bu durum, bu n\u00fcfusun \u00e7e\u015fitli ihtiya\u00e7lar\u0131n\u0131 kar\u015f\u0131lamak i\u00e7in \u00f6zel e\u011fitim sistemlerinin iyile\u015ftirilmesine y\u00f6nelik s\u00fcrekli ihtiyac\u0131 vurguluyor.<\/p>\n<h3><strong>\u00d6nemli ilerleme<\/strong><\/h3>\n<p>Senegal, son birka\u00e7 on y\u0131lda \u00f6zel e\u011fitim alan\u0131nda kayda de\u011fer ilerlemeler kaydetti. 25 May\u0131s 2010 tarihli ve 2010-11 say\u0131l\u0131 Engelli Haklar\u0131n\u0131n Korunmas\u0131 ve Geli\u015ftirilmesine Dair Kanunun y\u00fcr\u00fcrl\u00fc\u011fe girmesi \u00f6nemli bir d\u00f6n\u00fcm noktas\u0131 olmu\u015ftur. Bu yasa, t\u00fcm \u00e7ocuklar\u0131n ihtiya\u00e7lar\u0131ndan ba\u011f\u0131ms\u0131z olarak e\u015fit f\u0131rsatlara ve kapsay\u0131c\u0131 e\u011fitime eri\u015fime sahip olmas\u0131n\u0131 garanti alt\u0131na almak i\u00e7in sa\u011flam bir yasal temel olu\u015fturmu\u015ftur.<\/p>\n<p>Bu yasan\u0131n bir par\u00e7as\u0131 olarak Senegal h\u00fck\u00fcmeti \u00f6zel e\u011fitimi iyile\u015ftirmeyi ama\u00e7layan \u00e7e\u015fitli giri\u015fimler ba\u015flatt\u0131. Engelli \u00f6\u011frencilere y\u00f6nelik \u00f6zel okullar ve okullarda s\u0131n\u0131flar kurdu. Ayr\u0131ca, engelli \u00f6\u011frencilerin \u00f6zel ihtiya\u00e7lar\u0131n\u0131 kar\u015f\u0131lamak \u00fczere uzman \u00f6\u011fretmenler e\u011fitilerek kapsay\u0131c\u0131 bir \u00f6\u011frenme ortam\u0131 yarat\u0131lm\u0131\u015ft\u0131r.<\/p>\n<h3><a href=\"https:\/\/www.mariemeetaida.com\/\"><strong>Senegal&#039;de uzmanla\u015fm\u0131\u015f e\u011fitimin temel dire\u011fi olan Mari\u00e8me ve Aida Okul Grubu<\/strong><\/a><\/h3>\n<p>Senegal&#039;deki \u00f6zel e\u011fitim alan\u0131nda Mari\u00e8me et Aida Okul Grubu, e\u011fitimsel kat\u0131l\u0131m a\u00e7\u0131s\u0131ndan kendisini bir \u00f6l\u00e7\u00fct olarak kan\u0131tlam\u0131\u015ft\u0131r. T\u00fcm \u00f6\u011frenciler i\u00e7in e\u015fit f\u0131rsatlar vizyonuyla kurulan bu okul grubu, engelli \u00f6\u011frencilere (otistik \u00e7ocuklar vb.) kaliteli e\u011fitim sa\u011flamay\u0131 taahh\u00fct etmektedir.<\/p>\n<p>Daha fazla bilgiyi web sitelerinden edinebilirsiniz: <a href=\"https:\/\/www.mariemeetaida.com\">https:\/\/www.mariemeetaida.com<\/a><\/p>\n<p>Mari\u00e8me et Aida Okul Grubu, kuruldu\u011fu g\u00fcnden bu yana kapsay\u0131c\u0131l\u0131\u011fa odaklanan yenilik\u00e7i bir e\u011fitim modeli uygulamaktad\u0131r. Her \u00f6\u011frencinin \u00f6zel ihtiya\u00e7lar\u0131na g\u00f6re desteklendi\u011fi ve denetlendi\u011fi, ki\u015fiye \u00f6zel bir \u00f6\u011frenme ortam\u0131 sunar. Okul, \u00f6zel e\u011fitim uzmanlar\u0131, psikologlar ve terapistlerle yak\u0131n bir \u015fekilde \u00e7al\u0131\u015farak \u00f6\u011frencilere b\u00fct\u00fcnsel destek sa\u011fl\u0131yor, akademik, sosyal ve duygusal geli\u015fimlerini destekliyor.<\/p>\n<p>Mari\u00e8me et Aida Okul Grubu ayr\u0131ca Senegal&#039;de kapsay\u0131c\u0131 e\u011fitim konusunda fark\u0131ndal\u0131\u011f\u0131 art\u0131rmada \u00f6nemli bir rol oynuyor. Okul, d\u00fczenledi\u011fi at\u00f6lyeler, seminerler ve toplumsal etkinliklerle engellilik hakk\u0131ndaki alg\u0131lar\u0131 de\u011fi\u015ftirmeye ve her bireyin farkl\u0131l\u0131klar\u0131na bak\u0131lmaks\u0131z\u0131n kaliteli e\u011fitim alma hakk\u0131na sahip oldu\u011fu fikrini yaymaya yard\u0131mc\u0131 oluyor.<\/p>\n<p>Ayr\u0131ca Mari\u00e8me et Aida Okul Grubunun ba\u015far\u0131s\u0131, destekleyici ve kendini adam\u0131\u015f bir e\u011fitim toplulu\u011fu yaratma becerisinde yatmaktad\u0131r. \u00d6\u011fretmenler, veliler ve \u00f6\u011frenciler, t\u00fcm \u00e7ocuklar\u0131n geli\u015febilece\u011fi s\u0131cak ve misafirperver bir ortam yaratmak i\u00e7in birlikte \u00e7al\u0131\u015f\u0131rlar. Bu i\u015fbirlik\u00e7i yakla\u015f\u0131m yaln\u0131zca engelli \u00f6\u011frencilerin geli\u015fimine de\u011fil, ayn\u0131 zamanda t\u00fcm okul toplulu\u011funun zenginle\u015fmesine de katk\u0131da bulunmaktad\u0131r.<\/p>\n<p>K\u0131sacas\u0131 Mari\u00e8me et Aida Okul Grubu, Senegal&#039;deki \u00f6zel e\u011fitimin temel de\u011ferlerini temsil etmektedir. E\u011fitimsel kapsay\u0131c\u0131l\u0131\u011f\u0131n bir modelini sunarak, toplumda fark\u0131ndal\u0131k yaratarak ve destekleyici bir e\u011fitim toplulu\u011fu yaratarak, bu kurum herkes i\u00e7in e\u011fitimi te\u015fvik etmede ilham verici bir rol oynamaktad\u0131r. E\u015fit f\u0131rsatlara olan ba\u011fl\u0131l\u0131\u011f\u0131, ger\u00e7ek anlamda kapsay\u0131c\u0131 ve \u015fefkatli bir Senegal toplumuna giden yolu g\u00f6steriyor.<\/p>\n<h3>T\u00fcm makalelerimizi sitemizde bulabilirsiniz. <a href=\"https:\/\/senegalndiaye.com\/tr\/blog\/\">Blog<\/a><\/h3>","protected":false},"excerpt":{"rendered":"<p>L&rsquo;\u00e9ducation sp\u00e9cialis\u00e9e occupe une place cruciale dans la soci\u00e9t\u00e9 s\u00e9n\u00e9galaise en offrant un soutien vital aux individus en situation de handicap comme par exemple les enfants autiste au S\u00e9n\u00e9gal. Au fil des ann\u00e9es, le S\u00e9n\u00e9gal a fait des progr\u00e8s significatifs dans la mise en \u0153uvre de programmes et de politiques visant \u00e0 garantir l&rsquo;acc\u00e8s \u00e0 [&hellip;]<\/p>\n","protected":false},"author":8,"featured_media":28545,"comment_status":"open","ping_status":"open","sticky":false,"template":"","format":"standard","meta":{"_jetpack_memberships_contains_paid_content":false,"footnotes":""},"categories":[459],"tags":[],"class_list":["post-28544","post","type-post","status-publish","format-standard","has-post-thumbnail","hentry","category-actualite"],"yoast_head":"<!-- This site is optimized with the Yoast SEO plugin v27.5 - https:\/\/yoast.com\/product\/yoast-seo-wordpress\/ -->\n<title>\u2705 Le Groupe Scolaire Mari\u00e8me et Aida : Un Pilier de l&#039;inclusion au S\u00e9n\u00e9gal (\u00e9ducation sp\u00e9cialis\u00e9e, Enfant autiste) &#187; Senegal Ndiaye<\/title>\n<meta name=\"description\" content=\"L&#039;\u00e9ducation sp\u00e9cialis\u00e9e occupe une place cruciale dans la soci\u00e9t\u00e9 s\u00e9n\u00e9galaise en offrant un soutien vital aux individus en situation de handicap comme par exemple les enfants autiste au S\u00e9n\u00e9gal.\" \/>\n<meta name=\"robots\" content=\"index, follow, max-snippet:-1, max-image-preview:large, max-video-preview:-1\" \/>\n<link rel=\"canonical\" href=\"https:\/\/senegalndiaye.com\/tr\/\u2705-le-groupe-scolaire-marieme-et-aida-un-pilier-de-leducation-specialisee-au-senegal-enfant-autiste\/\" \/>\n<meta property=\"og:locale\" content=\"tr_TR\" \/>\n<meta property=\"og:type\" content=\"article\" \/>\n<meta property=\"og:title\" content=\"\u2705 Le Groupe Scolaire Mari\u00e8me et Aida : Un Pilier de l&#039;inclusion au S\u00e9n\u00e9gal (\u00e9ducation sp\u00e9cialis\u00e9e, Enfant autiste) &#187; Senegal Ndiaye\" \/>\n<meta property=\"og:description\" content=\"L&#039;\u00e9ducation sp\u00e9cialis\u00e9e occupe une place cruciale dans la soci\u00e9t\u00e9 s\u00e9n\u00e9galaise en offrant un soutien vital aux individus en situation de handicap comme par exemple les enfants autiste au S\u00e9n\u00e9gal.\" \/>\n<meta property=\"og:url\" content=\"https:\/\/senegalndiaye.com\/tr\/\u2705-le-groupe-scolaire-marieme-et-aida-un-pilier-de-leducation-specialisee-au-senegal-enfant-autiste\/\" \/>\n<meta property=\"og:site_name\" content=\"Senegal Ndiaye\" \/>\n<meta property=\"article:publisher\" content=\"https:\/\/www.facebook.com\/senegalndiaye4\/\" \/>\n<meta property=\"article:published_time\" content=\"2023-08-21T15:40:12+00:00\" \/>\n<meta property=\"article:modified_time\" content=\"2023-08-28T09:15:23+00:00\" \/>\n<meta property=\"og:image\" content=\"https:\/\/senegalndiaye.com\/wp-content\/uploads\/2023\/08\/educ-spe.jpg\" \/>\n\t<meta property=\"og:image:width\" content=\"806\" \/>\n\t<meta property=\"og:image:height\" content=\"746\" \/>\n\t<meta property=\"og:image:type\" content=\"image\/jpeg\" \/>\n<meta name=\"author\" content=\"Moderateur\" \/>\n<meta name=\"twitter:card\" content=\"summary_large_image\" \/>\n<meta name=\"twitter:creator\" content=\"@Senegalndiaye5\" \/>\n<meta name=\"twitter:site\" content=\"@Senegalndiaye5\" \/>\n<meta name=\"twitter:label1\" content=\"Yazan:\" \/>\n\t<meta name=\"twitter:data1\" content=\"Moderateur\" \/>\n\t<meta name=\"twitter:label2\" content=\"Tahmini okuma s\u00fcresi\" \/>\n\t<meta name=\"twitter:data2\" content=\"4 dakika\" \/>\n<script type=\"application\/ld+json\" class=\"yoast-schema-graph\">{\"@context\":\"https:\\\/\\\/schema.org\",\"@graph\":[{\"@type\":\"Article\",\"@id\":\"https:\\\/\\\/senegalndiaye.com\\\/%e2%9c%85-le-groupe-scolaire-marieme-et-aida-un-pilier-de-leducation-specialisee-au-senegal-enfant-autiste\\\/#article\",\"isPartOf\":{\"@id\":\"https:\\\/\\\/senegalndiaye.com\\\/%e2%9c%85-le-groupe-scolaire-marieme-et-aida-un-pilier-de-leducation-specialisee-au-senegal-enfant-autiste\\\/\"},\"author\":{\"name\":\"Moderateur\",\"@id\":\"https:\\\/\\\/senegalndiaye.com\\\/#\\\/schema\\\/person\\\/c1e0d9f50bc68102f5a7368b7c9551f5\"},\"headline\":\"\u2705 Le Groupe Scolaire Mari\u00e8me et Aida : Un Pilier de l&rsquo;inclusion au S\u00e9n\u00e9gal (\u00e9ducation sp\u00e9cialis\u00e9e, Enfant autiste)\",\"datePublished\":\"2023-08-21T15:40:12+00:00\",\"dateModified\":\"2023-08-28T09:15:23+00:00\",\"mainEntityOfPage\":{\"@id\":\"https:\\\/\\\/senegalndiaye.com\\\/%e2%9c%85-le-groupe-scolaire-marieme-et-aida-un-pilier-de-leducation-specialisee-au-senegal-enfant-autiste\\\/\"},\"wordCount\":727,\"commentCount\":0,\"publisher\":{\"@id\":\"https:\\\/\\\/senegalndiaye.com\\\/#organization\"},\"image\":{\"@id\":\"https:\\\/\\\/senegalndiaye.com\\\/%e2%9c%85-le-groupe-scolaire-marieme-et-aida-un-pilier-de-leducation-specialisee-au-senegal-enfant-autiste\\\/#primaryimage\"},\"thumbnailUrl\":\"https:\\\/\\\/i0.wp.com\\\/senegalndiaye.com\\\/wp-content\\\/uploads\\\/2023\\\/08\\\/educ-spe.jpg?fit=806%2C746&ssl=1\",\"articleSection\":[\"actualit\u00e9\"],\"inLanguage\":\"tr\",\"potentialAction\":[{\"@type\":\"CommentAction\",\"name\":\"Comment\",\"target\":[\"https:\\\/\\\/senegalndiaye.com\\\/%e2%9c%85-le-groupe-scolaire-marieme-et-aida-un-pilier-de-leducation-specialisee-au-senegal-enfant-autiste\\\/#respond\"]}]},{\"@type\":\"WebPage\",\"@id\":\"https:\\\/\\\/senegalndiaye.com\\\/%e2%9c%85-le-groupe-scolaire-marieme-et-aida-un-pilier-de-leducation-specialisee-au-senegal-enfant-autiste\\\/\",\"url\":\"https:\\\/\\\/senegalndiaye.com\\\/%e2%9c%85-le-groupe-scolaire-marieme-et-aida-un-pilier-de-leducation-specialisee-au-senegal-enfant-autiste\\\/\",\"name\":\"\u2705 Le Groupe Scolaire Mari\u00e8me et Aida : Un Pilier de l'inclusion au S\u00e9n\u00e9gal (\u00e9ducation sp\u00e9cialis\u00e9e, Enfant autiste) &#187; Senegal Ndiaye\",\"isPartOf\":{\"@id\":\"https:\\\/\\\/senegalndiaye.com\\\/#website\"},\"primaryImageOfPage\":{\"@id\":\"https:\\\/\\\/senegalndiaye.com\\\/%e2%9c%85-le-groupe-scolaire-marieme-et-aida-un-pilier-de-leducation-specialisee-au-senegal-enfant-autiste\\\/#primaryimage\"},\"image\":{\"@id\":\"https:\\\/\\\/senegalndiaye.com\\\/%e2%9c%85-le-groupe-scolaire-marieme-et-aida-un-pilier-de-leducation-specialisee-au-senegal-enfant-autiste\\\/#primaryimage\"},\"thumbnailUrl\":\"https:\\\/\\\/i0.wp.com\\\/senegalndiaye.com\\\/wp-content\\\/uploads\\\/2023\\\/08\\\/educ-spe.jpg?fit=806%2C746&ssl=1\",\"datePublished\":\"2023-08-21T15:40:12+00:00\",\"dateModified\":\"2023-08-28T09:15:23+00:00\",\"description\":\"L'\u00e9ducation sp\u00e9cialis\u00e9e occupe une place cruciale dans la soci\u00e9t\u00e9 s\u00e9n\u00e9galaise en offrant un soutien vital aux individus en situation de handicap comme par exemple les enfants autiste au S\u00e9n\u00e9gal.\",\"breadcrumb\":{\"@id\":\"https:\\\/\\\/senegalndiaye.com\\\/%e2%9c%85-le-groupe-scolaire-marieme-et-aida-un-pilier-de-leducation-specialisee-au-senegal-enfant-autiste\\\/#breadcrumb\"},\"inLanguage\":\"tr\",\"potentialAction\":[{\"@type\":\"ReadAction\",\"target\":[\"https:\\\/\\\/senegalndiaye.com\\\/%e2%9c%85-le-groupe-scolaire-marieme-et-aida-un-pilier-de-leducation-specialisee-au-senegal-enfant-autiste\\\/\"]}]},{\"@type\":\"ImageObject\",\"inLanguage\":\"tr\",\"@id\":\"https:\\\/\\\/senegalndiaye.com\\\/%e2%9c%85-le-groupe-scolaire-marieme-et-aida-un-pilier-de-leducation-specialisee-au-senegal-enfant-autiste\\\/#primaryimage\",\"url\":\"https:\\\/\\\/i0.wp.com\\\/senegalndiaye.com\\\/wp-content\\\/uploads\\\/2023\\\/08\\\/educ-spe.jpg?fit=806%2C746&ssl=1\",\"contentUrl\":\"https:\\\/\\\/i0.wp.com\\\/senegalndiaye.com\\\/wp-content\\\/uploads\\\/2023\\\/08\\\/educ-spe.jpg?fit=806%2C746&ssl=1\",\"width\":806,\"height\":746,\"caption\":\"\u00c9ducation sp\u00e9cialis\u00e9e au S\u00e9n\u00e9gal\"},{\"@type\":\"BreadcrumbList\",\"@id\":\"https:\\\/\\\/senegalndiaye.com\\\/%e2%9c%85-le-groupe-scolaire-marieme-et-aida-un-pilier-de-leducation-specialisee-au-senegal-enfant-autiste\\\/#breadcrumb\",\"itemListElement\":[{\"@type\":\"ListItem\",\"position\":1,\"name\":\"Accueil\",\"item\":\"https:\\\/\\\/senegalndiaye.com\\\/\"},{\"@type\":\"ListItem\",\"position\":2,\"name\":\"\u2705 Le Groupe Scolaire Mari\u00e8me et Aida : Un Pilier de l&rsquo;inclusion au S\u00e9n\u00e9gal (\u00e9ducation sp\u00e9cialis\u00e9e, Enfant autiste)\"}]},{\"@type\":\"WebSite\",\"@id\":\"https:\\\/\\\/senegalndiaye.com\\\/#website\",\"url\":\"https:\\\/\\\/senegalndiaye.com\\\/\",\"name\":\"Senegal Ndiaye\",\"description\":\"Retrouvez les meilleurs endroits du S\u00e9n\u00e9gal\",\"publisher\":{\"@id\":\"https:\\\/\\\/senegalndiaye.com\\\/#organization\"},\"potentialAction\":[{\"@type\":\"SearchAction\",\"target\":{\"@type\":\"EntryPoint\",\"urlTemplate\":\"https:\\\/\\\/senegalndiaye.com\\\/?s={search_term_string}\"},\"query-input\":{\"@type\":\"PropertyValueSpecification\",\"valueRequired\":true,\"valueName\":\"search_term_string\"}}],\"inLanguage\":\"tr\"},{\"@type\":\"Organization\",\"@id\":\"https:\\\/\\\/senegalndiaye.com\\\/#organization\",\"name\":\"Senegal Ndiaye\",\"url\":\"https:\\\/\\\/senegalndiaye.com\\\/\",\"logo\":{\"@type\":\"ImageObject\",\"inLanguage\":\"tr\",\"@id\":\"https:\\\/\\\/senegalndiaye.com\\\/#\\\/schema\\\/logo\\\/image\\\/\",\"url\":\"https:\\\/\\\/senegalndiaye.com\\\/wp-content\\\/uploads\\\/2018\\\/05\\\/senegalndiaye_logo.png\",\"contentUrl\":\"https:\\\/\\\/senegalndiaye.com\\\/wp-content\\\/uploads\\\/2018\\\/05\\\/senegalndiaye_logo.png\",\"width\":150,\"height\":106,\"caption\":\"Senegal Ndiaye\"},\"image\":{\"@id\":\"https:\\\/\\\/senegalndiaye.com\\\/#\\\/schema\\\/logo\\\/image\\\/\"},\"sameAs\":[\"https:\\\/\\\/www.facebook.com\\\/senegalndiaye4\\\/\",\"https:\\\/\\\/x.com\\\/Senegalndiaye5\",\"https:\\\/\\\/www.instagram.com\\\/senegalndiaye1\\\/\",\"https:\\\/\\\/www.linkedin.com\\\/company\\\/senegal-ndiaye\\\/\"]},{\"@type\":\"Person\",\"@id\":\"https:\\\/\\\/senegalndiaye.com\\\/#\\\/schema\\\/person\\\/c1e0d9f50bc68102f5a7368b7c9551f5\",\"name\":\"Moderateur\",\"image\":{\"@type\":\"ImageObject\",\"inLanguage\":\"tr\",\"@id\":\"https:\\\/\\\/senegalndiaye.com\\\/wp-content\\\/litespeed\\\/avatar\\\/3fb7bc779db92bd05c1837e9542df344.jpg?ver=1777309443\",\"url\":\"https:\\\/\\\/senegalndiaye.com\\\/wp-content\\\/litespeed\\\/avatar\\\/3fb7bc779db92bd05c1837e9542df344.jpg?ver=1777309443\",\"contentUrl\":\"https:\\\/\\\/senegalndiaye.com\\\/wp-content\\\/litespeed\\\/avatar\\\/3fb7bc779db92bd05c1837e9542df344.jpg?ver=1777309443\",\"caption\":\"Moderateur\"},\"url\":\"https:\\\/\\\/senegalndiaye.com\\\/tr\\\/author\\\/sndigital\\\/\"}]}<\/script>\n<!-- \/ Yoast SEO plugin. -->","yoast_head_json":{"title":"\u2705 Mari\u00e8me et Aida Okul Grubu: Senegal&#039;de Kapsay\u0131c\u0131l\u0131\u011f\u0131n Temel Ta\u015f\u0131 (\u00f6zel e\u011fitim, otistik \u00e7ocuk) \u00bb Senegal Ndiaye","description":"\u00d6zel e\u011fitim, Senegal toplumunda \u00f6nemli bir rol oynar ve Senegal&#039;deki otistik \u00e7ocuklar gibi engelli bireylere hayati destek sa\u011flar.","robots":{"index":"index","follow":"follow","max-snippet":"max-snippet:-1","max-image-preview":"max-image-preview:large","max-video-preview":"max-video-preview:-1"},"canonical":"https:\/\/senegalndiaye.com\/tr\/\u2705-le-groupe-scolaire-marieme-et-aida-un-pilier-de-leducation-specialisee-au-senegal-enfant-autiste\/","og_locale":"tr_TR","og_type":"article","og_title":"\u2705 Le Groupe Scolaire Mari\u00e8me et Aida : Un Pilier de l'inclusion au S\u00e9n\u00e9gal (\u00e9ducation sp\u00e9cialis\u00e9e, Enfant autiste) &#187; Senegal Ndiaye","og_description":"L'\u00e9ducation sp\u00e9cialis\u00e9e occupe une place cruciale dans la soci\u00e9t\u00e9 s\u00e9n\u00e9galaise en offrant un soutien vital aux individus en situation de handicap comme par exemple les enfants autiste au S\u00e9n\u00e9gal.","og_url":"https:\/\/senegalndiaye.com\/tr\/\u2705-le-groupe-scolaire-marieme-et-aida-un-pilier-de-leducation-specialisee-au-senegal-enfant-autiste\/","og_site_name":"Senegal Ndiaye","article_publisher":"https:\/\/www.facebook.com\/senegalndiaye4\/","article_published_time":"2023-08-21T15:40:12+00:00","article_modified_time":"2023-08-28T09:15:23+00:00","og_image":[{"width":806,"height":746,"url":"https:\/\/senegalndiaye.com\/wp-content\/uploads\/2023\/08\/educ-spe.jpg","type":"image\/jpeg"}],"author":"Moderateur","twitter_card":"summary_large_image","twitter_creator":"@Senegalndiaye5","twitter_site":"@Senegalndiaye5","twitter_misc":{"Yazan:":"Moderateur","Tahmini okuma s\u00fcresi":"4 dakika"},"schema":{"@context":"https:\/\/schema.org","@graph":[{"@type":"Article","@id":"https:\/\/senegalndiaye.com\/%e2%9c%85-le-groupe-scolaire-marieme-et-aida-un-pilier-de-leducation-specialisee-au-senegal-enfant-autiste\/#article","isPartOf":{"@id":"https:\/\/senegalndiaye.com\/%e2%9c%85-le-groupe-scolaire-marieme-et-aida-un-pilier-de-leducation-specialisee-au-senegal-enfant-autiste\/"},"author":{"name":"Moderateur","@id":"https:\/\/senegalndiaye.com\/#\/schema\/person\/c1e0d9f50bc68102f5a7368b7c9551f5"},"headline":"\u2705 Le Groupe Scolaire Mari\u00e8me et Aida : Un Pilier de l&rsquo;inclusion au S\u00e9n\u00e9gal (\u00e9ducation sp\u00e9cialis\u00e9e, Enfant autiste)","datePublished":"2023-08-21T15:40:12+00:00","dateModified":"2023-08-28T09:15:23+00:00","mainEntityOfPage":{"@id":"https:\/\/senegalndiaye.com\/%e2%9c%85-le-groupe-scolaire-marieme-et-aida-un-pilier-de-leducation-specialisee-au-senegal-enfant-autiste\/"},"wordCount":727,"commentCount":0,"publisher":{"@id":"https:\/\/senegalndiaye.com\/#organization"},"image":{"@id":"https:\/\/senegalndiaye.com\/%e2%9c%85-le-groupe-scolaire-marieme-et-aida-un-pilier-de-leducation-specialisee-au-senegal-enfant-autiste\/#primaryimage"},"thumbnailUrl":"https:\/\/i0.wp.com\/senegalndiaye.com\/wp-content\/uploads\/2023\/08\/educ-spe.jpg?fit=806%2C746&ssl=1","articleSection":["actualit\u00e9"],"inLanguage":"tr","potentialAction":[{"@type":"CommentAction","name":"Comment","target":["https:\/\/senegalndiaye.com\/%e2%9c%85-le-groupe-scolaire-marieme-et-aida-un-pilier-de-leducation-specialisee-au-senegal-enfant-autiste\/#respond"]}]},{"@type":"WebPage","@id":"https:\/\/senegalndiaye.com\/%e2%9c%85-le-groupe-scolaire-marieme-et-aida-un-pilier-de-leducation-specialisee-au-senegal-enfant-autiste\/","url":"https:\/\/senegalndiaye.com\/%e2%9c%85-le-groupe-scolaire-marieme-et-aida-un-pilier-de-leducation-specialisee-au-senegal-enfant-autiste\/","name":"\u2705 Mari\u00e8me et Aida Okul Grubu: Senegal&#039;de Kapsay\u0131c\u0131l\u0131\u011f\u0131n Temel Ta\u015f\u0131 (\u00f6zel e\u011fitim, otistik \u00e7ocuk) \u00bb Senegal Ndiaye","isPartOf":{"@id":"https:\/\/senegalndiaye.com\/#website"},"primaryImageOfPage":{"@id":"https:\/\/senegalndiaye.com\/%e2%9c%85-le-groupe-scolaire-marieme-et-aida-un-pilier-de-leducation-specialisee-au-senegal-enfant-autiste\/#primaryimage"},"image":{"@id":"https:\/\/senegalndiaye.com\/%e2%9c%85-le-groupe-scolaire-marieme-et-aida-un-pilier-de-leducation-specialisee-au-senegal-enfant-autiste\/#primaryimage"},"thumbnailUrl":"https:\/\/i0.wp.com\/senegalndiaye.com\/wp-content\/uploads\/2023\/08\/educ-spe.jpg?fit=806%2C746&ssl=1","datePublished":"2023-08-21T15:40:12+00:00","dateModified":"2023-08-28T09:15:23+00:00","description":"\u00d6zel e\u011fitim, Senegal toplumunda \u00f6nemli bir rol oynar ve Senegal&#039;deki otistik \u00e7ocuklar gibi engelli bireylere hayati destek sa\u011flar.","breadcrumb":{"@id":"https:\/\/senegalndiaye.com\/%e2%9c%85-le-groupe-scolaire-marieme-et-aida-un-pilier-de-leducation-specialisee-au-senegal-enfant-autiste\/#breadcrumb"},"inLanguage":"tr","potentialAction":[{"@type":"ReadAction","target":["https:\/\/senegalndiaye.com\/%e2%9c%85-le-groupe-scolaire-marieme-et-aida-un-pilier-de-leducation-specialisee-au-senegal-enfant-autiste\/"]}]},{"@type":"ImageObject","inLanguage":"tr","@id":"https:\/\/senegalndiaye.com\/%e2%9c%85-le-groupe-scolaire-marieme-et-aida-un-pilier-de-leducation-specialisee-au-senegal-enfant-autiste\/#primaryimage","url":"https:\/\/i0.wp.com\/senegalndiaye.com\/wp-content\/uploads\/2023\/08\/educ-spe.jpg?fit=806%2C746&ssl=1","contentUrl":"https:\/\/i0.wp.com\/senegalndiaye.com\/wp-content\/uploads\/2023\/08\/educ-spe.jpg?fit=806%2C746&ssl=1","width":806,"height":746,"caption":"\u00c9ducation sp\u00e9cialis\u00e9e au S\u00e9n\u00e9gal"},{"@type":"BreadcrumbList","@id":"https:\/\/senegalndiaye.com\/%e2%9c%85-le-groupe-scolaire-marieme-et-aida-un-pilier-de-leducation-specialisee-au-senegal-enfant-autiste\/#breadcrumb","itemListElement":[{"@type":"ListItem","position":1,"name":"Accueil","item":"https:\/\/senegalndiaye.com\/"},{"@type":"ListItem","position":2,"name":"\u2705 Le Groupe Scolaire Mari\u00e8me et Aida : Un Pilier de l&rsquo;inclusion au S\u00e9n\u00e9gal (\u00e9ducation sp\u00e9cialis\u00e9e, Enfant autiste)"}]},{"@type":"WebSite","@id":"https:\/\/senegalndiaye.com\/#website","url":"https:\/\/senegalndiaye.com\/","name":"Senegal Ndiaye","description":"Senegal&#039;deki en iyi yerleri bulun","publisher":{"@id":"https:\/\/senegalndiaye.com\/#organization"},"potentialAction":[{"@type":"SearchAction","target":{"@type":"EntryPoint","urlTemplate":"https:\/\/senegalndiaye.com\/?s={search_term_string}"},"query-input":{"@type":"PropertyValueSpecification","valueRequired":true,"valueName":"search_term_string"}}],"inLanguage":"tr"},{"@type":"Organization","@id":"https:\/\/senegalndiaye.com\/#organization","name":"Senegal Ndiaye","url":"https:\/\/senegalndiaye.com\/","logo":{"@type":"ImageObject","inLanguage":"tr","@id":"https:\/\/senegalndiaye.com\/#\/schema\/logo\/image\/","url":"https:\/\/senegalndiaye.com\/wp-content\/uploads\/2018\/05\/senegalndiaye_logo.png","contentUrl":"https:\/\/senegalndiaye.com\/wp-content\/uploads\/2018\/05\/senegalndiaye_logo.png","width":150,"height":106,"caption":"Senegal Ndiaye"},"image":{"@id":"https:\/\/senegalndiaye.com\/#\/schema\/logo\/image\/"},"sameAs":["https:\/\/www.facebook.com\/senegalndiaye4\/","https:\/\/x.com\/Senegalndiaye5","https:\/\/www.instagram.com\/senegalndiaye1\/","https:\/\/www.linkedin.com\/company\/senegal-ndiaye\/"]},{"@type":"Person","@id":"https:\/\/senegalndiaye.com\/#\/schema\/person\/c1e0d9f50bc68102f5a7368b7c9551f5","name":"moderat\u00f6r","image":{"@type":"ImageObject","inLanguage":"tr","@id":"https:\/\/senegalndiaye.com\/wp-content\/litespeed\/avatar\/3fb7bc779db92bd05c1837e9542df344.jpg?ver=1777309443","url":"https:\/\/senegalndiaye.com\/wp-content\/litespeed\/avatar\/3fb7bc779db92bd05c1837e9542df344.jpg?ver=1777309443","contentUrl":"https:\/\/senegalndiaye.com\/wp-content\/litespeed\/avatar\/3fb7bc779db92bd05c1837e9542df344.jpg?ver=1777309443","caption":"Moderateur"},"url":"https:\/\/senegalndiaye.com\/tr\/author\/sndigital\/"}]}},"jetpack_featured_media_url":"https:\/\/i0.wp.com\/senegalndiaye.com\/wp-content\/uploads\/2023\/08\/educ-spe.jpg?fit=806%2C746&ssl=1","jetpack_sharing_enabled":true,"jetpack-related-posts":[{"id":29881,"url":"https:\/\/senegalndiaye.com\/tr\/education-et-formation-au-senegal-une-nouvelle-dynamique-en-marche\/","url_meta":{"origin":28544,"position":0},"title":"Senegal&#039;de e\u011fitim ve \u00f6\u011fretim: Yeni bir dinamik ba\u015fl\u0131yor","author":"Moderateur","date":"Mart 24, 2025","format":false,"excerpt":"Senegal, e\u011fitim kalitesini, e\u011fitime eri\u015fimi ve e\u011fitim ile i\u015fg\u00fcc\u00fc piyasas\u0131 ihtiya\u00e7lar\u0131n\u0131n yeterlili\u011fini iyile\u015ftirmeyi ama\u00e7layan bir dizi iddial\u0131 reformla \u00f6ne \u00e7\u0131kan e\u011fitim sisteminde k\u00f6kl\u00fc bir d\u00f6n\u00fc\u015f\u00fcm ya\u015f\u0131yor. Bu dinamik, s\u00fcrekli zorluklarla kar\u015f\u0131 kar\u015f\u0131ya olsa da\u2026","rel":"","context":"&quot;actualit\u00e9&quot; i\u00e7inde","block_context":{"text":"actualit\u00e9","link":"https:\/\/senegalndiaye.com\/tr\/category\/actualite\/"},"img":{"alt_text":"","src":"https:\/\/i0.wp.com\/senegalndiaye.com\/wp-content\/uploads\/2025\/03\/6cd940ab6bd7c1f17adba597e923196dfile.png?fit=1200%2C1000&ssl=1&resize=350%2C200","width":350,"height":200,"srcset":"https:\/\/i0.wp.com\/senegalndiaye.com\/wp-content\/uploads\/2025\/03\/6cd940ab6bd7c1f17adba597e923196dfile.png?fit=1200%2C1000&ssl=1&resize=350%2C200 1x, https:\/\/i0.wp.com\/senegalndiaye.com\/wp-content\/uploads\/2025\/03\/6cd940ab6bd7c1f17adba597e923196dfile.png?fit=1200%2C1000&ssl=1&resize=525%2C300 1.5x, https:\/\/i0.wp.com\/senegalndiaye.com\/wp-content\/uploads\/2025\/03\/6cd940ab6bd7c1f17adba597e923196dfile.png?fit=1200%2C1000&ssl=1&resize=700%2C400 2x, https:\/\/i0.wp.com\/senegalndiaye.com\/wp-content\/uploads\/2025\/03\/6cd940ab6bd7c1f17adba597e923196dfile.png?fit=1200%2C1000&ssl=1&resize=1050%2C600 3x"},"classes":[]},{"id":29758,"url":"https:\/\/senegalndiaye.com\/tr\/recrutement-de-2000-enseignants-au-senegal-lien-de-la-plateforme-mirador\/","url_meta":{"origin":28544,"position":1},"title":"Senegal&#039;de 2000 \u00f6\u011fretmen al\u0131m\u0131 \u2013 Mirador platform ba\u011flant\u0131s\u0131","author":"Moderateur","date":"Ocak 27, 2025","format":false,"excerpt":"Senegal&#039;de Mirador platformu \u00fczerinden 2.000 \u00f6\u011fretmen al\u0131m\u0131: Ulusal e\u011fitim i\u00e7in bir ad\u0131m ileri Senegal&#039;in e\u011fitim politikas\u0131 ve e\u011fitimin kalitesini ve eri\u015filebilirli\u011fini iyile\u015ftirme hedefinin bir par\u00e7as\u0131 olarak h\u00fck\u00fcmet, 2.000 \u00f6\u011fretmen i\u00e7in ola\u011fan\u00fcst\u00fc bir al\u0131m kampanyas\u0131 duyurdu.","rel":"","context":"&quot;actualit\u00e9&quot; i\u00e7inde","block_context":{"text":"actualit\u00e9","link":"https:\/\/senegalndiaye.com\/tr\/category\/actualite\/"},"img":{"alt_text":"Recrutement 2000 enseignants s\u00e9n\u00e9gal lien","src":"https:\/\/i0.wp.com\/senegalndiaye.com\/wp-content\/uploads\/2025\/01\/mirador-recrutement-2000-enseignants-Senegal.jpg?fit=1200%2C1200&ssl=1&resize=350%2C200","width":350,"height":200,"srcset":"https:\/\/i0.wp.com\/senegalndiaye.com\/wp-content\/uploads\/2025\/01\/mirador-recrutement-2000-enseignants-Senegal.jpg?fit=1200%2C1200&ssl=1&resize=350%2C200 1x, https:\/\/i0.wp.com\/senegalndiaye.com\/wp-content\/uploads\/2025\/01\/mirador-recrutement-2000-enseignants-Senegal.jpg?fit=1200%2C1200&ssl=1&resize=525%2C300 1.5x, https:\/\/i0.wp.com\/senegalndiaye.com\/wp-content\/uploads\/2025\/01\/mirador-recrutement-2000-enseignants-Senegal.jpg?fit=1200%2C1200&ssl=1&resize=700%2C400 2x, https:\/\/i0.wp.com\/senegalndiaye.com\/wp-content\/uploads\/2025\/01\/mirador-recrutement-2000-enseignants-Senegal.jpg?fit=1200%2C1200&ssl=1&resize=1050%2C600 3x"},"classes":[]},{"id":29867,"url":"https:\/\/senegalndiaye.com\/tr\/senegal-le-president-diomaye-cree-un-conseil-superieur-de-leducation-et-de-la-formation\/","url_meta":{"origin":28544,"position":2},"title":"Senegal: Cumhurba\u015fkan\u0131 Diomaye E\u011fitim ve \u00d6\u011fretim Y\u00fcksek Kurulu&#039;nu kuruyor","author":"Moderateur","date":"Mart 22, 2025","format":false,"excerpt":"Senegal, e\u011fitim sisteminde b\u00fcy\u00fck bir d\u00f6n\u00fc\u015f\u00fcm ge\u00e7irmek \u00fczere. Cumhurba\u015fkan\u0131 Bassirou Diomaye Faye, E\u011fitim ve \u00d6\u011fretim Y\u00fcksek Kurulu&#039;nun kuruldu\u011funu duyurdu. Bu iddial\u0131 giri\u015fim, e\u011fitim sekt\u00f6r\u00fcnde k\u00f6kl\u00fc bir d\u00f6n\u00fc\u015f\u00fcm ger\u00e7ekle\u015ftirerek, toplumun acil ihtiya\u00e7lar\u0131n\u0131 kar\u015f\u0131lamay\u0131 ama\u00e7l\u0131yor.","rel":"","context":"&quot;actualit\u00e9&quot; i\u00e7inde","block_context":{"text":"actualit\u00e9","link":"https:\/\/senegalndiaye.com\/tr\/category\/actualite\/"},"img":{"alt_text":"","src":"https:\/\/i0.wp.com\/senegalndiaye.com\/wp-content\/uploads\/2025\/03\/89d7d54d9a7582ca71c8928f3646c20efile.jpeg?fit=1200%2C536&ssl=1&resize=350%2C200","width":350,"height":200,"srcset":"https:\/\/i0.wp.com\/senegalndiaye.com\/wp-content\/uploads\/2025\/03\/89d7d54d9a7582ca71c8928f3646c20efile.jpeg?fit=1200%2C536&ssl=1&resize=350%2C200 1x, https:\/\/i0.wp.com\/senegalndiaye.com\/wp-content\/uploads\/2025\/03\/89d7d54d9a7582ca71c8928f3646c20efile.jpeg?fit=1200%2C536&ssl=1&resize=525%2C300 1.5x, https:\/\/i0.wp.com\/senegalndiaye.com\/wp-content\/uploads\/2025\/03\/89d7d54d9a7582ca71c8928f3646c20efile.jpeg?fit=1200%2C536&ssl=1&resize=700%2C400 2x, https:\/\/i0.wp.com\/senegalndiaye.com\/wp-content\/uploads\/2025\/03\/89d7d54d9a7582ca71c8928f3646c20efile.jpeg?fit=1200%2C536&ssl=1&resize=1050%2C600 3x"},"classes":[]},{"id":29584,"url":"https:\/\/senegalndiaye.com\/tr\/quelle-formation-apres-le-bac-l2-au-senegal\/","url_meta":{"origin":28544,"position":3},"title":"Senegal&#039;deki BAC L2&#039;den sonra hangi antrenman?","author":"Moderateur","date":"Aral\u0131k 9, 2024","format":false,"excerpt":"Edebiyat odakl\u0131 Lisans (L2) program\u0131n\u0131n ikinci y\u0131l\u0131, say\u0131s\u0131z akademik ve profesyonel f\u0131rsat\u0131n kap\u0131s\u0131n\u0131 a\u00e7ar. Ancak, lisans\u00fcst\u00fc e\u011fitim se\u00e7imi, ki\u015fisel ilgi alanlar\u0131n\u0131 mevcut i\u015f f\u0131rsatlar\u0131yla uyumlu hale getirmek i\u00e7in stratejik olmal\u0131d\u0131r. \u0130\u015fte lisans mezunlar\u0131na rehberlik edecek kapsaml\u0131 bir rehber...","rel":"","context":"&quot;Formations sup\u00e9rieures au S\u00e9n\u00e9gal&quot; i\u00e7inde","block_context":{"text":"Formations sup\u00e9rieures au S\u00e9n\u00e9gal","link":"https:\/\/senegalndiaye.com\/tr\/category\/formations-superieures-au-senegal\/"},"img":{"alt_text":"","src":"https:\/\/senegalndiaye.com\/wp-content\/uploads\/2024\/12\/Bac-L2.avif","width":350,"height":200,"srcset":"https:\/\/senegalndiaye.com\/wp-content\/uploads\/2024\/12\/Bac-L2.avif 1x, https:\/\/senegalndiaye.com\/wp-content\/uploads\/2024\/12\/Bac-L2.avif 1.5x"},"classes":[]},{"id":25547,"url":"https:\/\/senegalndiaye.com\/tr\/%e2%9c%85-les-organismes-faisant-du-benevolat-au-senegal\/","url_meta":{"origin":28544,"position":4},"title":"\u2705 Senegal&#039;de g\u00f6n\u00fcll\u00fc \u00e7al\u0131\u015fma yapan kurulu\u015flar","author":"Moderateur","date":"Nisan 14, 2022","format":false,"excerpt":"Senegal&#039;deki g\u00f6n\u00fcll\u00fc kurulu\u015flar nelerdir? Senegal&#039;de bir\u00e7ok g\u00f6n\u00fcll\u00fc kurulu\u015f bulunmaktad\u0131r. Bu hay\u0131r kurumlar\u0131 yoksullara yard\u0131m etmek, okullar\u0131 yenilemek ve kalk\u0131nmay\u0131 desteklemek i\u00e7in \u00e7al\u0131\u015fmaktad\u0131r. Bu makalede baz\u0131 \u00f6rnekler bulacaks\u0131n\u0131z. Save the Children Save the Children\u2026","rel":"","context":"&quot;Blog&quot; i\u00e7inde","block_context":{"text":"Blog","link":"https:\/\/senegalndiaye.com\/tr\/category\/blog\/"},"img":{"alt_text":"b\u00e9n\u00e9volat s\u00e9n\u00e9gal","src":"https:\/\/i0.wp.com\/senegalndiaye.com\/wp-content\/uploads\/2022\/04\/benevolat-senegal.jpg?fit=360%2C239&ssl=1&resize=350%2C200","width":350,"height":200},"classes":[]},{"id":28161,"url":"https:\/\/senegalndiaye.com\/tr\/%e2%9c%85-formation-gratuite-en-ligne-au-senegal-avec-certificat\/","url_meta":{"origin":28544,"position":5},"title":"\u2705 Senegal&#039;de sertifikal\u0131 \u00fccretsiz \u00e7evrimi\u00e7i e\u011fitim","author":"Moderateur","date":"Haziran 10, 2023","format":false,"excerpt":"H\u0131zla geli\u015fen teknoloji ve \u00e7evrimi\u00e7i \u00f6\u011frenmenin artan \u00f6nemi g\u00f6z \u00f6n\u00fcne al\u0131nd\u0131\u011f\u0131nda, Senegal halk\u0131na \u00fccretsiz \u00e7evrimi\u00e7i e\u011fitim sunmak i\u00e7in \u00f6nemli ad\u0131mlar att\u0131. Bu giri\u015fim, hangi dilden olursa olsun daha fazla say\u0131da insana ula\u015fmay\u0131 hedefliyor.","rel":"","context":"&quot;Blog&quot; i\u00e7inde","block_context":{"text":"Blog","link":"https:\/\/senegalndiaye.com\/tr\/category\/blog\/"},"img":{"alt_text":"Formation gratuite en ligne au S\u00e9n\u00e9gal","src":"https:\/\/i0.wp.com\/senegalndiaye.com\/wp-content\/uploads\/2023\/06\/formation-en-ligne.png?fit=823%2C549&ssl=1&resize=350%2C200","width":350,"height":200,"srcset":"https:\/\/i0.wp.com\/senegalndiaye.com\/wp-content\/uploads\/2023\/06\/formation-en-ligne.png?fit=823%2C549&ssl=1&resize=350%2C200 1x, https:\/\/i0.wp.com\/senegalndiaye.com\/wp-content\/uploads\/2023\/06\/formation-en-ligne.png?fit=823%2C549&ssl=1&resize=525%2C300 1.5x, https:\/\/i0.wp.com\/senegalndiaye.com\/wp-content\/uploads\/2023\/06\/formation-en-ligne.png?fit=823%2C549&ssl=1&resize=700%2C400 2x"},"classes":[]}],"_links":{"self":[{"href":"https:\/\/senegalndiaye.com\/tr\/wp-json\/wp\/v2\/posts\/28544","targetHints":{"allow":["GET"]}}],"collection":[{"href":"https:\/\/senegalndiaye.com\/tr\/wp-json\/wp\/v2\/posts"}],"about":[{"href":"https:\/\/senegalndiaye.com\/tr\/wp-json\/wp\/v2\/types\/post"}],"author":[{"embeddable":true,"href":"https:\/\/senegalndiaye.com\/tr\/wp-json\/wp\/v2\/users\/8"}],"replies":[{"embeddable":true,"href":"https:\/\/senegalndiaye.com\/tr\/wp-json\/wp\/v2\/comments?post=28544"}],"version-history":[{"count":9,"href":"https:\/\/senegalndiaye.com\/tr\/wp-json\/wp\/v2\/posts\/28544\/revisions"}],"predecessor-version":[{"id":28592,"href":"https:\/\/senegalndiaye.com\/tr\/wp-json\/wp\/v2\/posts\/28544\/revisions\/28592"}],"wp:featuredmedia":[{"embeddable":true,"href":"https:\/\/senegalndiaye.com\/tr\/wp-json\/wp\/v2\/media\/28545"}],"wp:attachment":[{"href":"https:\/\/senegalndiaye.com\/tr\/wp-json\/wp\/v2\/media?parent=28544"}],"wp:term":[{"taxonomy":"category","embeddable":true,"href":"https:\/\/senegalndiaye.com\/tr\/wp-json\/wp\/v2\/categories?post=28544"},{"taxonomy":"post_tag","embeddable":true,"href":"https:\/\/senegalndiaye.com\/tr\/wp-json\/wp\/v2\/tags?post=28544"}],"curies":[{"name":"wp","href":"https:\/\/api.w.org\/{rel}","templated":true}]}}