{"id":27915,"date":"2023-04-28T09:07:57","date_gmt":"2023-04-28T09:07:57","guid":{"rendered":"https:\/\/senegalndiaye.com\/?p=27915"},"modified":"2023-07-18T09:58:22","modified_gmt":"2023-07-18T09:58:22","slug":"%e2%9c%85-prix-des-espaces-de-coworking-a-dakar","status":"publish","type":"post","link":"https:\/\/senegalndiaye.com\/tr\/%e2%9c%85-prix-des-espaces-de-coworking-a-dakar\/","title":{"rendered":"\u2705 Dakar&#039;daki ortak \u00e7al\u0131\u015fma alanlar\u0131n\u0131n fiyatlar\u0131"},"content":{"rendered":"<p>Coworking, Senegal&#039;in ba\u015fkenti Dakar&#039;da ve \u00fclke genelindeki di\u011fer \u015fehirlerde pop\u00fclaritesini art\u0131r\u0131yor. Ortak \u00e7al\u0131\u015fma alanlar\u0131, serbest \u00e7al\u0131\u015fanlara ve k\u00fc\u00e7\u00fck i\u015fletmelere y\u00fcksek h\u0131zl\u0131 internet eri\u015fimi, toplant\u0131 odalar\u0131, yaz\u0131c\u0131lar, taray\u0131c\u0131lar ve ofis malzemeleri gibi temel hizmetlerle ortak bir profesyonel ortamda \u00e7al\u0131\u015fma f\u0131rsat\u0131 sunar.<\/p>\n<p>Ancak ortak \u00e7al\u0131\u015fma alan\u0131 se\u00e7erken g\u00f6z \u00f6n\u00fcnde bulundurulmas\u0131 gereken \u00f6nemli bir fakt\u00f6r fiyatt\u0131r. Maliyetler konuma, sunulan hizmetlere ve alan kalitesine g\u00f6re de\u011fi\u015fir. Bu yaz\u0131m\u0131zda Dakar&#039;da ortak \u00e7al\u0131\u015fma alan\u0131 fiyatlar\u0131na bakaca\u011f\u0131z.<\/p>\n<p>\u00d6ncelikle Dakar&#039;da ortak \u00e7al\u0131\u015fma alanlar\u0131n\u0131n fiyatlar\u0131n\u0131n olduk\u00e7a de\u011fi\u015fkenlik g\u00f6sterebilece\u011fini belirtmek gerekiyor. Genel olarak, \u015fehrin merkezi veya daha prestijli b\u00f6lgelerinde bulunan ortak \u00e7al\u0131\u015fma alanlar\u0131, daha az merkezi veya daha az prestijli alanlarda bulunanlara g\u00f6re daha pahal\u0131d\u0131r. Ayr\u0131ca, en son teknolojiyle donat\u0131lm\u0131\u015f konferans salonlar\u0131 gibi birinci s\u0131n\u0131f hizmetler sunan ortak \u00e7al\u0131\u015fma alanlar\u0131, yaln\u0131zca temel hizmetler sunan ortak \u00e7al\u0131\u015fma alanlar\u0131ndan daha pahal\u0131 olabilir.<\/p>\n<p>Dakar&#039;\u0131n merkez il\u00e7elerinde ortak \u00e7al\u0131\u015fma alanlar\u0131n\u0131n fiyatlar\u0131 genellikle bir i\u015f istasyonu i\u00e7in ayda 40.000 FCFA (yakla\u015f\u0131k 61 Euro) ile 150.000 FCFA (yakla\u015f\u0131k 229 Euro) aras\u0131nda de\u011fi\u015fiyor. Bu ortak \u00e7al\u0131\u015fma alanlar\u0131 tipik olarak y\u00fcksek h\u0131zl\u0131 internet eri\u015fimi, toplant\u0131 odalar\u0131, yaz\u0131c\u0131lar ve taray\u0131c\u0131lar ile dosya ve belgeler i\u00e7in depolama alan\u0131 gibi hizmetler sunar.<\/p>\n<p>Esnek ve uygun fiyatl\u0131 bir kiralama \u00e7\u00f6z\u00fcm\u00fc arayan \u015firketler i\u00e7in. Dakar&#039;da haz\u0131r ofis kiralama ve ortak \u00e7al\u0131\u015fma alan\u0131, dikkate al\u0131nmas\u0131 gereken se\u00e7eneklerdir. \u0130htiya\u00e7lar\u0131n\u0131za g\u00f6re bu se\u00e7eneklerin her birinin faydalar\u0131, en iyi se\u00e7imi yapmak i\u00e7in dikkatlice de\u011ferlendirilmelidir. \u0130\u015f gereksinimlerinize en uygun \u00e7\u00f6z\u00fcm\u00fc bulmak i\u00e7in mevcut \u00e7e\u015fitli se\u00e7enekleri ke\u015ffetmenizi \u00f6neririz.<\/p>\n<p>Dakar&#039;daki en pahal\u0131 ortak \u00e7al\u0131\u015fma alanlar\u0131 genellikle Almadies ve Mermoz b\u00f6lgeleri gibi \u015fehrin en prestijli b\u00f6lgelerinde bulunur. Bu ortak \u00e7al\u0131\u015fma alanlar\u0131n\u0131n fiyatlar\u0131, bir i\u015f istasyonu i\u00e7in ayl\u0131k 300.000 FCFA&#039;ya (yakla\u015f\u0131k 458 Euro) ula\u015fabilir. Bu ortak \u00e7al\u0131\u015fma alanlar\u0131 genellikle son teknoloji ile donat\u0131lm\u0131\u015f konferans salonlar\u0131, concierge hizmetleri, catering hizmetleri ve dinlenme alanlar\u0131 gibi \u00fcst d\u00fczey hizmetler sunar.<\/p>\n<p>Dakar&#039;\u0131n eteklerinde bulunan ortak \u00e7al\u0131\u015fma alanlar\u0131, bir i\u015f istasyonu i\u00e7in ayl\u0131k 10.000 FCFA (yakla\u015f\u0131k 15 Euro) ila 30.000 FCFA (yakla\u015f\u0131k 46 Euro) aras\u0131nda de\u011fi\u015fen daha da d\u00fc\u015f\u00fck fiyatlar sunabilir. Ancak, bu ortak \u00e7al\u0131\u015fma alanlar\u0131 daha az donan\u0131ml\u0131 olabilir ve daha az geni\u015f ve daha az donan\u0131ml\u0131 toplant\u0131 odalar\u0131, daha az g\u00fcvenilir \u0130nternet eri\u015fimi ve daha s\u0131n\u0131rl\u0131 depolama alanlar\u0131 gibi daha s\u0131n\u0131rl\u0131 hizmetler sunabilir.<\/p>\n<p>Ayr\u0131ca, baz\u0131 ortak \u00e7al\u0131\u015fma alanlar\u0131n\u0131n, kal\u0131c\u0131 bir i\u015f istasyonuna ihtiya\u00e7 duymayan serbest \u00e7al\u0131\u015fanlar i\u00e7in daha ekonomik bir se\u00e7enek olabilecek saatlik \u00fccretler sundu\u011funu da belirtmekte fayda var. Dakar&#039;da saatlik \u00fccretler genellikle 2.000 FCFA (yakla\u015f\u0131k 3 Euro) ile 5.000 FCFA (yakla\u015f\u0131k 8 Euro) aras\u0131nda de\u011fi\u015fmektedir.<\/p>\n<p>Ayl\u0131k veya saatlik kiralama fiyatlar\u0131na ek olarak, g\u00fcvenlik depozitosu \u00fccreti, erken sonland\u0131rma \u00fccreti, \u00fcyelik \u00fccreti gibi ek \u00fccretler de dikkate al\u0131nmal\u0131d\u0131r. Baz\u0131 ortak \u00e7al\u0131\u015fma alanlar\u0131 ayr\u0131ca sekreterlik hizmetleri veya \u00e7eviri hizmetleri gibi ek hizmetler i\u00e7in ek \u00fccret talep edebilir.<\/p>\n<p>Son olarak, Dakar&#039;daki ortak \u00e7al\u0131\u015fma alanlar\u0131n\u0131n fiyatlar\u0131n\u0131n genellikle geleneksel ofislere g\u00f6re daha d\u00fc\u015f\u00fck oldu\u011funu belirtmek gerekir. Geleneksel bir ofis kurman\u0131n ve \u00e7al\u0131\u015ft\u0131rman\u0131n maliyetleri \u00f6nemli olabilirken ortak \u00e7al\u0131\u015fma alanlar\u0131, serbest \u00e7al\u0131\u015fanlar\u0131n ve k\u00fc\u00e7\u00fck i\u015fletmelerin ortak profesyonel alanlardan uygun bir maliyetle yararlanmas\u0131na olanak tan\u0131r.<\/p>\n<p>Sonu\u00e7 olarak, Dakar&#039;da ortak \u00e7al\u0131\u015fma alanlar\u0131n\u0131n fiyat\u0131, konuma, sunulan hizmetlere ve alan kalitesine ba\u011fl\u0131 olarak \u00f6nemli \u00f6l\u00e7\u00fcde de\u011fi\u015fmektedir. Serbest \u00e7al\u0131\u015fanlar ve k\u00fc\u00e7\u00fck i\u015fletmeler, i\u015f ihtiya\u00e7lar\u0131n\u0131 ve b\u00fct\u00e7elerini kar\u015f\u0131layan bir ortak \u00e7al\u0131\u015fma alan\u0131 se\u00e7erken bu fakt\u00f6rleri g\u00f6z \u00f6n\u00fcnde bulundurmal\u0131d\u0131r. Bununla birlikte, Dakar&#039;daki ortak \u00e7al\u0131\u015fma alanlar\u0131n\u0131n genellikle geleneksel ofislerden daha ucuz oldu\u011fu ve ortak profesyonel \u00e7al\u0131\u015fma alan\u0131 arayan serbest \u00e7al\u0131\u015fanlar ve k\u00fc\u00e7\u00fck i\u015fletmeler i\u00e7in uygun fiyatl\u0131 bir se\u00e7enek sundu\u011fu belirtilmelidir.<\/p>\n<h3>T\u00fcm makalelerimizi sitemizde bulabilirsiniz. <a href=\"https:\/\/senegalndiaye.com\/tr\/blog\/\">Blog<\/a><\/h3>","protected":false},"excerpt":{"rendered":"<p>Le coworking est de plus en plus populaire \u00e0 Dakar, la capitale du S\u00e9n\u00e9gal, et dans d&rsquo;autres villes du pays. Les espaces de coworking offrent aux travailleurs ind\u00e9pendants et aux petites entreprises la possibilit\u00e9 de travailler dans un environnement professionnel partag\u00e9, avec des services de base tels que l&rsquo;acc\u00e8s \u00e0 Internet haut d\u00e9bit, des salles [&hellip;]<\/p>\n","protected":false},"author":8,"featured_media":27916,"comment_status":"open","ping_status":"open","sticky":false,"template":"","format":"standard","meta":{"_jetpack_memberships_contains_paid_content":false,"footnotes":""},"categories":[83],"tags":[],"class_list":["post-27915","post","type-post","status-publish","format-standard","has-post-thumbnail","hentry","category-blog"],"yoast_head":"<!-- This site is optimized with the Yoast SEO plugin v27.5 - https:\/\/yoast.com\/product\/yoast-seo-wordpress\/ -->\n<title>\u2705 Prix des espaces de coworking \u00e0 Dakar &#187; Senegal Ndiaye<\/title>\n<meta name=\"description\" content=\"Les espaces de coworking offrent aux travailleurs ind\u00e9pendants et aux petites entreprises la possibilit\u00e9 de travailler dans un environnement professionnel partag\u00e9, avec des services de base tels que l&#039;acc\u00e8s \u00e0 Internet haut d\u00e9bit, des salles de r\u00e9union, des imprimantes, des scanners, et des fournitures de bureau.\" \/>\n<meta name=\"robots\" content=\"index, follow, max-snippet:-1, max-image-preview:large, max-video-preview:-1\" \/>\n<link rel=\"canonical\" href=\"https:\/\/senegalndiaye.com\/tr\/\u2705-prix-des-espaces-de-coworking-a-dakar\/\" \/>\n<meta property=\"og:locale\" content=\"tr_TR\" \/>\n<meta property=\"og:type\" content=\"article\" \/>\n<meta property=\"og:title\" content=\"\u2705 Prix des espaces de coworking \u00e0 Dakar &#187; Senegal Ndiaye\" \/>\n<meta property=\"og:description\" content=\"Les espaces de coworking offrent aux travailleurs ind\u00e9pendants et aux petites entreprises la possibilit\u00e9 de travailler dans un environnement professionnel partag\u00e9, avec des services de base tels que l&#039;acc\u00e8s \u00e0 Internet haut d\u00e9bit, des salles de r\u00e9union, des imprimantes, des scanners, et des fournitures de bureau.\" \/>\n<meta property=\"og:url\" content=\"https:\/\/senegalndiaye.com\/tr\/\u2705-prix-des-espaces-de-coworking-a-dakar\/\" \/>\n<meta property=\"og:site_name\" content=\"Senegal Ndiaye\" \/>\n<meta property=\"article:publisher\" content=\"https:\/\/www.facebook.com\/senegalndiaye4\/\" \/>\n<meta property=\"article:published_time\" content=\"2023-04-28T09:07:57+00:00\" \/>\n<meta property=\"article:modified_time\" content=\"2023-07-18T09:58:22+00:00\" \/>\n<meta property=\"og:image\" content=\"https:\/\/senegalndiaye.com\/wp-content\/uploads\/2023\/04\/prix-espace-coworking.jpg\" \/>\n\t<meta property=\"og:image:width\" content=\"3264\" \/>\n\t<meta property=\"og:image:height\" content=\"2448\" \/>\n\t<meta property=\"og:image:type\" content=\"image\/jpeg\" \/>\n<meta name=\"author\" content=\"Moderateur\" \/>\n<meta name=\"twitter:card\" content=\"summary_large_image\" \/>\n<meta name=\"twitter:creator\" content=\"@Senegalndiaye5\" \/>\n<meta name=\"twitter:site\" content=\"@Senegalndiaye5\" \/>\n<meta name=\"twitter:label1\" content=\"Yazan:\" \/>\n\t<meta name=\"twitter:data1\" content=\"Moderateur\" \/>\n\t<meta name=\"twitter:label2\" content=\"Tahmini okuma s\u00fcresi\" \/>\n\t<meta name=\"twitter:data2\" content=\"5 dakika\" \/>\n<script type=\"application\/ld+json\" class=\"yoast-schema-graph\">{\"@context\":\"https:\\\/\\\/schema.org\",\"@graph\":[{\"@type\":\"Article\",\"@id\":\"https:\\\/\\\/senegalndiaye.com\\\/%e2%9c%85-prix-des-espaces-de-coworking-a-dakar\\\/#article\",\"isPartOf\":{\"@id\":\"https:\\\/\\\/senegalndiaye.com\\\/%e2%9c%85-prix-des-espaces-de-coworking-a-dakar\\\/\"},\"author\":{\"name\":\"Moderateur\",\"@id\":\"https:\\\/\\\/senegalndiaye.com\\\/#\\\/schema\\\/person\\\/c1e0d9f50bc68102f5a7368b7c9551f5\"},\"headline\":\"\u2705 Prix des espaces de coworking \u00e0 Dakar\",\"datePublished\":\"2023-04-28T09:07:57+00:00\",\"dateModified\":\"2023-07-18T09:58:22+00:00\",\"mainEntityOfPage\":{\"@id\":\"https:\\\/\\\/senegalndiaye.com\\\/%e2%9c%85-prix-des-espaces-de-coworking-a-dakar\\\/\"},\"wordCount\":833,\"commentCount\":0,\"publisher\":{\"@id\":\"https:\\\/\\\/senegalndiaye.com\\\/#organization\"},\"image\":{\"@id\":\"https:\\\/\\\/senegalndiaye.com\\\/%e2%9c%85-prix-des-espaces-de-coworking-a-dakar\\\/#primaryimage\"},\"thumbnailUrl\":\"https:\\\/\\\/i0.wp.com\\\/senegalndiaye.com\\\/wp-content\\\/uploads\\\/2023\\\/04\\\/prix-espace-coworking.jpg?fit=3264%2C2448&ssl=1\",\"articleSection\":[\"Blog\"],\"inLanguage\":\"tr\",\"potentialAction\":[{\"@type\":\"CommentAction\",\"name\":\"Comment\",\"target\":[\"https:\\\/\\\/senegalndiaye.com\\\/%e2%9c%85-prix-des-espaces-de-coworking-a-dakar\\\/#respond\"]}]},{\"@type\":\"WebPage\",\"@id\":\"https:\\\/\\\/senegalndiaye.com\\\/%e2%9c%85-prix-des-espaces-de-coworking-a-dakar\\\/\",\"url\":\"https:\\\/\\\/senegalndiaye.com\\\/%e2%9c%85-prix-des-espaces-de-coworking-a-dakar\\\/\",\"name\":\"\u2705 Prix des espaces de coworking \u00e0 Dakar &#187; Senegal Ndiaye\",\"isPartOf\":{\"@id\":\"https:\\\/\\\/senegalndiaye.com\\\/#website\"},\"primaryImageOfPage\":{\"@id\":\"https:\\\/\\\/senegalndiaye.com\\\/%e2%9c%85-prix-des-espaces-de-coworking-a-dakar\\\/#primaryimage\"},\"image\":{\"@id\":\"https:\\\/\\\/senegalndiaye.com\\\/%e2%9c%85-prix-des-espaces-de-coworking-a-dakar\\\/#primaryimage\"},\"thumbnailUrl\":\"https:\\\/\\\/i0.wp.com\\\/senegalndiaye.com\\\/wp-content\\\/uploads\\\/2023\\\/04\\\/prix-espace-coworking.jpg?fit=3264%2C2448&ssl=1\",\"datePublished\":\"2023-04-28T09:07:57+00:00\",\"dateModified\":\"2023-07-18T09:58:22+00:00\",\"description\":\"Les espaces de coworking offrent aux travailleurs ind\u00e9pendants et aux petites entreprises la possibilit\u00e9 de travailler dans un environnement professionnel partag\u00e9, avec des services de base tels que l'acc\u00e8s \u00e0 Internet haut d\u00e9bit, des salles de r\u00e9union, des imprimantes, des scanners, et des fournitures de bureau.\",\"breadcrumb\":{\"@id\":\"https:\\\/\\\/senegalndiaye.com\\\/%e2%9c%85-prix-des-espaces-de-coworking-a-dakar\\\/#breadcrumb\"},\"inLanguage\":\"tr\",\"potentialAction\":[{\"@type\":\"ReadAction\",\"target\":[\"https:\\\/\\\/senegalndiaye.com\\\/%e2%9c%85-prix-des-espaces-de-coworking-a-dakar\\\/\"]}]},{\"@type\":\"ImageObject\",\"inLanguage\":\"tr\",\"@id\":\"https:\\\/\\\/senegalndiaye.com\\\/%e2%9c%85-prix-des-espaces-de-coworking-a-dakar\\\/#primaryimage\",\"url\":\"https:\\\/\\\/i0.wp.com\\\/senegalndiaye.com\\\/wp-content\\\/uploads\\\/2023\\\/04\\\/prix-espace-coworking.jpg?fit=3264%2C2448&ssl=1\",\"contentUrl\":\"https:\\\/\\\/i0.wp.com\\\/senegalndiaye.com\\\/wp-content\\\/uploads\\\/2023\\\/04\\\/prix-espace-coworking.jpg?fit=3264%2C2448&ssl=1\",\"width\":3264,\"height\":2448,\"caption\":\"Espace coworking Dakar prix\"},{\"@type\":\"BreadcrumbList\",\"@id\":\"https:\\\/\\\/senegalndiaye.com\\\/%e2%9c%85-prix-des-espaces-de-coworking-a-dakar\\\/#breadcrumb\",\"itemListElement\":[{\"@type\":\"ListItem\",\"position\":1,\"name\":\"Accueil\",\"item\":\"https:\\\/\\\/senegalndiaye.com\\\/\"},{\"@type\":\"ListItem\",\"position\":2,\"name\":\"\u2705 Prix des espaces de coworking \u00e0 Dakar\"}]},{\"@type\":\"WebSite\",\"@id\":\"https:\\\/\\\/senegalndiaye.com\\\/#website\",\"url\":\"https:\\\/\\\/senegalndiaye.com\\\/\",\"name\":\"Senegal Ndiaye\",\"description\":\"Retrouvez les meilleurs endroits du S\u00e9n\u00e9gal\",\"publisher\":{\"@id\":\"https:\\\/\\\/senegalndiaye.com\\\/#organization\"},\"potentialAction\":[{\"@type\":\"SearchAction\",\"target\":{\"@type\":\"EntryPoint\",\"urlTemplate\":\"https:\\\/\\\/senegalndiaye.com\\\/?s={search_term_string}\"},\"query-input\":{\"@type\":\"PropertyValueSpecification\",\"valueRequired\":true,\"valueName\":\"search_term_string\"}}],\"inLanguage\":\"tr\"},{\"@type\":\"Organization\",\"@id\":\"https:\\\/\\\/senegalndiaye.com\\\/#organization\",\"name\":\"Senegal Ndiaye\",\"url\":\"https:\\\/\\\/senegalndiaye.com\\\/\",\"logo\":{\"@type\":\"ImageObject\",\"inLanguage\":\"tr\",\"@id\":\"https:\\\/\\\/senegalndiaye.com\\\/#\\\/schema\\\/logo\\\/image\\\/\",\"url\":\"https:\\\/\\\/senegalndiaye.com\\\/wp-content\\\/uploads\\\/2018\\\/05\\\/senegalndiaye_logo.png\",\"contentUrl\":\"https:\\\/\\\/senegalndiaye.com\\\/wp-content\\\/uploads\\\/2018\\\/05\\\/senegalndiaye_logo.png\",\"width\":150,\"height\":106,\"caption\":\"Senegal Ndiaye\"},\"image\":{\"@id\":\"https:\\\/\\\/senegalndiaye.com\\\/#\\\/schema\\\/logo\\\/image\\\/\"},\"sameAs\":[\"https:\\\/\\\/www.facebook.com\\\/senegalndiaye4\\\/\",\"https:\\\/\\\/x.com\\\/Senegalndiaye5\",\"https:\\\/\\\/www.instagram.com\\\/senegalndiaye1\\\/\",\"https:\\\/\\\/www.linkedin.com\\\/company\\\/senegal-ndiaye\\\/\"]},{\"@type\":\"Person\",\"@id\":\"https:\\\/\\\/senegalndiaye.com\\\/#\\\/schema\\\/person\\\/c1e0d9f50bc68102f5a7368b7c9551f5\",\"name\":\"Moderateur\",\"image\":{\"@type\":\"ImageObject\",\"inLanguage\":\"tr\",\"@id\":\"https:\\\/\\\/senegalndiaye.com\\\/wp-content\\\/litespeed\\\/avatar\\\/3fb7bc779db92bd05c1837e9542df344.jpg?ver=1777309443\",\"url\":\"https:\\\/\\\/senegalndiaye.com\\\/wp-content\\\/litespeed\\\/avatar\\\/3fb7bc779db92bd05c1837e9542df344.jpg?ver=1777309443\",\"contentUrl\":\"https:\\\/\\\/senegalndiaye.com\\\/wp-content\\\/litespeed\\\/avatar\\\/3fb7bc779db92bd05c1837e9542df344.jpg?ver=1777309443\",\"caption\":\"Moderateur\"},\"url\":\"https:\\\/\\\/senegalndiaye.com\\\/tr\\\/author\\\/sndigital\\\/\"}]}<\/script>\n<!-- \/ Yoast SEO plugin. -->","yoast_head_json":{"title":"\u2705 Dakar&#039;da ortak \u00e7al\u0131\u015fma alan\u0131 fiyatlar\u0131 \u00bb Senegal Ndiaye","description":"Ortak \u00e7al\u0131\u015fma alanlar\u0131, serbest \u00e7al\u0131\u015fanlara ve k\u00fc\u00e7\u00fck i\u015fletmelere y\u00fcksek h\u0131zl\u0131 internet eri\u015fimi, toplant\u0131 odalar\u0131, yaz\u0131c\u0131lar, taray\u0131c\u0131lar ve ofis malzemeleri gibi temel hizmetlerle ortak bir profesyonel ortamda \u00e7al\u0131\u015fma f\u0131rsat\u0131 sunar.","robots":{"index":"index","follow":"follow","max-snippet":"max-snippet:-1","max-image-preview":"max-image-preview:large","max-video-preview":"max-video-preview:-1"},"canonical":"https:\/\/senegalndiaye.com\/tr\/\u2705-prix-des-espaces-de-coworking-a-dakar\/","og_locale":"tr_TR","og_type":"article","og_title":"\u2705 Prix des espaces de coworking \u00e0 Dakar &#187; Senegal Ndiaye","og_description":"Les espaces de coworking offrent aux travailleurs ind\u00e9pendants et aux petites entreprises la possibilit\u00e9 de travailler dans un environnement professionnel partag\u00e9, avec des services de base tels que l'acc\u00e8s \u00e0 Internet haut d\u00e9bit, des salles de r\u00e9union, des imprimantes, des scanners, et des fournitures de bureau.","og_url":"https:\/\/senegalndiaye.com\/tr\/\u2705-prix-des-espaces-de-coworking-a-dakar\/","og_site_name":"Senegal Ndiaye","article_publisher":"https:\/\/www.facebook.com\/senegalndiaye4\/","article_published_time":"2023-04-28T09:07:57+00:00","article_modified_time":"2023-07-18T09:58:22+00:00","og_image":[{"width":3264,"height":2448,"url":"https:\/\/senegalndiaye.com\/wp-content\/uploads\/2023\/04\/prix-espace-coworking.jpg","type":"image\/jpeg"}],"author":"Moderateur","twitter_card":"summary_large_image","twitter_creator":"@Senegalndiaye5","twitter_site":"@Senegalndiaye5","twitter_misc":{"Yazan:":"Moderateur","Tahmini okuma s\u00fcresi":"5 dakika"},"schema":{"@context":"https:\/\/schema.org","@graph":[{"@type":"Article","@id":"https:\/\/senegalndiaye.com\/%e2%9c%85-prix-des-espaces-de-coworking-a-dakar\/#article","isPartOf":{"@id":"https:\/\/senegalndiaye.com\/%e2%9c%85-prix-des-espaces-de-coworking-a-dakar\/"},"author":{"name":"Moderateur","@id":"https:\/\/senegalndiaye.com\/#\/schema\/person\/c1e0d9f50bc68102f5a7368b7c9551f5"},"headline":"\u2705 Prix des espaces de coworking \u00e0 Dakar","datePublished":"2023-04-28T09:07:57+00:00","dateModified":"2023-07-18T09:58:22+00:00","mainEntityOfPage":{"@id":"https:\/\/senegalndiaye.com\/%e2%9c%85-prix-des-espaces-de-coworking-a-dakar\/"},"wordCount":833,"commentCount":0,"publisher":{"@id":"https:\/\/senegalndiaye.com\/#organization"},"image":{"@id":"https:\/\/senegalndiaye.com\/%e2%9c%85-prix-des-espaces-de-coworking-a-dakar\/#primaryimage"},"thumbnailUrl":"https:\/\/i0.wp.com\/senegalndiaye.com\/wp-content\/uploads\/2023\/04\/prix-espace-coworking.jpg?fit=3264%2C2448&ssl=1","articleSection":["Blog"],"inLanguage":"tr","potentialAction":[{"@type":"CommentAction","name":"Comment","target":["https:\/\/senegalndiaye.com\/%e2%9c%85-prix-des-espaces-de-coworking-a-dakar\/#respond"]}]},{"@type":"WebPage","@id":"https:\/\/senegalndiaye.com\/%e2%9c%85-prix-des-espaces-de-coworking-a-dakar\/","url":"https:\/\/senegalndiaye.com\/%e2%9c%85-prix-des-espaces-de-coworking-a-dakar\/","name":"\u2705 Dakar&#039;da ortak \u00e7al\u0131\u015fma alan\u0131 fiyatlar\u0131 \u00bb Senegal Ndiaye","isPartOf":{"@id":"https:\/\/senegalndiaye.com\/#website"},"primaryImageOfPage":{"@id":"https:\/\/senegalndiaye.com\/%e2%9c%85-prix-des-espaces-de-coworking-a-dakar\/#primaryimage"},"image":{"@id":"https:\/\/senegalndiaye.com\/%e2%9c%85-prix-des-espaces-de-coworking-a-dakar\/#primaryimage"},"thumbnailUrl":"https:\/\/i0.wp.com\/senegalndiaye.com\/wp-content\/uploads\/2023\/04\/prix-espace-coworking.jpg?fit=3264%2C2448&ssl=1","datePublished":"2023-04-28T09:07:57+00:00","dateModified":"2023-07-18T09:58:22+00:00","description":"Ortak \u00e7al\u0131\u015fma alanlar\u0131, serbest \u00e7al\u0131\u015fanlara ve k\u00fc\u00e7\u00fck i\u015fletmelere y\u00fcksek h\u0131zl\u0131 internet eri\u015fimi, toplant\u0131 odalar\u0131, yaz\u0131c\u0131lar, taray\u0131c\u0131lar ve ofis malzemeleri gibi temel hizmetlerle ortak bir profesyonel ortamda \u00e7al\u0131\u015fma f\u0131rsat\u0131 sunar.","breadcrumb":{"@id":"https:\/\/senegalndiaye.com\/%e2%9c%85-prix-des-espaces-de-coworking-a-dakar\/#breadcrumb"},"inLanguage":"tr","potentialAction":[{"@type":"ReadAction","target":["https:\/\/senegalndiaye.com\/%e2%9c%85-prix-des-espaces-de-coworking-a-dakar\/"]}]},{"@type":"ImageObject","inLanguage":"tr","@id":"https:\/\/senegalndiaye.com\/%e2%9c%85-prix-des-espaces-de-coworking-a-dakar\/#primaryimage","url":"https:\/\/i0.wp.com\/senegalndiaye.com\/wp-content\/uploads\/2023\/04\/prix-espace-coworking.jpg?fit=3264%2C2448&ssl=1","contentUrl":"https:\/\/i0.wp.com\/senegalndiaye.com\/wp-content\/uploads\/2023\/04\/prix-espace-coworking.jpg?fit=3264%2C2448&ssl=1","width":3264,"height":2448,"caption":"Espace coworking Dakar prix"},{"@type":"BreadcrumbList","@id":"https:\/\/senegalndiaye.com\/%e2%9c%85-prix-des-espaces-de-coworking-a-dakar\/#breadcrumb","itemListElement":[{"@type":"ListItem","position":1,"name":"Accueil","item":"https:\/\/senegalndiaye.com\/"},{"@type":"ListItem","position":2,"name":"\u2705 Prix des espaces de coworking \u00e0 Dakar"}]},{"@type":"WebSite","@id":"https:\/\/senegalndiaye.com\/#website","url":"https:\/\/senegalndiaye.com\/","name":"Senegal Ndiaye","description":"Senegal&#039;deki en iyi yerleri bulun","publisher":{"@id":"https:\/\/senegalndiaye.com\/#organization"},"potentialAction":[{"@type":"SearchAction","target":{"@type":"EntryPoint","urlTemplate":"https:\/\/senegalndiaye.com\/?s={search_term_string}"},"query-input":{"@type":"PropertyValueSpecification","valueRequired":true,"valueName":"search_term_string"}}],"inLanguage":"tr"},{"@type":"Organization","@id":"https:\/\/senegalndiaye.com\/#organization","name":"Senegal Ndiaye","url":"https:\/\/senegalndiaye.com\/","logo":{"@type":"ImageObject","inLanguage":"tr","@id":"https:\/\/senegalndiaye.com\/#\/schema\/logo\/image\/","url":"https:\/\/senegalndiaye.com\/wp-content\/uploads\/2018\/05\/senegalndiaye_logo.png","contentUrl":"https:\/\/senegalndiaye.com\/wp-content\/uploads\/2018\/05\/senegalndiaye_logo.png","width":150,"height":106,"caption":"Senegal Ndiaye"},"image":{"@id":"https:\/\/senegalndiaye.com\/#\/schema\/logo\/image\/"},"sameAs":["https:\/\/www.facebook.com\/senegalndiaye4\/","https:\/\/x.com\/Senegalndiaye5","https:\/\/www.instagram.com\/senegalndiaye1\/","https:\/\/www.linkedin.com\/company\/senegal-ndiaye\/"]},{"@type":"Person","@id":"https:\/\/senegalndiaye.com\/#\/schema\/person\/c1e0d9f50bc68102f5a7368b7c9551f5","name":"moderat\u00f6r","image":{"@type":"ImageObject","inLanguage":"tr","@id":"https:\/\/senegalndiaye.com\/wp-content\/litespeed\/avatar\/3fb7bc779db92bd05c1837e9542df344.jpg?ver=1777309443","url":"https:\/\/senegalndiaye.com\/wp-content\/litespeed\/avatar\/3fb7bc779db92bd05c1837e9542df344.jpg?ver=1777309443","contentUrl":"https:\/\/senegalndiaye.com\/wp-content\/litespeed\/avatar\/3fb7bc779db92bd05c1837e9542df344.jpg?ver=1777309443","caption":"Moderateur"},"url":"https:\/\/senegalndiaye.com\/tr\/author\/sndigital\/"}]}},"jetpack_featured_media_url":"https:\/\/i0.wp.com\/senegalndiaye.com\/wp-content\/uploads\/2023\/04\/prix-espace-coworking.jpg?fit=3264%2C2448&ssl=1","jetpack_sharing_enabled":true,"jetpack-related-posts":[{"id":27394,"url":"https:\/\/senegalndiaye.com\/tr\/%e2%9c%85-location-de-bureau-equipe-et-espace-de-coworking-a-dakar\/","url_meta":{"origin":27915,"position":0},"title":"\u2705 Dakar&#039;da donan\u0131ml\u0131 ofis kiralama ve ortak \u00e7al\u0131\u015fma alan\u0131","author":"Moderateur","date":"\u015eubat 10, 2023","format":false,"excerpt":"Dakar&#039;da hizmetli ofis kiralama ve ortak \u00e7al\u0131\u015fma alanlar\u0131 pop\u00fcler konseptlerdir. \u0130\u015fletmelerin ve serbest \u00e7al\u0131\u015fanlar\u0131n ihtiya\u00e7lar\u0131na g\u00f6re tasarlanm\u0131\u015f \u00e7al\u0131\u015fma alanlar\u0131 sunarlar. Hizmetli ofis kiralama, bir \u015firketin \u00e7al\u0131\u015fanlar\u0131 i\u00e7in eksiksiz bir \u00e7al\u0131\u015fma alan\u0131 sa\u011flamay\u0131 i\u00e7erir.","rel":"","context":"&quot;Blog&quot; i\u00e7inde","block_context":{"text":"Blog","link":"https:\/\/senegalndiaye.com\/tr\/category\/blog\/"},"img":{"alt_text":"","src":"https:\/\/i0.wp.com\/senegalndiaye.com\/wp-content\/uploads\/2023\/02\/coworking.jpg?fit=1200%2C684&ssl=1&resize=350%2C200","width":350,"height":200,"srcset":"https:\/\/i0.wp.com\/senegalndiaye.com\/wp-content\/uploads\/2023\/02\/coworking.jpg?fit=1200%2C684&ssl=1&resize=350%2C200 1x, https:\/\/i0.wp.com\/senegalndiaye.com\/wp-content\/uploads\/2023\/02\/coworking.jpg?fit=1200%2C684&ssl=1&resize=525%2C300 1.5x, https:\/\/i0.wp.com\/senegalndiaye.com\/wp-content\/uploads\/2023\/02\/coworking.jpg?fit=1200%2C684&ssl=1&resize=700%2C400 2x, https:\/\/i0.wp.com\/senegalndiaye.com\/wp-content\/uploads\/2023\/02\/coworking.jpg?fit=1200%2C684&ssl=1&resize=1050%2C600 3x"},"classes":[]},{"id":27918,"url":"https:\/\/senegalndiaye.com\/tr\/%e2%9c%85-la-colocation-de-bureau-a-dakar\/","url_meta":{"origin":27915,"position":1},"title":"\u2705 Dakar&#039;da ofis payla\u015f\u0131m\u0131","author":"Moderateur","date":"Nisan 28, 2023","format":false,"excerpt":"Ofis payla\u015f\u0131m\u0131, \u00f6zellikle gayrimenkul maliyetlerinin y\u00fcksek oldu\u011fu b\u00fcy\u00fck \u015fehirlerde d\u00fcnya genelinde giderek yayg\u0131nla\u015fan bir uygulamad\u0131r. Senegal&#039;in ba\u015fkenti Dakar da bu e\u011filimin bir istisnas\u0131 de\u011fil ve \u00e7ok say\u0131da ortak \u00e7al\u0131\u015fma alan\u0131 ve payla\u015f\u0131ml\u0131 ofis ortaya \u00e7\u0131k\u0131yor.","rel":"","context":"&quot;Blog&quot; i\u00e7inde","block_context":{"text":"Blog","link":"https:\/\/senegalndiaye.com\/tr\/category\/blog\/"},"img":{"alt_text":"colocation bureau dakar","src":"https:\/\/i0.wp.com\/senegalndiaye.com\/wp-content\/uploads\/2023\/04\/colocation-bureau-dakar.jpg?fit=1200%2C600&ssl=1&resize=350%2C200","width":350,"height":200,"srcset":"https:\/\/i0.wp.com\/senegalndiaye.com\/wp-content\/uploads\/2023\/04\/colocation-bureau-dakar.jpg?fit=1200%2C600&ssl=1&resize=350%2C200 1x, https:\/\/i0.wp.com\/senegalndiaye.com\/wp-content\/uploads\/2023\/04\/colocation-bureau-dakar.jpg?fit=1200%2C600&ssl=1&resize=525%2C300 1.5x, https:\/\/i0.wp.com\/senegalndiaye.com\/wp-content\/uploads\/2023\/04\/colocation-bureau-dakar.jpg?fit=1200%2C600&ssl=1&resize=700%2C400 2x, https:\/\/i0.wp.com\/senegalndiaye.com\/wp-content\/uploads\/2023\/04\/colocation-bureau-dakar.jpg?fit=1200%2C600&ssl=1&resize=1050%2C600 3x"},"classes":[]},{"id":28112,"url":"https:\/\/senegalndiaye.com\/tr\/%e2%9c%85-les-endroits-calmes-pour-travailler-a-dakar\/","url_meta":{"origin":27915,"position":2},"title":"\u2705 Dakar&#039;da \u00e7al\u0131\u015fmak i\u00e7in sessiz yerler","author":"Moderateur","date":"May\u0131s 29, 2023","format":false,"excerpt":"Senegal&#039;in ba\u015fkenti Dakar, i\u015f ve f\u0131rsatlar\u0131n bol oldu\u011fu canl\u0131 ve hareketli bir \u015fehirdir. Ancak, bu s\u00fcrekli hareketli \u015fehir ortam\u0131nda \u00e7al\u0131\u015fmak i\u00e7in sessiz bir yer bulmak bazen zor olabilir. Neyse ki Dakar, gerekli huzuru bulabilece\u011finiz sessiz k\u00f6\u015felerle dolu...","rel":"","context":"&quot;Blog&quot; i\u00e7inde","block_context":{"text":"Blog","link":"https:\/\/senegalndiaye.com\/tr\/category\/blog\/"},"img":{"alt_text":"Endroit calme pour travailler Dakar","src":"https:\/\/i0.wp.com\/senegalndiaye.com\/wp-content\/uploads\/2023\/05\/idee.png?fit=1000%2C675&ssl=1&resize=350%2C200","width":350,"height":200,"srcset":"https:\/\/i0.wp.com\/senegalndiaye.com\/wp-content\/uploads\/2023\/05\/idee.png?fit=1000%2C675&ssl=1&resize=350%2C200 1x, https:\/\/i0.wp.com\/senegalndiaye.com\/wp-content\/uploads\/2023\/05\/idee.png?fit=1000%2C675&ssl=1&resize=525%2C300 1.5x, https:\/\/i0.wp.com\/senegalndiaye.com\/wp-content\/uploads\/2023\/05\/idee.png?fit=1000%2C675&ssl=1&resize=700%2C400 2x"},"classes":[]},{"id":28580,"url":"https:\/\/senegalndiaye.com\/tr\/%e2%9c%85-sanitaire-salle-de-bain-a-dakar-prix-achat-contact\/","url_meta":{"origin":27915,"position":3},"title":"\u2705 Dakar&#039;da banyo s\u0131hhi tesisat \u2013 \u0130ngiliz sandalyesi, fiyat, sat\u0131n alma, ileti\u015fim","author":"Moderateur","date":"A\u011fustos 25, 2023","format":false,"excerpt":"Banyo armat\u00fcrleri ve aksesuarlar\u0131, bir evin konforunu ve i\u015flevselli\u011fini sa\u011flamak i\u00e7in olmazsa olmaz unsurlard\u0131r. Senegal&#039;in ba\u015fkenti Dakar&#039;da, banyo armat\u00fcrleri ve aksesuarlar\u0131 b\u00fct\u00e7e dostu se\u00e7eneklerden daha l\u00fcks se\u00e7eneklere kadar \u00e7e\u015fitlilik g\u00f6sterir. Bu makale\u2026","rel":"","context":"&quot;Blog&quot; i\u00e7inde","block_context":{"text":"Blog","link":"https:\/\/senegalndiaye.com\/tr\/category\/blog\/"},"img":{"alt_text":"Sanitaire salle de bain Dakar","src":"https:\/\/i0.wp.com\/senegalndiaye.com\/wp-content\/uploads\/2023\/08\/sanitaire-Dakar.jpg?fit=649%2C641&ssl=1&resize=350%2C200","width":350,"height":200,"srcset":"https:\/\/i0.wp.com\/senegalndiaye.com\/wp-content\/uploads\/2023\/08\/sanitaire-Dakar.jpg?fit=649%2C641&ssl=1&resize=350%2C200 1x, https:\/\/i0.wp.com\/senegalndiaye.com\/wp-content\/uploads\/2023\/08\/sanitaire-Dakar.jpg?fit=649%2C641&ssl=1&resize=525%2C300 1.5x"},"classes":[]},{"id":28107,"url":"https:\/\/senegalndiaye.com\/tr\/%e2%9c%85-les-bureaux-privatifs-a-dakar\/","url_meta":{"origin":27915,"position":4},"title":"\u2705 Dakar&#039;daki \u00f6zel ofisler","author":"Moderateur","date":"May\u0131s 29, 2023","format":false,"excerpt":"Senegal&#039;in ba\u015fkenti Dakar, h\u0131zla b\u00fcy\u00fcyen bir ekonomiye sahip bir \u015fehir. Bir\u00e7ok ulusal ve uluslararas\u0131 \u015firket, bu dinamik metropolde varl\u0131k g\u00f6stermeyi tercih ediyor. Bu i\u015fletmelerin en \u00f6nemli ihtiya\u00e7lar\u0131ndan biri yeterli \u00e7al\u0131\u015fma alan\u0131. \u0130\u015fte tam da bu noktada Dakar&#039;daki \u00f6zel ofisler devreye giriyor...","rel":"","context":"&quot;Blog&quot; i\u00e7inde","block_context":{"text":"Blog","link":"https:\/\/senegalndiaye.com\/tr\/category\/blog\/"},"img":{"alt_text":"Bureau privatif Dakar","src":"https:\/\/i0.wp.com\/senegalndiaye.com\/wp-content\/uploads\/2023\/05\/bureau-privatif-dakar.jpg?fit=800%2C556&ssl=1&resize=350%2C200","width":350,"height":200,"srcset":"https:\/\/i0.wp.com\/senegalndiaye.com\/wp-content\/uploads\/2023\/05\/bureau-privatif-dakar.jpg?fit=800%2C556&ssl=1&resize=350%2C200 1x, https:\/\/i0.wp.com\/senegalndiaye.com\/wp-content\/uploads\/2023\/05\/bureau-privatif-dakar.jpg?fit=800%2C556&ssl=1&resize=525%2C300 1.5x, https:\/\/i0.wp.com\/senegalndiaye.com\/wp-content\/uploads\/2023\/05\/bureau-privatif-dakar.jpg?fit=800%2C556&ssl=1&resize=700%2C400 2x"},"classes":[]},{"id":26542,"url":"https:\/\/senegalndiaye.com\/tr\/%e2%9c%85-prix-de-la-location-de-bache-a-dakar\/","url_meta":{"origin":27915,"position":5},"title":"\u2705 Dakar branda kiralama fiyat\u0131","author":"Moderateur","date":"A\u011fustos 28, 2022","format":false,"excerpt":"Dakar&#039;da branda kiralamay\u0131 d\u00fc\u015f\u00fcn\u00fcyorsan\u0131z, bilmeniz gereken en \u00f6nemli \u015fey fiyatlard\u0131r. Fiyatlar birka\u00e7 fakt\u00f6re ba\u011fl\u0131d\u0131r: istedi\u011finiz boyut ve d\u00fczenledi\u011finiz etkinlik. Senegal&#039;de Dakar&#039;da branda kiralayan bir\u00e7ok \u015firket bulabilirsiniz. Fiyatlar ne kadar?","rel":"","context":"&quot;Blog&quot; i\u00e7inde","block_context":{"text":"Blog","link":"https:\/\/senegalndiaye.com\/tr\/category\/blog\/"},"img":{"alt_text":"prix location bache dakar","src":"https:\/\/i0.wp.com\/senegalndiaye.com\/wp-content\/uploads\/2022\/08\/bache.jpg?fit=1000%2C800&ssl=1&resize=350%2C200","width":350,"height":200,"srcset":"https:\/\/i0.wp.com\/senegalndiaye.com\/wp-content\/uploads\/2022\/08\/bache.jpg?fit=1000%2C800&ssl=1&resize=350%2C200 1x, https:\/\/i0.wp.com\/senegalndiaye.com\/wp-content\/uploads\/2022\/08\/bache.jpg?fit=1000%2C800&ssl=1&resize=525%2C300 1.5x, https:\/\/i0.wp.com\/senegalndiaye.com\/wp-content\/uploads\/2022\/08\/bache.jpg?fit=1000%2C800&ssl=1&resize=700%2C400 2x"},"classes":[]}],"_links":{"self":[{"href":"https:\/\/senegalndiaye.com\/tr\/wp-json\/wp\/v2\/posts\/27915","targetHints":{"allow":["GET"]}}],"collection":[{"href":"https:\/\/senegalndiaye.com\/tr\/wp-json\/wp\/v2\/posts"}],"about":[{"href":"https:\/\/senegalndiaye.com\/tr\/wp-json\/wp\/v2\/types\/post"}],"author":[{"embeddable":true,"href":"https:\/\/senegalndiaye.com\/tr\/wp-json\/wp\/v2\/users\/8"}],"replies":[{"embeddable":true,"href":"https:\/\/senegalndiaye.com\/tr\/wp-json\/wp\/v2\/comments?post=27915"}],"version-history":[{"count":4,"href":"https:\/\/senegalndiaye.com\/tr\/wp-json\/wp\/v2\/posts\/27915\/revisions"}],"predecessor-version":[{"id":28386,"href":"https:\/\/senegalndiaye.com\/tr\/wp-json\/wp\/v2\/posts\/27915\/revisions\/28386"}],"wp:featuredmedia":[{"embeddable":true,"href":"https:\/\/senegalndiaye.com\/tr\/wp-json\/wp\/v2\/media\/27916"}],"wp:attachment":[{"href":"https:\/\/senegalndiaye.com\/tr\/wp-json\/wp\/v2\/media?parent=27915"}],"wp:term":[{"taxonomy":"category","embeddable":true,"href":"https:\/\/senegalndiaye.com\/tr\/wp-json\/wp\/v2\/categories?post=27915"},{"taxonomy":"post_tag","embeddable":true,"href":"https:\/\/senegalndiaye.com\/tr\/wp-json\/wp\/v2\/tags?post=27915"}],"curies":[{"name":"wp","href":"https:\/\/api.w.org\/{rel}","templated":true}]}}