{"id":25671,"date":"2022-05-30T10:50:30","date_gmt":"2022-05-30T10:50:30","guid":{"rendered":"https:\/\/senegalndiaye.com\/?p=25671"},"modified":"2023-03-03T10:54:02","modified_gmt":"2023-03-03T10:54:02","slug":"%e2%9c%85-prix-du-loyer-au-senegal","status":"publish","type":"post","link":"https:\/\/senegalndiaye.com\/tr\/%e2%9c%85-prix-du-loyer-au-senegal\/","title":{"rendered":"\u2705 Senegal&#039;de kira fiyat\u0131"},"content":{"rendered":"<p>\u015eehir merkezine bak\u0131yorsan\u0131z, Teranga \u00fclkesinde kiralamak pahal\u0131 olabilir. Ayr\u0131ca fiyatlar \u00e7e\u015fitli parametrelere g\u00f6re de\u011fi\u015fiklik g\u00f6sterebilmektedir. Bu yaz\u0131da, size g\u00f6stermek i\u00e7in \u00fclkeyi gezece\u011fiz. <strong>Senegal&#039;de kira fiyat\u0131<\/strong>. Daha fazlas\u0131n\u0131 \u00f6\u011frenmek ister misiniz? Bu yaz\u0131da stok al\u0131yoruz.<\/p>\n<p><strong>Devlet taraf\u0131ndan Senegal&#039;de belirlenen kira bedeli<\/strong><\/p>\n<p><span class=\"alignnone\"><img data-recalc-dims=\"1\" loading=\"lazy\" decoding=\"async\" class=\"alignnone size-full wp-image-27583\" src=\"https:\/\/i0.wp.com\/senegalndiaye.com\/wp-content\/uploads\/2022\/05\/1677763700459.jpg?resize=1050%2C1460&#038;ssl=1\" alt=\"\" width=\"1050\" height=\"1460\" srcset=\"https:\/\/i0.wp.com\/senegalndiaye.com\/wp-content\/uploads\/2022\/05\/1677763700459.jpg?w=1080&amp;ssl=1 1080w, https:\/\/i0.wp.com\/senegalndiaye.com\/wp-content\/uploads\/2022\/05\/1677763700459.jpg?resize=216%2C300&amp;ssl=1 216w, https:\/\/i0.wp.com\/senegalndiaye.com\/wp-content\/uploads\/2022\/05\/1677763700459.jpg?resize=736%2C1024&amp;ssl=1 736w, https:\/\/i0.wp.com\/senegalndiaye.com\/wp-content\/uploads\/2022\/05\/1677763700459.jpg?resize=768%2C1068&amp;ssl=1 768w, https:\/\/i0.wp.com\/senegalndiaye.com\/wp-content\/uploads\/2022\/05\/1677763700459.jpg?resize=9%2C12&amp;ssl=1 9w, https:\/\/i0.wp.com\/senegalndiaye.com\/wp-content\/uploads\/2022\/05\/1677763700459.jpg?resize=450%2C626&amp;ssl=1 450w, https:\/\/i0.wp.com\/senegalndiaye.com\/wp-content\/uploads\/2022\/05\/1677763700459.jpg?resize=575%2C800&amp;ssl=1 575w, https:\/\/i0.wp.com\/senegalndiaye.com\/wp-content\/uploads\/2022\/05\/1677763700459.jpg?resize=600%2C834&amp;ssl=1 600w\" sizes=\"auto, (max-width: 1050px) 100vw, 1050px\" \/><\/span><\/p>\n<p><span class=\"alignnone\"><img data-recalc-dims=\"1\" loading=\"lazy\" decoding=\"async\" class=\"alignnone size-large wp-image-27596\" src=\"https:\/\/i0.wp.com\/senegalndiaye.com\/wp-content\/uploads\/2022\/05\/1677840545070.jpg?resize=1024%2C1024&#038;ssl=1\" alt=\"\" width=\"1024\" height=\"1024\" srcset=\"https:\/\/i0.wp.com\/senegalndiaye.com\/wp-content\/uploads\/2022\/05\/1677840545070.jpg?w=1024&amp;ssl=1 1024w, https:\/\/i0.wp.com\/senegalndiaye.com\/wp-content\/uploads\/2022\/05\/1677840545070.jpg?resize=300%2C300&amp;ssl=1 300w, https:\/\/i0.wp.com\/senegalndiaye.com\/wp-content\/uploads\/2022\/05\/1677840545070.jpg?resize=150%2C150&amp;ssl=1 150w, https:\/\/i0.wp.com\/senegalndiaye.com\/wp-content\/uploads\/2022\/05\/1677840545070.jpg?resize=768%2C768&amp;ssl=1 768w, https:\/\/i0.wp.com\/senegalndiaye.com\/wp-content\/uploads\/2022\/05\/1677840545070.jpg?resize=12%2C12&amp;ssl=1 12w, https:\/\/i0.wp.com\/senegalndiaye.com\/wp-content\/uploads\/2022\/05\/1677840545070.jpg?resize=450%2C450&amp;ssl=1 450w, https:\/\/i0.wp.com\/senegalndiaye.com\/wp-content\/uploads\/2022\/05\/1677840545070.jpg?resize=800%2C800&amp;ssl=1 800w, https:\/\/i0.wp.com\/senegalndiaye.com\/wp-content\/uploads\/2022\/05\/1677840545070.jpg?resize=600%2C600&amp;ssl=1 600w, https:\/\/i0.wp.com\/senegalndiaye.com\/wp-content\/uploads\/2022\/05\/1677840545070.jpg?resize=100%2C100&amp;ssl=1 100w\" sizes=\"auto, (max-width: 1024px) 100vw, 1024px\" \/> <img data-recalc-dims=\"1\" loading=\"lazy\" decoding=\"async\" class=\"alignnone size-full wp-image-27597\" src=\"https:\/\/i0.wp.com\/senegalndiaye.com\/wp-content\/uploads\/2022\/05\/1677840545062.jpg?resize=1024%2C1023&#038;ssl=1\" alt=\"\" width=\"1024\" height=\"1023\" srcset=\"https:\/\/i0.wp.com\/senegalndiaye.com\/wp-content\/uploads\/2022\/05\/1677840545062.jpg?w=1024&amp;ssl=1 1024w, https:\/\/i0.wp.com\/senegalndiaye.com\/wp-content\/uploads\/2022\/05\/1677840545062.jpg?resize=300%2C300&amp;ssl=1 300w, https:\/\/i0.wp.com\/senegalndiaye.com\/wp-content\/uploads\/2022\/05\/1677840545062.jpg?resize=150%2C150&amp;ssl=1 150w, https:\/\/i0.wp.com\/senegalndiaye.com\/wp-content\/uploads\/2022\/05\/1677840545062.jpg?resize=768%2C767&amp;ssl=1 768w, https:\/\/i0.wp.com\/senegalndiaye.com\/wp-content\/uploads\/2022\/05\/1677840545062.jpg?resize=12%2C12&amp;ssl=1 12w, https:\/\/i0.wp.com\/senegalndiaye.com\/wp-content\/uploads\/2022\/05\/1677840545062.jpg?resize=450%2C450&amp;ssl=1 450w, https:\/\/i0.wp.com\/senegalndiaye.com\/wp-content\/uploads\/2022\/05\/1677840545062.jpg?resize=801%2C800&amp;ssl=1 801w, https:\/\/i0.wp.com\/senegalndiaye.com\/wp-content\/uploads\/2022\/05\/1677840545062.jpg?resize=600%2C599&amp;ssl=1 600w, https:\/\/i0.wp.com\/senegalndiaye.com\/wp-content\/uploads\/2022\/05\/1677840545062.jpg?resize=100%2C100&amp;ssl=1 100w\" sizes=\"auto, (max-width: 1024px) 100vw, 1024px\" \/> <img data-recalc-dims=\"1\" loading=\"lazy\" decoding=\"async\" class=\"alignnone size-full wp-image-27598\" src=\"https:\/\/i0.wp.com\/senegalndiaye.com\/wp-content\/uploads\/2022\/05\/1677840545043.jpg?resize=1023%2C1024&#038;ssl=1\" alt=\"\" width=\"1023\" height=\"1024\" srcset=\"https:\/\/i0.wp.com\/senegalndiaye.com\/wp-content\/uploads\/2022\/05\/1677840545043.jpg?w=1023&amp;ssl=1 1023w, https:\/\/i0.wp.com\/senegalndiaye.com\/wp-content\/uploads\/2022\/05\/1677840545043.jpg?resize=300%2C300&amp;ssl=1 300w, https:\/\/i0.wp.com\/senegalndiaye.com\/wp-content\/uploads\/2022\/05\/1677840545043.jpg?resize=150%2C150&amp;ssl=1 150w, https:\/\/i0.wp.com\/senegalndiaye.com\/wp-content\/uploads\/2022\/05\/1677840545043.jpg?resize=768%2C769&amp;ssl=1 768w, https:\/\/i0.wp.com\/senegalndiaye.com\/wp-content\/uploads\/2022\/05\/1677840545043.jpg?resize=12%2C12&amp;ssl=1 12w, https:\/\/i0.wp.com\/senegalndiaye.com\/wp-content\/uploads\/2022\/05\/1677840545043.jpg?resize=450%2C450&amp;ssl=1 450w, https:\/\/i0.wp.com\/senegalndiaye.com\/wp-content\/uploads\/2022\/05\/1677840545043.jpg?resize=799%2C800&amp;ssl=1 799w, https:\/\/i0.wp.com\/senegalndiaye.com\/wp-content\/uploads\/2022\/05\/1677840545043.jpg?resize=600%2C601&amp;ssl=1 600w, https:\/\/i0.wp.com\/senegalndiaye.com\/wp-content\/uploads\/2022\/05\/1677840545043.jpg?resize=100%2C100&amp;ssl=1 100w\" sizes=\"auto, (max-width: 1023px) 100vw, 1023px\" \/> <img data-recalc-dims=\"1\" loading=\"lazy\" decoding=\"async\" class=\"alignnone size-full wp-image-27599\" src=\"https:\/\/i0.wp.com\/senegalndiaye.com\/wp-content\/uploads\/2022\/05\/1677840545033.jpg?resize=1024%2C1023&#038;ssl=1\" alt=\"\" width=\"1024\" height=\"1023\" srcset=\"https:\/\/i0.wp.com\/senegalndiaye.com\/wp-content\/uploads\/2022\/05\/1677840545033.jpg?w=1024&amp;ssl=1 1024w, https:\/\/i0.wp.com\/senegalndiaye.com\/wp-content\/uploads\/2022\/05\/1677840545033.jpg?resize=300%2C300&amp;ssl=1 300w, https:\/\/i0.wp.com\/senegalndiaye.com\/wp-content\/uploads\/2022\/05\/1677840545033.jpg?resize=150%2C150&amp;ssl=1 150w, https:\/\/i0.wp.com\/senegalndiaye.com\/wp-content\/uploads\/2022\/05\/1677840545033.jpg?resize=768%2C767&amp;ssl=1 768w, https:\/\/i0.wp.com\/senegalndiaye.com\/wp-content\/uploads\/2022\/05\/1677840545033.jpg?resize=12%2C12&amp;ssl=1 12w, https:\/\/i0.wp.com\/senegalndiaye.com\/wp-content\/uploads\/2022\/05\/1677840545033.jpg?resize=450%2C450&amp;ssl=1 450w, https:\/\/i0.wp.com\/senegalndiaye.com\/wp-content\/uploads\/2022\/05\/1677840545033.jpg?resize=801%2C800&amp;ssl=1 801w, https:\/\/i0.wp.com\/senegalndiaye.com\/wp-content\/uploads\/2022\/05\/1677840545033.jpg?resize=600%2C599&amp;ssl=1 600w, https:\/\/i0.wp.com\/senegalndiaye.com\/wp-content\/uploads\/2022\/05\/1677840545033.jpg?resize=100%2C100&amp;ssl=1 100w\" sizes=\"auto, (max-width: 1024px) 100vw, 1024px\" \/><\/span><\/p>\n<p>H\u00fck\u00fcmet, Senegal&#039;de d\u00fczeltilmi\u015f y\u00fczeye g\u00f6re hesaplanmayan y\u00fczeyler i\u00e7in kira fiyat\u0131n\u0131n d\u00fc\u015f\u00fcr\u00fclmesine ili\u015fkin bir yasay\u0131 kabul etti. Bu yasa, kira fiyatlar\u0131n\u0131, ihtiyac\u0131 olan insanlar i\u00e7in daha uygun hale getirmek i\u00e7in d\u00fc\u015f\u00fcrmeyi ama\u00e7l\u0131yor.<\/p>\n<p>Yasa, her t\u00fcr kiral\u0131k m\u00fclk i\u00e7in ge\u00e7erlidir ve \u015funlar\u0131 belirtir:<\/p>\n<ul>\n<li>300.000 CFA&#039;n\u0131n alt\u0131ndaki kiralar 15 % azalt\u0131lmal\u0131d\u0131r.<\/li>\n<li>300.000 CFA ile 500.000 CFA aras\u0131ndakiler 10 % azalt\u0131lmal\u0131d\u0131r.<\/li>\n<li>500.000 F CFA&#039;n\u0131n \u00fczerindeki kiralar 5 % d\u00fc\u015fmelidir.<\/li>\n<\/ul>\n<p>Bu yasay\u0131 ihlal eden herhangi bir ki\u015fi taraf\u0131ndan \u00f6ng\u00f6r\u00fclen cezaya tabi olacakt\u0131r. <strong>21-25 Haziran 1981 tarih ve 81 Say\u0131l\u0131 Kanun<\/strong> konut kullan\u0131m\u0131 i\u00e7in bina kiralar\u0131ndaki yasad\u0131\u015f\u0131 art\u0131\u015f\u0131n bast\u0131r\u0131lmas\u0131.<\/p>\n<p><strong>Dakar&#039;da kira fiyat\u0131<\/strong><\/p>\n<p>Dakar&#039;da kira fiyatlar\u0131 mahalleye g\u00f6re de\u011fi\u015fiyor. Ger\u00e7ekten de, \u015fehir merkezinde, peri-kent ve kentsel alanlara g\u00f6re daha pahal\u0131d\u0131rlar. Bu, hastaneler, okullar ve s\u00fcpermarketler gibi belirli altyap\u0131lara eri\u015filebilirlik ve yak\u0131nl\u0131k ile a\u00e7\u0131klanmaktad\u0131r.<\/p>\n<p><strong>\u015eehir merkezinde kira fiyat\u0131<\/strong><\/p>\n<p>Dakar&#039;da bir daire ar\u0131yorsan\u0131z, \u00e7ok para \u00f6demeye haz\u0131r olun. \u015eehirdeki konut durumu giderek zorla\u015f\u0131yor. Kiralanabilir bir ev bulmak giderek daha nadir hale geliyor. Bir tane bulursan\u0131z, onu ayl\u0131k kiralamak i\u00e7in bir servet \u00f6demeniz gerekecek.<\/p>\n<p><strong>\u015eehir merkezinin d\u0131\u015f\u0131nda bir dairenin fiyat\u0131<\/strong><\/p>\n<p>Kentsel ve kentsel alanlarda oda kiralamak daha ucuzdur. Ger\u00e7ekten de, aras\u0131nda bir daireniz olabilir <strong>180.000 CFAF<\/strong> ile <strong>CFAF 750.000.<\/strong> Bu, binan\u0131n konumuna, eri\u015filebilirli\u011fine ve durumuna ba\u011fl\u0131 olacakt\u0131r.<\/p>\n<p>Bir daire ar\u0131yorsan\u0131z, g\u00f6z \u00f6n\u00fcnde bulundurman\u0131z gereken bir\u00e7ok \u015fey var. \u0130lk olarak, nas\u0131l bir mahallede ya\u015famak istersiniz?<\/p>\n<p>Biraz daha ucuz ama yeterince yak\u0131n bir \u015fey istiyorsan\u0131z, arada \u00f6deme yapman\u0131z gerekecek. <strong>CFAF 200.000 <\/strong>ve <strong>Ayda 750.000 FCFA<\/strong>.<\/p>\n<p><strong>Senegal&#039;deki di\u011fer b\u00f6lgelerde kiralama<\/strong><\/p>\n<p>Kira bedeli di\u011fer b\u00f6lgelerde daha d\u00fc\u015f\u00fckt\u00fcr. Ger\u00e7ekten de uygun fiyatlara kolayca daire kiralayabilirsiniz. Ancak, denize yak\u0131nl\u0131\u011f\u0131 ve ya\u015fam standartlar\u0131 nedeniyle baz\u0131 b\u00f6lgeler di\u011ferlerinden daha pahal\u0131d\u0131r.<\/p>\n<ul>\n<li><strong>Senegal&#039;de kira fiyatlar\u0131: Mbour b\u00f6lgesi<\/strong><\/li>\n<\/ul>\n<p>Mbour, Senegal&#039;de pop\u00fcler bir turistik yer. Daireler de\u011fildir. \u00d6rne\u011fin, Mbour Sud&#039;da banyo ve tuvaleti olan iki yatak odal\u0131 bir daire alabilirsiniz. <strong>CFAF 110.000.<\/strong><\/p>\n<p>Ayr\u0131ca yerle\u015fmek i\u00e7in ideal bir yer! Bah\u00e7eli ve terasl\u0131 bir dairede ya\u015famak istiyorsan\u0131z, bir tane bulabilirsiniz. <strong>CFAF 200.000<\/strong>.<\/p>\n<ul>\n<li><strong>Thies<\/strong><\/li>\n<\/ul>\n<p>Thi\u00e8s, Dakar&#039;dan birka\u00e7 kilometre uzakl\u0131ktad\u0131r. Kira pahal\u0131 de\u011fil. Ger\u00e7ekten de 3 yatak odas\u0131, oturma odas\u0131 ve banyolu bir villan\u0131z olabilir. <strong>CFAF 135.000<\/strong> her ay.<\/p>\n<p>\u015eehir, tatildeki aileler veya dinlenmek isteyenler i\u00e7in m\u00fckemmel olan g\u00fczel meydanlar\u0131yla tan\u0131n\u0131r. Ayr\u0131ca ihtiyac\u0131n\u0131z olan her \u015feyi alabilece\u011finiz pazarlar\u0131yla da tan\u0131n\u0131r.<\/p>\n<ul>\n<li><strong>Saint Louis<\/strong><\/li>\n<\/ul>\n<p>Mobilyal\u0131 bir daire ar\u0131yorsan\u0131z, \u015fansl\u0131s\u0131n\u0131z. Senegal&#039;in eski ba\u015fkenti, kolonyal tarz\u0131 ve tarihi ile \u00fcnl\u00fcd\u00fcr ve ayr\u0131ca mobilyal\u0131 F6 evleri kiralamak i\u00e7in harika bir yerdir. <strong>CFAF 250.000 <\/strong>her ay.<\/p>\n<p>Okyanusla \u00e7evrili k\u00fc\u00e7\u00fck bir kasaba, bu da kira fiyatlar\u0131n\u0131n bazen y\u00fckseldi\u011fi anlam\u0131na geliyor. Ancak yine de sahile yak\u0131n mobilyal\u0131 dairelerde harika f\u0131rsatlar bulabilirsiniz.<\/p>\n<ul>\n<li><strong>Ziguinchor<\/strong><\/li>\n<\/ul>\n<p>\u015eehir Senegal&#039;in g\u00fcneyinde Casamance&#039;de yer almaktad\u0131r. Kiras\u0131 pahal\u0131 de\u011fildir ve uygun fiyatlarla geni\u015f alanlara sahip olabilirsiniz. adresinden 5 odal\u0131 villa kiralayabilirsiniz. <strong>CFAF 200.000<\/strong>.<\/p>\n<p>Dinlenmek veya bu \u00fclke hakk\u0131nda daha fazla bilgi edinmek istiyorsan\u0131z, buras\u0131 sizin i\u00e7in en iyi yer. Ayr\u0131ca do\u011fal g\u00fczellikleri ve temizli\u011fi ile bilinen plajlar\u0131n\u0131n keyfini \u00e7\u0131karabilirsiniz.<\/p>\n<p>\u0130\u015fte Senegal&#039;de kira fiyatlar\u0131! Art\u0131k yeni bir daire bulmak i\u00e7in ihtiyac\u0131n\u0131z olan t\u00fcm bilgilere sahipsiniz. Dakar&#039;daki se\u00e7eneklerin say\u0131s\u0131 bunalt\u0131c\u0131 olabilir, ancak nereye bakaca\u011f\u0131n\u0131z\u0131 ve ne soraca\u011f\u0131n\u0131z\u0131 biliyorsan\u0131z, d\u00fc\u015f\u00fcnd\u00fc\u011f\u00fcn\u00fczden daha kolayd\u0131r.<\/p>\n<p><strong>\u00a0<\/strong><\/p>\n<p><strong>\u00a0\u00a0\u00a0\u00a0\u00a0\u00a0\u00a0\u00a0\u00a0\u00a0\u00a0\u00a0\u00a0\u00a0\u00a0\u00a0\u00a0\u00a0\u00a0\u00a0\u00a0\u00a0\u00a0\u00a0\u00a0\u00a0\u00a0\u00a0\u00a0\u00a0\u00a0\u00a0\u00a0\u00a0\u00a0\u00a0\u00a0\u00a0\u00a0\u00a0\u00a0\u00a0\u00a0\u00a0\u00a0\u00a0\u00a0\u00a0\u00a0\u00a0\u00a0\u00a0\u00a0\u00a0\u00a0\u00a0\u00a0\u00a0\u00a0\u00a0\u00a0\u00a0\u00a0\u00a0\u00a0\u00a0\u00a0\u00a0\u00a0\u00a0\u00a0\u00a0\u00a0\u00a0\u00a0\u00a0\u00a0\u00a0\u00a0\u00a0\u00a0\u00a0\u00a0\u00a0\u00a0\u00a0\u00a0\u00a0\u00a0\u00a0\u00a0\u00a0\u00a0\u00a0 \u00a0\u00a0\u00a0\u00a0\u00a0\u00a0\u00a0\u00a0\u00a0\u00a0\u00a0 <\/strong><\/p>","protected":false},"excerpt":{"rendered":"<p>La location peut \u00eatre ch\u00e8re au pays de la Teranga si vous cherchez en centre-ville. En outre, les prix peuvent varier selon divers param\u00e8tres. Dans cet article, nous allons faire le tour du pays pour vous montrer le prix du loyer au S\u00e9n\u00e9gal. Envie d\u2019en savoir plus ? Nous faisons le point dans cet article. [&hellip;]<\/p>\n","protected":false},"author":8,"featured_media":25672,"comment_status":"open","ping_status":"open","sticky":false,"template":"","format":"standard","meta":{"_jetpack_memberships_contains_paid_content":false,"footnotes":""},"categories":[83],"tags":[],"class_list":["post-25671","post","type-post","status-publish","format-standard","has-post-thumbnail","hentry","category-blog"],"yoast_head":"<!-- This site is optimized with the Yoast SEO plugin v27.5 - https:\/\/yoast.com\/product\/yoast-seo-wordpress\/ -->\n<title>\u2705 Prix du loyer au S\u00e9n\u00e9gal &#187; Senegal Ndiaye<\/title>\n<meta name=\"robots\" content=\"index, follow, max-snippet:-1, max-image-preview:large, max-video-preview:-1\" \/>\n<link rel=\"canonical\" href=\"https:\/\/senegalndiaye.com\/tr\/\u2705-prix-du-loyer-au-senegal\/\" \/>\n<meta property=\"og:locale\" content=\"tr_TR\" \/>\n<meta property=\"og:type\" content=\"article\" \/>\n<meta property=\"og:title\" content=\"\u2705 Prix du loyer au S\u00e9n\u00e9gal &#187; Senegal Ndiaye\" \/>\n<meta property=\"og:description\" content=\"La location peut \u00eatre ch\u00e8re au pays de la Teranga si vous cherchez en centre-ville. En outre, les prix peuvent varier selon divers param\u00e8tres. Dans cet article, nous allons faire le tour du pays pour vous montrer le prix du loyer au S\u00e9n\u00e9gal. Envie d\u2019en savoir plus ? Nous faisons le point dans cet article. [&hellip;]\" \/>\n<meta property=\"og:url\" content=\"https:\/\/senegalndiaye.com\/tr\/\u2705-prix-du-loyer-au-senegal\/\" \/>\n<meta property=\"og:site_name\" content=\"Senegal Ndiaye\" \/>\n<meta property=\"article:publisher\" content=\"https:\/\/www.facebook.com\/senegalndiaye4\/\" \/>\n<meta property=\"article:published_time\" content=\"2022-05-30T10:50:30+00:00\" \/>\n<meta property=\"article:modified_time\" content=\"2023-03-03T10:54:02+00:00\" \/>\n<meta property=\"og:image\" content=\"https:\/\/senegalndiaye.com\/wp-content\/uploads\/2022\/05\/prix-loyer-senegal.jpg\" \/>\n\t<meta property=\"og:image:width\" content=\"897\" \/>\n\t<meta property=\"og:image:height\" content=\"505\" \/>\n\t<meta property=\"og:image:type\" content=\"image\/jpeg\" \/>\n<meta name=\"author\" content=\"Moderateur\" \/>\n<meta name=\"twitter:card\" content=\"summary_large_image\" \/>\n<meta name=\"twitter:creator\" content=\"@Senegalndiaye5\" \/>\n<meta name=\"twitter:site\" content=\"@Senegalndiaye5\" \/>\n<meta name=\"twitter:label1\" content=\"Yazan:\" \/>\n\t<meta name=\"twitter:data1\" content=\"Moderateur\" \/>\n\t<meta name=\"twitter:label2\" content=\"Tahmini okuma s\u00fcresi\" \/>\n\t<meta name=\"twitter:data2\" content=\"6 dakika\" \/>\n<script type=\"application\/ld+json\" class=\"yoast-schema-graph\">{\"@context\":\"https:\\\/\\\/schema.org\",\"@graph\":[{\"@type\":\"Article\",\"@id\":\"https:\\\/\\\/senegalndiaye.com\\\/%e2%9c%85-prix-du-loyer-au-senegal\\\/#article\",\"isPartOf\":{\"@id\":\"https:\\\/\\\/senegalndiaye.com\\\/%e2%9c%85-prix-du-loyer-au-senegal\\\/\"},\"author\":{\"name\":\"Moderateur\",\"@id\":\"https:\\\/\\\/senegalndiaye.com\\\/#\\\/schema\\\/person\\\/c1e0d9f50bc68102f5a7368b7c9551f5\"},\"headline\":\"\u2705 Prix du loyer au S\u00e9n\u00e9gal\",\"datePublished\":\"2022-05-30T10:50:30+00:00\",\"dateModified\":\"2023-03-03T10:54:02+00:00\",\"mainEntityOfPage\":{\"@id\":\"https:\\\/\\\/senegalndiaye.com\\\/%e2%9c%85-prix-du-loyer-au-senegal\\\/\"},\"wordCount\":872,\"commentCount\":1,\"publisher\":{\"@id\":\"https:\\\/\\\/senegalndiaye.com\\\/#organization\"},\"image\":{\"@id\":\"https:\\\/\\\/senegalndiaye.com\\\/%e2%9c%85-prix-du-loyer-au-senegal\\\/#primaryimage\"},\"thumbnailUrl\":\"https:\\\/\\\/i0.wp.com\\\/senegalndiaye.com\\\/wp-content\\\/uploads\\\/2022\\\/05\\\/prix-loyer-senegal.jpg?fit=897%2C505&ssl=1\",\"articleSection\":[\"Blog\"],\"inLanguage\":\"tr\",\"potentialAction\":[{\"@type\":\"CommentAction\",\"name\":\"Comment\",\"target\":[\"https:\\\/\\\/senegalndiaye.com\\\/%e2%9c%85-prix-du-loyer-au-senegal\\\/#respond\"]}]},{\"@type\":\"WebPage\",\"@id\":\"https:\\\/\\\/senegalndiaye.com\\\/%e2%9c%85-prix-du-loyer-au-senegal\\\/\",\"url\":\"https:\\\/\\\/senegalndiaye.com\\\/%e2%9c%85-prix-du-loyer-au-senegal\\\/\",\"name\":\"\u2705 Prix du loyer au S\u00e9n\u00e9gal &#187; Senegal Ndiaye\",\"isPartOf\":{\"@id\":\"https:\\\/\\\/senegalndiaye.com\\\/#website\"},\"primaryImageOfPage\":{\"@id\":\"https:\\\/\\\/senegalndiaye.com\\\/%e2%9c%85-prix-du-loyer-au-senegal\\\/#primaryimage\"},\"image\":{\"@id\":\"https:\\\/\\\/senegalndiaye.com\\\/%e2%9c%85-prix-du-loyer-au-senegal\\\/#primaryimage\"},\"thumbnailUrl\":\"https:\\\/\\\/i0.wp.com\\\/senegalndiaye.com\\\/wp-content\\\/uploads\\\/2022\\\/05\\\/prix-loyer-senegal.jpg?fit=897%2C505&ssl=1\",\"datePublished\":\"2022-05-30T10:50:30+00:00\",\"dateModified\":\"2023-03-03T10:54:02+00:00\",\"breadcrumb\":{\"@id\":\"https:\\\/\\\/senegalndiaye.com\\\/%e2%9c%85-prix-du-loyer-au-senegal\\\/#breadcrumb\"},\"inLanguage\":\"tr\",\"potentialAction\":[{\"@type\":\"ReadAction\",\"target\":[\"https:\\\/\\\/senegalndiaye.com\\\/%e2%9c%85-prix-du-loyer-au-senegal\\\/\"]}]},{\"@type\":\"ImageObject\",\"inLanguage\":\"tr\",\"@id\":\"https:\\\/\\\/senegalndiaye.com\\\/%e2%9c%85-prix-du-loyer-au-senegal\\\/#primaryimage\",\"url\":\"https:\\\/\\\/i0.wp.com\\\/senegalndiaye.com\\\/wp-content\\\/uploads\\\/2022\\\/05\\\/prix-loyer-senegal.jpg?fit=897%2C505&ssl=1\",\"contentUrl\":\"https:\\\/\\\/i0.wp.com\\\/senegalndiaye.com\\\/wp-content\\\/uploads\\\/2022\\\/05\\\/prix-loyer-senegal.jpg?fit=897%2C505&ssl=1\",\"width\":897,\"height\":505,\"caption\":\"prix loyer senegal\"},{\"@type\":\"BreadcrumbList\",\"@id\":\"https:\\\/\\\/senegalndiaye.com\\\/%e2%9c%85-prix-du-loyer-au-senegal\\\/#breadcrumb\",\"itemListElement\":[{\"@type\":\"ListItem\",\"position\":1,\"name\":\"Accueil\",\"item\":\"https:\\\/\\\/senegalndiaye.com\\\/\"},{\"@type\":\"ListItem\",\"position\":2,\"name\":\"\u2705 Prix du loyer au S\u00e9n\u00e9gal\"}]},{\"@type\":\"WebSite\",\"@id\":\"https:\\\/\\\/senegalndiaye.com\\\/#website\",\"url\":\"https:\\\/\\\/senegalndiaye.com\\\/\",\"name\":\"Senegal Ndiaye\",\"description\":\"Retrouvez les meilleurs endroits du S\u00e9n\u00e9gal\",\"publisher\":{\"@id\":\"https:\\\/\\\/senegalndiaye.com\\\/#organization\"},\"potentialAction\":[{\"@type\":\"SearchAction\",\"target\":{\"@type\":\"EntryPoint\",\"urlTemplate\":\"https:\\\/\\\/senegalndiaye.com\\\/?s={search_term_string}\"},\"query-input\":{\"@type\":\"PropertyValueSpecification\",\"valueRequired\":true,\"valueName\":\"search_term_string\"}}],\"inLanguage\":\"tr\"},{\"@type\":\"Organization\",\"@id\":\"https:\\\/\\\/senegalndiaye.com\\\/#organization\",\"name\":\"Senegal Ndiaye\",\"url\":\"https:\\\/\\\/senegalndiaye.com\\\/\",\"logo\":{\"@type\":\"ImageObject\",\"inLanguage\":\"tr\",\"@id\":\"https:\\\/\\\/senegalndiaye.com\\\/#\\\/schema\\\/logo\\\/image\\\/\",\"url\":\"https:\\\/\\\/senegalndiaye.com\\\/wp-content\\\/uploads\\\/2018\\\/05\\\/senegalndiaye_logo.png\",\"contentUrl\":\"https:\\\/\\\/senegalndiaye.com\\\/wp-content\\\/uploads\\\/2018\\\/05\\\/senegalndiaye_logo.png\",\"width\":150,\"height\":106,\"caption\":\"Senegal Ndiaye\"},\"image\":{\"@id\":\"https:\\\/\\\/senegalndiaye.com\\\/#\\\/schema\\\/logo\\\/image\\\/\"},\"sameAs\":[\"https:\\\/\\\/www.facebook.com\\\/senegalndiaye4\\\/\",\"https:\\\/\\\/x.com\\\/Senegalndiaye5\",\"https:\\\/\\\/www.instagram.com\\\/senegalndiaye1\\\/\",\"https:\\\/\\\/www.linkedin.com\\\/company\\\/senegal-ndiaye\\\/\"]},{\"@type\":\"Person\",\"@id\":\"https:\\\/\\\/senegalndiaye.com\\\/#\\\/schema\\\/person\\\/c1e0d9f50bc68102f5a7368b7c9551f5\",\"name\":\"Moderateur\",\"image\":{\"@type\":\"ImageObject\",\"inLanguage\":\"tr\",\"@id\":\"https:\\\/\\\/senegalndiaye.com\\\/wp-content\\\/litespeed\\\/avatar\\\/3fb7bc779db92bd05c1837e9542df344.jpg?ver=1777309443\",\"url\":\"https:\\\/\\\/senegalndiaye.com\\\/wp-content\\\/litespeed\\\/avatar\\\/3fb7bc779db92bd05c1837e9542df344.jpg?ver=1777309443\",\"contentUrl\":\"https:\\\/\\\/senegalndiaye.com\\\/wp-content\\\/litespeed\\\/avatar\\\/3fb7bc779db92bd05c1837e9542df344.jpg?ver=1777309443\",\"caption\":\"Moderateur\"},\"url\":\"https:\\\/\\\/senegalndiaye.com\\\/tr\\\/author\\\/sndigital\\\/\"}]}<\/script>\n<!-- \/ Yoast SEO plugin. -->","yoast_head_json":{"title":"\u2705 Senegal kira fiyatlar\u0131 \u00bb Senegal Ndiaye","robots":{"index":"index","follow":"follow","max-snippet":"max-snippet:-1","max-image-preview":"max-image-preview:large","max-video-preview":"max-video-preview:-1"},"canonical":"https:\/\/senegalndiaye.com\/tr\/\u2705-prix-du-loyer-au-senegal\/","og_locale":"tr_TR","og_type":"article","og_title":"\u2705 Prix du loyer au S\u00e9n\u00e9gal &#187; Senegal Ndiaye","og_description":"La location peut \u00eatre ch\u00e8re au pays de la Teranga si vous cherchez en centre-ville. En outre, les prix peuvent varier selon divers param\u00e8tres. Dans cet article, nous allons faire le tour du pays pour vous montrer le prix du loyer au S\u00e9n\u00e9gal. Envie d\u2019en savoir plus ? Nous faisons le point dans cet article. [&hellip;]","og_url":"https:\/\/senegalndiaye.com\/tr\/\u2705-prix-du-loyer-au-senegal\/","og_site_name":"Senegal Ndiaye","article_publisher":"https:\/\/www.facebook.com\/senegalndiaye4\/","article_published_time":"2022-05-30T10:50:30+00:00","article_modified_time":"2023-03-03T10:54:02+00:00","og_image":[{"width":897,"height":505,"url":"https:\/\/senegalndiaye.com\/wp-content\/uploads\/2022\/05\/prix-loyer-senegal.jpg","type":"image\/jpeg"}],"author":"Moderateur","twitter_card":"summary_large_image","twitter_creator":"@Senegalndiaye5","twitter_site":"@Senegalndiaye5","twitter_misc":{"Yazan:":"Moderateur","Tahmini okuma s\u00fcresi":"6 dakika"},"schema":{"@context":"https:\/\/schema.org","@graph":[{"@type":"Article","@id":"https:\/\/senegalndiaye.com\/%e2%9c%85-prix-du-loyer-au-senegal\/#article","isPartOf":{"@id":"https:\/\/senegalndiaye.com\/%e2%9c%85-prix-du-loyer-au-senegal\/"},"author":{"name":"Moderateur","@id":"https:\/\/senegalndiaye.com\/#\/schema\/person\/c1e0d9f50bc68102f5a7368b7c9551f5"},"headline":"\u2705 Prix du loyer au S\u00e9n\u00e9gal","datePublished":"2022-05-30T10:50:30+00:00","dateModified":"2023-03-03T10:54:02+00:00","mainEntityOfPage":{"@id":"https:\/\/senegalndiaye.com\/%e2%9c%85-prix-du-loyer-au-senegal\/"},"wordCount":872,"commentCount":1,"publisher":{"@id":"https:\/\/senegalndiaye.com\/#organization"},"image":{"@id":"https:\/\/senegalndiaye.com\/%e2%9c%85-prix-du-loyer-au-senegal\/#primaryimage"},"thumbnailUrl":"https:\/\/i0.wp.com\/senegalndiaye.com\/wp-content\/uploads\/2022\/05\/prix-loyer-senegal.jpg?fit=897%2C505&ssl=1","articleSection":["Blog"],"inLanguage":"tr","potentialAction":[{"@type":"CommentAction","name":"Comment","target":["https:\/\/senegalndiaye.com\/%e2%9c%85-prix-du-loyer-au-senegal\/#respond"]}]},{"@type":"WebPage","@id":"https:\/\/senegalndiaye.com\/%e2%9c%85-prix-du-loyer-au-senegal\/","url":"https:\/\/senegalndiaye.com\/%e2%9c%85-prix-du-loyer-au-senegal\/","name":"\u2705 Senegal kira fiyatlar\u0131 \u00bb Senegal Ndiaye","isPartOf":{"@id":"https:\/\/senegalndiaye.com\/#website"},"primaryImageOfPage":{"@id":"https:\/\/senegalndiaye.com\/%e2%9c%85-prix-du-loyer-au-senegal\/#primaryimage"},"image":{"@id":"https:\/\/senegalndiaye.com\/%e2%9c%85-prix-du-loyer-au-senegal\/#primaryimage"},"thumbnailUrl":"https:\/\/i0.wp.com\/senegalndiaye.com\/wp-content\/uploads\/2022\/05\/prix-loyer-senegal.jpg?fit=897%2C505&ssl=1","datePublished":"2022-05-30T10:50:30+00:00","dateModified":"2023-03-03T10:54:02+00:00","breadcrumb":{"@id":"https:\/\/senegalndiaye.com\/%e2%9c%85-prix-du-loyer-au-senegal\/#breadcrumb"},"inLanguage":"tr","potentialAction":[{"@type":"ReadAction","target":["https:\/\/senegalndiaye.com\/%e2%9c%85-prix-du-loyer-au-senegal\/"]}]},{"@type":"ImageObject","inLanguage":"tr","@id":"https:\/\/senegalndiaye.com\/%e2%9c%85-prix-du-loyer-au-senegal\/#primaryimage","url":"https:\/\/i0.wp.com\/senegalndiaye.com\/wp-content\/uploads\/2022\/05\/prix-loyer-senegal.jpg?fit=897%2C505&ssl=1","contentUrl":"https:\/\/i0.wp.com\/senegalndiaye.com\/wp-content\/uploads\/2022\/05\/prix-loyer-senegal.jpg?fit=897%2C505&ssl=1","width":897,"height":505,"caption":"prix loyer senegal"},{"@type":"BreadcrumbList","@id":"https:\/\/senegalndiaye.com\/%e2%9c%85-prix-du-loyer-au-senegal\/#breadcrumb","itemListElement":[{"@type":"ListItem","position":1,"name":"Accueil","item":"https:\/\/senegalndiaye.com\/"},{"@type":"ListItem","position":2,"name":"\u2705 Prix du loyer au S\u00e9n\u00e9gal"}]},{"@type":"WebSite","@id":"https:\/\/senegalndiaye.com\/#website","url":"https:\/\/senegalndiaye.com\/","name":"Senegal Ndiaye","description":"Senegal&#039;deki en iyi yerleri bulun","publisher":{"@id":"https:\/\/senegalndiaye.com\/#organization"},"potentialAction":[{"@type":"SearchAction","target":{"@type":"EntryPoint","urlTemplate":"https:\/\/senegalndiaye.com\/?s={search_term_string}"},"query-input":{"@type":"PropertyValueSpecification","valueRequired":true,"valueName":"search_term_string"}}],"inLanguage":"tr"},{"@type":"Organization","@id":"https:\/\/senegalndiaye.com\/#organization","name":"Senegal Ndiaye","url":"https:\/\/senegalndiaye.com\/","logo":{"@type":"ImageObject","inLanguage":"tr","@id":"https:\/\/senegalndiaye.com\/#\/schema\/logo\/image\/","url":"https:\/\/senegalndiaye.com\/wp-content\/uploads\/2018\/05\/senegalndiaye_logo.png","contentUrl":"https:\/\/senegalndiaye.com\/wp-content\/uploads\/2018\/05\/senegalndiaye_logo.png","width":150,"height":106,"caption":"Senegal Ndiaye"},"image":{"@id":"https:\/\/senegalndiaye.com\/#\/schema\/logo\/image\/"},"sameAs":["https:\/\/www.facebook.com\/senegalndiaye4\/","https:\/\/x.com\/Senegalndiaye5","https:\/\/www.instagram.com\/senegalndiaye1\/","https:\/\/www.linkedin.com\/company\/senegal-ndiaye\/"]},{"@type":"Person","@id":"https:\/\/senegalndiaye.com\/#\/schema\/person\/c1e0d9f50bc68102f5a7368b7c9551f5","name":"moderat\u00f6r","image":{"@type":"ImageObject","inLanguage":"tr","@id":"https:\/\/senegalndiaye.com\/wp-content\/litespeed\/avatar\/3fb7bc779db92bd05c1837e9542df344.jpg?ver=1777309443","url":"https:\/\/senegalndiaye.com\/wp-content\/litespeed\/avatar\/3fb7bc779db92bd05c1837e9542df344.jpg?ver=1777309443","contentUrl":"https:\/\/senegalndiaye.com\/wp-content\/litespeed\/avatar\/3fb7bc779db92bd05c1837e9542df344.jpg?ver=1777309443","caption":"Moderateur"},"url":"https:\/\/senegalndiaye.com\/tr\/author\/sndigital\/"}]}},"jetpack_featured_media_url":"https:\/\/i0.wp.com\/senegalndiaye.com\/wp-content\/uploads\/2022\/05\/prix-loyer-senegal.jpg?fit=897%2C505&ssl=1","jetpack_sharing_enabled":true,"jetpack-related-posts":[{"id":23807,"url":"https:\/\/senegalndiaye.com\/tr\/cout-des-etudes-au-senegal\/","url_meta":{"origin":25671,"position":0},"title":"Senegal&#039;de e\u011fitimin maliyeti \u2705","author":"Moderateur","date":"Nisan 3, 2021","format":false,"excerpt":"Senegal, uluslararas\u0131 alanda tan\u0131nan derecelerle en iyi \u00fcniversite e\u011fitimini sunan Afrika \u00fclkelerinden biridir. Ancak bu e\u011fitim, devlet \u00fcniversiteleri ve okullar\u0131nda \u00fccretsiz olsa da \u00fccrete tabidir. Nitekim Senegal&#039;de e\u011fitim maliyetine kay\u0131t \u00fccretleri, konaklama ve benzeri masraflar dahildir.","rel":"","context":"&quot;Blog&quot; i\u00e7inde","block_context":{"text":"Blog","link":"https:\/\/senegalndiaye.com\/tr\/category\/blog\/"},"img":{"alt_text":"co\u00fbt des \u00e9tudes au s\u00e9n\u00e9gal","src":"https:\/\/i0.wp.com\/senegalndiaye.com\/wp-content\/uploads\/2021\/04\/cout-des-etudes-au-senegal.jpg?fit=688%2C514&ssl=1&resize=350%2C200","width":350,"height":200,"srcset":"https:\/\/i0.wp.com\/senegalndiaye.com\/wp-content\/uploads\/2021\/04\/cout-des-etudes-au-senegal.jpg?fit=688%2C514&ssl=1&resize=350%2C200 1x, https:\/\/i0.wp.com\/senegalndiaye.com\/wp-content\/uploads\/2021\/04\/cout-des-etudes-au-senegal.jpg?fit=688%2C514&ssl=1&resize=525%2C300 1.5x"},"classes":[]},{"id":26504,"url":"https:\/\/senegalndiaye.com\/tr\/%e2%9c%85-location-engin-chantier-materiel-de-construction-au-senegal\/","url_meta":{"origin":25671,"position":1},"title":"\u2705 Senegal&#039;de i\u015f makinalar\u0131 ve i\u015f makinalar\u0131 kiralama","author":"Moderateur","date":"A\u011fustos 14, 2022","format":false,"excerpt":"Bir \u015fantiyeniz varsa, Senegal&#039;de in\u015faat malzemeleri kiralamak en iyi \u00e7\u00f6z\u00fcmd\u00fcr. Bu, bir in\u015faat projesinin sorunsuz bir \u015fekilde y\u00fcr\u00fct\u00fclmesini sa\u011flamak i\u00e7in kullan\u0131lan makine, ara\u00e7 ve g\u00fcvenlik ekipmanlar\u0131n\u0131 i\u00e7erir. Fiyat genellikle in\u015faat maliyetlerine dahildir. Bu makineleri kiralamak i\u00e7in\u2026","rel":"","context":"&quot;Blog&quot; i\u00e7inde","block_context":{"text":"Blog","link":"https:\/\/senegalndiaye.com\/tr\/category\/blog\/"},"img":{"alt_text":"location engin de chantier s\u00e9n\u00e9gal","src":"https:\/\/i0.wp.com\/senegalndiaye.com\/wp-content\/uploads\/2022\/08\/engin-de-chantier.jpg?fit=1080%2C675&ssl=1&resize=350%2C200","width":350,"height":200,"srcset":"https:\/\/i0.wp.com\/senegalndiaye.com\/wp-content\/uploads\/2022\/08\/engin-de-chantier.jpg?fit=1080%2C675&ssl=1&resize=350%2C200 1x, https:\/\/i0.wp.com\/senegalndiaye.com\/wp-content\/uploads\/2022\/08\/engin-de-chantier.jpg?fit=1080%2C675&ssl=1&resize=525%2C300 1.5x, https:\/\/i0.wp.com\/senegalndiaye.com\/wp-content\/uploads\/2022\/08\/engin-de-chantier.jpg?fit=1080%2C675&ssl=1&resize=700%2C400 2x, https:\/\/i0.wp.com\/senegalndiaye.com\/wp-content\/uploads\/2022\/08\/engin-de-chantier.jpg?fit=1080%2C675&ssl=1&resize=1050%2C600 3x"},"classes":[]},{"id":26542,"url":"https:\/\/senegalndiaye.com\/tr\/%e2%9c%85-prix-de-la-location-de-bache-a-dakar\/","url_meta":{"origin":25671,"position":2},"title":"\u2705 Dakar branda kiralama fiyat\u0131","author":"Moderateur","date":"A\u011fustos 28, 2022","format":false,"excerpt":"Dakar&#039;da branda kiralamay\u0131 d\u00fc\u015f\u00fcn\u00fcyorsan\u0131z, bilmeniz gereken en \u00f6nemli \u015fey fiyatlard\u0131r. Fiyatlar birka\u00e7 fakt\u00f6re ba\u011fl\u0131d\u0131r: istedi\u011finiz boyut ve d\u00fczenledi\u011finiz etkinlik. Senegal&#039;de Dakar&#039;da branda kiralayan bir\u00e7ok \u015firket bulabilirsiniz. Fiyatlar ne kadar?","rel":"","context":"&quot;Blog&quot; i\u00e7inde","block_context":{"text":"Blog","link":"https:\/\/senegalndiaye.com\/tr\/category\/blog\/"},"img":{"alt_text":"prix location bache dakar","src":"https:\/\/i0.wp.com\/senegalndiaye.com\/wp-content\/uploads\/2022\/08\/bache.jpg?fit=1000%2C800&ssl=1&resize=350%2C200","width":350,"height":200,"srcset":"https:\/\/i0.wp.com\/senegalndiaye.com\/wp-content\/uploads\/2022\/08\/bache.jpg?fit=1000%2C800&ssl=1&resize=350%2C200 1x, https:\/\/i0.wp.com\/senegalndiaye.com\/wp-content\/uploads\/2022\/08\/bache.jpg?fit=1000%2C800&ssl=1&resize=525%2C300 1.5x, https:\/\/i0.wp.com\/senegalndiaye.com\/wp-content\/uploads\/2022\/08\/bache.jpg?fit=1000%2C800&ssl=1&resize=700%2C400 2x"},"classes":[]},{"id":27977,"url":"https:\/\/senegalndiaye.com\/tr\/%e2%9c%85-brume-victoria-secret-prix-au-senegal\/","url_meta":{"origin":25671,"position":3},"title":"\u2705 Dakar Senegal&#039;de Victoria Secret Mist fiyat\u0131","author":"Moderateur","date":"May\u0131s 11, 2023","format":false,"excerpt":"Victoria&#039;s Secret mistleri, narin kokular\u0131 ve \u00e7ekici ambalajlar\u0131yla uzun zamand\u0131r seviliyor. Senegal&#039;de bu pop\u00fcler g\u00fczellik \u00fcr\u00fcnleri, ho\u015f kokulu bir zarafet arayan kad\u0131nlar i\u00e7in vazge\u00e7ilmez hale geldi. Ancak, bu \u00fcr\u00fcnlerin fiyatlar\u0131n\u0131 ve nerede sat\u0131ld\u0131\u011f\u0131n\u0131 bilmek \u00f6nemlidir...","rel":"","context":"&quot;Blog&quot; i\u00e7inde","block_context":{"text":"Blog","link":"https:\/\/senegalndiaye.com\/tr\/category\/blog\/"},"img":{"alt_text":"Victoria Secret prix S\u00e9n\u00e9gal","src":"https:\/\/i0.wp.com\/senegalndiaye.com\/wp-content\/uploads\/2023\/05\/victoria-secret.jpg?fit=1024%2C1024&ssl=1&resize=350%2C200","width":350,"height":200,"srcset":"https:\/\/i0.wp.com\/senegalndiaye.com\/wp-content\/uploads\/2023\/05\/victoria-secret.jpg?fit=1024%2C1024&ssl=1&resize=350%2C200 1x, https:\/\/i0.wp.com\/senegalndiaye.com\/wp-content\/uploads\/2023\/05\/victoria-secret.jpg?fit=1024%2C1024&ssl=1&resize=525%2C300 1.5x, https:\/\/i0.wp.com\/senegalndiaye.com\/wp-content\/uploads\/2023\/05\/victoria-secret.jpg?fit=1024%2C1024&ssl=1&resize=700%2C400 2x"},"classes":[]},{"id":24768,"url":"https:\/\/senegalndiaye.com\/tr\/%e2%9c%85-iphone-13-pro-max-prix-en-fcfa-au-senegal\/","url_meta":{"origin":25671,"position":4},"title":"\u2705 Senegal&#039;de fcfa&#039;da iphone 13 pro max fiyat\u0131","author":"Moderateur","date":"Eyl\u00fcl 29, 2021","format":false,"excerpt":"iPhone 13 piyasaya \u00e7\u0131kt\u0131. Amerikan devi bu sefer iPhone 13 mini, iPhone 13, iPhone 13 pro ve iPhone 13 pro Max olmak \u00fczere d\u00f6rt model piyasaya s\u00fcrd\u00fc. Fiyatlar modele g\u00f6re de\u011fi\u015fiklik g\u00f6steriyor. Senegal&#039;deki iPhone 13 fiyatlar\u0131n\u0131 bu makalede ke\u015ffedin. iPhone 13 pro max fiyat\u0131...","rel":"","context":"&quot;Blog&quot; i\u00e7inde","block_context":{"text":"Blog","link":"https:\/\/senegalndiaye.com\/tr\/category\/blog\/"},"img":{"alt_text":"iphone 13 pro max prix en fcfa","src":"https:\/\/i0.wp.com\/senegalndiaye.com\/wp-content\/uploads\/2021\/09\/iphone-13-pro-max.jpg?fit=1200%2C675&ssl=1&resize=350%2C200","width":350,"height":200,"srcset":"https:\/\/i0.wp.com\/senegalndiaye.com\/wp-content\/uploads\/2021\/09\/iphone-13-pro-max.jpg?fit=1200%2C675&ssl=1&resize=350%2C200 1x, https:\/\/i0.wp.com\/senegalndiaye.com\/wp-content\/uploads\/2021\/09\/iphone-13-pro-max.jpg?fit=1200%2C675&ssl=1&resize=525%2C300 1.5x, https:\/\/i0.wp.com\/senegalndiaye.com\/wp-content\/uploads\/2021\/09\/iphone-13-pro-max.jpg?fit=1200%2C675&ssl=1&resize=700%2C400 2x, https:\/\/i0.wp.com\/senegalndiaye.com\/wp-content\/uploads\/2021\/09\/iphone-13-pro-max.jpg?fit=1200%2C675&ssl=1&resize=1050%2C600 3x"},"classes":[]},{"id":27839,"url":"https:\/\/senegalndiaye.com\/tr\/prix-des-proteines-au-senegal-whey-proteine\/","url_meta":{"origin":25671,"position":5},"title":"Senegal&#039;de protein fiyatlar\u0131 \u2013 Peynir alt\u0131 suyu proteini","author":"Moderateur","date":"Nisan 14, 2023","format":false,"excerpt":"Senegal&#039;deki beslenme ma\u011fazalar\u0131n\u0131n ve spor salonlar\u0131n\u0131n raflar\u0131nda protein tozu \u00fcr\u00fcnleri giderek daha yayg\u0131n hale geliyor. Protein tozlar\u0131, sporcular ve enerji al\u0131m\u0131n\u0131 art\u0131rmak isteyenler i\u00e7in pop\u00fcler bir besin takviyesi haline geldi.","rel":"","context":"&quot;Blog&quot; i\u00e7inde","block_context":{"text":"Blog","link":"https:\/\/senegalndiaye.com\/tr\/category\/blog\/"},"img":{"alt_text":"Prix des prot\u00e9ines au S\u00e9n\u00e9gal","src":"https:\/\/i0.wp.com\/senegalndiaye.com\/wp-content\/uploads\/2023\/04\/327780988_835278294232398_6957439759061788036_n.jpg?fit=1080%2C1080&ssl=1&resize=350%2C200","width":350,"height":200,"srcset":"https:\/\/i0.wp.com\/senegalndiaye.com\/wp-content\/uploads\/2023\/04\/327780988_835278294232398_6957439759061788036_n.jpg?fit=1080%2C1080&ssl=1&resize=350%2C200 1x, https:\/\/i0.wp.com\/senegalndiaye.com\/wp-content\/uploads\/2023\/04\/327780988_835278294232398_6957439759061788036_n.jpg?fit=1080%2C1080&ssl=1&resize=525%2C300 1.5x, https:\/\/i0.wp.com\/senegalndiaye.com\/wp-content\/uploads\/2023\/04\/327780988_835278294232398_6957439759061788036_n.jpg?fit=1080%2C1080&ssl=1&resize=700%2C400 2x, https:\/\/i0.wp.com\/senegalndiaye.com\/wp-content\/uploads\/2023\/04\/327780988_835278294232398_6957439759061788036_n.jpg?fit=1080%2C1080&ssl=1&resize=1050%2C600 3x"},"classes":[]}],"_links":{"self":[{"href":"https:\/\/senegalndiaye.com\/tr\/wp-json\/wp\/v2\/posts\/25671","targetHints":{"allow":["GET"]}}],"collection":[{"href":"https:\/\/senegalndiaye.com\/tr\/wp-json\/wp\/v2\/posts"}],"about":[{"href":"https:\/\/senegalndiaye.com\/tr\/wp-json\/wp\/v2\/types\/post"}],"author":[{"embeddable":true,"href":"https:\/\/senegalndiaye.com\/tr\/wp-json\/wp\/v2\/users\/8"}],"replies":[{"embeddable":true,"href":"https:\/\/senegalndiaye.com\/tr\/wp-json\/wp\/v2\/comments?post=25671"}],"version-history":[{"count":5,"href":"https:\/\/senegalndiaye.com\/tr\/wp-json\/wp\/v2\/posts\/25671\/revisions"}],"predecessor-version":[{"id":27600,"href":"https:\/\/senegalndiaye.com\/tr\/wp-json\/wp\/v2\/posts\/25671\/revisions\/27600"}],"wp:featuredmedia":[{"embeddable":true,"href":"https:\/\/senegalndiaye.com\/tr\/wp-json\/wp\/v2\/media\/25672"}],"wp:attachment":[{"href":"https:\/\/senegalndiaye.com\/tr\/wp-json\/wp\/v2\/media?parent=25671"}],"wp:term":[{"taxonomy":"category","embeddable":true,"href":"https:\/\/senegalndiaye.com\/tr\/wp-json\/wp\/v2\/categories?post=25671"},{"taxonomy":"post_tag","embeddable":true,"href":"https:\/\/senegalndiaye.com\/tr\/wp-json\/wp\/v2\/tags?post=25671"}],"curies":[{"name":"wp","href":"https:\/\/api.w.org\/{rel}","templated":true}]}}