{"id":25547,"date":"2022-04-14T10:24:21","date_gmt":"2022-04-14T10:24:21","guid":{"rendered":"https:\/\/senegalndiaye.com\/?p=25547"},"modified":"2022-04-14T10:24:21","modified_gmt":"2022-04-14T10:24:21","slug":"%e2%9c%85-les-organismes-faisant-du-benevolat-au-senegal","status":"publish","type":"post","link":"https:\/\/senegalndiaye.com\/tr\/%e2%9c%85-les-organismes-faisant-du-benevolat-au-senegal\/","title":{"rendered":"\u2705 Senegal&#039;de g\u00f6n\u00fcll\u00fc \u00e7al\u0131\u015fma yapan kurulu\u015flar"},"content":{"rendered":"<p><strong>Senegal&#039;de hangi kurulu\u015flar g\u00f6n\u00fcll\u00fc \u00e7al\u0131\u015f\u0131yor?<\/strong><\/p>\n<p>bir\u00e7ok organizasyon var<strong> Senegal&#039;de g\u00f6n\u00fcll\u00fc olmak<\/strong>. Bu hay\u0131r kurumlar\u0131, yoksullara, okul onar\u0131mlar\u0131na ve geli\u015fimine yard\u0131m etmek i\u00e7in \u00e7al\u0131\u015f\u0131r. Bu yaz\u0131da baz\u0131 \u00f6rnekler bulacaks\u0131n\u0131z.<\/p>\n<h3><strong>\u00c7ocuklar\u0131 kurtarmak<\/strong><\/h3>\n<p>Save the Children, \u00e7ocu\u011fu ana \u00f6nceliklerinden biri olarak g\u00f6ren uluslararas\u0131 bir sivil toplum kurulu\u015fudur. 1919&#039;dan beri varl\u0131\u011f\u0131n\u0131 s\u00fcrd\u00fcrmektedir ve geli\u015fmekte olan \u00fclkelerde de\u011fi\u015fim yaratmak i\u00e7in farkl\u0131 ortaklarla birlikte \u00e7al\u0131\u015fmaktad\u0131r. Dernek, kendi alan\u0131nda Senegal&#039;de g\u00f6n\u00fcll\u00fc \u00e7al\u0131\u015fma yapan en iyi kurulu\u015flardan biri olarak kabul ediliyor. Binlerce \u00e7ocu\u011fun daha iyi bir ya\u015fama ve daha iyi bir gelece\u011fe sahip olmas\u0131na yard\u0131m etti.<\/p>\n<p><strong>Projeleri<\/strong><\/p>\n<p>E\u011fitimden \u00e7ocuk haklar\u0131na y\u00f6nelik y\u00f6neti\u015fim gibi farkl\u0131 sekt\u00f6rlerde bir\u00e7ok proje y\u00fcr\u00fctt\u00fcler.<\/p>\n<p><strong>E\u011fitim<\/strong><\/p>\n<p>Kapsay\u0131c\u0131 E\u011fitim Projesi, Save the Children ve Avrupa Birli\u011fi aras\u0131nda ortak bir \u00e7abad\u0131r. \u0130kincisi, Senegal&#039;de engelli \u00e7ocuklar i\u00e7in e\u011fitim konusunu ilerletmeyi ama\u00e7l\u0131yor. E\u011fitim, yetene\u011fi veya engeli ne olursa olsun her \u00e7ocu\u011fun hakk\u0131d\u0131r ve bunu m\u00fcmk\u00fcn k\u0131lmak i\u00e7in \u00e7ok \u00e7al\u0131\u015f\u0131rlar.<\/p>\n<h3><strong>\u00c7ocuk haklar\u0131 i\u00e7in y\u00f6netim<\/strong><\/h3>\n<p>Dernek, \u00e7ocuklar\u0131n seslerinin duyulmas\u0131n\u0131 sa\u011flamaya \u00e7al\u0131\u015f\u0131r. \u00c7ocuklar\u0131, h\u00fck\u00fcmetlerin haklar\u0131ndan sorumlu tutulmas\u0131nda aktif bir rol oynamalar\u0131 i\u00e7in g\u00fc\u00e7lendirmek i\u00e7in sivil toplum kurulu\u015flar\u0131 ve topluluk gruplar\u0131yla ortak \u00e7al\u0131\u015f\u0131r.<\/p>\n<h3><strong>Ya\u015fayan Su<\/strong><\/h3>\n<p>Senegal&#039;de g\u00f6n\u00fcll\u00fc \u00e7al\u0131\u015fmalar yapan kurulu\u015flardan bahsedecek olursak Eau Vive&#039;dan bahsetmemek olmaz. 1978&#039;de kurulu\u015fundan bu yana, temel sosyal hizmetlere daha iyi eri\u015fim i\u00e7in \u00e7al\u0131\u015ft\u0131 ve m\u00fccadele etti.<\/p>\n<p>1994 y\u0131l\u0131nda dernek Thi\u00e8s, Senegal&#039;de bir ofis a\u00e7t\u0131. Halklar aras\u0131nda dayan\u0131\u015fma ve i\u015fbirli\u011fini te\u015fvik eden siyasi programlar\u0131 destekler.<\/p>\n<p>Eau Vive&#039;\u0131n ba\u015far\u0131lar\u0131, yerel kapasite geli\u015ftirme, hidrolik, sanitasyon ve entegre su kaynaklar\u0131 y\u00f6netimi gibi \u00e7e\u015fitli alanlar\u0131 kapsamaktad\u0131r.<\/p>\n<p>Dernek sayesinde bir\u00e7ok insan i\u00e7me suyuna daha iyi eri\u015fim ve suyla ilgili konularda e\u011fitimden yararland\u0131.<\/p>\n<h3><strong>Xaley Vakf\u0131<\/strong><\/h3>\n<p>Xaley Vakf\u0131, \u00e7ocuk haklar\u0131 i\u00e7in sava\u015f\u0131r. M\u00fccadeleleri cinsiyet e\u015fitli\u011fine dayan\u0131yor. Ayn\u0131 zamanda, k\u0131zlar\u0131n e\u011fitiminin karma\u015f\u0131k sorununu ele almada yenili\u011fe dayanmaktad\u0131r.<\/p>\n<p>Vak\u0131f birka\u00e7 y\u0131ld\u0131r varl\u0131\u011f\u0131n\u0131 s\u00fcrd\u00fcr\u00fcyor ve misyonu her zaman \u00e7ocuklar\u0131n ve ailelerinin kendilerini g\u00fcvende hissetmelerine yard\u0131mc\u0131 olmak olmu\u015ftur. \u00c7ocuklar\u0131n \u00f6\u011frenip b\u00fcy\u00fcyebilecekleri g\u00fcvenli bir ortam yaratmak i\u00e7in \u00e7e\u015fitli kurulu\u015flarla birlikte \u00e7al\u0131\u015f\u0131r.<\/p>\n<p>T\u00fcm \u00e7ocuklar\u0131n e\u011fitime eri\u015fimini sa\u011flamay\u0131 taahh\u00fct eder. Ayr\u0131ca, Amerika Birle\u015fik Devletleri&#039;ndeki bir\u00e7ok \u00e7ocu\u011fu etkileyen yoksulluk ve sa\u011fl\u0131k gibi sorunlar\u0131 da ele almaya \u00e7al\u0131\u015fmaktad\u0131r. B\u00fct\u00fcn \u00e7ocuklar\u0131n toplumlar\u0131 taraf\u0131ndan bak\u0131lmas\u0131n\u0131 ve desteklenmesini istiyorlar.<\/p>\n<h3><strong>Senegalli bir \u00e7ocukluk i\u00e7in<\/strong><\/h3>\n<p>For a Childhood in Senegal derne\u011fi, sokak \u00e7ocuklar\u0131na yard\u0131m eden kar amac\u0131 g\u00fctmeyen bir kurulu\u015ftur. Misyonu, imkanlar\u0131 k\u0131s\u0131tl\u0131 \u00e7ocuklar\u0131 kar\u015f\u0131layarak, onlarla ilgilenerek ve e\u011fitime eri\u015fimlerini sa\u011flayarak onlara yard\u0131mc\u0131 olmakt\u0131r.<\/p>\n<p><strong>\u0130\u015fte eylemlerinin baz\u0131 \u00f6rnekleri:<\/strong><\/p>\n<ul>\n<li>Sa\u011fl\u0131k: Dernek ayda 550&#039;den fazla tedavi da\u011f\u0131t\u0131yor<\/li>\n<li>Beslenme: Haftada 300&#039;den fazla kahvalt\u0131 da\u011f\u0131t\u0131r<\/li>\n<li>E\u011fitim: 60 ki\u015filik okuma yazma s\u0131n\u0131f\u0131 sayesinde gen\u00e7lerin e\u011fitime eri\u015fimini te\u015fvik eder.<\/li>\n<\/ul>\n<p>Senegal&#039;de g\u00f6n\u00fcll\u00fc \u00e7al\u0131\u015fma yapan kurulu\u015flar sadece bu yaz\u0131da s\u0131ralananlarla s\u0131n\u0131rl\u0131 de\u011fil. Ba\u015fkalar\u0131n\u0131 bulabilirsiniz. Umar\u0131z bu makaleyi be\u011fenmi\u015fsinizdir.<\/p>\n<h3>T\u00fcm makalelerimizi sitemizde bulabilirsiniz. <a href=\"https:\/\/senegalndiaye.com\/tr\/blog\/\">Blog<\/a><\/h3>","protected":false},"excerpt":{"rendered":"<p>Quels sont les organismes faisant du b\u00e9n\u00e9volat au S\u00e9n\u00e9gal ? Il existe de nombreux organismes faisant du b\u00e9n\u00e9volat au S\u00e9n\u00e9gal. Ces organisations \u00e0 but caritatif \u0153uvrent dans l\u2019aide des personnes d\u00e9munies, la r\u00e9fection d\u2019\u00e9cole et le d\u00e9veloppement. Vous trouverez dans cet article quelques exemples. Save the Children Save the Children est une association internationale non [&hellip;]<\/p>\n","protected":false},"author":8,"featured_media":25548,"comment_status":"open","ping_status":"open","sticky":false,"template":"","format":"standard","meta":{"_jetpack_memberships_contains_paid_content":false,"footnotes":""},"categories":[83],"tags":[],"class_list":["post-25547","post","type-post","status-publish","format-standard","has-post-thumbnail","hentry","category-blog"],"yoast_head":"<!-- This site is optimized with the Yoast SEO plugin v27.5 - https:\/\/yoast.com\/product\/yoast-seo-wordpress\/ -->\n<title>\u2705 Les organismes faisant du b\u00e9n\u00e9volat au S\u00e9n\u00e9gal &#187; Senegal Ndiaye<\/title>\n<meta name=\"description\" content=\"Ces organisations \u00e0 but caritatif \u0153uvrent dans l\u2019aide des personnes d\u00e9munies, la r\u00e9fection d\u2019\u00e9cole et le d\u00e9veloppement. Vous trouverez dans cet article quelques exemples.\" \/>\n<meta name=\"robots\" content=\"index, follow, max-snippet:-1, max-image-preview:large, max-video-preview:-1\" \/>\n<link rel=\"canonical\" href=\"https:\/\/senegalndiaye.com\/tr\/\u2705-les-organismes-faisant-du-benevolat-au-senegal\/\" \/>\n<meta property=\"og:locale\" content=\"tr_TR\" \/>\n<meta property=\"og:type\" content=\"article\" \/>\n<meta property=\"og:title\" content=\"\u2705 Les organismes faisant du b\u00e9n\u00e9volat au S\u00e9n\u00e9gal &#187; Senegal Ndiaye\" \/>\n<meta property=\"og:description\" content=\"Ces organisations \u00e0 but caritatif \u0153uvrent dans l\u2019aide des personnes d\u00e9munies, la r\u00e9fection d\u2019\u00e9cole et le d\u00e9veloppement. Vous trouverez dans cet article quelques exemples.\" \/>\n<meta property=\"og:url\" content=\"https:\/\/senegalndiaye.com\/tr\/\u2705-les-organismes-faisant-du-benevolat-au-senegal\/\" \/>\n<meta property=\"og:site_name\" content=\"Senegal Ndiaye\" \/>\n<meta property=\"article:publisher\" content=\"https:\/\/www.facebook.com\/senegalndiaye4\/\" \/>\n<meta property=\"article:published_time\" content=\"2022-04-14T10:24:21+00:00\" \/>\n<meta property=\"og:image\" content=\"https:\/\/senegalndiaye.com\/wp-content\/uploads\/2022\/04\/benevolat-senegal.jpg\" \/>\n\t<meta property=\"og:image:width\" content=\"360\" \/>\n\t<meta property=\"og:image:height\" content=\"239\" \/>\n\t<meta property=\"og:image:type\" content=\"image\/jpeg\" \/>\n<meta name=\"author\" content=\"Moderateur\" \/>\n<meta name=\"twitter:card\" content=\"summary_large_image\" \/>\n<meta name=\"twitter:creator\" content=\"@Senegalndiaye5\" \/>\n<meta name=\"twitter:site\" content=\"@Senegalndiaye5\" \/>\n<meta name=\"twitter:label1\" content=\"Yazan:\" \/>\n\t<meta name=\"twitter:data1\" content=\"Moderateur\" \/>\n\t<meta name=\"twitter:label2\" content=\"Tahmini okuma s\u00fcresi\" \/>\n\t<meta name=\"twitter:data2\" content=\"4 dakika\" \/>\n<script type=\"application\/ld+json\" class=\"yoast-schema-graph\">{\"@context\":\"https:\\\/\\\/schema.org\",\"@graph\":[{\"@type\":\"Article\",\"@id\":\"https:\\\/\\\/senegalndiaye.com\\\/%e2%9c%85-les-organismes-faisant-du-benevolat-au-senegal\\\/#article\",\"isPartOf\":{\"@id\":\"https:\\\/\\\/senegalndiaye.com\\\/%e2%9c%85-les-organismes-faisant-du-benevolat-au-senegal\\\/\"},\"author\":{\"name\":\"Moderateur\",\"@id\":\"https:\\\/\\\/senegalndiaye.com\\\/#\\\/schema\\\/person\\\/c1e0d9f50bc68102f5a7368b7c9551f5\"},\"headline\":\"\u2705 Les organismes faisant du b\u00e9n\u00e9volat au S\u00e9n\u00e9gal\",\"datePublished\":\"2022-04-14T10:24:21+00:00\",\"mainEntityOfPage\":{\"@id\":\"https:\\\/\\\/senegalndiaye.com\\\/%e2%9c%85-les-organismes-faisant-du-benevolat-au-senegal\\\/\"},\"wordCount\":719,\"commentCount\":9,\"publisher\":{\"@id\":\"https:\\\/\\\/senegalndiaye.com\\\/#organization\"},\"image\":{\"@id\":\"https:\\\/\\\/senegalndiaye.com\\\/%e2%9c%85-les-organismes-faisant-du-benevolat-au-senegal\\\/#primaryimage\"},\"thumbnailUrl\":\"https:\\\/\\\/i0.wp.com\\\/senegalndiaye.com\\\/wp-content\\\/uploads\\\/2022\\\/04\\\/benevolat-senegal.jpg?fit=360%2C239&ssl=1\",\"articleSection\":[\"Blog\"],\"inLanguage\":\"tr\",\"potentialAction\":[{\"@type\":\"CommentAction\",\"name\":\"Comment\",\"target\":[\"https:\\\/\\\/senegalndiaye.com\\\/%e2%9c%85-les-organismes-faisant-du-benevolat-au-senegal\\\/#respond\"]}]},{\"@type\":\"WebPage\",\"@id\":\"https:\\\/\\\/senegalndiaye.com\\\/%e2%9c%85-les-organismes-faisant-du-benevolat-au-senegal\\\/\",\"url\":\"https:\\\/\\\/senegalndiaye.com\\\/%e2%9c%85-les-organismes-faisant-du-benevolat-au-senegal\\\/\",\"name\":\"\u2705 Les organismes faisant du b\u00e9n\u00e9volat au S\u00e9n\u00e9gal &#187; Senegal Ndiaye\",\"isPartOf\":{\"@id\":\"https:\\\/\\\/senegalndiaye.com\\\/#website\"},\"primaryImageOfPage\":{\"@id\":\"https:\\\/\\\/senegalndiaye.com\\\/%e2%9c%85-les-organismes-faisant-du-benevolat-au-senegal\\\/#primaryimage\"},\"image\":{\"@id\":\"https:\\\/\\\/senegalndiaye.com\\\/%e2%9c%85-les-organismes-faisant-du-benevolat-au-senegal\\\/#primaryimage\"},\"thumbnailUrl\":\"https:\\\/\\\/i0.wp.com\\\/senegalndiaye.com\\\/wp-content\\\/uploads\\\/2022\\\/04\\\/benevolat-senegal.jpg?fit=360%2C239&ssl=1\",\"datePublished\":\"2022-04-14T10:24:21+00:00\",\"description\":\"Ces organisations \u00e0 but caritatif \u0153uvrent dans l\u2019aide des personnes d\u00e9munies, la r\u00e9fection d\u2019\u00e9cole et le d\u00e9veloppement. Vous trouverez dans cet article quelques exemples.\",\"breadcrumb\":{\"@id\":\"https:\\\/\\\/senegalndiaye.com\\\/%e2%9c%85-les-organismes-faisant-du-benevolat-au-senegal\\\/#breadcrumb\"},\"inLanguage\":\"tr\",\"potentialAction\":[{\"@type\":\"ReadAction\",\"target\":[\"https:\\\/\\\/senegalndiaye.com\\\/%e2%9c%85-les-organismes-faisant-du-benevolat-au-senegal\\\/\"]}]},{\"@type\":\"ImageObject\",\"inLanguage\":\"tr\",\"@id\":\"https:\\\/\\\/senegalndiaye.com\\\/%e2%9c%85-les-organismes-faisant-du-benevolat-au-senegal\\\/#primaryimage\",\"url\":\"https:\\\/\\\/i0.wp.com\\\/senegalndiaye.com\\\/wp-content\\\/uploads\\\/2022\\\/04\\\/benevolat-senegal.jpg?fit=360%2C239&ssl=1\",\"contentUrl\":\"https:\\\/\\\/i0.wp.com\\\/senegalndiaye.com\\\/wp-content\\\/uploads\\\/2022\\\/04\\\/benevolat-senegal.jpg?fit=360%2C239&ssl=1\",\"width\":360,\"height\":239,\"caption\":\"b\u00e9n\u00e9volat s\u00e9n\u00e9gal\"},{\"@type\":\"BreadcrumbList\",\"@id\":\"https:\\\/\\\/senegalndiaye.com\\\/%e2%9c%85-les-organismes-faisant-du-benevolat-au-senegal\\\/#breadcrumb\",\"itemListElement\":[{\"@type\":\"ListItem\",\"position\":1,\"name\":\"Accueil\",\"item\":\"https:\\\/\\\/senegalndiaye.com\\\/\"},{\"@type\":\"ListItem\",\"position\":2,\"name\":\"\u2705 Les organismes faisant du b\u00e9n\u00e9volat au S\u00e9n\u00e9gal\"}]},{\"@type\":\"WebSite\",\"@id\":\"https:\\\/\\\/senegalndiaye.com\\\/#website\",\"url\":\"https:\\\/\\\/senegalndiaye.com\\\/\",\"name\":\"Senegal Ndiaye\",\"description\":\"Retrouvez les meilleurs endroits du S\u00e9n\u00e9gal\",\"publisher\":{\"@id\":\"https:\\\/\\\/senegalndiaye.com\\\/#organization\"},\"potentialAction\":[{\"@type\":\"SearchAction\",\"target\":{\"@type\":\"EntryPoint\",\"urlTemplate\":\"https:\\\/\\\/senegalndiaye.com\\\/?s={search_term_string}\"},\"query-input\":{\"@type\":\"PropertyValueSpecification\",\"valueRequired\":true,\"valueName\":\"search_term_string\"}}],\"inLanguage\":\"tr\"},{\"@type\":\"Organization\",\"@id\":\"https:\\\/\\\/senegalndiaye.com\\\/#organization\",\"name\":\"Senegal Ndiaye\",\"url\":\"https:\\\/\\\/senegalndiaye.com\\\/\",\"logo\":{\"@type\":\"ImageObject\",\"inLanguage\":\"tr\",\"@id\":\"https:\\\/\\\/senegalndiaye.com\\\/#\\\/schema\\\/logo\\\/image\\\/\",\"url\":\"https:\\\/\\\/senegalndiaye.com\\\/wp-content\\\/uploads\\\/2018\\\/05\\\/senegalndiaye_logo.png\",\"contentUrl\":\"https:\\\/\\\/senegalndiaye.com\\\/wp-content\\\/uploads\\\/2018\\\/05\\\/senegalndiaye_logo.png\",\"width\":150,\"height\":106,\"caption\":\"Senegal Ndiaye\"},\"image\":{\"@id\":\"https:\\\/\\\/senegalndiaye.com\\\/#\\\/schema\\\/logo\\\/image\\\/\"},\"sameAs\":[\"https:\\\/\\\/www.facebook.com\\\/senegalndiaye4\\\/\",\"https:\\\/\\\/x.com\\\/Senegalndiaye5\",\"https:\\\/\\\/www.instagram.com\\\/senegalndiaye1\\\/\",\"https:\\\/\\\/www.linkedin.com\\\/company\\\/senegal-ndiaye\\\/\"]},{\"@type\":\"Person\",\"@id\":\"https:\\\/\\\/senegalndiaye.com\\\/#\\\/schema\\\/person\\\/c1e0d9f50bc68102f5a7368b7c9551f5\",\"name\":\"Moderateur\",\"image\":{\"@type\":\"ImageObject\",\"inLanguage\":\"tr\",\"@id\":\"https:\\\/\\\/senegalndiaye.com\\\/wp-content\\\/litespeed\\\/avatar\\\/3fb7bc779db92bd05c1837e9542df344.jpg?ver=1777309443\",\"url\":\"https:\\\/\\\/senegalndiaye.com\\\/wp-content\\\/litespeed\\\/avatar\\\/3fb7bc779db92bd05c1837e9542df344.jpg?ver=1777309443\",\"contentUrl\":\"https:\\\/\\\/senegalndiaye.com\\\/wp-content\\\/litespeed\\\/avatar\\\/3fb7bc779db92bd05c1837e9542df344.jpg?ver=1777309443\",\"caption\":\"Moderateur\"},\"url\":\"https:\\\/\\\/senegalndiaye.com\\\/tr\\\/author\\\/sndigital\\\/\"}]}<\/script>\n<!-- \/ Yoast SEO plugin. -->","yoast_head_json":{"title":"\u2705 Senegal&#039;de g\u00f6n\u00fcll\u00fc \u00e7al\u0131\u015fma yapan kurulu\u015flar \u00bb Senegal Ndiaye","description":"Bu hay\u0131r kurumlar\u0131, yoksullara, okul onar\u0131mlar\u0131na ve geli\u015fimine yard\u0131m etmek i\u00e7in \u00e7al\u0131\u015f\u0131r. Bu yaz\u0131da baz\u0131 \u00f6rnekler bulacaks\u0131n\u0131z.","robots":{"index":"index","follow":"follow","max-snippet":"max-snippet:-1","max-image-preview":"max-image-preview:large","max-video-preview":"max-video-preview:-1"},"canonical":"https:\/\/senegalndiaye.com\/tr\/\u2705-les-organismes-faisant-du-benevolat-au-senegal\/","og_locale":"tr_TR","og_type":"article","og_title":"\u2705 Les organismes faisant du b\u00e9n\u00e9volat au S\u00e9n\u00e9gal &#187; Senegal Ndiaye","og_description":"Ces organisations \u00e0 but caritatif \u0153uvrent dans l\u2019aide des personnes d\u00e9munies, la r\u00e9fection d\u2019\u00e9cole et le d\u00e9veloppement. Vous trouverez dans cet article quelques exemples.","og_url":"https:\/\/senegalndiaye.com\/tr\/\u2705-les-organismes-faisant-du-benevolat-au-senegal\/","og_site_name":"Senegal Ndiaye","article_publisher":"https:\/\/www.facebook.com\/senegalndiaye4\/","article_published_time":"2022-04-14T10:24:21+00:00","og_image":[{"width":360,"height":239,"url":"https:\/\/senegalndiaye.com\/wp-content\/uploads\/2022\/04\/benevolat-senegal.jpg","type":"image\/jpeg"}],"author":"Moderateur","twitter_card":"summary_large_image","twitter_creator":"@Senegalndiaye5","twitter_site":"@Senegalndiaye5","twitter_misc":{"Yazan:":"Moderateur","Tahmini okuma s\u00fcresi":"4 dakika"},"schema":{"@context":"https:\/\/schema.org","@graph":[{"@type":"Article","@id":"https:\/\/senegalndiaye.com\/%e2%9c%85-les-organismes-faisant-du-benevolat-au-senegal\/#article","isPartOf":{"@id":"https:\/\/senegalndiaye.com\/%e2%9c%85-les-organismes-faisant-du-benevolat-au-senegal\/"},"author":{"name":"Moderateur","@id":"https:\/\/senegalndiaye.com\/#\/schema\/person\/c1e0d9f50bc68102f5a7368b7c9551f5"},"headline":"\u2705 Les organismes faisant du b\u00e9n\u00e9volat au S\u00e9n\u00e9gal","datePublished":"2022-04-14T10:24:21+00:00","mainEntityOfPage":{"@id":"https:\/\/senegalndiaye.com\/%e2%9c%85-les-organismes-faisant-du-benevolat-au-senegal\/"},"wordCount":719,"commentCount":9,"publisher":{"@id":"https:\/\/senegalndiaye.com\/#organization"},"image":{"@id":"https:\/\/senegalndiaye.com\/%e2%9c%85-les-organismes-faisant-du-benevolat-au-senegal\/#primaryimage"},"thumbnailUrl":"https:\/\/i0.wp.com\/senegalndiaye.com\/wp-content\/uploads\/2022\/04\/benevolat-senegal.jpg?fit=360%2C239&ssl=1","articleSection":["Blog"],"inLanguage":"tr","potentialAction":[{"@type":"CommentAction","name":"Comment","target":["https:\/\/senegalndiaye.com\/%e2%9c%85-les-organismes-faisant-du-benevolat-au-senegal\/#respond"]}]},{"@type":"WebPage","@id":"https:\/\/senegalndiaye.com\/%e2%9c%85-les-organismes-faisant-du-benevolat-au-senegal\/","url":"https:\/\/senegalndiaye.com\/%e2%9c%85-les-organismes-faisant-du-benevolat-au-senegal\/","name":"\u2705 Senegal&#039;de g\u00f6n\u00fcll\u00fc \u00e7al\u0131\u015fma yapan kurulu\u015flar \u00bb Senegal Ndiaye","isPartOf":{"@id":"https:\/\/senegalndiaye.com\/#website"},"primaryImageOfPage":{"@id":"https:\/\/senegalndiaye.com\/%e2%9c%85-les-organismes-faisant-du-benevolat-au-senegal\/#primaryimage"},"image":{"@id":"https:\/\/senegalndiaye.com\/%e2%9c%85-les-organismes-faisant-du-benevolat-au-senegal\/#primaryimage"},"thumbnailUrl":"https:\/\/i0.wp.com\/senegalndiaye.com\/wp-content\/uploads\/2022\/04\/benevolat-senegal.jpg?fit=360%2C239&ssl=1","datePublished":"2022-04-14T10:24:21+00:00","description":"Bu hay\u0131r kurumlar\u0131, yoksullara, okul onar\u0131mlar\u0131na ve geli\u015fimine yard\u0131m etmek i\u00e7in \u00e7al\u0131\u015f\u0131r. Bu yaz\u0131da baz\u0131 \u00f6rnekler bulacaks\u0131n\u0131z.","breadcrumb":{"@id":"https:\/\/senegalndiaye.com\/%e2%9c%85-les-organismes-faisant-du-benevolat-au-senegal\/#breadcrumb"},"inLanguage":"tr","potentialAction":[{"@type":"ReadAction","target":["https:\/\/senegalndiaye.com\/%e2%9c%85-les-organismes-faisant-du-benevolat-au-senegal\/"]}]},{"@type":"ImageObject","inLanguage":"tr","@id":"https:\/\/senegalndiaye.com\/%e2%9c%85-les-organismes-faisant-du-benevolat-au-senegal\/#primaryimage","url":"https:\/\/i0.wp.com\/senegalndiaye.com\/wp-content\/uploads\/2022\/04\/benevolat-senegal.jpg?fit=360%2C239&ssl=1","contentUrl":"https:\/\/i0.wp.com\/senegalndiaye.com\/wp-content\/uploads\/2022\/04\/benevolat-senegal.jpg?fit=360%2C239&ssl=1","width":360,"height":239,"caption":"b\u00e9n\u00e9volat s\u00e9n\u00e9gal"},{"@type":"BreadcrumbList","@id":"https:\/\/senegalndiaye.com\/%e2%9c%85-les-organismes-faisant-du-benevolat-au-senegal\/#breadcrumb","itemListElement":[{"@type":"ListItem","position":1,"name":"Accueil","item":"https:\/\/senegalndiaye.com\/"},{"@type":"ListItem","position":2,"name":"\u2705 Les organismes faisant du b\u00e9n\u00e9volat au S\u00e9n\u00e9gal"}]},{"@type":"WebSite","@id":"https:\/\/senegalndiaye.com\/#website","url":"https:\/\/senegalndiaye.com\/","name":"Senegal Ndiaye","description":"Senegal&#039;deki en iyi yerleri bulun","publisher":{"@id":"https:\/\/senegalndiaye.com\/#organization"},"potentialAction":[{"@type":"SearchAction","target":{"@type":"EntryPoint","urlTemplate":"https:\/\/senegalndiaye.com\/?s={search_term_string}"},"query-input":{"@type":"PropertyValueSpecification","valueRequired":true,"valueName":"search_term_string"}}],"inLanguage":"tr"},{"@type":"Organization","@id":"https:\/\/senegalndiaye.com\/#organization","name":"Senegal Ndiaye","url":"https:\/\/senegalndiaye.com\/","logo":{"@type":"ImageObject","inLanguage":"tr","@id":"https:\/\/senegalndiaye.com\/#\/schema\/logo\/image\/","url":"https:\/\/senegalndiaye.com\/wp-content\/uploads\/2018\/05\/senegalndiaye_logo.png","contentUrl":"https:\/\/senegalndiaye.com\/wp-content\/uploads\/2018\/05\/senegalndiaye_logo.png","width":150,"height":106,"caption":"Senegal Ndiaye"},"image":{"@id":"https:\/\/senegalndiaye.com\/#\/schema\/logo\/image\/"},"sameAs":["https:\/\/www.facebook.com\/senegalndiaye4\/","https:\/\/x.com\/Senegalndiaye5","https:\/\/www.instagram.com\/senegalndiaye1\/","https:\/\/www.linkedin.com\/company\/senegal-ndiaye\/"]},{"@type":"Person","@id":"https:\/\/senegalndiaye.com\/#\/schema\/person\/c1e0d9f50bc68102f5a7368b7c9551f5","name":"moderat\u00f6r","image":{"@type":"ImageObject","inLanguage":"tr","@id":"https:\/\/senegalndiaye.com\/wp-content\/litespeed\/avatar\/3fb7bc779db92bd05c1837e9542df344.jpg?ver=1777309443","url":"https:\/\/senegalndiaye.com\/wp-content\/litespeed\/avatar\/3fb7bc779db92bd05c1837e9542df344.jpg?ver=1777309443","contentUrl":"https:\/\/senegalndiaye.com\/wp-content\/litespeed\/avatar\/3fb7bc779db92bd05c1837e9542df344.jpg?ver=1777309443","caption":"Moderateur"},"url":"https:\/\/senegalndiaye.com\/tr\/author\/sndigital\/"}]}},"jetpack_featured_media_url":"https:\/\/i0.wp.com\/senegalndiaye.com\/wp-content\/uploads\/2022\/04\/benevolat-senegal.jpg?fit=360%2C239&ssl=1","jetpack_sharing_enabled":true,"jetpack-related-posts":[{"id":29867,"url":"https:\/\/senegalndiaye.com\/tr\/senegal-le-president-diomaye-cree-un-conseil-superieur-de-leducation-et-de-la-formation\/","url_meta":{"origin":25547,"position":0},"title":"Senegal: Cumhurba\u015fkan\u0131 Diomaye E\u011fitim ve \u00d6\u011fretim Y\u00fcksek Kurulu&#039;nu kuruyor","author":"Moderateur","date":"Mart 22, 2025","format":false,"excerpt":"Senegal, e\u011fitim sisteminde b\u00fcy\u00fck bir d\u00f6n\u00fc\u015f\u00fcm ge\u00e7irmek \u00fczere. Cumhurba\u015fkan\u0131 Bassirou Diomaye Faye, E\u011fitim ve \u00d6\u011fretim Y\u00fcksek Kurulu&#039;nun kuruldu\u011funu duyurdu. Bu iddial\u0131 giri\u015fim, e\u011fitim sekt\u00f6r\u00fcnde k\u00f6kl\u00fc bir d\u00f6n\u00fc\u015f\u00fcm ger\u00e7ekle\u015ftirerek, toplumun acil ihtiya\u00e7lar\u0131n\u0131 kar\u015f\u0131lamay\u0131 ama\u00e7l\u0131yor.","rel":"","context":"&quot;actualit\u00e9&quot; i\u00e7inde","block_context":{"text":"actualit\u00e9","link":"https:\/\/senegalndiaye.com\/tr\/category\/actualite\/"},"img":{"alt_text":"","src":"https:\/\/i0.wp.com\/senegalndiaye.com\/wp-content\/uploads\/2025\/03\/89d7d54d9a7582ca71c8928f3646c20efile.jpeg?fit=1200%2C536&ssl=1&resize=350%2C200","width":350,"height":200,"srcset":"https:\/\/i0.wp.com\/senegalndiaye.com\/wp-content\/uploads\/2025\/03\/89d7d54d9a7582ca71c8928f3646c20efile.jpeg?fit=1200%2C536&ssl=1&resize=350%2C200 1x, https:\/\/i0.wp.com\/senegalndiaye.com\/wp-content\/uploads\/2025\/03\/89d7d54d9a7582ca71c8928f3646c20efile.jpeg?fit=1200%2C536&ssl=1&resize=525%2C300 1.5x, https:\/\/i0.wp.com\/senegalndiaye.com\/wp-content\/uploads\/2025\/03\/89d7d54d9a7582ca71c8928f3646c20efile.jpeg?fit=1200%2C536&ssl=1&resize=700%2C400 2x, https:\/\/i0.wp.com\/senegalndiaye.com\/wp-content\/uploads\/2025\/03\/89d7d54d9a7582ca71c8928f3646c20efile.jpeg?fit=1200%2C536&ssl=1&resize=1050%2C600 3x"},"classes":[]},{"id":23807,"url":"https:\/\/senegalndiaye.com\/tr\/cout-des-etudes-au-senegal\/","url_meta":{"origin":25547,"position":1},"title":"Senegal&#039;de e\u011fitimin maliyeti \u2705","author":"Moderateur","date":"Nisan 3, 2021","format":false,"excerpt":"Senegal, uluslararas\u0131 alanda tan\u0131nan derecelerle en iyi \u00fcniversite e\u011fitimini sunan Afrika \u00fclkelerinden biridir. Ancak bu e\u011fitim, devlet \u00fcniversiteleri ve okullar\u0131nda \u00fccretsiz olsa da \u00fccrete tabidir. Nitekim Senegal&#039;de e\u011fitim maliyetine kay\u0131t \u00fccretleri, konaklama ve benzeri masraflar dahildir.","rel":"","context":"&quot;Blog&quot; i\u00e7inde","block_context":{"text":"Blog","link":"https:\/\/senegalndiaye.com\/tr\/category\/blog\/"},"img":{"alt_text":"co\u00fbt des \u00e9tudes au s\u00e9n\u00e9gal","src":"https:\/\/i0.wp.com\/senegalndiaye.com\/wp-content\/uploads\/2021\/04\/cout-des-etudes-au-senegal.jpg?fit=688%2C514&ssl=1&resize=350%2C200","width":350,"height":200,"srcset":"https:\/\/i0.wp.com\/senegalndiaye.com\/wp-content\/uploads\/2021\/04\/cout-des-etudes-au-senegal.jpg?fit=688%2C514&ssl=1&resize=350%2C200 1x, https:\/\/i0.wp.com\/senegalndiaye.com\/wp-content\/uploads\/2021\/04\/cout-des-etudes-au-senegal.jpg?fit=688%2C514&ssl=1&resize=525%2C300 1.5x"},"classes":[]},{"id":23823,"url":"https:\/\/senegalndiaye.com\/tr\/les-ecoles-de-formations-professionnelles-au-senegal\/","url_meta":{"origin":25547,"position":2},"title":"Senegal&#039;deki mesleki e\u011fitim okullar\u0131","author":"Moderateur","date":"Nisan 7, 2021","format":false,"excerpt":"Senegal&#039;deki mesleki e\u011fitim okullar\u0131, \u00f6\u011frencilerin belirli bir alanda bilgi ve uzmanl\u0131k edinmelerine olanak tan\u0131r. Nitekim Senegal&#039;de temel ve s\u00fcrekli mesleki e\u011fitim veren d\u00fczinelerce mesleki e\u011fitim kurumu bulunmaktad\u0131r. Say\u0131lar\u0131 y\u0131llar ge\u00e7tik\u00e7e artmaya devam etmektedir.","rel":"","context":"&quot;actualit\u00e9&quot; i\u00e7inde","block_context":{"text":"actualit\u00e9","link":"https:\/\/senegalndiaye.com\/tr\/category\/actualite\/"},"img":{"alt_text":"ecole de formation professionnelle au S\u00e9n\u00e9gal","src":"https:\/\/i0.wp.com\/senegalndiaye.com\/wp-content\/uploads\/2021\/04\/formation-professionelle.jpg?fit=760%2C478&ssl=1&resize=350%2C200","width":350,"height":200,"srcset":"https:\/\/i0.wp.com\/senegalndiaye.com\/wp-content\/uploads\/2021\/04\/formation-professionelle.jpg?fit=760%2C478&ssl=1&resize=350%2C200 1x, https:\/\/i0.wp.com\/senegalndiaye.com\/wp-content\/uploads\/2021\/04\/formation-professionelle.jpg?fit=760%2C478&ssl=1&resize=525%2C300 1.5x, https:\/\/i0.wp.com\/senegalndiaye.com\/wp-content\/uploads\/2021\/04\/formation-professionelle.jpg?fit=760%2C478&ssl=1&resize=700%2C400 2x"},"classes":[]},{"id":28594,"url":"https:\/\/senegalndiaye.com\/tr\/%e2%9c%85-les-meilleurs-ecoles-primaires-de-dakar\/","url_meta":{"origin":25547,"position":3},"title":"\u2705 Dakar&#039;daki en iyi ilkokullar 2023-2024","author":"Moderateur","date":"A\u011fustos 29, 2023","format":false,"excerpt":"E\u011fitim, bireyin entelekt\u00fcel ve ki\u015fisel geli\u015fiminin temel ta\u015f\u0131d\u0131r ve ya\u015fam\u0131n en erken evrelerinde, ilkokulda ba\u015flar. Senegal&#039;in ba\u015fkenti Dakar&#039;da, bir\u00e7ok ilkokul, e\u011fitimde m\u00fckemmelli\u011fe olan ba\u011fl\u0131l\u0131klar\u0131 ve gelece\u011fin e\u011fitimine katk\u0131lar\u0131yla \u00f6ne \u00e7\u0131kmaktad\u0131r.","rel":"","context":"&quot;Blog&quot; i\u00e7inde","block_context":{"text":"Blog","link":"https:\/\/senegalndiaye.com\/tr\/category\/blog\/"},"img":{"alt_text":"Meilleure \u00e9cole primaire Dakar","src":"https:\/\/i0.wp.com\/senegalndiaye.com\/wp-content\/uploads\/2023\/08\/primaire.jpg?fit=1200%2C654&ssl=1&resize=350%2C200","width":350,"height":200,"srcset":"https:\/\/i0.wp.com\/senegalndiaye.com\/wp-content\/uploads\/2023\/08\/primaire.jpg?fit=1200%2C654&ssl=1&resize=350%2C200 1x, https:\/\/i0.wp.com\/senegalndiaye.com\/wp-content\/uploads\/2023\/08\/primaire.jpg?fit=1200%2C654&ssl=1&resize=525%2C300 1.5x, https:\/\/i0.wp.com\/senegalndiaye.com\/wp-content\/uploads\/2023\/08\/primaire.jpg?fit=1200%2C654&ssl=1&resize=700%2C400 2x, https:\/\/i0.wp.com\/senegalndiaye.com\/wp-content\/uploads\/2023\/08\/primaire.jpg?fit=1200%2C654&ssl=1&resize=1050%2C600 3x"},"classes":[]},{"id":25468,"url":"https:\/\/senegalndiaye.com\/tr\/%e2%9c%85-ou-publier-une-annonce-gratuite-au-senegal\/","url_meta":{"origin":25547,"position":4},"title":"\u2705 Senegal&#039;de \u00fccretsiz ilan nereye verilir?","author":"Moderateur","date":"Mart 22, 2022","format":false,"excerpt":"Sosyal medya ve ilan siteleri, Senegal&#039;de ilanlar\u0131n\u0131z\u0131 yay\u0131nlayabilece\u011finiz \u00e7evrimi\u00e7i platformlardan sadece birka\u00e7\u0131d\u0131r. Ba\u015fka yere bakmay\u0131n; ilanlar\u0131n\u0131z\u0131 yay\u0131nlamak i\u00e7in Senegal&#039;deki en iyi kanallar\u0131 bulduk. Sosyal medya, ilan siteleri, ilanlar ve di\u011fer portallar\u0131n yer ald\u0131\u011f\u0131 bu listeye g\u00f6z at\u0131n.","rel":"","context":"&quot;annonce gratuite au S\u00e9n\u00e9gal&quot; i\u00e7inde","block_context":{"text":"annonce gratuite au S\u00e9n\u00e9gal","link":"https:\/\/senegalndiaye.com\/tr\/category\/blog\/annonce-gratuite-au-senegal\/"},"img":{"alt_text":"","src":"https:\/\/i0.wp.com\/senegalndiaye.com\/wp-content\/uploads\/2022\/03\/publier-une-annonce.jpg?fit=1170%2C658&ssl=1&resize=350%2C200","width":350,"height":200,"srcset":"https:\/\/i0.wp.com\/senegalndiaye.com\/wp-content\/uploads\/2022\/03\/publier-une-annonce.jpg?fit=1170%2C658&ssl=1&resize=350%2C200 1x, https:\/\/i0.wp.com\/senegalndiaye.com\/wp-content\/uploads\/2022\/03\/publier-une-annonce.jpg?fit=1170%2C658&ssl=1&resize=525%2C300 1.5x, https:\/\/i0.wp.com\/senegalndiaye.com\/wp-content\/uploads\/2022\/03\/publier-une-annonce.jpg?fit=1170%2C658&ssl=1&resize=700%2C400 2x, https:\/\/i0.wp.com\/senegalndiaye.com\/wp-content\/uploads\/2022\/03\/publier-une-annonce.jpg?fit=1170%2C658&ssl=1&resize=1050%2C600 3x"},"classes":[]},{"id":23412,"url":"https:\/\/senegalndiaye.com\/tr\/les-formations-en-informatique-sans-le-bac-et-gratuites-a-dakar\/","url_meta":{"origin":25547,"position":5},"title":"Dakar&#039;da bakaloryas\u0131z ve \u00fccretsiz bilgisayar e\u011fitimi","author":"Moderateur","date":"Aral\u0131k 4, 2020","format":false,"excerpt":"\u00c9cole 42, Simplon veya WebForce3 size tan\u0131d\u0131k gelmiyor mu? Hay\u0131r m\u0131? Ancak bu \u00fc\u00e7 ismin de adlar\u0131n\u0131n ima etti\u011finden daha fazla ortak noktas\u0131 var. \u00dc\u00e7\u00fc de e\u011fitim kurumu; bilgisayar e\u011fitimi veriyorlar; \u00f6\u011frenciler mezun olduklar\u0131nda...","rel":"","context":"&quot;Blog&quot; i\u00e7inde","block_context":{"text":"Blog","link":"https:\/\/senegalndiaye.com\/tr\/category\/blog\/"},"img":{"alt_text":"formation informatique sans bac dakar","src":"https:\/\/i0.wp.com\/senegalndiaye.com\/wp-content\/uploads\/2020\/12\/formation.jpg?fit=450%2C300&ssl=1&resize=350%2C200","width":350,"height":200},"classes":[]}],"_links":{"self":[{"href":"https:\/\/senegalndiaye.com\/tr\/wp-json\/wp\/v2\/posts\/25547","targetHints":{"allow":["GET"]}}],"collection":[{"href":"https:\/\/senegalndiaye.com\/tr\/wp-json\/wp\/v2\/posts"}],"about":[{"href":"https:\/\/senegalndiaye.com\/tr\/wp-json\/wp\/v2\/types\/post"}],"author":[{"embeddable":true,"href":"https:\/\/senegalndiaye.com\/tr\/wp-json\/wp\/v2\/users\/8"}],"replies":[{"embeddable":true,"href":"https:\/\/senegalndiaye.com\/tr\/wp-json\/wp\/v2\/comments?post=25547"}],"version-history":[{"count":1,"href":"https:\/\/senegalndiaye.com\/tr\/wp-json\/wp\/v2\/posts\/25547\/revisions"}],"predecessor-version":[{"id":25549,"href":"https:\/\/senegalndiaye.com\/tr\/wp-json\/wp\/v2\/posts\/25547\/revisions\/25549"}],"wp:featuredmedia":[{"embeddable":true,"href":"https:\/\/senegalndiaye.com\/tr\/wp-json\/wp\/v2\/media\/25548"}],"wp:attachment":[{"href":"https:\/\/senegalndiaye.com\/tr\/wp-json\/wp\/v2\/media?parent=25547"}],"wp:term":[{"taxonomy":"category","embeddable":true,"href":"https:\/\/senegalndiaye.com\/tr\/wp-json\/wp\/v2\/categories?post=25547"},{"taxonomy":"post_tag","embeddable":true,"href":"https:\/\/senegalndiaye.com\/tr\/wp-json\/wp\/v2\/tags?post=25547"}],"curies":[{"name":"wp","href":"https:\/\/api.w.org\/{rel}","templated":true}]}}