{"id":24998,"date":"2021-11-10T09:52:09","date_gmt":"2021-11-10T09:52:09","guid":{"rendered":"https:\/\/senegalndiaye.com\/?p=24998"},"modified":"2022-04-29T13:20:55","modified_gmt":"2022-04-29T13:20:55","slug":"%e2%9c%85-concours-dentree-au-centre-de-formation-artisanale-de-dakar","status":"publish","type":"post","link":"https:\/\/senegalndiaye.com\/tr\/%e2%9c%85-concours-dentree-au-centre-de-formation-artisanale-de-dakar\/","title":{"rendered":"\u2705 Dakar&#039;daki zanaat e\u011fitim merkezine giri\u015f s\u0131nav\u0131"},"content":{"rendered":"<p>en <strong>Dakar zanaat e\u011fitim merkezine giri\u015f s\u0131nav\u0131<\/strong>\u00a0sizi profesyonel i\u015f\u00e7ilik sertifikas\u0131na haz\u0131rlar. Rol\u00fc, becerilerinizi geli\u015ftirmenize ve alan\u0131n\u0131zda tan\u0131nm\u0131\u015f bir diploma alman\u0131za yard\u0131mc\u0131 olmakt\u0131r. Formaliteleri bu yaz\u0131da bulacaks\u0131n\u0131z.<\/p>\n<p><strong>Dakar zanaat e\u011fitim merkezine giri\u015f s\u0131nav\u0131 i\u00e7in verilen e\u011fitim\u00a0<\/strong><\/p>\n<p>Rekabet<strong>\u00a0<\/strong>bir\u00e7ok e\u011fitim yapman\u0131z\u0131 sa\u011flar. Ger\u00e7ekten de, CAP yapmak i\u00e7in \u015fu \u015fekilde ba\u015fvurabilirsiniz:<\/p>\n<ul>\n<li>oyma mobilya<\/li>\n<li>Rattan sepet\u00e7ilik<\/li>\n<li>Ayakkab\u0131 tamiri<\/li>\n<li>Hassas mekanikte bak\u0131m<\/li>\n<li>Bilgisayar Bilimi<\/li>\n<li>Elektrik, elektronik bak\u0131m<\/li>\n<li>seramik \u00e7\u00f6mlek<\/li>\n<li>kes ve dik<\/li>\n<\/ul>\n<p><strong>kabul \u015fartlar\u0131 nelerdir<\/strong><\/p>\n<p>Yar\u0131\u015fmaya kat\u0131lmak i\u00e7in Senegal uyruklu olman\u0131z ve 4\u1d49 CEM e\u011fitim d\u00fczeyine sahip olman\u0131z gerekir. Ayr\u0131ca yar\u0131\u015fma y\u0131l\u0131n\u0131n 31 Aral\u0131k tarihinde en fazla 25 ya\u015f\u0131nda olman\u0131z gerekmektedir.<\/p>\n<p><strong>Dakar zanaat e\u011fitim merkezine giri\u015f s\u0131nav\u0131 i\u00e7in sa\u011flanacak belgeler <\/strong><\/p>\n<p>Yar\u0131\u015fma i\u00e7in belgeleri sunmal\u0131s\u0131n\u0131z<strong>\u00a0:<\/strong><\/p>\n<ul>\n<li>El sanatlar\u0131ndan sorumlu bakana sunulmak \u00fczere bir motivasyon mektubu<\/li>\n<li>\u0130ki vesikal\u0131k foto\u011fraf<\/li>\n<li>En az \u00fc\u00e7 ay \u00f6ncesine ait bir do\u011fum belgesi<\/li>\n<li>Ge\u00e7erli bir e\u011fitim sertifikas\u0131<\/li>\n<li>Ziyarete kar\u015f\u0131 ziyaret belgesi<\/li>\n<li>Ve 2000 F CFA kay\u0131t \u00fccreti<\/li>\n<\/ul>\n<p>Belgeler, SENELEC&#039;in kar\u015f\u0131s\u0131ndaki cadde Bourguiba rue 14 adresindeki akademik incelemeye veya DESPC&#039;ye sunulabilir.<\/p>\n<p><strong>Yaz\u0131lacak testler nelerdir?<\/strong><\/p>\n<p>Yar\u0131\u015fma genellikle bir Frans\u0131zca testi ile ba\u015flar ve ard\u0131ndan 2 saatlik bir matematik testi ile devam eder. Ancak birinci raundu ge\u00e7enler ikinci rauntta psikoteknik testlere girecekler.<\/p>\n<p><strong>Yar\u0131\u015fma nerede yap\u0131l\u0131yor? \u00a0\u00a0<\/strong><\/p>\n<p>Yar\u0131\u015fma her y\u0131l Dakar&#039;da Maurice de la Fosse lisesinde ve Ziguinchor, Louga, Kolda, Tambacounda, K\u00e9dougou, S\u00e9dhiou, Thies, Diourbel, Fatick, Matam vb. b\u00f6lgelerde d\u00fczenlenmektedir.<\/p>\n<p>Yar\u0131\u015fma her y\u0131l yap\u0131l\u0131r. Daha fazla bilgi i\u00e7in 26 123&#039;e &quot;concours capart&quot; g\u00f6ndermekten \u00e7ekinmeyin.<\/p>\n<h3>T\u00fcm makalelerimizi sitemizde bulabilirsiniz. <a href=\"https:\/\/senegalndiaye.com\/tr\/blog\/\">Blog<\/a><\/h3>","protected":false},"excerpt":{"rendered":"<p>Le concours d\u2019entr\u00e9e au centre de formation artisanale de Dakar\u00a0vous pr\u00e9pare au certificat d\u2019aptitude professionnelle artisanal. Son r\u00f4le est de vous d\u2019accompagner \u00e0 d\u00e9velopper vos comp\u00e9tences et avoir un dipl\u00f4me reconnu dans votre domaine. Vous trouverez les formalit\u00e9s dans cet article. Les formations propos\u00e9es au concours d\u2019entr\u00e9e au centre de formation artisanale de Dakar\u00a0 Le [&hellip;]<\/p>\n","protected":false},"author":8,"featured_media":24999,"comment_status":"open","ping_status":"open","sticky":false,"template":"","format":"standard","meta":{"_jetpack_memberships_contains_paid_content":false,"footnotes":""},"categories":[83],"tags":[],"class_list":["post-24998","post","type-post","status-publish","format-standard","has-post-thumbnail","hentry","category-blog"],"yoast_head":"<!-- This site is optimized with the Yoast SEO plugin v27.5 - https:\/\/yoast.com\/product\/yoast-seo-wordpress\/ -->\n<title>\u2705 Concours d\u2019entr\u00e9e au centre de formation artisanale de Dakar &#187; Senegal Ndiaye<\/title>\n<meta name=\"description\" content=\"Son r\u00f4le est de vous d\u2019accompagner \u00e0 d\u00e9velopper vos comp\u00e9tences et avoir un dipl\u00f4me reconnu dans votre domaine. Vous trouverez les formalit\u00e9s dans cet article.\" \/>\n<meta name=\"robots\" content=\"index, follow, max-snippet:-1, max-image-preview:large, max-video-preview:-1\" \/>\n<link rel=\"canonical\" href=\"https:\/\/senegalndiaye.com\/tr\/\u2705-concours-dentree-au-centre-de-formation-artisanale-de-dakar\/\" \/>\n<meta property=\"og:locale\" content=\"tr_TR\" \/>\n<meta property=\"og:type\" content=\"article\" \/>\n<meta property=\"og:title\" content=\"\u2705 Concours d\u2019entr\u00e9e au centre de formation artisanale de Dakar &#187; Senegal Ndiaye\" \/>\n<meta property=\"og:description\" content=\"Son r\u00f4le est de vous d\u2019accompagner \u00e0 d\u00e9velopper vos comp\u00e9tences et avoir un dipl\u00f4me reconnu dans votre domaine. Vous trouverez les formalit\u00e9s dans cet article.\" \/>\n<meta property=\"og:url\" content=\"https:\/\/senegalndiaye.com\/tr\/\u2705-concours-dentree-au-centre-de-formation-artisanale-de-dakar\/\" \/>\n<meta property=\"og:site_name\" content=\"Senegal Ndiaye\" \/>\n<meta property=\"article:publisher\" content=\"https:\/\/www.facebook.com\/senegalndiaye4\/\" \/>\n<meta property=\"article:published_time\" content=\"2021-11-10T09:52:09+00:00\" \/>\n<meta property=\"article:modified_time\" content=\"2022-04-29T13:20:55+00:00\" \/>\n<meta property=\"og:image\" content=\"https:\/\/senegalndiaye.com\/wp-content\/uploads\/2021\/11\/formation-artisanale.jpg\" \/>\n\t<meta property=\"og:image:width\" content=\"800\" \/>\n\t<meta property=\"og:image:height\" content=\"450\" \/>\n\t<meta property=\"og:image:type\" content=\"image\/jpeg\" \/>\n<meta name=\"author\" content=\"Moderateur\" \/>\n<meta name=\"twitter:card\" content=\"summary_large_image\" \/>\n<meta name=\"twitter:creator\" content=\"@Senegalndiaye5\" \/>\n<meta name=\"twitter:site\" content=\"@Senegalndiaye5\" \/>\n<meta name=\"twitter:label1\" content=\"Yazan:\" \/>\n\t<meta name=\"twitter:data1\" content=\"Moderateur\" \/>\n\t<meta name=\"twitter:label2\" content=\"Tahmini okuma s\u00fcresi\" \/>\n\t<meta name=\"twitter:data2\" content=\"2 dakika\" \/>\n<script type=\"application\/ld+json\" class=\"yoast-schema-graph\">{\"@context\":\"https:\\\/\\\/schema.org\",\"@graph\":[{\"@type\":\"Article\",\"@id\":\"https:\\\/\\\/senegalndiaye.com\\\/%e2%9c%85-concours-dentree-au-centre-de-formation-artisanale-de-dakar\\\/#article\",\"isPartOf\":{\"@id\":\"https:\\\/\\\/senegalndiaye.com\\\/%e2%9c%85-concours-dentree-au-centre-de-formation-artisanale-de-dakar\\\/\"},\"author\":{\"name\":\"Moderateur\",\"@id\":\"https:\\\/\\\/senegalndiaye.com\\\/#\\\/schema\\\/person\\\/c1e0d9f50bc68102f5a7368b7c9551f5\"},\"headline\":\"\u2705 Concours d\u2019entr\u00e9e au centre de formation artisanale de Dakar\",\"datePublished\":\"2021-11-10T09:52:09+00:00\",\"dateModified\":\"2022-04-29T13:20:55+00:00\",\"mainEntityOfPage\":{\"@id\":\"https:\\\/\\\/senegalndiaye.com\\\/%e2%9c%85-concours-dentree-au-centre-de-formation-artisanale-de-dakar\\\/\"},\"wordCount\":361,\"commentCount\":2,\"publisher\":{\"@id\":\"https:\\\/\\\/senegalndiaye.com\\\/#organization\"},\"image\":{\"@id\":\"https:\\\/\\\/senegalndiaye.com\\\/%e2%9c%85-concours-dentree-au-centre-de-formation-artisanale-de-dakar\\\/#primaryimage\"},\"thumbnailUrl\":\"https:\\\/\\\/i0.wp.com\\\/senegalndiaye.com\\\/wp-content\\\/uploads\\\/2021\\\/11\\\/formation-artisanale.jpg?fit=800%2C450&ssl=1\",\"articleSection\":[\"Blog\"],\"inLanguage\":\"tr\",\"potentialAction\":[{\"@type\":\"CommentAction\",\"name\":\"Comment\",\"target\":[\"https:\\\/\\\/senegalndiaye.com\\\/%e2%9c%85-concours-dentree-au-centre-de-formation-artisanale-de-dakar\\\/#respond\"]}]},{\"@type\":\"WebPage\",\"@id\":\"https:\\\/\\\/senegalndiaye.com\\\/%e2%9c%85-concours-dentree-au-centre-de-formation-artisanale-de-dakar\\\/\",\"url\":\"https:\\\/\\\/senegalndiaye.com\\\/%e2%9c%85-concours-dentree-au-centre-de-formation-artisanale-de-dakar\\\/\",\"name\":\"\u2705 Concours d\u2019entr\u00e9e au centre de formation artisanale de Dakar &#187; Senegal Ndiaye\",\"isPartOf\":{\"@id\":\"https:\\\/\\\/senegalndiaye.com\\\/#website\"},\"primaryImageOfPage\":{\"@id\":\"https:\\\/\\\/senegalndiaye.com\\\/%e2%9c%85-concours-dentree-au-centre-de-formation-artisanale-de-dakar\\\/#primaryimage\"},\"image\":{\"@id\":\"https:\\\/\\\/senegalndiaye.com\\\/%e2%9c%85-concours-dentree-au-centre-de-formation-artisanale-de-dakar\\\/#primaryimage\"},\"thumbnailUrl\":\"https:\\\/\\\/i0.wp.com\\\/senegalndiaye.com\\\/wp-content\\\/uploads\\\/2021\\\/11\\\/formation-artisanale.jpg?fit=800%2C450&ssl=1\",\"datePublished\":\"2021-11-10T09:52:09+00:00\",\"dateModified\":\"2022-04-29T13:20:55+00:00\",\"description\":\"Son r\u00f4le est de vous d\u2019accompagner \u00e0 d\u00e9velopper vos comp\u00e9tences et avoir un dipl\u00f4me reconnu dans votre domaine. Vous trouverez les formalit\u00e9s dans cet article.\",\"breadcrumb\":{\"@id\":\"https:\\\/\\\/senegalndiaye.com\\\/%e2%9c%85-concours-dentree-au-centre-de-formation-artisanale-de-dakar\\\/#breadcrumb\"},\"inLanguage\":\"tr\",\"potentialAction\":[{\"@type\":\"ReadAction\",\"target\":[\"https:\\\/\\\/senegalndiaye.com\\\/%e2%9c%85-concours-dentree-au-centre-de-formation-artisanale-de-dakar\\\/\"]}]},{\"@type\":\"ImageObject\",\"inLanguage\":\"tr\",\"@id\":\"https:\\\/\\\/senegalndiaye.com\\\/%e2%9c%85-concours-dentree-au-centre-de-formation-artisanale-de-dakar\\\/#primaryimage\",\"url\":\"https:\\\/\\\/i0.wp.com\\\/senegalndiaye.com\\\/wp-content\\\/uploads\\\/2021\\\/11\\\/formation-artisanale.jpg?fit=800%2C450&ssl=1\",\"contentUrl\":\"https:\\\/\\\/i0.wp.com\\\/senegalndiaye.com\\\/wp-content\\\/uploads\\\/2021\\\/11\\\/formation-artisanale.jpg?fit=800%2C450&ssl=1\",\"width\":800,\"height\":450,\"caption\":\"concours centre de formation artisanale\"},{\"@type\":\"BreadcrumbList\",\"@id\":\"https:\\\/\\\/senegalndiaye.com\\\/%e2%9c%85-concours-dentree-au-centre-de-formation-artisanale-de-dakar\\\/#breadcrumb\",\"itemListElement\":[{\"@type\":\"ListItem\",\"position\":1,\"name\":\"Accueil\",\"item\":\"https:\\\/\\\/senegalndiaye.com\\\/\"},{\"@type\":\"ListItem\",\"position\":2,\"name\":\"\u2705 Concours d\u2019entr\u00e9e au centre de formation artisanale de Dakar\"}]},{\"@type\":\"WebSite\",\"@id\":\"https:\\\/\\\/senegalndiaye.com\\\/#website\",\"url\":\"https:\\\/\\\/senegalndiaye.com\\\/\",\"name\":\"Senegal Ndiaye\",\"description\":\"Retrouvez les meilleurs endroits du S\u00e9n\u00e9gal\",\"publisher\":{\"@id\":\"https:\\\/\\\/senegalndiaye.com\\\/#organization\"},\"potentialAction\":[{\"@type\":\"SearchAction\",\"target\":{\"@type\":\"EntryPoint\",\"urlTemplate\":\"https:\\\/\\\/senegalndiaye.com\\\/?s={search_term_string}\"},\"query-input\":{\"@type\":\"PropertyValueSpecification\",\"valueRequired\":true,\"valueName\":\"search_term_string\"}}],\"inLanguage\":\"tr\"},{\"@type\":\"Organization\",\"@id\":\"https:\\\/\\\/senegalndiaye.com\\\/#organization\",\"name\":\"Senegal Ndiaye\",\"url\":\"https:\\\/\\\/senegalndiaye.com\\\/\",\"logo\":{\"@type\":\"ImageObject\",\"inLanguage\":\"tr\",\"@id\":\"https:\\\/\\\/senegalndiaye.com\\\/#\\\/schema\\\/logo\\\/image\\\/\",\"url\":\"https:\\\/\\\/senegalndiaye.com\\\/wp-content\\\/uploads\\\/2018\\\/05\\\/senegalndiaye_logo.png\",\"contentUrl\":\"https:\\\/\\\/senegalndiaye.com\\\/wp-content\\\/uploads\\\/2018\\\/05\\\/senegalndiaye_logo.png\",\"width\":150,\"height\":106,\"caption\":\"Senegal Ndiaye\"},\"image\":{\"@id\":\"https:\\\/\\\/senegalndiaye.com\\\/#\\\/schema\\\/logo\\\/image\\\/\"},\"sameAs\":[\"https:\\\/\\\/www.facebook.com\\\/senegalndiaye4\\\/\",\"https:\\\/\\\/x.com\\\/Senegalndiaye5\",\"https:\\\/\\\/www.instagram.com\\\/senegalndiaye1\\\/\",\"https:\\\/\\\/www.linkedin.com\\\/company\\\/senegal-ndiaye\\\/\"]},{\"@type\":\"Person\",\"@id\":\"https:\\\/\\\/senegalndiaye.com\\\/#\\\/schema\\\/person\\\/c1e0d9f50bc68102f5a7368b7c9551f5\",\"name\":\"Moderateur\",\"image\":{\"@type\":\"ImageObject\",\"inLanguage\":\"tr\",\"@id\":\"https:\\\/\\\/senegalndiaye.com\\\/wp-content\\\/litespeed\\\/avatar\\\/3fb7bc779db92bd05c1837e9542df344.jpg?ver=1777309443\",\"url\":\"https:\\\/\\\/senegalndiaye.com\\\/wp-content\\\/litespeed\\\/avatar\\\/3fb7bc779db92bd05c1837e9542df344.jpg?ver=1777309443\",\"contentUrl\":\"https:\\\/\\\/senegalndiaye.com\\\/wp-content\\\/litespeed\\\/avatar\\\/3fb7bc779db92bd05c1837e9542df344.jpg?ver=1777309443\",\"caption\":\"Moderateur\"},\"url\":\"https:\\\/\\\/senegalndiaye.com\\\/tr\\\/author\\\/sndigital\\\/\"}]}<\/script>\n<!-- \/ Yoast SEO plugin. -->","yoast_head_json":{"title":"\u2705 Dakar Zanaat E\u011fitim Merkezi&#039;ne giri\u015f s\u0131nav\u0131 \u00bb Senegal Ndiaye","description":"Rol\u00fc, becerilerinizi geli\u015ftirmenize ve alan\u0131n\u0131zda tan\u0131nm\u0131\u015f bir diploma alman\u0131za yard\u0131mc\u0131 olmakt\u0131r. Formaliteleri bu yaz\u0131da bulacaks\u0131n\u0131z.","robots":{"index":"index","follow":"follow","max-snippet":"max-snippet:-1","max-image-preview":"max-image-preview:large","max-video-preview":"max-video-preview:-1"},"canonical":"https:\/\/senegalndiaye.com\/tr\/\u2705-concours-dentree-au-centre-de-formation-artisanale-de-dakar\/","og_locale":"tr_TR","og_type":"article","og_title":"\u2705 Concours d\u2019entr\u00e9e au centre de formation artisanale de Dakar &#187; Senegal Ndiaye","og_description":"Son r\u00f4le est de vous d\u2019accompagner \u00e0 d\u00e9velopper vos comp\u00e9tences et avoir un dipl\u00f4me reconnu dans votre domaine. Vous trouverez les formalit\u00e9s dans cet article.","og_url":"https:\/\/senegalndiaye.com\/tr\/\u2705-concours-dentree-au-centre-de-formation-artisanale-de-dakar\/","og_site_name":"Senegal Ndiaye","article_publisher":"https:\/\/www.facebook.com\/senegalndiaye4\/","article_published_time":"2021-11-10T09:52:09+00:00","article_modified_time":"2022-04-29T13:20:55+00:00","og_image":[{"width":800,"height":450,"url":"https:\/\/senegalndiaye.com\/wp-content\/uploads\/2021\/11\/formation-artisanale.jpg","type":"image\/jpeg"}],"author":"Moderateur","twitter_card":"summary_large_image","twitter_creator":"@Senegalndiaye5","twitter_site":"@Senegalndiaye5","twitter_misc":{"Yazan:":"Moderateur","Tahmini okuma s\u00fcresi":"2 dakika"},"schema":{"@context":"https:\/\/schema.org","@graph":[{"@type":"Article","@id":"https:\/\/senegalndiaye.com\/%e2%9c%85-concours-dentree-au-centre-de-formation-artisanale-de-dakar\/#article","isPartOf":{"@id":"https:\/\/senegalndiaye.com\/%e2%9c%85-concours-dentree-au-centre-de-formation-artisanale-de-dakar\/"},"author":{"name":"Moderateur","@id":"https:\/\/senegalndiaye.com\/#\/schema\/person\/c1e0d9f50bc68102f5a7368b7c9551f5"},"headline":"\u2705 Concours d\u2019entr\u00e9e au centre de formation artisanale de Dakar","datePublished":"2021-11-10T09:52:09+00:00","dateModified":"2022-04-29T13:20:55+00:00","mainEntityOfPage":{"@id":"https:\/\/senegalndiaye.com\/%e2%9c%85-concours-dentree-au-centre-de-formation-artisanale-de-dakar\/"},"wordCount":361,"commentCount":2,"publisher":{"@id":"https:\/\/senegalndiaye.com\/#organization"},"image":{"@id":"https:\/\/senegalndiaye.com\/%e2%9c%85-concours-dentree-au-centre-de-formation-artisanale-de-dakar\/#primaryimage"},"thumbnailUrl":"https:\/\/i0.wp.com\/senegalndiaye.com\/wp-content\/uploads\/2021\/11\/formation-artisanale.jpg?fit=800%2C450&ssl=1","articleSection":["Blog"],"inLanguage":"tr","potentialAction":[{"@type":"CommentAction","name":"Comment","target":["https:\/\/senegalndiaye.com\/%e2%9c%85-concours-dentree-au-centre-de-formation-artisanale-de-dakar\/#respond"]}]},{"@type":"WebPage","@id":"https:\/\/senegalndiaye.com\/%e2%9c%85-concours-dentree-au-centre-de-formation-artisanale-de-dakar\/","url":"https:\/\/senegalndiaye.com\/%e2%9c%85-concours-dentree-au-centre-de-formation-artisanale-de-dakar\/","name":"\u2705 Dakar Zanaat E\u011fitim Merkezi&#039;ne giri\u015f s\u0131nav\u0131 \u00bb Senegal Ndiaye","isPartOf":{"@id":"https:\/\/senegalndiaye.com\/#website"},"primaryImageOfPage":{"@id":"https:\/\/senegalndiaye.com\/%e2%9c%85-concours-dentree-au-centre-de-formation-artisanale-de-dakar\/#primaryimage"},"image":{"@id":"https:\/\/senegalndiaye.com\/%e2%9c%85-concours-dentree-au-centre-de-formation-artisanale-de-dakar\/#primaryimage"},"thumbnailUrl":"https:\/\/i0.wp.com\/senegalndiaye.com\/wp-content\/uploads\/2021\/11\/formation-artisanale.jpg?fit=800%2C450&ssl=1","datePublished":"2021-11-10T09:52:09+00:00","dateModified":"2022-04-29T13:20:55+00:00","description":"Rol\u00fc, becerilerinizi geli\u015ftirmenize ve alan\u0131n\u0131zda tan\u0131nm\u0131\u015f bir diploma alman\u0131za yard\u0131mc\u0131 olmakt\u0131r. Formaliteleri bu yaz\u0131da bulacaks\u0131n\u0131z.","breadcrumb":{"@id":"https:\/\/senegalndiaye.com\/%e2%9c%85-concours-dentree-au-centre-de-formation-artisanale-de-dakar\/#breadcrumb"},"inLanguage":"tr","potentialAction":[{"@type":"ReadAction","target":["https:\/\/senegalndiaye.com\/%e2%9c%85-concours-dentree-au-centre-de-formation-artisanale-de-dakar\/"]}]},{"@type":"ImageObject","inLanguage":"tr","@id":"https:\/\/senegalndiaye.com\/%e2%9c%85-concours-dentree-au-centre-de-formation-artisanale-de-dakar\/#primaryimage","url":"https:\/\/i0.wp.com\/senegalndiaye.com\/wp-content\/uploads\/2021\/11\/formation-artisanale.jpg?fit=800%2C450&ssl=1","contentUrl":"https:\/\/i0.wp.com\/senegalndiaye.com\/wp-content\/uploads\/2021\/11\/formation-artisanale.jpg?fit=800%2C450&ssl=1","width":800,"height":450,"caption":"concours centre de formation artisanale"},{"@type":"BreadcrumbList","@id":"https:\/\/senegalndiaye.com\/%e2%9c%85-concours-dentree-au-centre-de-formation-artisanale-de-dakar\/#breadcrumb","itemListElement":[{"@type":"ListItem","position":1,"name":"Accueil","item":"https:\/\/senegalndiaye.com\/"},{"@type":"ListItem","position":2,"name":"\u2705 Concours d\u2019entr\u00e9e au centre de formation artisanale de Dakar"}]},{"@type":"WebSite","@id":"https:\/\/senegalndiaye.com\/#website","url":"https:\/\/senegalndiaye.com\/","name":"Senegal Ndiaye","description":"Senegal&#039;deki en iyi yerleri bulun","publisher":{"@id":"https:\/\/senegalndiaye.com\/#organization"},"potentialAction":[{"@type":"SearchAction","target":{"@type":"EntryPoint","urlTemplate":"https:\/\/senegalndiaye.com\/?s={search_term_string}"},"query-input":{"@type":"PropertyValueSpecification","valueRequired":true,"valueName":"search_term_string"}}],"inLanguage":"tr"},{"@type":"Organization","@id":"https:\/\/senegalndiaye.com\/#organization","name":"Senegal Ndiaye","url":"https:\/\/senegalndiaye.com\/","logo":{"@type":"ImageObject","inLanguage":"tr","@id":"https:\/\/senegalndiaye.com\/#\/schema\/logo\/image\/","url":"https:\/\/senegalndiaye.com\/wp-content\/uploads\/2018\/05\/senegalndiaye_logo.png","contentUrl":"https:\/\/senegalndiaye.com\/wp-content\/uploads\/2018\/05\/senegalndiaye_logo.png","width":150,"height":106,"caption":"Senegal Ndiaye"},"image":{"@id":"https:\/\/senegalndiaye.com\/#\/schema\/logo\/image\/"},"sameAs":["https:\/\/www.facebook.com\/senegalndiaye4\/","https:\/\/x.com\/Senegalndiaye5","https:\/\/www.instagram.com\/senegalndiaye1\/","https:\/\/www.linkedin.com\/company\/senegal-ndiaye\/"]},{"@type":"Person","@id":"https:\/\/senegalndiaye.com\/#\/schema\/person\/c1e0d9f50bc68102f5a7368b7c9551f5","name":"moderat\u00f6r","image":{"@type":"ImageObject","inLanguage":"tr","@id":"https:\/\/senegalndiaye.com\/wp-content\/litespeed\/avatar\/3fb7bc779db92bd05c1837e9542df344.jpg?ver=1777309443","url":"https:\/\/senegalndiaye.com\/wp-content\/litespeed\/avatar\/3fb7bc779db92bd05c1837e9542df344.jpg?ver=1777309443","contentUrl":"https:\/\/senegalndiaye.com\/wp-content\/litespeed\/avatar\/3fb7bc779db92bd05c1837e9542df344.jpg?ver=1777309443","caption":"Moderateur"},"url":"https:\/\/senegalndiaye.com\/tr\/author\/sndigital\/"}]}},"jetpack_featured_media_url":"https:\/\/i0.wp.com\/senegalndiaye.com\/wp-content\/uploads\/2021\/11\/formation-artisanale.jpg?fit=800%2C450&ssl=1","jetpack_sharing_enabled":true,"jetpack-related-posts":[{"id":24737,"url":"https:\/\/senegalndiaye.com\/tr\/%e2%9c%85-concours-cfpt-senegal-japon-niveau-bac\/","url_meta":{"origin":24998,"position":0},"title":"\u2705 CFPT yar\u0131\u015fmas\u0131 \/ Senegal \u2013 Japonya bakalorya seviyesi","author":"Moderateur","date":"Eyl\u00fcl 16, 2021","format":false,"excerpt":"CFPT Yar\u0131\u015fmas\u0131 \/ Senegal - Japonya Lisans D\u00fczeyi CFPT Teknik Mesleki E\u011fitim Merkezi, Senegal Cumhuriyeti ve Japonya aras\u0131ndaki bir i\u015f birli\u011finin sonucudur. Bu enstit\u00fcn\u00fcn amac\u0131, gen\u00e7leri end\u00fcstriyel bak\u0131m mesleklerinde e\u011fitmektir. Senegalli lisans mezunlar\u0131na a\u00e7\u0131kt\u0131r\u2026","rel":"","context":"&quot;Blog&quot; i\u00e7inde","block_context":{"text":"Blog","link":"https:\/\/senegalndiaye.com\/tr\/category\/blog\/"},"img":{"alt_text":"concours cfpt \/ s\u00e9n\u00e9gal\/japon niveau bac","src":"https:\/\/i0.wp.com\/senegalndiaye.com\/wp-content\/uploads\/2021\/09\/cfpt.png?fit=600%2C414&ssl=1&resize=350%2C200","width":350,"height":200,"srcset":"https:\/\/i0.wp.com\/senegalndiaye.com\/wp-content\/uploads\/2021\/09\/cfpt.png?fit=600%2C414&ssl=1&resize=350%2C200 1x, https:\/\/i0.wp.com\/senegalndiaye.com\/wp-content\/uploads\/2021\/09\/cfpt.png?fit=600%2C414&ssl=1&resize=525%2C300 1.5x"},"classes":[]},{"id":24659,"url":"https:\/\/senegalndiaye.com\/tr\/%e2%9c%85-les-formations-en-journalisme-au-senegal\/","url_meta":{"origin":24998,"position":1},"title":"\u2705 Senegal&#039;de gazetecilik e\u011fitimi","author":"Moderateur","date":"A\u011fustos 27, 2021","format":false,"excerpt":"Bas\u0131nda e\u011fitim almak istiyorsunuz. G\u00fcn\u00fcm\u00fczde iyi yazmay\u0131 bilmek veya inan\u0131lmaz bir belagat yetene\u011fine sahip olmak yeterli de\u011fil. Asl\u0131nda, bu meslekte ilerlemenin yolu tan\u0131nm\u0131\u015f bir gazetecilik okuluna gitmekten ge\u00e7iyor. Hangi dersleri se\u00e7melisiniz? Dakar&#039;daki en iyi gazetecilik okullar\u0131 hangileri? Ke\u015ffedin...","rel":"","context":"&quot;Blog&quot; i\u00e7inde","block_context":{"text":"Blog","link":"https:\/\/senegalndiaye.com\/tr\/category\/blog\/"},"img":{"alt_text":"formation journalisme au senegal","src":"https:\/\/i0.wp.com\/senegalndiaye.com\/wp-content\/uploads\/2021\/08\/formation-journalisme-au-senegal.jpg?fit=480%2C323&ssl=1&resize=350%2C200","width":350,"height":200},"classes":[]},{"id":23946,"url":"https:\/\/senegalndiaye.com\/tr\/les-offres-de-formations-gratuites-au-senegal-2021\/","url_meta":{"origin":24998,"position":2},"title":"Senegal 2021&#039;de \u00fccretsiz e\u011fitim teklifleri","author":"Moderateur","date":"May\u0131s 4, 2021","format":false,"excerpt":"Devlet taraf\u0131ndan tan\u0131nan bir mesleki diploma sa\u011flayacak tamamen \u00fccretsiz bir okulda e\u011fitim mi ar\u0131yorsunuz? Senegal&#039;de onlarca okul var. Sunduklar\u0131 e\u011fitim neredeyse her alan\u0131 kaps\u0131yor. \u00dcstelik s\u0131navlar veya... yoluyla da eri\u015filebilirler.","rel":"","context":"&quot;actualit\u00e9&quot; i\u00e7inde","block_context":{"text":"actualit\u00e9","link":"https:\/\/senegalndiaye.com\/tr\/category\/actualite\/"},"img":{"alt_text":"offre de formation gratuite au S\u00e9n\u00e9gal 2021","src":"https:\/\/i0.wp.com\/senegalndiaye.com\/wp-content\/uploads\/2021\/05\/formation-2021.jpg?fit=849%2C566&ssl=1&resize=350%2C200","width":350,"height":200,"srcset":"https:\/\/i0.wp.com\/senegalndiaye.com\/wp-content\/uploads\/2021\/05\/formation-2021.jpg?fit=849%2C566&ssl=1&resize=350%2C200 1x, https:\/\/i0.wp.com\/senegalndiaye.com\/wp-content\/uploads\/2021\/05\/formation-2021.jpg?fit=849%2C566&ssl=1&resize=525%2C300 1.5x, https:\/\/i0.wp.com\/senegalndiaye.com\/wp-content\/uploads\/2021\/05\/formation-2021.jpg?fit=849%2C566&ssl=1&resize=700%2C400 2x"},"classes":[]},{"id":24778,"url":"https:\/\/senegalndiaye.com\/tr\/%e2%9c%85-les-meilleures-ecoles-en-transport-logistique-au-senegal\/","url_meta":{"origin":24998,"position":3},"title":"\u2705 Senegal&#039;deki En \u0130yi Lojistik Ta\u015f\u0131mac\u0131l\u0131k Okullar\u0131","author":"Moderateur","date":"Ekim 4, 2021","format":false,"excerpt":"Lojistik, liman end\u00fcstrisinin kalbinde yer al\u0131r. G\u00fcn\u00fcm\u00fczde \u00f6nemli kariyer f\u0131rsatlar\u0131 sunmaktad\u0131r. Bu alanda e\u011fitim almakla ilgileniyorsan\u0131z, size bir\u00e7ok se\u00e7enek mevcuttur. Nitekim, mesleki sertifikalardan y\u00fcksek lisans derecelerine kadar ula\u015ft\u0131rma lojisti\u011fi alan\u0131nda e\u011fitiminizi Senegal&#039;de alabilirsiniz. Peki hangi b\u00f6l\u00fcm\u00fc se\u00e7melisiniz? Neler...","rel":"","context":"&quot;Blog&quot; i\u00e7inde","block_context":{"text":"Blog","link":"https:\/\/senegalndiaye.com\/tr\/category\/blog\/"},"img":{"alt_text":"Les Meilleurs \u00e9coles en transport logistique au S\u00e9n\u00e9gal","src":"https:\/\/i0.wp.com\/senegalndiaye.com\/wp-content\/uploads\/2021\/10\/logistique.jpg?fit=1000%2C600&ssl=1&resize=350%2C200","width":350,"height":200,"srcset":"https:\/\/i0.wp.com\/senegalndiaye.com\/wp-content\/uploads\/2021\/10\/logistique.jpg?fit=1000%2C600&ssl=1&resize=350%2C200 1x, https:\/\/i0.wp.com\/senegalndiaye.com\/wp-content\/uploads\/2021\/10\/logistique.jpg?fit=1000%2C600&ssl=1&resize=525%2C300 1.5x, https:\/\/i0.wp.com\/senegalndiaye.com\/wp-content\/uploads\/2021\/10\/logistique.jpg?fit=1000%2C600&ssl=1&resize=700%2C400 2x"},"classes":[]},{"id":23859,"url":"https:\/\/senegalndiaye.com\/tr\/les-formations-en-electromecanique-au-senegal\/","url_meta":{"origin":24998,"position":4},"title":"Senegal&#039;de elektromekanik e\u011fitim","author":"Moderateur","date":"Nisan 14, 2021","format":false,"excerpt":"Senegal&#039;de bir\u00e7ok okul ve y\u00fcksek \u00f6\u011frenim kurumu elektromekanik alan\u0131nda e\u011fitim vermektedir. Nitekim bu meslek, elektrik, mekanik, elektronik, otomasyon ve elektrik m\u00fchendisli\u011fi gibi bir\u00e7ok sekt\u00f6r\u00fc kapsamaktad\u0131r. \u00c7ok \u00e7e\u015fitli beceriler gerektiren bir faaliyettir. Bu nedenle bir elektromekani\u011fin her i\u015fi yapabilen, bir tamirci oldu\u011fu s\u00f6ylenir. Ke\u015ffedin...","rel":"","context":"&quot;Blog&quot; i\u00e7inde","block_context":{"text":"Blog","link":"https:\/\/senegalndiaye.com\/tr\/category\/blog\/"},"img":{"alt_text":"formation en \u00e9lectrom\u00e9canique au S\u00e9n\u00e9gal","src":"https:\/\/i0.wp.com\/senegalndiaye.com\/wp-content\/uploads\/2021\/04\/electromecanique.jpg?fit=1177%2C432&ssl=1&resize=350%2C200","width":350,"height":200,"srcset":"https:\/\/i0.wp.com\/senegalndiaye.com\/wp-content\/uploads\/2021\/04\/electromecanique.jpg?fit=1177%2C432&ssl=1&resize=350%2C200 1x, https:\/\/i0.wp.com\/senegalndiaye.com\/wp-content\/uploads\/2021\/04\/electromecanique.jpg?fit=1177%2C432&ssl=1&resize=525%2C300 1.5x, https:\/\/i0.wp.com\/senegalndiaye.com\/wp-content\/uploads\/2021\/04\/electromecanique.jpg?fit=1177%2C432&ssl=1&resize=700%2C400 2x, https:\/\/i0.wp.com\/senegalndiaye.com\/wp-content\/uploads\/2021\/04\/electromecanique.jpg?fit=1177%2C432&ssl=1&resize=1050%2C600 3x"},"classes":[]},{"id":24334,"url":"https:\/\/senegalndiaye.com\/tr\/%e2%9c%85-formation-au-senegal-niveau-bfem-2021\/","url_meta":{"origin":24998,"position":5},"title":"\u2705 Senegal BFEM seviyesinde e\u011fitim \u2013 2024","author":"Moderateur","date":"Temmuz 16, 2021","format":false,"excerpt":"Senegal&#039;de BFEM d\u00fczeyinde e\u011fitim Senegal&#039;de art\u0131k BFEM d\u00fczeyinde bir e\u011fitim almak m\u00fcmk\u00fcn. Lise diplomas\u0131na sahip \u00f6\u011frenciler \u00e7e\u015fitli alanlarda e\u011fitim alabilirler. Sa\u011fl\u0131k, tar\u0131m ve hatta sanayideki mevcut alanlar da onlara a\u00e7\u0131kt\u0131r. \u0130\u015fte...","rel":"","context":"&quot;Blog&quot; i\u00e7inde","block_context":{"text":"Blog","link":"https:\/\/senegalndiaye.com\/tr\/category\/blog\/"},"img":{"alt_text":"formation niveau bfem au s\u00e9n\u00e9gal","src":"https:\/\/i0.wp.com\/senegalndiaye.com\/wp-content\/uploads\/2021\/07\/formation-niveau-bfem-senegal.jpg?fit=849%2C566&ssl=1&resize=350%2C200","width":350,"height":200,"srcset":"https:\/\/i0.wp.com\/senegalndiaye.com\/wp-content\/uploads\/2021\/07\/formation-niveau-bfem-senegal.jpg?fit=849%2C566&ssl=1&resize=350%2C200 1x, https:\/\/i0.wp.com\/senegalndiaye.com\/wp-content\/uploads\/2021\/07\/formation-niveau-bfem-senegal.jpg?fit=849%2C566&ssl=1&resize=525%2C300 1.5x, https:\/\/i0.wp.com\/senegalndiaye.com\/wp-content\/uploads\/2021\/07\/formation-niveau-bfem-senegal.jpg?fit=849%2C566&ssl=1&resize=700%2C400 2x"},"classes":[]}],"_links":{"self":[{"href":"https:\/\/senegalndiaye.com\/tr\/wp-json\/wp\/v2\/posts\/24998","targetHints":{"allow":["GET"]}}],"collection":[{"href":"https:\/\/senegalndiaye.com\/tr\/wp-json\/wp\/v2\/posts"}],"about":[{"href":"https:\/\/senegalndiaye.com\/tr\/wp-json\/wp\/v2\/types\/post"}],"author":[{"embeddable":true,"href":"https:\/\/senegalndiaye.com\/tr\/wp-json\/wp\/v2\/users\/8"}],"replies":[{"embeddable":true,"href":"https:\/\/senegalndiaye.com\/tr\/wp-json\/wp\/v2\/comments?post=24998"}],"version-history":[{"count":1,"href":"https:\/\/senegalndiaye.com\/tr\/wp-json\/wp\/v2\/posts\/24998\/revisions"}],"predecessor-version":[{"id":25000,"href":"https:\/\/senegalndiaye.com\/tr\/wp-json\/wp\/v2\/posts\/24998\/revisions\/25000"}],"wp:featuredmedia":[{"embeddable":true,"href":"https:\/\/senegalndiaye.com\/tr\/wp-json\/wp\/v2\/media\/24999"}],"wp:attachment":[{"href":"https:\/\/senegalndiaye.com\/tr\/wp-json\/wp\/v2\/media?parent=24998"}],"wp:term":[{"taxonomy":"category","embeddable":true,"href":"https:\/\/senegalndiaye.com\/tr\/wp-json\/wp\/v2\/categories?post=24998"},{"taxonomy":"post_tag","embeddable":true,"href":"https:\/\/senegalndiaye.com\/tr\/wp-json\/wp\/v2\/tags?post=24998"}],"curies":[{"name":"wp","href":"https:\/\/api.w.org\/{rel}","templated":true}]}}