{"id":24857,"date":"2021-10-19T15:21:50","date_gmt":"2021-10-19T15:21:50","guid":{"rendered":"https:\/\/senegalndiaye.com\/?p=24857"},"modified":"2024-12-06T13:47:29","modified_gmt":"2024-12-06T13:47:29","slug":"%e2%9c%85-formations-en-design-graphique-au-senegal","status":"publish","type":"post","link":"https:\/\/senegalndiaye.com\/tr\/%e2%9c%85-formations-en-design-graphique-au-senegal\/","title":{"rendered":"\u2705 Senegal&#039;de grafik tasar\u0131m e\u011fitimi"},"content":{"rendered":"<p>Grafik tasar\u0131mc\u0131 olmak istiyorsunuz. G\u00fcn\u00fcm\u00fczde bu mesle\u011fi lay\u0131k\u0131yla yapabilmek i\u00e7in e\u011fitim \u015fart. Ger\u00e7ekten de, bu alanda kendinizi \u00f6\u011frenmenize ve sertifikaland\u0131rman\u0131za izin verecektir. Ama hangi kursu se\u00e7meli? Hangi e\u011fitim okuluna gittin? Ve e\u011fitiminizin sonunda hangi i\u015fi se\u00e7melisiniz? Stok al\u0131yoruz. Bu makalede Senegal&#039;deki grafik tasar\u0131m e\u011fitim kurslar\u0131n\u0131 ke\u015ffedin.<\/p>\n<h2><strong>Senegal&#039;de farkl\u0131 grafik tasar\u0131m e\u011fitimi t\u00fcrleri <\/strong><\/h2>\n<p>Senegal&#039;de size ticaretin i\u015fleyi\u015fini \u00f6\u011frenme \u015fans\u0131 veren \u00e7e\u015fitli grafik tasar\u0131m e\u011fitimi t\u00fcrleri vard\u0131r. Ger\u00e7ekten de BTS yapmak, lisans veya usta aras\u0131nda se\u00e7im yapabilirsiniz.<\/p>\n<h3><strong>BTS, Senegal&#039;de grafik tasar\u0131mda<\/strong><\/h3>\n<p>BTS grafik tasar\u0131mda 2 y\u0131l s\u00fcrer. Yaz\u0131l\u0131 medya ve dijital medya olmak \u00fczere ikiye ayr\u0131l\u0131r. Amac\u0131, size serbest \u00e7al\u0131\u015fan veya reklam ajanslar\u0131nda \u00e7al\u0131\u015fmak i\u00e7in gerekli becerileri kazand\u0131rmakt\u0131r. Program etraf\u0131nda d\u00f6ner:<\/p>\n<ul>\n<li>Grafik tasar\u0131mda k\u00fclt\u00fcr<\/li>\n<li>Plastik ve dijital tasar\u0131m<\/li>\n<li>Farkl\u0131 grafik d\u00fczenleme ortamlar\u0131<\/li>\n<\/ul>\n<h3><strong>Senegal&#039;de grafik tasar\u0131m lisans\u0131<\/strong><\/h3>\n<p>Grafik tasar\u0131m lisans\u0131 Senegal&#039;de d\u00fczg\u00fcn bir \u015fekilde mevcut de\u011fil. Nitekim bilgisayar grafikleri gibi di\u011fer e\u011fitimlerin i\u00e7inde yer almaktad\u0131r. \u0130kincisi, ticareti \u00f6\u011frenmenize ve daha sonra bu alanda uzmanla\u015fman\u0131za olanak tan\u0131r. Grafik tasar\u0131m ve g\u00f6rsel tasar\u0131m sekt\u00f6r\u00fcn\u00fcn mesleklerini \u00f6\u011frenece\u011finiz e\u011fitim 3 y\u0131l s\u00fcrmektedir. Bu e\u015fde\u011fer diplomalar\u0131 da se\u00e7ebilirsiniz:<\/p>\n<ul>\n<li>Grafik Tasar\u0131mc\u0131da Lisans<\/li>\n<li>G\u00f6rsel ileti\u015fimde lisans<\/li>\n<\/ul>\n<h3><strong>Senegal&#039;de Grafik Tasar\u0131m Y\u00fcksek Lisans\u0131 <\/strong><\/h3>\n<p>Grafik tasar\u0131m alan\u0131nda y\u00fcksek lisans derecesi bac+5 diplomas\u0131d\u0131r. Ger\u00e7ekten de, bilginizi derinle\u015ftirmenizi sa\u011flar. Ama ayn\u0131 zamanda grafik tasar\u0131mda verilen bir problemi \u00e7\u00f6zmek i\u00e7in gerekli becerilere sahip olmak. E\u011fitim s\u00fcresince web tasar\u0131m\u0131, grafik tasar\u0131m ve dijital ileti\u015fimi \u00f6\u011freneceksiniz. Program a\u015fa\u011f\u0131dakilerle ilgilidir:<\/p>\n<ul>\n<li>Proje Y\u00f6netimi<\/li>\n<li>HTML ve CSS programlama dilleri<\/li>\n<li>Hareket Tasar\u0131m\u0131<\/li>\n<li>3D bask\u0131lar vb.<\/li>\n<\/ul>\n<h2><strong>Senegal&#039;deki grafik tasar\u0131m e\u011fitim okullar\u0131 <\/strong><\/h2>\n<p>Senegal&#039;de grafik tasar\u0131ma adanm\u0131\u015f e\u011fitim okullar\u0131 var. Ger\u00e7ekten de, ikincisi size bu alanda lisans veya y\u00fcksek lisans yapma f\u0131rsat\u0131 verir.<\/p>\n<h3><strong>supimax<\/strong><\/h3>\n<p>Grafik ve dijital sanatlar alan\u0131nda e\u011fitim vermektedir. Uzmanlar ve \u00f6\u011frenciler yeti\u015ftirir. Ayr\u0131ca tasar\u0131m, g\u00f6r\u00fcnt\u00fc i\u015fleme ve web entegrasyonunu \u00f6\u011frenmenize yard\u0131mc\u0131 olur. Ancak, Grafik Sanatlar\u0131 alan\u0131nda bir lisans ve y\u00fcksek lisans derecesi sunar. Program Bilgisayar Grafikleri, Web Tasar\u0131mc\u0131s\u0131 ve Hareket Tasar\u0131mc\u0131s\u0131 ile ilgilidir.<\/p>\n<h4><strong>Supimax&#039;a giri\u015f<\/strong><\/h4>\n<p>Supimax&#039;a giri\u015f iki ad\u0131mda yap\u0131l\u0131r. \u0130lk olarak, \u00f6nce bir e\u011fitim konseyi ile g\u00f6r\u00fc\u015fmeniz gerekir. \u0130kincisi, se\u00e7ti\u011finiz e\u011fitimin yan\u0131 s\u0131ra kay\u0131t \u00fccretleri hakk\u0131nda size gerekli bilgileri verecektir. Bu r\u00f6portaja kendi web sitesinden ula\u015fabilirsiniz. <a href=\"http:\/\/www.supimax.com\">www.supimax.com<\/a>. Ard\u0131ndan sitede yap\u0131lan kay\u0131t i\u015flemlerine ge\u00e7eceksiniz.<\/p>\n<h4><strong>Sa\u011flanacak kay\u0131t dosyas\u0131 <\/strong><\/h4>\n<p>Kaydolmadan \u00f6nce, a\u015fa\u011f\u0131daki belgeleri arad\u0131\u011f\u0131n\u0131zdan emin olun:<\/p>\n<ul>\n<li>Bir okul kay\u0131t formu<\/li>\n<li>\u0130ki vesikal\u0131k foto\u011fraf<\/li>\n<li>N\u00fcfus c\u00fczdan\u0131 veya pasaport fotokopisi<\/li>\n<li>Bakalorya diploman\u0131z\u0131n yasalla\u015ft\u0131r\u0131lm\u0131\u015f bir fotokopisi<\/li>\n<\/ul>\n<h3><strong>Yux Dakar <\/strong><\/h3>\n<p>Yux, May\u0131s 2016&#039;da piyasaya s\u00fcr\u00fcld\u00fc. Amac\u0131, Senegal&#039;de ve alt b\u00f6lgede tasar\u0131m\u0131 demokratikle\u015ftirmek. Tasar\u0131m ve UX konular\u0131nda profesyonel e\u011fitim vermektedir.<\/p>\n<h4><strong>Yux&#039;ta e\u011fitim<\/strong><\/h4>\n<p>Yux&#039;ta \u00f6\u011frenim, 2 ila 3 haftal\u0131k bir s\u00fcrede, yani g\u00fcnde 2 ila 3 saat derste \u00e7evrimi\u00e7i olarak yap\u0131l\u0131r. Ancak, okul her grubun en iyi \u00f6\u011frencilerine 3 ayl\u0131k staj imkan\u0131 sunar. Bu onlar\u0131n seviyelerini geli\u015ftirmelerini sa\u011flayacakt\u0131r.<\/p>\n<h4><strong>E\u011fitime kimler kay\u0131t yapt\u0131rabilir? <\/strong><\/h4>\n<p>Bu e\u011fitimi yapabilmek i\u00e7in yaz\u0131l\u0131m programlama ve grafik tasar\u0131m becerilerine sahip olman\u0131z gerekir. Kay\u0131ttan 7 ay sonra m\u00fcsait olmal\u0131s\u0131n\u0131z. Kay\u0131t olmak i\u00e7in resmi web sitesine gidin <a href=\"http:\/\/www.yux.design\">yux.design\/akademi<\/a>.<\/p>\n<h4><strong>e\u011fitim maliyeti <\/strong><\/h4>\n<p>E\u011fitimi yapmak i\u00e7in, kurs ba\u015flamadan \u00f6nce 50.000 CFA frang\u0131 \u00f6demeniz gerekir. Geri kalan\u0131 ise staj maa\u015flar\u0131n\u0131zdan, yani 6 ay boyunca 15 % kesilecektir.<\/p>\n<h2><strong>Senegal&#039;de grafik tasar\u0131m e\u011fitimi i\u00e7in f\u0131rsatlar <\/strong><\/h2>\n<p>Antremandan sonra <strong>Senegal&#039;de grafik tasar\u0131m<\/strong>, farkl\u0131 pozisyonlar\u0131 i\u015fgal edebilirsiniz. Ger\u00e7ekten de, e\u011fitim grafik tasar\u0131m veya multimedya alan\u0131nda \u00e7al\u0131\u015fman\u0131za izin verir. B\u00f6ylece \u015fu \u015fekilde \u00e7al\u0131\u015fabilirsiniz:<\/p>\n<ul>\n<li>web tasar\u0131mc\u0131s\u0131<\/li>\n<li>Multimedya proje y\u00f6neticisi<\/li>\n<li>Sanat Y\u00f6netmeni<\/li>\n<li>Bilgisayar grafik tasar\u0131mc\u0131s\u0131<\/li>\n<\/ul>\n<p>Senegal&#039;de grafik tasar\u0131m e\u011fitimi, size grafik tasar\u0131m alan\u0131nda e\u011fitim alma ve mesle\u011fin \u00e7e\u015fitli alanlar\u0131nda faaliyet g\u00f6sterme f\u0131rsat\u0131 verir.<\/p>\n<p>T\u00fcm makalelerimizi sitemizde bulabilirsiniz.<a href=\"https:\/\/senegalndiaye.com\/tr\/blog\/\"> Blog<\/a><\/p>","protected":false},"excerpt":{"rendered":"<p>Vous voulez devenir designer graphiste. Aujourd\u2019hui, pour faire cette profession convenablement une formation est n\u00e9cessaire. En effet, elle vous permettra d\u2019apprendre et de vous certifier dans le domaine. Mais quel cursus choisir\u2009? Dans quelle \u00e9cole de formation faire votre parcours\u2009? Et quel m\u00e9tier embrasser \u00e0 la fin de votre formation\u2009? Nous faisons le point. D\u00e9couvrez [&hellip;]<\/p>\n","protected":false},"author":8,"featured_media":24858,"comment_status":"open","ping_status":"open","sticky":false,"template":"","format":"standard","meta":{"_jetpack_memberships_contains_paid_content":false,"footnotes":""},"categories":[83,585],"tags":[],"class_list":["post-24857","post","type-post","status-publish","format-standard","has-post-thumbnail","hentry","category-blog","category-formations-superieures-au-senegal"],"yoast_head":"<!-- This site is optimized with the Yoast SEO plugin v27.5 - https:\/\/yoast.com\/product\/yoast-seo-wordpress\/ -->\n<title>\u2705 Formations en design graphique au S\u00e9n\u00e9gal &#187; Senegal Ndiaye<\/title>\n<meta name=\"description\" content=\"D\u00e9couvrez dans cet article les formations en design graphique au S\u00e9n\u00e9gal.\u00a0\" \/>\n<meta name=\"robots\" content=\"index, follow, max-snippet:-1, max-image-preview:large, max-video-preview:-1\" \/>\n<link rel=\"canonical\" href=\"https:\/\/senegalndiaye.com\/tr\/\u2705-formations-en-design-graphique-au-senegal\/\" \/>\n<meta property=\"og:locale\" content=\"tr_TR\" \/>\n<meta property=\"og:type\" content=\"article\" \/>\n<meta property=\"og:title\" content=\"\u2705 Formations en design graphique au S\u00e9n\u00e9gal &#187; Senegal Ndiaye\" \/>\n<meta property=\"og:description\" content=\"D\u00e9couvrez dans cet article les formations en design graphique au S\u00e9n\u00e9gal.\u00a0\" \/>\n<meta property=\"og:url\" content=\"https:\/\/senegalndiaye.com\/tr\/\u2705-formations-en-design-graphique-au-senegal\/\" \/>\n<meta property=\"og:site_name\" content=\"Senegal Ndiaye\" \/>\n<meta property=\"article:publisher\" content=\"https:\/\/www.facebook.com\/senegalndiaye4\/\" \/>\n<meta property=\"article:published_time\" content=\"2021-10-19T15:21:50+00:00\" \/>\n<meta property=\"article:modified_time\" content=\"2024-12-06T13:47:29+00:00\" \/>\n<meta property=\"og:image\" content=\"https:\/\/senegalndiaye.com\/wp-content\/uploads\/2021\/10\/formation-design.png\" \/>\n\t<meta property=\"og:image:width\" content=\"1861\" \/>\n\t<meta property=\"og:image:height\" content=\"1196\" \/>\n\t<meta property=\"og:image:type\" content=\"image\/png\" \/>\n<meta name=\"author\" content=\"Moderateur\" \/>\n<meta name=\"twitter:card\" content=\"summary_large_image\" \/>\n<meta name=\"twitter:creator\" content=\"@Senegalndiaye5\" \/>\n<meta name=\"twitter:site\" content=\"@Senegalndiaye5\" \/>\n<meta name=\"twitter:label1\" content=\"Yazan:\" \/>\n\t<meta name=\"twitter:data1\" content=\"Moderateur\" \/>\n\t<meta name=\"twitter:label2\" content=\"Tahmini okuma s\u00fcresi\" \/>\n\t<meta name=\"twitter:data2\" content=\"5 dakika\" \/>\n<script type=\"application\/ld+json\" class=\"yoast-schema-graph\">{\"@context\":\"https:\\\/\\\/schema.org\",\"@graph\":[{\"@type\":\"Article\",\"@id\":\"https:\\\/\\\/senegalndiaye.com\\\/%e2%9c%85-formations-en-design-graphique-au-senegal\\\/#article\",\"isPartOf\":{\"@id\":\"https:\\\/\\\/senegalndiaye.com\\\/%e2%9c%85-formations-en-design-graphique-au-senegal\\\/\"},\"author\":{\"name\":\"Moderateur\",\"@id\":\"https:\\\/\\\/senegalndiaye.com\\\/#\\\/schema\\\/person\\\/c1e0d9f50bc68102f5a7368b7c9551f5\"},\"headline\":\"\u2705 Formations en design graphique au S\u00e9n\u00e9gal\",\"datePublished\":\"2021-10-19T15:21:50+00:00\",\"dateModified\":\"2024-12-06T13:47:29+00:00\",\"mainEntityOfPage\":{\"@id\":\"https:\\\/\\\/senegalndiaye.com\\\/%e2%9c%85-formations-en-design-graphique-au-senegal\\\/\"},\"wordCount\":865,\"commentCount\":3,\"publisher\":{\"@id\":\"https:\\\/\\\/senegalndiaye.com\\\/#organization\"},\"image\":{\"@id\":\"https:\\\/\\\/senegalndiaye.com\\\/%e2%9c%85-formations-en-design-graphique-au-senegal\\\/#primaryimage\"},\"thumbnailUrl\":\"https:\\\/\\\/i0.wp.com\\\/senegalndiaye.com\\\/wp-content\\\/uploads\\\/2021\\\/10\\\/formation-design.png?fit=1861%2C1196&ssl=1\",\"articleSection\":[\"Blog\",\"Formations sup\u00e9rieures au S\u00e9n\u00e9gal\"],\"inLanguage\":\"tr\",\"potentialAction\":[{\"@type\":\"CommentAction\",\"name\":\"Comment\",\"target\":[\"https:\\\/\\\/senegalndiaye.com\\\/%e2%9c%85-formations-en-design-graphique-au-senegal\\\/#respond\"]}]},{\"@type\":\"WebPage\",\"@id\":\"https:\\\/\\\/senegalndiaye.com\\\/%e2%9c%85-formations-en-design-graphique-au-senegal\\\/\",\"url\":\"https:\\\/\\\/senegalndiaye.com\\\/%e2%9c%85-formations-en-design-graphique-au-senegal\\\/\",\"name\":\"\u2705 Formations en design graphique au S\u00e9n\u00e9gal &#187; Senegal Ndiaye\",\"isPartOf\":{\"@id\":\"https:\\\/\\\/senegalndiaye.com\\\/#website\"},\"primaryImageOfPage\":{\"@id\":\"https:\\\/\\\/senegalndiaye.com\\\/%e2%9c%85-formations-en-design-graphique-au-senegal\\\/#primaryimage\"},\"image\":{\"@id\":\"https:\\\/\\\/senegalndiaye.com\\\/%e2%9c%85-formations-en-design-graphique-au-senegal\\\/#primaryimage\"},\"thumbnailUrl\":\"https:\\\/\\\/i0.wp.com\\\/senegalndiaye.com\\\/wp-content\\\/uploads\\\/2021\\\/10\\\/formation-design.png?fit=1861%2C1196&ssl=1\",\"datePublished\":\"2021-10-19T15:21:50+00:00\",\"dateModified\":\"2024-12-06T13:47:29+00:00\",\"description\":\"D\u00e9couvrez dans cet article les formations en design graphique au S\u00e9n\u00e9gal.\u00a0\",\"breadcrumb\":{\"@id\":\"https:\\\/\\\/senegalndiaye.com\\\/%e2%9c%85-formations-en-design-graphique-au-senegal\\\/#breadcrumb\"},\"inLanguage\":\"tr\",\"potentialAction\":[{\"@type\":\"ReadAction\",\"target\":[\"https:\\\/\\\/senegalndiaye.com\\\/%e2%9c%85-formations-en-design-graphique-au-senegal\\\/\"]}]},{\"@type\":\"ImageObject\",\"inLanguage\":\"tr\",\"@id\":\"https:\\\/\\\/senegalndiaye.com\\\/%e2%9c%85-formations-en-design-graphique-au-senegal\\\/#primaryimage\",\"url\":\"https:\\\/\\\/i0.wp.com\\\/senegalndiaye.com\\\/wp-content\\\/uploads\\\/2021\\\/10\\\/formation-design.png?fit=1861%2C1196&ssl=1\",\"contentUrl\":\"https:\\\/\\\/i0.wp.com\\\/senegalndiaye.com\\\/wp-content\\\/uploads\\\/2021\\\/10\\\/formation-design.png?fit=1861%2C1196&ssl=1\",\"width\":1861,\"height\":1196,\"caption\":\"Formation design graphique S\u00e9n\u00e9gal\"},{\"@type\":\"BreadcrumbList\",\"@id\":\"https:\\\/\\\/senegalndiaye.com\\\/%e2%9c%85-formations-en-design-graphique-au-senegal\\\/#breadcrumb\",\"itemListElement\":[{\"@type\":\"ListItem\",\"position\":1,\"name\":\"Accueil\",\"item\":\"https:\\\/\\\/senegalndiaye.com\\\/\"},{\"@type\":\"ListItem\",\"position\":2,\"name\":\"\u2705 Formations en design graphique au S\u00e9n\u00e9gal\"}]},{\"@type\":\"WebSite\",\"@id\":\"https:\\\/\\\/senegalndiaye.com\\\/#website\",\"url\":\"https:\\\/\\\/senegalndiaye.com\\\/\",\"name\":\"Senegal Ndiaye\",\"description\":\"Retrouvez les meilleurs endroits du S\u00e9n\u00e9gal\",\"publisher\":{\"@id\":\"https:\\\/\\\/senegalndiaye.com\\\/#organization\"},\"potentialAction\":[{\"@type\":\"SearchAction\",\"target\":{\"@type\":\"EntryPoint\",\"urlTemplate\":\"https:\\\/\\\/senegalndiaye.com\\\/?s={search_term_string}\"},\"query-input\":{\"@type\":\"PropertyValueSpecification\",\"valueRequired\":true,\"valueName\":\"search_term_string\"}}],\"inLanguage\":\"tr\"},{\"@type\":\"Organization\",\"@id\":\"https:\\\/\\\/senegalndiaye.com\\\/#organization\",\"name\":\"Senegal Ndiaye\",\"url\":\"https:\\\/\\\/senegalndiaye.com\\\/\",\"logo\":{\"@type\":\"ImageObject\",\"inLanguage\":\"tr\",\"@id\":\"https:\\\/\\\/senegalndiaye.com\\\/#\\\/schema\\\/logo\\\/image\\\/\",\"url\":\"https:\\\/\\\/senegalndiaye.com\\\/wp-content\\\/uploads\\\/2018\\\/05\\\/senegalndiaye_logo.png\",\"contentUrl\":\"https:\\\/\\\/senegalndiaye.com\\\/wp-content\\\/uploads\\\/2018\\\/05\\\/senegalndiaye_logo.png\",\"width\":150,\"height\":106,\"caption\":\"Senegal Ndiaye\"},\"image\":{\"@id\":\"https:\\\/\\\/senegalndiaye.com\\\/#\\\/schema\\\/logo\\\/image\\\/\"},\"sameAs\":[\"https:\\\/\\\/www.facebook.com\\\/senegalndiaye4\\\/\",\"https:\\\/\\\/x.com\\\/Senegalndiaye5\",\"https:\\\/\\\/www.instagram.com\\\/senegalndiaye1\\\/\",\"https:\\\/\\\/www.linkedin.com\\\/company\\\/senegal-ndiaye\\\/\"]},{\"@type\":\"Person\",\"@id\":\"https:\\\/\\\/senegalndiaye.com\\\/#\\\/schema\\\/person\\\/c1e0d9f50bc68102f5a7368b7c9551f5\",\"name\":\"Moderateur\",\"image\":{\"@type\":\"ImageObject\",\"inLanguage\":\"tr\",\"@id\":\"https:\\\/\\\/senegalndiaye.com\\\/wp-content\\\/litespeed\\\/avatar\\\/3fb7bc779db92bd05c1837e9542df344.jpg?ver=1777309443\",\"url\":\"https:\\\/\\\/senegalndiaye.com\\\/wp-content\\\/litespeed\\\/avatar\\\/3fb7bc779db92bd05c1837e9542df344.jpg?ver=1777309443\",\"contentUrl\":\"https:\\\/\\\/senegalndiaye.com\\\/wp-content\\\/litespeed\\\/avatar\\\/3fb7bc779db92bd05c1837e9542df344.jpg?ver=1777309443\",\"caption\":\"Moderateur\"},\"url\":\"https:\\\/\\\/senegalndiaye.com\\\/tr\\\/author\\\/sndigital\\\/\"}]}<\/script>\n<!-- \/ Yoast SEO plugin. -->","yoast_head_json":{"title":"\u2705 Senegal&#039;de grafik tasar\u0131m e\u011fitimi \u00bb Senegal Ndiaye","description":"Bu makalede Senegal&#039;deki grafik tasar\u0131m e\u011fitim kurslar\u0131n\u0131 ke\u015ffedin.\u00a0","robots":{"index":"index","follow":"follow","max-snippet":"max-snippet:-1","max-image-preview":"max-image-preview:large","max-video-preview":"max-video-preview:-1"},"canonical":"https:\/\/senegalndiaye.com\/tr\/\u2705-formations-en-design-graphique-au-senegal\/","og_locale":"tr_TR","og_type":"article","og_title":"\u2705 Formations en design graphique au S\u00e9n\u00e9gal &#187; Senegal Ndiaye","og_description":"D\u00e9couvrez dans cet article les formations en design graphique au S\u00e9n\u00e9gal.\u00a0","og_url":"https:\/\/senegalndiaye.com\/tr\/\u2705-formations-en-design-graphique-au-senegal\/","og_site_name":"Senegal Ndiaye","article_publisher":"https:\/\/www.facebook.com\/senegalndiaye4\/","article_published_time":"2021-10-19T15:21:50+00:00","article_modified_time":"2024-12-06T13:47:29+00:00","og_image":[{"width":1861,"height":1196,"url":"https:\/\/senegalndiaye.com\/wp-content\/uploads\/2021\/10\/formation-design.png","type":"image\/png"}],"author":"Moderateur","twitter_card":"summary_large_image","twitter_creator":"@Senegalndiaye5","twitter_site":"@Senegalndiaye5","twitter_misc":{"Yazan:":"Moderateur","Tahmini okuma s\u00fcresi":"5 dakika"},"schema":{"@context":"https:\/\/schema.org","@graph":[{"@type":"Article","@id":"https:\/\/senegalndiaye.com\/%e2%9c%85-formations-en-design-graphique-au-senegal\/#article","isPartOf":{"@id":"https:\/\/senegalndiaye.com\/%e2%9c%85-formations-en-design-graphique-au-senegal\/"},"author":{"name":"Moderateur","@id":"https:\/\/senegalndiaye.com\/#\/schema\/person\/c1e0d9f50bc68102f5a7368b7c9551f5"},"headline":"\u2705 Formations en design graphique au S\u00e9n\u00e9gal","datePublished":"2021-10-19T15:21:50+00:00","dateModified":"2024-12-06T13:47:29+00:00","mainEntityOfPage":{"@id":"https:\/\/senegalndiaye.com\/%e2%9c%85-formations-en-design-graphique-au-senegal\/"},"wordCount":865,"commentCount":3,"publisher":{"@id":"https:\/\/senegalndiaye.com\/#organization"},"image":{"@id":"https:\/\/senegalndiaye.com\/%e2%9c%85-formations-en-design-graphique-au-senegal\/#primaryimage"},"thumbnailUrl":"https:\/\/i0.wp.com\/senegalndiaye.com\/wp-content\/uploads\/2021\/10\/formation-design.png?fit=1861%2C1196&ssl=1","articleSection":["Blog","Formations sup\u00e9rieures au S\u00e9n\u00e9gal"],"inLanguage":"tr","potentialAction":[{"@type":"CommentAction","name":"Comment","target":["https:\/\/senegalndiaye.com\/%e2%9c%85-formations-en-design-graphique-au-senegal\/#respond"]}]},{"@type":"WebPage","@id":"https:\/\/senegalndiaye.com\/%e2%9c%85-formations-en-design-graphique-au-senegal\/","url":"https:\/\/senegalndiaye.com\/%e2%9c%85-formations-en-design-graphique-au-senegal\/","name":"\u2705 Senegal&#039;de grafik tasar\u0131m e\u011fitimi \u00bb Senegal Ndiaye","isPartOf":{"@id":"https:\/\/senegalndiaye.com\/#website"},"primaryImageOfPage":{"@id":"https:\/\/senegalndiaye.com\/%e2%9c%85-formations-en-design-graphique-au-senegal\/#primaryimage"},"image":{"@id":"https:\/\/senegalndiaye.com\/%e2%9c%85-formations-en-design-graphique-au-senegal\/#primaryimage"},"thumbnailUrl":"https:\/\/i0.wp.com\/senegalndiaye.com\/wp-content\/uploads\/2021\/10\/formation-design.png?fit=1861%2C1196&ssl=1","datePublished":"2021-10-19T15:21:50+00:00","dateModified":"2024-12-06T13:47:29+00:00","description":"Bu makalede Senegal&#039;deki grafik tasar\u0131m e\u011fitim kurslar\u0131n\u0131 ke\u015ffedin.\u00a0","breadcrumb":{"@id":"https:\/\/senegalndiaye.com\/%e2%9c%85-formations-en-design-graphique-au-senegal\/#breadcrumb"},"inLanguage":"tr","potentialAction":[{"@type":"ReadAction","target":["https:\/\/senegalndiaye.com\/%e2%9c%85-formations-en-design-graphique-au-senegal\/"]}]},{"@type":"ImageObject","inLanguage":"tr","@id":"https:\/\/senegalndiaye.com\/%e2%9c%85-formations-en-design-graphique-au-senegal\/#primaryimage","url":"https:\/\/i0.wp.com\/senegalndiaye.com\/wp-content\/uploads\/2021\/10\/formation-design.png?fit=1861%2C1196&ssl=1","contentUrl":"https:\/\/i0.wp.com\/senegalndiaye.com\/wp-content\/uploads\/2021\/10\/formation-design.png?fit=1861%2C1196&ssl=1","width":1861,"height":1196,"caption":"Formation design graphique S\u00e9n\u00e9gal"},{"@type":"BreadcrumbList","@id":"https:\/\/senegalndiaye.com\/%e2%9c%85-formations-en-design-graphique-au-senegal\/#breadcrumb","itemListElement":[{"@type":"ListItem","position":1,"name":"Accueil","item":"https:\/\/senegalndiaye.com\/"},{"@type":"ListItem","position":2,"name":"\u2705 Formations en design graphique au S\u00e9n\u00e9gal"}]},{"@type":"WebSite","@id":"https:\/\/senegalndiaye.com\/#website","url":"https:\/\/senegalndiaye.com\/","name":"Senegal Ndiaye","description":"Senegal&#039;deki en iyi yerleri bulun","publisher":{"@id":"https:\/\/senegalndiaye.com\/#organization"},"potentialAction":[{"@type":"SearchAction","target":{"@type":"EntryPoint","urlTemplate":"https:\/\/senegalndiaye.com\/?s={search_term_string}"},"query-input":{"@type":"PropertyValueSpecification","valueRequired":true,"valueName":"search_term_string"}}],"inLanguage":"tr"},{"@type":"Organization","@id":"https:\/\/senegalndiaye.com\/#organization","name":"Senegal Ndiaye","url":"https:\/\/senegalndiaye.com\/","logo":{"@type":"ImageObject","inLanguage":"tr","@id":"https:\/\/senegalndiaye.com\/#\/schema\/logo\/image\/","url":"https:\/\/senegalndiaye.com\/wp-content\/uploads\/2018\/05\/senegalndiaye_logo.png","contentUrl":"https:\/\/senegalndiaye.com\/wp-content\/uploads\/2018\/05\/senegalndiaye_logo.png","width":150,"height":106,"caption":"Senegal Ndiaye"},"image":{"@id":"https:\/\/senegalndiaye.com\/#\/schema\/logo\/image\/"},"sameAs":["https:\/\/www.facebook.com\/senegalndiaye4\/","https:\/\/x.com\/Senegalndiaye5","https:\/\/www.instagram.com\/senegalndiaye1\/","https:\/\/www.linkedin.com\/company\/senegal-ndiaye\/"]},{"@type":"Person","@id":"https:\/\/senegalndiaye.com\/#\/schema\/person\/c1e0d9f50bc68102f5a7368b7c9551f5","name":"moderat\u00f6r","image":{"@type":"ImageObject","inLanguage":"tr","@id":"https:\/\/senegalndiaye.com\/wp-content\/litespeed\/avatar\/3fb7bc779db92bd05c1837e9542df344.jpg?ver=1777309443","url":"https:\/\/senegalndiaye.com\/wp-content\/litespeed\/avatar\/3fb7bc779db92bd05c1837e9542df344.jpg?ver=1777309443","contentUrl":"https:\/\/senegalndiaye.com\/wp-content\/litespeed\/avatar\/3fb7bc779db92bd05c1837e9542df344.jpg?ver=1777309443","caption":"Moderateur"},"url":"https:\/\/senegalndiaye.com\/tr\/author\/sndigital\/"}]}},"jetpack_featured_media_url":"https:\/\/i0.wp.com\/senegalndiaye.com\/wp-content\/uploads\/2021\/10\/formation-design.png?fit=1861%2C1196&ssl=1","jetpack_sharing_enabled":true,"jetpack-related-posts":[{"id":24795,"url":"https:\/\/senegalndiaye.com\/tr\/%e2%9c%85-formations-accelerees-en-infographie-a-dakar\/","url_meta":{"origin":24857,"position":0},"title":"\u2705 Dakar&#039;da h\u0131zland\u0131r\u0131lm\u0131\u015f bilgisayar grafikleri e\u011fitimi","author":"Moderateur","date":"Ekim 13, 2021","format":false,"excerpt":"Dakar&#039;daki h\u0131zland\u0131r\u0131lm\u0131\u015f bilgisayar grafikleri e\u011fitimi, \u00f6\u011frencilerin \u00e7e\u015fitli yaz\u0131l\u0131m programlar\u0131 kullanarak bilgisayar g\u00f6r\u00fcnt\u00fcleri olu\u015fturmalar\u0131na, d\u00fczenlemelerine ve i\u015flemelerine olanak tan\u0131r. G\u00fcn\u00fcm\u00fczde, pazarlama \u00e7a\u011f\u0131yla birlikte, \u015firketler markalar\u0131n\u0131 tan\u0131tmak i\u00e7in bilgisayar grafik tasar\u0131mc\u0131lar\u0131na giderek daha fazla ihtiya\u00e7 duyuyor. K\u0131sa bir bilgisayar grafikleri e\u011fitim kursunu nas\u0131l y\u00fcr\u00fctebilirsiniz? Sundu\u011fumuz...","rel":"","context":"&quot;Blog&quot; i\u00e7inde","block_context":{"text":"Blog","link":"https:\/\/senegalndiaye.com\/tr\/category\/blog\/"},"img":{"alt_text":"","src":"https:\/\/i0.wp.com\/senegalndiaye.com\/wp-content\/uploads\/2021\/10\/formation-en-infographie.png?fit=656%2C339&ssl=1&resize=350%2C200","width":350,"height":200,"srcset":"https:\/\/i0.wp.com\/senegalndiaye.com\/wp-content\/uploads\/2021\/10\/formation-en-infographie.png?fit=656%2C339&ssl=1&resize=350%2C200 1x, https:\/\/i0.wp.com\/senegalndiaye.com\/wp-content\/uploads\/2021\/10\/formation-en-infographie.png?fit=656%2C339&ssl=1&resize=525%2C300 1.5x"},"classes":[]},{"id":28357,"url":"https:\/\/senegalndiaye.com\/tr\/%e2%9c%85-les-formations-en-design-dinterieur-au-senegal\/","url_meta":{"origin":24857,"position":1},"title":"\u2705 2024 y\u0131l\u0131nda Senegal&#039;de i\u00e7 tasar\u0131m e\u011fitimi","author":"Moderateur","date":"Temmuz 13, 2023","format":false,"excerpt":"\u0130\u00e7 mekan tasar\u0131m\u0131, i\u015flevsel, estetik ve ilham verici mekanlar yaratmada hayati bir rol oynayan, s\u00fcrekli geli\u015fen bir aland\u0131r. Senegal&#039;de i\u00e7 mekan tasar\u0131m\u0131na olan ilgi art\u0131yor ve giderek daha fazla insan, evlerini d\u00f6n\u00fc\u015ft\u00fcrmek i\u00e7in bu alanda profesyonel e\u011fitim ar\u0131yor...","rel":"","context":"&quot;Blog&quot; i\u00e7inde","block_context":{"text":"Blog","link":"https:\/\/senegalndiaye.com\/tr\/category\/blog\/"},"img":{"alt_text":"formation en design d'int\u00e9rieur senegal","src":"https:\/\/i0.wp.com\/senegalndiaye.com\/wp-content\/uploads\/2023\/07\/design-interieur-sn.jpeg?fit=700%2C464&ssl=1&resize=350%2C200","width":350,"height":200,"srcset":"https:\/\/i0.wp.com\/senegalndiaye.com\/wp-content\/uploads\/2023\/07\/design-interieur-sn.jpeg?fit=700%2C464&ssl=1&resize=350%2C200 1x, https:\/\/i0.wp.com\/senegalndiaye.com\/wp-content\/uploads\/2023\/07\/design-interieur-sn.jpeg?fit=700%2C464&ssl=1&resize=525%2C300 1.5x, https:\/\/i0.wp.com\/senegalndiaye.com\/wp-content\/uploads\/2023\/07\/design-interieur-sn.jpeg?fit=700%2C464&ssl=1&resize=700%2C400 2x"},"classes":[]},{"id":24849,"url":"https:\/\/senegalndiaye.com\/tr\/%e2%9c%85-formations-en-informatique-de-gestion-au-senegal\/","url_meta":{"origin":24857,"position":2},"title":"\u2705 Senegal&#039;de Y\u00f6netim BT e\u011fitimi","author":"Moderateur","date":"Ekim 18, 2021","format":false,"excerpt":"Y\u00f6netim bili\u015fim teknolojileri teknisyeni bir \u015firket i\u00e7in olmazsa olmazd\u0131r. Finansal ve insan kaynaklar\u0131 veri i\u015fleme s\u00fcre\u00e7lerini y\u00f6netirler. Ayr\u0131ca, e\u011fitim hem edebiyat hem de bilim dallar\u0131na a\u00e7\u0131kt\u0131r. Senegal&#039;de \u00e7\u0131rakl\u0131k yapabilirsiniz. Okullar, BTS (Y\u00fcksek Ulusal Diploma), Lisans derecesi ve benzeri programlar sunmaktad\u0131r.","rel":"","context":"&quot;Blog&quot; i\u00e7inde","block_context":{"text":"Blog","link":"https:\/\/senegalndiaye.com\/tr\/category\/blog\/"},"img":{"alt_text":"formation informatique de gestion au senegal","src":"https:\/\/i0.wp.com\/senegalndiaye.com\/wp-content\/uploads\/2021\/10\/informatique.jpg?fit=800%2C400&ssl=1&resize=350%2C200","width":350,"height":200,"srcset":"https:\/\/i0.wp.com\/senegalndiaye.com\/wp-content\/uploads\/2021\/10\/informatique.jpg?fit=800%2C400&ssl=1&resize=350%2C200 1x, https:\/\/i0.wp.com\/senegalndiaye.com\/wp-content\/uploads\/2021\/10\/informatique.jpg?fit=800%2C400&ssl=1&resize=525%2C300 1.5x, https:\/\/i0.wp.com\/senegalndiaye.com\/wp-content\/uploads\/2021\/10\/informatique.jpg?fit=800%2C400&ssl=1&resize=700%2C400 2x"},"classes":[]},{"id":24761,"url":"https:\/\/senegalndiaye.com\/tr\/%e2%9c%85-formations-en-agriculture-au-senegal\/","url_meta":{"origin":24857,"position":3},"title":"\u2705 Senegal&#039;de tar\u0131m e\u011fitimi","author":"Moderateur","date":"Eyl\u00fcl 27, 2021","format":false,"excerpt":"Senegal&#039;de tar\u0131m e\u011fitimi, size mesle\u011fin her t\u00fcrl\u00fcs\u00fcn\u00fc uygulamal\u0131 olarak \u00f6\u011frenme f\u0131rsat\u0131 sunar. Ger\u00e7ekten de, bu alanda se\u00e7enekler ve f\u0131rsatlar a\u00e7\u0131s\u0131ndan ger\u00e7ek bir \u00e7e\u015fitlilik mevcuttur. Sadece Dakar&#039;da, BTS (Y\u00fcksek Ulusal Diploma), lisans ve y\u00fcksek lisans derecesi alabilirsiniz. Se\u00e7enekleriniz bol olacak...","rel":"","context":"&quot;Blog&quot; i\u00e7inde","block_context":{"text":"Blog","link":"https:\/\/senegalndiaye.com\/tr\/category\/blog\/"},"img":{"alt_text":"formation agriculture au S\u00e9n\u00e9gal","src":"https:\/\/i0.wp.com\/senegalndiaye.com\/wp-content\/uploads\/2021\/09\/formation-agriculture.jpg?fit=700%2C466&ssl=1&resize=350%2C200","width":350,"height":200,"srcset":"https:\/\/i0.wp.com\/senegalndiaye.com\/wp-content\/uploads\/2021\/09\/formation-agriculture.jpg?fit=700%2C466&ssl=1&resize=350%2C200 1x, https:\/\/i0.wp.com\/senegalndiaye.com\/wp-content\/uploads\/2021\/09\/formation-agriculture.jpg?fit=700%2C466&ssl=1&resize=525%2C300 1.5x, https:\/\/i0.wp.com\/senegalndiaye.com\/wp-content\/uploads\/2021\/09\/formation-agriculture.jpg?fit=700%2C466&ssl=1&resize=700%2C400 2x"},"classes":[]},{"id":24464,"url":"https:\/\/senegalndiaye.com\/tr\/%e2%9c%85-formation-grutier-au-senegal\/","url_meta":{"origin":24857,"position":4},"title":"\u2705 Senegal&#039;de vin\u00e7 operat\u00f6r\u00fc e\u011fitimi","author":"Moderateur","date":"A\u011fustos 3, 2021","format":false,"excerpt":"Vin\u00e7 operat\u00f6r\u00fcn\u00fcn g\u00f6revi, y\u00fcksekte kald\u0131rma ekipmanlar\u0131n\u0131 \u00e7al\u0131\u015ft\u0131rmakt\u0131r. Vin\u00e7 operat\u00f6r\u00fcn\u00fcn g\u00f6revi, kabinli bir vin\u00e7 kullanarak \u015fantiyelerde malzemeleri ta\u015f\u0131mak ve da\u011f\u0131tmakt\u0131r. Bu, b\u00fcy\u00fck bir konsantrasyon ve uzmanl\u0131k gerektiren profesyonel bir faaliyettir. Bu makalede e\u011fitim kurslar\u0131n\u0131 ke\u015ffedin...","rel":"","context":"&quot;Blog&quot; i\u00e7inde","block_context":{"text":"Blog","link":"https:\/\/senegalndiaye.com\/tr\/category\/blog\/"},"img":{"alt_text":"formation grutier s\u00e9n\u00e9gal","src":"https:\/\/i0.wp.com\/senegalndiaye.com\/wp-content\/uploads\/2021\/08\/formation-grutier.jpg?fit=1004%2C669&ssl=1&resize=350%2C200","width":350,"height":200,"srcset":"https:\/\/i0.wp.com\/senegalndiaye.com\/wp-content\/uploads\/2021\/08\/formation-grutier.jpg?fit=1004%2C669&ssl=1&resize=350%2C200 1x, https:\/\/i0.wp.com\/senegalndiaye.com\/wp-content\/uploads\/2021\/08\/formation-grutier.jpg?fit=1004%2C669&ssl=1&resize=525%2C300 1.5x, https:\/\/i0.wp.com\/senegalndiaye.com\/wp-content\/uploads\/2021\/08\/formation-grutier.jpg?fit=1004%2C669&ssl=1&resize=700%2C400 2x"},"classes":[]},{"id":23872,"url":"https:\/\/senegalndiaye.com\/tr\/les-formations-en-agroalimentaire-au-senegal\/","url_meta":{"origin":24857,"position":5},"title":"Senegal&#039;de tar\u0131msal g\u0131da e\u011fitimi","author":"Moderateur","date":"Nisan 17, 2021","format":false,"excerpt":"Senegal&#039;de hayvanc\u0131l\u0131k ve tar\u0131m \u00fcr\u00fcnlerinin tasar\u0131m\u0131, \u00fcretimi ve pazarlamas\u0131yla ilgileniyor musunuz? Senegal&#039;de tar\u0131m i\u015fletmecili\u011fi e\u011fitimi size bu sekt\u00f6rde \u00e7al\u0131\u015fma f\u0131rsat\u0131 sunuyor. Nitekim sekt\u00f6r, \u00e7e\u015fitli pozisyonlar i\u00e7in s\u00fcrekli olarak nitelikli eleman ar\u0131yor. Ke\u015ffedin...","rel":"","context":"&quot;Blog&quot; i\u00e7inde","block_context":{"text":"Blog","link":"https:\/\/senegalndiaye.com\/tr\/category\/blog\/"},"img":{"alt_text":"les formations en agroalimentaire au S\u00e9n\u00e9gal","src":"https:\/\/i0.wp.com\/senegalndiaye.com\/wp-content\/uploads\/2021\/04\/formation-en-agroalimentaire-au-senegal.jpg?fit=635%2C357&ssl=1&resize=350%2C200","width":350,"height":200,"srcset":"https:\/\/i0.wp.com\/senegalndiaye.com\/wp-content\/uploads\/2021\/04\/formation-en-agroalimentaire-au-senegal.jpg?fit=635%2C357&ssl=1&resize=350%2C200 1x, https:\/\/i0.wp.com\/senegalndiaye.com\/wp-content\/uploads\/2021\/04\/formation-en-agroalimentaire-au-senegal.jpg?fit=635%2C357&ssl=1&resize=525%2C300 1.5x"},"classes":[]}],"_links":{"self":[{"href":"https:\/\/senegalndiaye.com\/tr\/wp-json\/wp\/v2\/posts\/24857","targetHints":{"allow":["GET"]}}],"collection":[{"href":"https:\/\/senegalndiaye.com\/tr\/wp-json\/wp\/v2\/posts"}],"about":[{"href":"https:\/\/senegalndiaye.com\/tr\/wp-json\/wp\/v2\/types\/post"}],"author":[{"embeddable":true,"href":"https:\/\/senegalndiaye.com\/tr\/wp-json\/wp\/v2\/users\/8"}],"replies":[{"embeddable":true,"href":"https:\/\/senegalndiaye.com\/tr\/wp-json\/wp\/v2\/comments?post=24857"}],"version-history":[{"count":3,"href":"https:\/\/senegalndiaye.com\/tr\/wp-json\/wp\/v2\/posts\/24857\/revisions"}],"predecessor-version":[{"id":24861,"href":"https:\/\/senegalndiaye.com\/tr\/wp-json\/wp\/v2\/posts\/24857\/revisions\/24861"}],"wp:featuredmedia":[{"embeddable":true,"href":"https:\/\/senegalndiaye.com\/tr\/wp-json\/wp\/v2\/media\/24858"}],"wp:attachment":[{"href":"https:\/\/senegalndiaye.com\/tr\/wp-json\/wp\/v2\/media?parent=24857"}],"wp:term":[{"taxonomy":"category","embeddable":true,"href":"https:\/\/senegalndiaye.com\/tr\/wp-json\/wp\/v2\/categories?post=24857"},{"taxonomy":"post_tag","embeddable":true,"href":"https:\/\/senegalndiaye.com\/tr\/wp-json\/wp\/v2\/tags?post=24857"}],"curies":[{"name":"wp","href":"https:\/\/api.w.org\/{rel}","templated":true}]}}