{"id":24825,"date":"2021-10-13T21:01:45","date_gmt":"2021-10-13T21:01:45","guid":{"rendered":"https:\/\/senegalndiaye.com\/?p=24825"},"modified":"2021-10-13T21:05:56","modified_gmt":"2021-10-13T21:05:56","slug":"%e2%9c%85-le-concours-general-au-senegal-tout-ce-quil-faut-savoir","status":"publish","type":"post","link":"https:\/\/senegalndiaye.com\/tr\/%e2%9c%85-le-concours-general-au-senegal-tout-ce-quil-faut-savoir\/","title":{"rendered":"\u2705 Senegal&#039;deki genel rekabet: bilmeniz gereken her \u015fey"},"content":{"rendered":"<p>en<strong> Senegal&#039;de genel rekabet<\/strong> her y\u0131l birinci ve son s\u0131n\u0131ftaki en iyi \u00f6\u011frencileri \u00f6d\u00fcllendirmek i\u00e7in d\u00fczenlenir. \u0130ki s\u0131n\u0131fta \u00f6\u011fretilen \u00e7e\u015fitli konulardan olu\u015fan bir yar\u0131\u015fmadan ge\u00e7er. Testlerin sonunda, her konuda lider olan adaylar al\u0131c\u0131 olarak \u00e7\u0131k\u0131yor. \u00c7e\u015fitli m\u00fckemmellik \u00f6d\u00fclleri ile \u00f6d\u00fcllendirilirler. Ancak, ba\u015fvuru sahipleri kurumlar\u0131 taraf\u0131ndan se\u00e7ilmelidir.<\/p>\n<p><strong>Kay\u0131t ko\u015fullar\u0131<\/strong><\/p>\n<p>Senegal&#039;deki genel yar\u0131\u015fmaya ba\u015fvurmak i\u00e7in bir dizi ko\u015fulu yerine getirmeniz gerekir. Nitekim, ister birinci ister son s\u0131n\u0131fta olun, bu ko\u015fullardan herhangi birine uymaman\u0131z ba\u015fvurunuzu ge\u00e7ersiz k\u0131labilir.<\/p>\n<p><strong>Birinci ve son s\u0131n\u0131ftaki \u00f6\u011frenciler i\u00e7in kabul ko\u015fullar\u0131<\/strong><\/p>\n<p>Terminal s\u0131n\u0131f\u0131ndaki adaylar, yar\u0131\u015fma y\u0131l\u0131nda en fazla 21 ile 22 ya\u015flar\u0131 aras\u0131nda olmal\u0131 ve pr\u00f6miyer ve terminal s\u0131n\u0131f\u0131n\u0131 hi\u00e7 tekrarlamam\u0131\u015f olmal\u0131d\u0131r. Ayr\u0131ca akademik notlar i\u00e7in ikinci ve birinci s\u0131n\u0131fta ve i\u00e7inde bulunulan y\u0131lda y\u0131ll\u0131k ortalamas\u0131n\u0131n 12\/20 olmas\u0131 gerekir. Hepsi bu de\u011fil. Ger\u00e7ekten de, organizat\u00f6rler konuyla ilgili olarak 14\/20 s\u00f6mestr ortalamas\u0131 da isterler. \u00dcst\u00fcne \u00fcstl\u00fck, \u00f6\u011fretmeni taraf\u0131ndan tavsiye edilmelidir.<\/p>\n<p><strong>Senegal&#039;deki genel yar\u0131\u015fma i\u00e7in ba\u015fvuru dosyas\u0131na eklenecek belgeler\u00a0 <\/strong><\/p>\n<p>Dosyan\u0131z\u0131 tamamlamak i\u00e7in \u015funlar\u0131 eklemelisiniz:<\/p>\n<ul>\n<li>\u0130kinci seviyeden cari y\u0131l\u0131n s\u0131n\u0131f\u0131na rapor kartlar\u0131<\/li>\n<li>CFEE s\u0131nav\u0131 s\u0131ras\u0131nda verilen do\u011fum belgenizin onayl\u0131 bir kopyas\u0131<\/li>\n<li>\u00d6\u011fretmeninizin size \u00f6\u011fretti\u011fi disiplinde yar\u0131\u015fmaya kat\u0131lma yetkisini onaylayan bir belge<\/li>\n<\/ul>\n<p><strong>Senegal&#039;de genel rekabet testleri\u00a0<\/strong><\/p>\n<p>Senegal&#039;deki genel yar\u0131\u015fmaya kat\u0131lmak i\u00e7in konunuzu a\u015fa\u011f\u0131daki listeye g\u00f6re se\u00e7ebilirsiniz:<\/p>\n<p>Birinci s\u0131n\u0131ftaki \u00f6\u011frenciler a\u015fa\u011f\u0131dakiler aras\u0131ndan se\u00e7im yapabilir:<\/p>\n<ul>\n<li>Co\u011frafya<\/li>\n<li>Hikaye<\/li>\n<li>Frans\u0131zca<\/li>\n<li>Latince<\/li>\n<li>Yunan<\/li>\n<li>Yabanc\u0131 dil ve medeniyet<\/li>\n<li>Matematiksel<\/li>\n<li>Beden e\u011fitimi ve spor<\/li>\n<li>Vatanda\u015fl\u0131k ve insan haklar\u0131<\/li>\n<\/ul>\n<p>Son s\u0131n\u0131flar\u0131ndaki \u00f6\u011frenciler \u015funlar\u0131 se\u00e7ebilir:<\/p>\n<ul>\n<li>Co\u011frafya<\/li>\n<li>Hikaye<\/li>\n<li>Felsefe<\/li>\n<li>Matematiksel<\/li>\n<li>Fizik<\/li>\n<li>Bilim serisi i\u00e7in ya\u015fam ve yer bilimi<\/li>\n<li>S3 ve T serisindeki \u00f6\u011frenciler i\u00e7in mekanik yap\u0131<\/li>\n<li>L2 ve G&#039;deki \u00f6\u011frenciler i\u00e7in ekonomi<\/li>\n<li>G Serisi i\u00e7in Muhasebe Tekni\u011fi<\/li>\n<li>T2 serisi i\u00e7in elektrik m\u00fchendisli\u011fi ve elektronik<\/li>\n<li>LAR seri \u00f6\u011frencileri i\u00e7in \u0130slami \u00e7al\u0131\u015fma<\/li>\n<li>Beden e\u011fitimi ve spor<\/li>\n<li>Vatanda\u015fl\u0131k ve insan haklar\u0131<\/li>\n<\/ul>\n<p>Senegal&#039;deki genel yar\u0131\u015fma i\u00e7in, her kurulu\u015f bu adaylar\u0131n listesini bir Excel elektronik tablosunda ve USB anahtarlar\u0131nda Bakalorya Ofisine sunmal\u0131d\u0131r.<\/p>\n<p>T\u00fcm makalelerimizi sitemizde bulabilirsiniz. <a href=\"https:\/\/senegalndiaye.com\/tr\/blog\/\">Blog<\/a><\/p>","protected":false},"excerpt":{"rendered":"<p>Le concours g\u00e9n\u00e9ral au S\u00e9n\u00e9gal est organis\u00e9 chaque ann\u00e9e pour primer les meilleurs \u00e9l\u00e8ves en classe de premi\u00e8re et de terminale. Elle passe par un concours de diverses mati\u00e8res dispens\u00e9es dans les deux classes. \u00c0 l\u2019issue des \u00e9preuves, les postulants en t\u00eate dans chaque mati\u00e8re sortent comme r\u00e9cipiendaire. Ils sont r\u00e9compens\u00e9s avec divers prix d\u2019excellence. [&hellip;]<\/p>\n","protected":false},"author":8,"featured_media":24829,"comment_status":"open","ping_status":"open","sticky":false,"template":"","format":"standard","meta":{"_jetpack_memberships_contains_paid_content":false,"footnotes":""},"categories":[83],"tags":[],"class_list":["post-24825","post","type-post","status-publish","format-standard","has-post-thumbnail","hentry","category-blog"],"yoast_head":"<!-- This site is optimized with the Yoast SEO plugin v27.5 - https:\/\/yoast.com\/product\/yoast-seo-wordpress\/ -->\n<title>\u2705 Le concours g\u00e9n\u00e9ral au S\u00e9n\u00e9gal : tout ce qu\u2019il faut savoir &#187; Senegal Ndiaye<\/title>\n<meta name=\"description\" content=\"Le concours g\u00e9n\u00e9ral au S\u00e9n\u00e9gal est organis\u00e9 chaque ann\u00e9e pour primer les meilleurs \u00e9l\u00e8ves en classe de premi\u00e8re et de terminale.\" \/>\n<meta name=\"robots\" content=\"index, follow, max-snippet:-1, max-image-preview:large, max-video-preview:-1\" \/>\n<link rel=\"canonical\" href=\"https:\/\/senegalndiaye.com\/tr\/\u2705-le-concours-general-au-senegal-tout-ce-quil-faut-savoir\/\" \/>\n<meta property=\"og:locale\" content=\"tr_TR\" \/>\n<meta property=\"og:type\" content=\"article\" \/>\n<meta property=\"og:title\" content=\"\u2705 Le concours g\u00e9n\u00e9ral au S\u00e9n\u00e9gal : tout ce qu\u2019il faut savoir &#187; Senegal Ndiaye\" \/>\n<meta property=\"og:description\" content=\"Le concours g\u00e9n\u00e9ral au S\u00e9n\u00e9gal est organis\u00e9 chaque ann\u00e9e pour primer les meilleurs \u00e9l\u00e8ves en classe de premi\u00e8re et de terminale.\" \/>\n<meta property=\"og:url\" content=\"https:\/\/senegalndiaye.com\/tr\/\u2705-le-concours-general-au-senegal-tout-ce-quil-faut-savoir\/\" \/>\n<meta property=\"og:site_name\" content=\"Senegal Ndiaye\" \/>\n<meta property=\"article:publisher\" content=\"https:\/\/www.facebook.com\/senegalndiaye4\/\" \/>\n<meta property=\"article:published_time\" content=\"2021-10-13T21:01:45+00:00\" \/>\n<meta property=\"article:modified_time\" content=\"2021-10-13T21:05:56+00:00\" \/>\n<meta property=\"og:image\" content=\"https:\/\/senegalndiaye.com\/wp-content\/uploads\/2021\/10\/concours-general.jpg\" \/>\n\t<meta property=\"og:image:width\" content=\"226\" \/>\n\t<meta property=\"og:image:height\" content=\"223\" \/>\n\t<meta property=\"og:image:type\" content=\"image\/jpeg\" \/>\n<meta name=\"author\" content=\"Moderateur\" \/>\n<meta name=\"twitter:card\" content=\"summary_large_image\" \/>\n<meta name=\"twitter:creator\" content=\"@Senegalndiaye5\" \/>\n<meta name=\"twitter:site\" content=\"@Senegalndiaye5\" \/>\n<meta name=\"twitter:label1\" content=\"Yazan:\" \/>\n\t<meta name=\"twitter:data1\" content=\"Moderateur\" \/>\n\t<meta name=\"twitter:label2\" content=\"Tahmini okuma s\u00fcresi\" \/>\n\t<meta name=\"twitter:data2\" content=\"2 dakika\" \/>\n<script type=\"application\/ld+json\" class=\"yoast-schema-graph\">{\"@context\":\"https:\\\/\\\/schema.org\",\"@graph\":[{\"@type\":\"Article\",\"@id\":\"https:\\\/\\\/senegalndiaye.com\\\/%e2%9c%85-le-concours-general-au-senegal-tout-ce-quil-faut-savoir\\\/#article\",\"isPartOf\":{\"@id\":\"https:\\\/\\\/senegalndiaye.com\\\/%e2%9c%85-le-concours-general-au-senegal-tout-ce-quil-faut-savoir\\\/\"},\"author\":{\"name\":\"Moderateur\",\"@id\":\"https:\\\/\\\/senegalndiaye.com\\\/#\\\/schema\\\/person\\\/c1e0d9f50bc68102f5a7368b7c9551f5\"},\"headline\":\"\u2705 Le concours g\u00e9n\u00e9ral au S\u00e9n\u00e9gal : tout ce qu\u2019il faut savoir\",\"datePublished\":\"2021-10-13T21:01:45+00:00\",\"dateModified\":\"2021-10-13T21:05:56+00:00\",\"mainEntityOfPage\":{\"@id\":\"https:\\\/\\\/senegalndiaye.com\\\/%e2%9c%85-le-concours-general-au-senegal-tout-ce-quil-faut-savoir\\\/\"},\"wordCount\":527,\"commentCount\":3,\"publisher\":{\"@id\":\"https:\\\/\\\/senegalndiaye.com\\\/#organization\"},\"image\":{\"@id\":\"https:\\\/\\\/senegalndiaye.com\\\/%e2%9c%85-le-concours-general-au-senegal-tout-ce-quil-faut-savoir\\\/#primaryimage\"},\"thumbnailUrl\":\"https:\\\/\\\/i0.wp.com\\\/senegalndiaye.com\\\/wp-content\\\/uploads\\\/2021\\\/10\\\/concours-general.jpg?fit=226%2C223&ssl=1\",\"articleSection\":[\"Blog\"],\"inLanguage\":\"tr\",\"potentialAction\":[{\"@type\":\"CommentAction\",\"name\":\"Comment\",\"target\":[\"https:\\\/\\\/senegalndiaye.com\\\/%e2%9c%85-le-concours-general-au-senegal-tout-ce-quil-faut-savoir\\\/#respond\"]}]},{\"@type\":\"WebPage\",\"@id\":\"https:\\\/\\\/senegalndiaye.com\\\/%e2%9c%85-le-concours-general-au-senegal-tout-ce-quil-faut-savoir\\\/\",\"url\":\"https:\\\/\\\/senegalndiaye.com\\\/%e2%9c%85-le-concours-general-au-senegal-tout-ce-quil-faut-savoir\\\/\",\"name\":\"\u2705 Le concours g\u00e9n\u00e9ral au S\u00e9n\u00e9gal : tout ce qu\u2019il faut savoir &#187; Senegal Ndiaye\",\"isPartOf\":{\"@id\":\"https:\\\/\\\/senegalndiaye.com\\\/#website\"},\"primaryImageOfPage\":{\"@id\":\"https:\\\/\\\/senegalndiaye.com\\\/%e2%9c%85-le-concours-general-au-senegal-tout-ce-quil-faut-savoir\\\/#primaryimage\"},\"image\":{\"@id\":\"https:\\\/\\\/senegalndiaye.com\\\/%e2%9c%85-le-concours-general-au-senegal-tout-ce-quil-faut-savoir\\\/#primaryimage\"},\"thumbnailUrl\":\"https:\\\/\\\/i0.wp.com\\\/senegalndiaye.com\\\/wp-content\\\/uploads\\\/2021\\\/10\\\/concours-general.jpg?fit=226%2C223&ssl=1\",\"datePublished\":\"2021-10-13T21:01:45+00:00\",\"dateModified\":\"2021-10-13T21:05:56+00:00\",\"description\":\"Le concours g\u00e9n\u00e9ral au S\u00e9n\u00e9gal est organis\u00e9 chaque ann\u00e9e pour primer les meilleurs \u00e9l\u00e8ves en classe de premi\u00e8re et de terminale.\",\"breadcrumb\":{\"@id\":\"https:\\\/\\\/senegalndiaye.com\\\/%e2%9c%85-le-concours-general-au-senegal-tout-ce-quil-faut-savoir\\\/#breadcrumb\"},\"inLanguage\":\"tr\",\"potentialAction\":[{\"@type\":\"ReadAction\",\"target\":[\"https:\\\/\\\/senegalndiaye.com\\\/%e2%9c%85-le-concours-general-au-senegal-tout-ce-quil-faut-savoir\\\/\"]}]},{\"@type\":\"ImageObject\",\"inLanguage\":\"tr\",\"@id\":\"https:\\\/\\\/senegalndiaye.com\\\/%e2%9c%85-le-concours-general-au-senegal-tout-ce-quil-faut-savoir\\\/#primaryimage\",\"url\":\"https:\\\/\\\/i0.wp.com\\\/senegalndiaye.com\\\/wp-content\\\/uploads\\\/2021\\\/10\\\/concours-general.jpg?fit=226%2C223&ssl=1\",\"contentUrl\":\"https:\\\/\\\/i0.wp.com\\\/senegalndiaye.com\\\/wp-content\\\/uploads\\\/2021\\\/10\\\/concours-general.jpg?fit=226%2C223&ssl=1\",\"width\":226,\"height\":223,\"caption\":\"concours g\u00e9n\u00e9ral s\u00e9n\u00e9gal\"},{\"@type\":\"BreadcrumbList\",\"@id\":\"https:\\\/\\\/senegalndiaye.com\\\/%e2%9c%85-le-concours-general-au-senegal-tout-ce-quil-faut-savoir\\\/#breadcrumb\",\"itemListElement\":[{\"@type\":\"ListItem\",\"position\":1,\"name\":\"Accueil\",\"item\":\"https:\\\/\\\/senegalndiaye.com\\\/\"},{\"@type\":\"ListItem\",\"position\":2,\"name\":\"\u2705 Le concours g\u00e9n\u00e9ral au S\u00e9n\u00e9gal : tout ce qu\u2019il faut savoir\"}]},{\"@type\":\"WebSite\",\"@id\":\"https:\\\/\\\/senegalndiaye.com\\\/#website\",\"url\":\"https:\\\/\\\/senegalndiaye.com\\\/\",\"name\":\"Senegal Ndiaye\",\"description\":\"Retrouvez les meilleurs endroits du S\u00e9n\u00e9gal\",\"publisher\":{\"@id\":\"https:\\\/\\\/senegalndiaye.com\\\/#organization\"},\"potentialAction\":[{\"@type\":\"SearchAction\",\"target\":{\"@type\":\"EntryPoint\",\"urlTemplate\":\"https:\\\/\\\/senegalndiaye.com\\\/?s={search_term_string}\"},\"query-input\":{\"@type\":\"PropertyValueSpecification\",\"valueRequired\":true,\"valueName\":\"search_term_string\"}}],\"inLanguage\":\"tr\"},{\"@type\":\"Organization\",\"@id\":\"https:\\\/\\\/senegalndiaye.com\\\/#organization\",\"name\":\"Senegal Ndiaye\",\"url\":\"https:\\\/\\\/senegalndiaye.com\\\/\",\"logo\":{\"@type\":\"ImageObject\",\"inLanguage\":\"tr\",\"@id\":\"https:\\\/\\\/senegalndiaye.com\\\/#\\\/schema\\\/logo\\\/image\\\/\",\"url\":\"https:\\\/\\\/senegalndiaye.com\\\/wp-content\\\/uploads\\\/2018\\\/05\\\/senegalndiaye_logo.png\",\"contentUrl\":\"https:\\\/\\\/senegalndiaye.com\\\/wp-content\\\/uploads\\\/2018\\\/05\\\/senegalndiaye_logo.png\",\"width\":150,\"height\":106,\"caption\":\"Senegal Ndiaye\"},\"image\":{\"@id\":\"https:\\\/\\\/senegalndiaye.com\\\/#\\\/schema\\\/logo\\\/image\\\/\"},\"sameAs\":[\"https:\\\/\\\/www.facebook.com\\\/senegalndiaye4\\\/\",\"https:\\\/\\\/x.com\\\/Senegalndiaye5\",\"https:\\\/\\\/www.instagram.com\\\/senegalndiaye1\\\/\",\"https:\\\/\\\/www.linkedin.com\\\/company\\\/senegal-ndiaye\\\/\"]},{\"@type\":\"Person\",\"@id\":\"https:\\\/\\\/senegalndiaye.com\\\/#\\\/schema\\\/person\\\/c1e0d9f50bc68102f5a7368b7c9551f5\",\"name\":\"Moderateur\",\"image\":{\"@type\":\"ImageObject\",\"inLanguage\":\"tr\",\"@id\":\"https:\\\/\\\/senegalndiaye.com\\\/wp-content\\\/litespeed\\\/avatar\\\/3fb7bc779db92bd05c1837e9542df344.jpg?ver=1777309443\",\"url\":\"https:\\\/\\\/senegalndiaye.com\\\/wp-content\\\/litespeed\\\/avatar\\\/3fb7bc779db92bd05c1837e9542df344.jpg?ver=1777309443\",\"contentUrl\":\"https:\\\/\\\/senegalndiaye.com\\\/wp-content\\\/litespeed\\\/avatar\\\/3fb7bc779db92bd05c1837e9542df344.jpg?ver=1777309443\",\"caption\":\"Moderateur\"},\"url\":\"https:\\\/\\\/senegalndiaye.com\\\/tr\\\/author\\\/sndigital\\\/\"}]}<\/script>\n<!-- \/ Yoast SEO plugin. -->","yoast_head_json":{"title":"\u2705 Senegal&#039;deki genel yar\u0131\u015fma: Bilmeniz gereken her \u015fey \u00bb Senegal Ndiaye","description":"Senegal&#039;deki genel yar\u0131\u015fma, her y\u0131l birinci ve son s\u0131n\u0131ftaki en iyi \u00f6\u011frencileri \u00f6d\u00fcllendirmek i\u00e7in d\u00fczenlenir.","robots":{"index":"index","follow":"follow","max-snippet":"max-snippet:-1","max-image-preview":"max-image-preview:large","max-video-preview":"max-video-preview:-1"},"canonical":"https:\/\/senegalndiaye.com\/tr\/\u2705-le-concours-general-au-senegal-tout-ce-quil-faut-savoir\/","og_locale":"tr_TR","og_type":"article","og_title":"\u2705 Le concours g\u00e9n\u00e9ral au S\u00e9n\u00e9gal : tout ce qu\u2019il faut savoir &#187; Senegal Ndiaye","og_description":"Le concours g\u00e9n\u00e9ral au S\u00e9n\u00e9gal est organis\u00e9 chaque ann\u00e9e pour primer les meilleurs \u00e9l\u00e8ves en classe de premi\u00e8re et de terminale.","og_url":"https:\/\/senegalndiaye.com\/tr\/\u2705-le-concours-general-au-senegal-tout-ce-quil-faut-savoir\/","og_site_name":"Senegal Ndiaye","article_publisher":"https:\/\/www.facebook.com\/senegalndiaye4\/","article_published_time":"2021-10-13T21:01:45+00:00","article_modified_time":"2021-10-13T21:05:56+00:00","og_image":[{"width":226,"height":223,"url":"https:\/\/senegalndiaye.com\/wp-content\/uploads\/2021\/10\/concours-general.jpg","type":"image\/jpeg"}],"author":"Moderateur","twitter_card":"summary_large_image","twitter_creator":"@Senegalndiaye5","twitter_site":"@Senegalndiaye5","twitter_misc":{"Yazan:":"Moderateur","Tahmini okuma s\u00fcresi":"2 dakika"},"schema":{"@context":"https:\/\/schema.org","@graph":[{"@type":"Article","@id":"https:\/\/senegalndiaye.com\/%e2%9c%85-le-concours-general-au-senegal-tout-ce-quil-faut-savoir\/#article","isPartOf":{"@id":"https:\/\/senegalndiaye.com\/%e2%9c%85-le-concours-general-au-senegal-tout-ce-quil-faut-savoir\/"},"author":{"name":"Moderateur","@id":"https:\/\/senegalndiaye.com\/#\/schema\/person\/c1e0d9f50bc68102f5a7368b7c9551f5"},"headline":"\u2705 Le concours g\u00e9n\u00e9ral au S\u00e9n\u00e9gal : tout ce qu\u2019il faut savoir","datePublished":"2021-10-13T21:01:45+00:00","dateModified":"2021-10-13T21:05:56+00:00","mainEntityOfPage":{"@id":"https:\/\/senegalndiaye.com\/%e2%9c%85-le-concours-general-au-senegal-tout-ce-quil-faut-savoir\/"},"wordCount":527,"commentCount":3,"publisher":{"@id":"https:\/\/senegalndiaye.com\/#organization"},"image":{"@id":"https:\/\/senegalndiaye.com\/%e2%9c%85-le-concours-general-au-senegal-tout-ce-quil-faut-savoir\/#primaryimage"},"thumbnailUrl":"https:\/\/i0.wp.com\/senegalndiaye.com\/wp-content\/uploads\/2021\/10\/concours-general.jpg?fit=226%2C223&ssl=1","articleSection":["Blog"],"inLanguage":"tr","potentialAction":[{"@type":"CommentAction","name":"Comment","target":["https:\/\/senegalndiaye.com\/%e2%9c%85-le-concours-general-au-senegal-tout-ce-quil-faut-savoir\/#respond"]}]},{"@type":"WebPage","@id":"https:\/\/senegalndiaye.com\/%e2%9c%85-le-concours-general-au-senegal-tout-ce-quil-faut-savoir\/","url":"https:\/\/senegalndiaye.com\/%e2%9c%85-le-concours-general-au-senegal-tout-ce-quil-faut-savoir\/","name":"\u2705 Senegal&#039;deki genel yar\u0131\u015fma: Bilmeniz gereken her \u015fey \u00bb Senegal Ndiaye","isPartOf":{"@id":"https:\/\/senegalndiaye.com\/#website"},"primaryImageOfPage":{"@id":"https:\/\/senegalndiaye.com\/%e2%9c%85-le-concours-general-au-senegal-tout-ce-quil-faut-savoir\/#primaryimage"},"image":{"@id":"https:\/\/senegalndiaye.com\/%e2%9c%85-le-concours-general-au-senegal-tout-ce-quil-faut-savoir\/#primaryimage"},"thumbnailUrl":"https:\/\/i0.wp.com\/senegalndiaye.com\/wp-content\/uploads\/2021\/10\/concours-general.jpg?fit=226%2C223&ssl=1","datePublished":"2021-10-13T21:01:45+00:00","dateModified":"2021-10-13T21:05:56+00:00","description":"Senegal&#039;deki genel yar\u0131\u015fma, her y\u0131l birinci ve son s\u0131n\u0131ftaki en iyi \u00f6\u011frencileri \u00f6d\u00fcllendirmek i\u00e7in d\u00fczenlenir.","breadcrumb":{"@id":"https:\/\/senegalndiaye.com\/%e2%9c%85-le-concours-general-au-senegal-tout-ce-quil-faut-savoir\/#breadcrumb"},"inLanguage":"tr","potentialAction":[{"@type":"ReadAction","target":["https:\/\/senegalndiaye.com\/%e2%9c%85-le-concours-general-au-senegal-tout-ce-quil-faut-savoir\/"]}]},{"@type":"ImageObject","inLanguage":"tr","@id":"https:\/\/senegalndiaye.com\/%e2%9c%85-le-concours-general-au-senegal-tout-ce-quil-faut-savoir\/#primaryimage","url":"https:\/\/i0.wp.com\/senegalndiaye.com\/wp-content\/uploads\/2021\/10\/concours-general.jpg?fit=226%2C223&ssl=1","contentUrl":"https:\/\/i0.wp.com\/senegalndiaye.com\/wp-content\/uploads\/2021\/10\/concours-general.jpg?fit=226%2C223&ssl=1","width":226,"height":223,"caption":"concours g\u00e9n\u00e9ral s\u00e9n\u00e9gal"},{"@type":"BreadcrumbList","@id":"https:\/\/senegalndiaye.com\/%e2%9c%85-le-concours-general-au-senegal-tout-ce-quil-faut-savoir\/#breadcrumb","itemListElement":[{"@type":"ListItem","position":1,"name":"Accueil","item":"https:\/\/senegalndiaye.com\/"},{"@type":"ListItem","position":2,"name":"\u2705 Le concours g\u00e9n\u00e9ral au S\u00e9n\u00e9gal : tout ce qu\u2019il faut savoir"}]},{"@type":"WebSite","@id":"https:\/\/senegalndiaye.com\/#website","url":"https:\/\/senegalndiaye.com\/","name":"Senegal Ndiaye","description":"Senegal&#039;deki en iyi yerleri bulun","publisher":{"@id":"https:\/\/senegalndiaye.com\/#organization"},"potentialAction":[{"@type":"SearchAction","target":{"@type":"EntryPoint","urlTemplate":"https:\/\/senegalndiaye.com\/?s={search_term_string}"},"query-input":{"@type":"PropertyValueSpecification","valueRequired":true,"valueName":"search_term_string"}}],"inLanguage":"tr"},{"@type":"Organization","@id":"https:\/\/senegalndiaye.com\/#organization","name":"Senegal Ndiaye","url":"https:\/\/senegalndiaye.com\/","logo":{"@type":"ImageObject","inLanguage":"tr","@id":"https:\/\/senegalndiaye.com\/#\/schema\/logo\/image\/","url":"https:\/\/senegalndiaye.com\/wp-content\/uploads\/2018\/05\/senegalndiaye_logo.png","contentUrl":"https:\/\/senegalndiaye.com\/wp-content\/uploads\/2018\/05\/senegalndiaye_logo.png","width":150,"height":106,"caption":"Senegal Ndiaye"},"image":{"@id":"https:\/\/senegalndiaye.com\/#\/schema\/logo\/image\/"},"sameAs":["https:\/\/www.facebook.com\/senegalndiaye4\/","https:\/\/x.com\/Senegalndiaye5","https:\/\/www.instagram.com\/senegalndiaye1\/","https:\/\/www.linkedin.com\/company\/senegal-ndiaye\/"]},{"@type":"Person","@id":"https:\/\/senegalndiaye.com\/#\/schema\/person\/c1e0d9f50bc68102f5a7368b7c9551f5","name":"moderat\u00f6r","image":{"@type":"ImageObject","inLanguage":"tr","@id":"https:\/\/senegalndiaye.com\/wp-content\/litespeed\/avatar\/3fb7bc779db92bd05c1837e9542df344.jpg?ver=1777309443","url":"https:\/\/senegalndiaye.com\/wp-content\/litespeed\/avatar\/3fb7bc779db92bd05c1837e9542df344.jpg?ver=1777309443","contentUrl":"https:\/\/senegalndiaye.com\/wp-content\/litespeed\/avatar\/3fb7bc779db92bd05c1837e9542df344.jpg?ver=1777309443","caption":"Moderateur"},"url":"https:\/\/senegalndiaye.com\/tr\/author\/sndigital\/"}]}},"jetpack_featured_media_url":"https:\/\/i0.wp.com\/senegalndiaye.com\/wp-content\/uploads\/2021\/10\/concours-general.jpg?fit=226%2C223&ssl=1","jetpack_sharing_enabled":true,"jetpack-related-posts":[{"id":24221,"url":"https:\/\/senegalndiaye.com\/tr\/%e2%9c%85-les-formations-dinfirmier-detat-au-senegal\/","url_meta":{"origin":24825,"position":0},"title":"\u2705 Senegal&#039;de eyalet hem\u015firesi e\u011fitimi","author":"Moderateur","date":"Haziran 20, 2021","format":false,"excerpt":"Hem\u015firelik asistanlar\u0131 rutin, \u00f6zel ve evde bak\u0131m sa\u011flar. Hastanelerin d\u00fczg\u00fcn \u00e7al\u0131\u015fmas\u0131 i\u00e7in gereklidirler. Ancak bu mesle\u011fi yasal olarak uygulamak i\u00e7in devlet diplomas\u0131 ile iki y\u0131ll\u0131k bir e\u011fitime ihtiyac\u0131n\u0131z var. Hem\u015firelik e\u011fitimi hakk\u0131nda bilmeniz gereken her \u015feyi bu yaz\u0131da \u00f6\u011frenin\u2026","rel":"","context":"&quot;Blog&quot; i\u00e7inde","block_context":{"text":"Blog","link":"https:\/\/senegalndiaye.com\/tr\/category\/blog\/"},"img":{"alt_text":"formation infirmier d'etat au senegal","src":"https:\/\/i0.wp.com\/senegalndiaye.com\/wp-content\/uploads\/2021\/06\/formation-infirmier-etat-au-senegal.jpg?fit=600%2C466&ssl=1&resize=350%2C200","width":350,"height":200,"srcset":"https:\/\/i0.wp.com\/senegalndiaye.com\/wp-content\/uploads\/2021\/06\/formation-infirmier-etat-au-senegal.jpg?fit=600%2C466&ssl=1&resize=350%2C200 1x, https:\/\/i0.wp.com\/senegalndiaye.com\/wp-content\/uploads\/2021\/06\/formation-infirmier-etat-au-senegal.jpg?fit=600%2C466&ssl=1&resize=525%2C300 1.5x"},"classes":[]},{"id":23946,"url":"https:\/\/senegalndiaye.com\/tr\/les-offres-de-formations-gratuites-au-senegal-2021\/","url_meta":{"origin":24825,"position":1},"title":"Senegal 2021&#039;de \u00fccretsiz e\u011fitim teklifleri","author":"Moderateur","date":"May\u0131s 4, 2021","format":false,"excerpt":"Devlet taraf\u0131ndan tan\u0131nan bir mesleki diploma sa\u011flayacak tamamen \u00fccretsiz bir okulda e\u011fitim mi ar\u0131yorsunuz? Senegal&#039;de onlarca okul var. Sunduklar\u0131 e\u011fitim neredeyse her alan\u0131 kaps\u0131yor. \u00dcstelik s\u0131navlar veya... yoluyla da eri\u015filebilirler.","rel":"","context":"&quot;actualit\u00e9&quot; i\u00e7inde","block_context":{"text":"actualit\u00e9","link":"https:\/\/senegalndiaye.com\/tr\/category\/actualite\/"},"img":{"alt_text":"offre de formation gratuite au S\u00e9n\u00e9gal 2021","src":"https:\/\/i0.wp.com\/senegalndiaye.com\/wp-content\/uploads\/2021\/05\/formation-2021.jpg?fit=849%2C566&ssl=1&resize=350%2C200","width":350,"height":200,"srcset":"https:\/\/i0.wp.com\/senegalndiaye.com\/wp-content\/uploads\/2021\/05\/formation-2021.jpg?fit=849%2C566&ssl=1&resize=350%2C200 1x, https:\/\/i0.wp.com\/senegalndiaye.com\/wp-content\/uploads\/2021\/05\/formation-2021.jpg?fit=849%2C566&ssl=1&resize=525%2C300 1.5x, https:\/\/i0.wp.com\/senegalndiaye.com\/wp-content\/uploads\/2021\/05\/formation-2021.jpg?fit=849%2C566&ssl=1&resize=700%2C400 2x"},"classes":[]},{"id":24659,"url":"https:\/\/senegalndiaye.com\/tr\/%e2%9c%85-les-formations-en-journalisme-au-senegal\/","url_meta":{"origin":24825,"position":2},"title":"\u2705 Senegal&#039;de gazetecilik e\u011fitimi","author":"Moderateur","date":"A\u011fustos 27, 2021","format":false,"excerpt":"Bas\u0131nda e\u011fitim almak istiyorsunuz. G\u00fcn\u00fcm\u00fczde iyi yazmay\u0131 bilmek veya inan\u0131lmaz bir belagat yetene\u011fine sahip olmak yeterli de\u011fil. Asl\u0131nda, bu meslekte ilerlemenin yolu tan\u0131nm\u0131\u015f bir gazetecilik okuluna gitmekten ge\u00e7iyor. Hangi dersleri se\u00e7melisiniz? Dakar&#039;daki en iyi gazetecilik okullar\u0131 hangileri? Ke\u015ffedin...","rel":"","context":"&quot;Blog&quot; i\u00e7inde","block_context":{"text":"Blog","link":"https:\/\/senegalndiaye.com\/tr\/category\/blog\/"},"img":{"alt_text":"formation journalisme au senegal","src":"https:\/\/i0.wp.com\/senegalndiaye.com\/wp-content\/uploads\/2021\/08\/formation-journalisme-au-senegal.jpg?fit=480%2C323&ssl=1&resize=350%2C200","width":350,"height":200},"classes":[]},{"id":24017,"url":"https:\/\/senegalndiaye.com\/tr\/le-concours-ena-2021-au-senegal-tout-ce-quil-faut-savoir\/","url_meta":{"origin":24825,"position":3},"title":"Senegal&#039;deki ENA 2021 yar\u0131\u015fmas\u0131, bilmeniz gereken her \u015fey","author":"Moderateur","date":"May\u0131s 20, 2021","format":false,"excerpt":"Ulusal Y\u00f6netim Okulu (ENA), gelece\u011fin Senegalli memurlar\u0131n\u0131 yeti\u015ftirmek amac\u0131yla kurulmu\u015ftur. 18-33 ya\u015f aras\u0131 gen\u00e7 mezunlara ve 53 ya\u015f \u00fcst\u00fc memurlara sosyal g\u00fcvenlik, vergiler ve emlak, idare vb. alanlarda e\u011fitim vermektedir.","rel":"","context":"&quot;Blog&quot; i\u00e7inde","block_context":{"text":"Blog","link":"https:\/\/senegalndiaye.com\/tr\/category\/blog\/"},"img":{"alt_text":"concours ena 2021 s\u00e9n\u00e9gal","src":"https:\/\/i0.wp.com\/senegalndiaye.com\/wp-content\/uploads\/2021\/05\/Logo_ena-1.jpg?fit=500%2C300&ssl=1&resize=350%2C200","width":350,"height":200},"classes":[]},{"id":25266,"url":"https:\/\/senegalndiaye.com\/tr\/%e2%9c%85-concours-fonction-publique-niveau-bac-au-senegal\/","url_meta":{"origin":24825,"position":4},"title":"\u2705 Senegal&#039;de bakalorya d\u00fczeyinde kamu hizmeti yar\u0131\u015fmas\u0131","author":"Moderateur","date":"Ocak 12, 2022","format":false,"excerpt":"Bu alanda \u00e7al\u0131\u015fmak istiyorsunuz. \u0130ki se\u00e7ene\u011finiz var. Do\u011frudan veya mesleki rekabet s\u0131navlar\u0131na girebilirsiniz. Ancak, lisans d\u00fczeyindeki kamu hizmeti rekabet s\u0131navlar\u0131na yaln\u0131zca do\u011frudan ba\u015fvuru yoluyla girebilirsiniz. Baz\u0131 giri\u015f s\u0131navlar\u0131 e\u011fitimle sonu\u00e7lan\u0131rken, di\u011ferleri...","rel":"","context":"&quot;Blog&quot; i\u00e7inde","block_context":{"text":"Blog","link":"https:\/\/senegalndiaye.com\/tr\/category\/blog\/"},"img":{"alt_text":"Concours fonction publique niveau bac au S\u00e9n\u00e9gal","src":"https:\/\/i0.wp.com\/senegalndiaye.com\/wp-content\/uploads\/2022\/01\/fonction-publique.jpg?fit=412%2C291&ssl=1&resize=350%2C200","width":350,"height":200},"classes":[]},{"id":24433,"url":"https:\/\/senegalndiaye.com\/tr\/%e2%9c%85-concours-dentree-au-lycee-excellence-de-diourbel-2021\/","url_meta":{"origin":24825,"position":5},"title":"\u2705 Diourbel 2021 m\u00fckemmellik lisesine giri\u015f s\u0131nav\u0131","author":"Moderateur","date":"Temmuz 29, 2021","format":false,"excerpt":"Diourbel Fen Lisesi, Senegal&#039;deki en iyi \u00f6\u011frencileri yeti\u015ftirmek i\u00e7in kurulmu\u015ftur. Yat\u0131l\u0131 okul sistemine sahip, karma e\u011fitim veren bir m\u00fckemmellik okuludur. Okula yaln\u0131zca her y\u0131l d\u00fczenlenen rekabet\u00e7i s\u0131navlarla eri\u015filebilir. Bu makalede, okul hakk\u0131nda gerekli t\u00fcm bilgileri ke\u015ffedin...","rel":"","context":"&quot;Blog&quot; i\u00e7inde","block_context":{"text":"Blog","link":"https:\/\/senegalndiaye.com\/tr\/category\/blog\/"},"img":{"alt_text":"concours lyc\u00e9e d'excellence de diourbel 2021","src":"https:\/\/i0.wp.com\/senegalndiaye.com\/wp-content\/uploads\/2021\/07\/diourbel.png?fit=1024%2C512&ssl=1&resize=350%2C200","width":350,"height":200,"srcset":"https:\/\/i0.wp.com\/senegalndiaye.com\/wp-content\/uploads\/2021\/07\/diourbel.png?fit=1024%2C512&ssl=1&resize=350%2C200 1x, https:\/\/i0.wp.com\/senegalndiaye.com\/wp-content\/uploads\/2021\/07\/diourbel.png?fit=1024%2C512&ssl=1&resize=525%2C300 1.5x, https:\/\/i0.wp.com\/senegalndiaye.com\/wp-content\/uploads\/2021\/07\/diourbel.png?fit=1024%2C512&ssl=1&resize=700%2C400 2x"},"classes":[]}],"_links":{"self":[{"href":"https:\/\/senegalndiaye.com\/tr\/wp-json\/wp\/v2\/posts\/24825","targetHints":{"allow":["GET"]}}],"collection":[{"href":"https:\/\/senegalndiaye.com\/tr\/wp-json\/wp\/v2\/posts"}],"about":[{"href":"https:\/\/senegalndiaye.com\/tr\/wp-json\/wp\/v2\/types\/post"}],"author":[{"embeddable":true,"href":"https:\/\/senegalndiaye.com\/tr\/wp-json\/wp\/v2\/users\/8"}],"replies":[{"embeddable":true,"href":"https:\/\/senegalndiaye.com\/tr\/wp-json\/wp\/v2\/comments?post=24825"}],"version-history":[{"count":3,"href":"https:\/\/senegalndiaye.com\/tr\/wp-json\/wp\/v2\/posts\/24825\/revisions"}],"predecessor-version":[{"id":24832,"href":"https:\/\/senegalndiaye.com\/tr\/wp-json\/wp\/v2\/posts\/24825\/revisions\/24832"}],"wp:featuredmedia":[{"embeddable":true,"href":"https:\/\/senegalndiaye.com\/tr\/wp-json\/wp\/v2\/media\/24829"}],"wp:attachment":[{"href":"https:\/\/senegalndiaye.com\/tr\/wp-json\/wp\/v2\/media?parent=24825"}],"wp:term":[{"taxonomy":"category","embeddable":true,"href":"https:\/\/senegalndiaye.com\/tr\/wp-json\/wp\/v2\/categories?post=24825"},{"taxonomy":"post_tag","embeddable":true,"href":"https:\/\/senegalndiaye.com\/tr\/wp-json\/wp\/v2\/tags?post=24825"}],"curies":[{"name":"wp","href":"https:\/\/api.w.org\/{rel}","templated":true}]}}