{"id":24576,"date":"2021-08-23T22:43:25","date_gmt":"2021-08-23T22:43:25","guid":{"rendered":"https:\/\/senegalndiaye.com\/?p=24576"},"modified":"2021-08-23T22:43:25","modified_gmt":"2021-08-23T22:43:25","slug":"%e2%9c%85-les-formations-en-couture-a-dakar","status":"publish","type":"post","link":"https:\/\/senegalndiaye.com\/tr\/%e2%9c%85-les-formations-en-couture-a-dakar\/","title":{"rendered":"\u2705 Dakar&#039;da diki\u015f e\u011fitimi"},"content":{"rendered":"<p>Senegal&#039;de moda, stil veya tekstil tasar\u0131mc\u0131s\u0131nda yeniden e\u011fitim almak veya geli\u015fmek istiyorsunuz. M\u00fcmk\u00fcn. Ger\u00e7ekten de, Senegal ba\u015fkentinde e\u011fitim alabilirsiniz. \u0130tibaren <strong>Dakar&#039;da diki\u015f e\u011fitimi<\/strong> hayalinizi ger\u00e7ekle\u015ftirmenize yard\u0131mc\u0131 olabilir. Bu yaz\u0131m\u0131zda bizi takip edin, takip etmeniz gereken kurs, e\u011fitim veren okullar ve i\u015f imkanlar\u0131 hakk\u0131nda gerekli t\u00fcm bilgileri sizlere sunuyoruz. \u00a0<strong>\u00a0 \u00a0 \u00a0 \u00a0<\/strong><\/p>\n<h3><strong>Dakar&#039;da farkl\u0131 diki\u015f e\u011fitimi t\u00fcrleri <\/strong><\/h3>\n<p>Dakar&#039;daki diki\u015f e\u011fitim okullar\u0131, \u00e7e\u015fitli e\u011fitim kurslar\u0131 arac\u0131l\u0131\u011f\u0131yla haute couture \u00f6\u011frenmenizi sa\u011flar. Ger\u00e7ekten de, her kurs size profesyonel bir kariyerden ve Devlet taraf\u0131ndan tan\u0131nan diplomalardan yararlanma \u015fans\u0131 verir.<\/p>\n<p><script async src=\"https:\/\/pagead2.googlesyndication.com\/pagead\/js\/adsbygoogle.js?client=ca-pub-2317662529110026\"\n     crossorigin=\"anonymous\"><\/script><br \/>\n<ins class=\"adsbygoogle\"\n     style=\"display:block; text-align:center;\"\n     data-ad-layout=\"in-article\"\n     data-ad-format=\"fluid\"\n     data-ad-client=\"ca-pub-2317662529110026\"\n     data-ad-slot=\"8210013961\"><\/ins><br \/>\n<script>\n     (adsbygoogle = window.adsbygoogle || []).push({});\n<\/script><br \/>\n&nbsp;<\/p>\n<h3><strong>QCP (Mesleki Yeterlilik Diplomas\u0131) <\/strong><\/h3>\n<p>Nitelikli diplomaya t\u00fcm e\u011fitim seviyelerinde eri\u015filebilir. Ayr\u0131ca 2 y\u0131l i\u00e7erisinde uygulamal\u0131 ve teorik derslerle yap\u0131lmaktad\u0131r. BTS&#039;den farkl\u0131 olarak QCP, e\u011fitim sonunda s\u0131navs\u0131z olarak al\u0131nmaktad\u0131r. Ancak moda \u00e7izimi, kesim, boyama ve el sanatlar\u0131n\u0131 \u00f6\u011frenmenizi sa\u011flar.<\/p>\n<h3><strong>CAP (Mesleki Yeterlilik Sertifikas\u0131)<\/strong><\/h3>\n<p>Diki\u015fte CAP 3 y\u0131lda yap\u0131l\u0131r. Program, \u015fekillendirme, kal\u0131p yap\u0131m\u0131, boyama ve farkl\u0131 moda kesimleri etraf\u0131nda d\u00f6n\u00fcyor. Bu t\u00fcr bir kursu se\u00e7mek i\u00e7in en az\u0131ndan CFEE veya BFEM&#039;e sahip olman\u0131z gerekir.<\/p>\n<h3><strong>diki\u015f \u00f6zel ders \u00a0<\/strong><\/h3>\n<p>Dersler hafta sonlar\u0131 veya tatil g\u00fcnlerinde yap\u0131l\u0131r. Ancak hafta sonu kurslar\u0131 genellikle 1-2 ay, tatil kurslar\u0131 ise 1 ay s\u00fcrer. E\u011fitimin bitiminden sonra, e\u011fitim okulundan bir ba\u015far\u0131 sertifikas\u0131 alacaks\u0131n\u0131z.<\/p>\n<h3><strong>Dakar&#039;da diki\u015f e\u011fitim okullar\u0131<\/strong><\/h3>\n<p>Diki\u015f alan\u0131ndaki mesleki e\u011fitim merkezlerinin \u00e7o\u011fu Dakar&#039;da bulunmaktad\u0131r. Ayr\u0131ca, eksiksiz ve pratik rotalar sunarlar. Dakar&#039;daki en iyi diki\u015f e\u011fitimi okullar\u0131n\u0131n listesi.<\/p>\n<h3><strong>ICCM Dakar (Kesim, Couture ve Moda Enstit\u00fcs\u00fc)<\/strong><\/h3>\n<p>ICCM bir kamu e\u011fitim okuludur. Stilistleri ve kal\u0131p\u00e7\u0131lar\u0131 e\u011fitmek i\u00e7in kuruldu. Gen\u00e7 Senegallilere ve yabanc\u0131lara a\u00e7\u0131kt\u0131r.<\/p>\n<h4><strong>kay\u0131t<\/strong><\/h4>\n<p>ICCM&#039;ye kaydolmak i\u00e7in en az\u0131ndan BFEM veya CAP in couture cut veya benzeri bir diplomaya sahip olman\u0131z gerekir. \u00d6te yandan, ICCM&#039;ye yaln\u0131zca rekabet yoluyla eri\u015filebilir. Bu her y\u0131l d\u00fczenlenmektedir.<\/p>\n<h4><strong>ICCM&#039;de diki\u015f dersleri<\/strong><\/h4>\n<p>\u00c7al\u0131\u015fma program\u0131 a\u015fa\u011f\u0131dakileri i\u00e7eren \u00e7e\u015fitli mod\u00fcllerden olu\u015fmaktad\u0131r:<\/p>\n<ul>\n<li>teknik \u00e7izim<\/li>\n<li>Fincan<\/li>\n<li>Yap\u0131m\u0131<\/li>\n<li>Matematik, \u0130ngilizce ve Frans\u0131zca<\/li>\n<li>BT ve teknoloji<\/li>\n<\/ul>\n<h4><strong>E\u011fitimin s\u00fcresi<\/strong><\/h4>\n<p>E\u011fitim, BT sahibine 2 y\u0131ll\u0131k, bakalorya sahibi adaylara 3 y\u0131ll\u0131k bir e\u011fitim yapma olana\u011f\u0131 sa\u011flar. Ayr\u0131ca BTS yani iki y\u0131ll\u0131k e\u011fitim yapman\u0131z\u0131 sa\u011flar.<\/p>\n<p>Dakar kom\u00fcn\u00fcnde, Rufisque&#039;e giden eski yol \u00fczerinde yer almaktad\u0131r.<\/p>\n<h3><strong>CAIF-Dakar <\/strong><\/h3>\n<p>Diki\u015f konusunda mesleki e\u011fitim vermektedir. Ger\u00e7ekten de QCP, CAP veya BEP yapabilirsiniz.<\/p>\n<h4><strong>CAIF&#039;deki bireyler<\/strong><\/h4>\n<p>Hafta sonlar\u0131 ve tatil g\u00fcnlerinde \u00f6zel dersler d\u00fczenlemektedir. Devam eden hafta sonu e\u011fitiminin maliyeti 90.000 CFA frang\u0131 olup, 60.000 CFA frang\u0131 1&#039;de \u00f6denecektir.<sup>er <\/sup>ay ve e\u011fitimin son ay\u0131nda 30.000 CFA frang\u0131. Ayr\u0131ca tatil kurslar\u0131 daha pahal\u0131d\u0131r. Ger\u00e7ekten de, 100.000 CFA frank\u0131na mal oldular.<\/p>\n<p>Kay\u0131t olmak i\u00e7in Dakar veya Pikine Technopole&#039;deki Sacr\u00e9-Coeur 3 villa 8613A&#039;ya gidin.<\/p>\n<h3><strong>HECC (Kesim ve Diki\u015f Lisesi)<\/strong><\/h3>\n<p>Profesyonel d\u00fcnyaya uyum sa\u011flayabilecek veya kendi i\u015fini kurabilecek gen\u00e7ler yeti\u015ftirmeyi ama\u00e7lamaktad\u0131r. Ayr\u0131ca onlar\u0131 diki\u015f, moda tasar\u0131m\u0131, boncuk i\u015fleme ve nak\u0131\u015f i\u015flerine haz\u0131rlar. HECC&#039;de e\u011fitim \u00fc\u00e7 y\u0131l s\u00fcrer.<\/p>\n<h4><strong>e\u011fitim maliyeti\u00a0<\/strong><\/h4>\n<p>1&#039;de genel e\u011fitimin maliyeti<sup>D<\/sup> <sup>ve<\/sup> 2<sup>ve<\/sup> y\u0131l, kay\u0131t olarak 31.500 CFA frang\u0131 dahil olmak \u00fczere 256.000 CFA frang\u0131 tutar\u0131ndad\u0131r. Ancak geri kalan\u0131, 9 aya yay\u0131lan 25.000 CFA frang\u0131 ayl\u0131k taksitler halinde \u00f6denecektir. Ancak, \u00fc\u00e7\u00fcnc\u00fc y\u0131lda \u00f6\u011frenim \u00fccretleri 306,500 CFA frang\u0131d\u0131r.<\/p>\n<p>Ak\u015fam s\u0131n\u0131f\u0131 e\u011fitiminin maliyeti daha d\u00fc\u015f\u00fckt\u00fcr. Ger\u00e7ekten de, kay\u0131t \u00fccreti olarak 30.000 CFA frang\u0131 ve ayl\u0131k \u00f6deme olarak 17.500 CFA frang\u0131 olmak \u00fczere 187.500 CFA frang\u0131d\u0131r.<\/p>\n<h4><strong>kay\u0131t <\/strong><\/h4>\n<p>Kay\u0131t i\u00e7in ge\u00e7erli bir do\u011fum belgesine ve 4 adet vesikal\u0131k foto\u011frafa ihtiyac\u0131n\u0131z var. Bulu\u015f <a href=\"http:\/\/www.heccpikine.com\">www.heccpikine.com<\/a> \u00f6n kay\u0131t i\u00e7in.<\/p>\n<h3><strong>Senegal&#039;de diki\u015f e\u011fitimi i\u00e7in f\u0131rsatlar <\/strong><\/h3>\n<p>Dakar&#039;da diki\u015f e\u011fitimi bir\u00e7ok f\u0131rsat sunuyor. Ger\u00e7ekten de, kursunuzdan sonra \u015fu \u015fekilde \u00e7al\u0131\u015fabilirsiniz:<\/p>\n<ul>\n<li>moda tasar\u0131mc\u0131s\u0131<\/li>\n<li>Ba\u011f\u0131ms\u0131z veya profesyonel tasar\u0131mc\u0131<\/li>\n<li>Model yap\u0131mc\u0131s\u0131<\/li>\n<li>m\u00fc\u015fteri<\/li>\n<\/ul>\n<p>Dakar&#039;da diki\u015f e\u011fitimi size profesyonel olarak pratik yapma f\u0131rsat\u0131 verir. Ger\u00e7ekten de, \u00e7ok h\u0131zl\u0131 bir \u015fekilde istikrarl\u0131 bir i\u015fe sahip olmay\u0131 da m\u00fcmk\u00fcn k\u0131l\u0131yor.<\/p>\n<h3>T\u00fcm makalelerimizi sitemizde bulabilirsiniz. <a href=\"https:\/\/senegalndiaye.com\/tr\/blog\/\">Blog<\/a><\/h3>\n<p>&nbsp;<\/p>","protected":false},"excerpt":{"rendered":"<p>Vous souhaitez faire une reconversion ou \u00e9voluer dans la mode, le stylisme ou le designer textile au S\u00e9n\u00e9gal. C\u2019est bien possible. En effet, vous pouvez vous former dans la capitale s\u00e9n\u00e9galaise. Des formations couture \u00e0 Dakar peuvent vous aider \u00e0 r\u00e9aliser votre r\u00eave. Suivez-nous dans cet article, nous vous livrons toutes les informations n\u00e9cessaires sur [&hellip;]<\/p>\n","protected":false},"author":8,"featured_media":24577,"comment_status":"open","ping_status":"open","sticky":false,"template":"","format":"standard","meta":{"_jetpack_memberships_contains_paid_content":false,"footnotes":""},"categories":[83],"tags":[],"class_list":["post-24576","post","type-post","status-publish","format-standard","has-post-thumbnail","hentry","category-blog"],"yoast_head":"<!-- This site is optimized with the Yoast SEO plugin v27.5 - https:\/\/yoast.com\/product\/yoast-seo-wordpress\/ -->\n<title>\u2705 Les formations en couture \u00e0 Dakar &#187; Senegal Ndiaye<\/title>\n<meta name=\"description\" content=\"Suivez-nous dans cet article, nous vous livrons toutes les informations n\u00e9cessaires sur le parcours \u00e0 suivre, les \u00e9coles de formations et les d\u00e9bouch\u00e9s du m\u00e9tier. \u00a0\u00a0 \u00a0 \u00a0 \u00a0\" \/>\n<meta name=\"robots\" content=\"index, follow, max-snippet:-1, max-image-preview:large, max-video-preview:-1\" \/>\n<link rel=\"canonical\" href=\"https:\/\/senegalndiaye.com\/tr\/\u2705-les-formations-en-couture-a-dakar\/\" \/>\n<meta property=\"og:locale\" content=\"tr_TR\" \/>\n<meta property=\"og:type\" content=\"article\" \/>\n<meta property=\"og:title\" content=\"\u2705 Les formations en couture \u00e0 Dakar &#187; Senegal Ndiaye\" \/>\n<meta property=\"og:description\" content=\"Suivez-nous dans cet article, nous vous livrons toutes les informations n\u00e9cessaires sur le parcours \u00e0 suivre, les \u00e9coles de formations et les d\u00e9bouch\u00e9s du m\u00e9tier. \u00a0\u00a0 \u00a0 \u00a0 \u00a0\" \/>\n<meta property=\"og:url\" content=\"https:\/\/senegalndiaye.com\/tr\/\u2705-les-formations-en-couture-a-dakar\/\" \/>\n<meta property=\"og:site_name\" content=\"Senegal Ndiaye\" \/>\n<meta property=\"article:publisher\" content=\"https:\/\/www.facebook.com\/senegalndiaye4\/\" \/>\n<meta property=\"article:published_time\" content=\"2021-08-23T22:43:25+00:00\" \/>\n<meta property=\"og:image\" content=\"https:\/\/senegalndiaye.com\/wp-content\/uploads\/2021\/08\/formation-couture-dakar.jpg\" \/>\n\t<meta property=\"og:image:width\" content=\"800\" \/>\n\t<meta property=\"og:image:height\" content=\"532\" \/>\n\t<meta property=\"og:image:type\" content=\"image\/jpeg\" \/>\n<meta name=\"author\" content=\"Moderateur\" \/>\n<meta name=\"twitter:card\" content=\"summary_large_image\" \/>\n<meta name=\"twitter:creator\" content=\"@Senegalndiaye5\" \/>\n<meta name=\"twitter:site\" content=\"@Senegalndiaye5\" \/>\n<meta name=\"twitter:label1\" content=\"Yazan:\" \/>\n\t<meta name=\"twitter:data1\" content=\"Moderateur\" \/>\n\t<meta name=\"twitter:label2\" content=\"Tahmini okuma s\u00fcresi\" \/>\n\t<meta name=\"twitter:data2\" content=\"4 dakika\" \/>\n<script type=\"application\/ld+json\" class=\"yoast-schema-graph\">{\"@context\":\"https:\\\/\\\/schema.org\",\"@graph\":[{\"@type\":\"Article\",\"@id\":\"https:\\\/\\\/senegalndiaye.com\\\/%e2%9c%85-les-formations-en-couture-a-dakar\\\/#article\",\"isPartOf\":{\"@id\":\"https:\\\/\\\/senegalndiaye.com\\\/%e2%9c%85-les-formations-en-couture-a-dakar\\\/\"},\"author\":{\"name\":\"Moderateur\",\"@id\":\"https:\\\/\\\/senegalndiaye.com\\\/#\\\/schema\\\/person\\\/c1e0d9f50bc68102f5a7368b7c9551f5\"},\"headline\":\"\u2705 Les formations en couture \u00e0 Dakar\",\"datePublished\":\"2021-08-23T22:43:25+00:00\",\"mainEntityOfPage\":{\"@id\":\"https:\\\/\\\/senegalndiaye.com\\\/%e2%9c%85-les-formations-en-couture-a-dakar\\\/\"},\"wordCount\":858,\"commentCount\":8,\"publisher\":{\"@id\":\"https:\\\/\\\/senegalndiaye.com\\\/#organization\"},\"image\":{\"@id\":\"https:\\\/\\\/senegalndiaye.com\\\/%e2%9c%85-les-formations-en-couture-a-dakar\\\/#primaryimage\"},\"thumbnailUrl\":\"https:\\\/\\\/i0.wp.com\\\/senegalndiaye.com\\\/wp-content\\\/uploads\\\/2021\\\/08\\\/formation-couture-dakar.jpg?fit=800%2C532&ssl=1\",\"articleSection\":[\"Blog\"],\"inLanguage\":\"tr\",\"potentialAction\":[{\"@type\":\"CommentAction\",\"name\":\"Comment\",\"target\":[\"https:\\\/\\\/senegalndiaye.com\\\/%e2%9c%85-les-formations-en-couture-a-dakar\\\/#respond\"]}]},{\"@type\":\"WebPage\",\"@id\":\"https:\\\/\\\/senegalndiaye.com\\\/%e2%9c%85-les-formations-en-couture-a-dakar\\\/\",\"url\":\"https:\\\/\\\/senegalndiaye.com\\\/%e2%9c%85-les-formations-en-couture-a-dakar\\\/\",\"name\":\"\u2705 Les formations en couture \u00e0 Dakar &#187; Senegal Ndiaye\",\"isPartOf\":{\"@id\":\"https:\\\/\\\/senegalndiaye.com\\\/#website\"},\"primaryImageOfPage\":{\"@id\":\"https:\\\/\\\/senegalndiaye.com\\\/%e2%9c%85-les-formations-en-couture-a-dakar\\\/#primaryimage\"},\"image\":{\"@id\":\"https:\\\/\\\/senegalndiaye.com\\\/%e2%9c%85-les-formations-en-couture-a-dakar\\\/#primaryimage\"},\"thumbnailUrl\":\"https:\\\/\\\/i0.wp.com\\\/senegalndiaye.com\\\/wp-content\\\/uploads\\\/2021\\\/08\\\/formation-couture-dakar.jpg?fit=800%2C532&ssl=1\",\"datePublished\":\"2021-08-23T22:43:25+00:00\",\"description\":\"Suivez-nous dans cet article, nous vous livrons toutes les informations n\u00e9cessaires sur le parcours \u00e0 suivre, les \u00e9coles de formations et les d\u00e9bouch\u00e9s du m\u00e9tier. \u00a0\u00a0 \u00a0 \u00a0 \u00a0\",\"breadcrumb\":{\"@id\":\"https:\\\/\\\/senegalndiaye.com\\\/%e2%9c%85-les-formations-en-couture-a-dakar\\\/#breadcrumb\"},\"inLanguage\":\"tr\",\"potentialAction\":[{\"@type\":\"ReadAction\",\"target\":[\"https:\\\/\\\/senegalndiaye.com\\\/%e2%9c%85-les-formations-en-couture-a-dakar\\\/\"]}]},{\"@type\":\"ImageObject\",\"inLanguage\":\"tr\",\"@id\":\"https:\\\/\\\/senegalndiaye.com\\\/%e2%9c%85-les-formations-en-couture-a-dakar\\\/#primaryimage\",\"url\":\"https:\\\/\\\/i0.wp.com\\\/senegalndiaye.com\\\/wp-content\\\/uploads\\\/2021\\\/08\\\/formation-couture-dakar.jpg?fit=800%2C532&ssl=1\",\"contentUrl\":\"https:\\\/\\\/i0.wp.com\\\/senegalndiaye.com\\\/wp-content\\\/uploads\\\/2021\\\/08\\\/formation-couture-dakar.jpg?fit=800%2C532&ssl=1\",\"width\":800,\"height\":532,\"caption\":\"formation couture dakar\"},{\"@type\":\"BreadcrumbList\",\"@id\":\"https:\\\/\\\/senegalndiaye.com\\\/%e2%9c%85-les-formations-en-couture-a-dakar\\\/#breadcrumb\",\"itemListElement\":[{\"@type\":\"ListItem\",\"position\":1,\"name\":\"Accueil\",\"item\":\"https:\\\/\\\/senegalndiaye.com\\\/\"},{\"@type\":\"ListItem\",\"position\":2,\"name\":\"\u2705 Les formations en couture \u00e0 Dakar\"}]},{\"@type\":\"WebSite\",\"@id\":\"https:\\\/\\\/senegalndiaye.com\\\/#website\",\"url\":\"https:\\\/\\\/senegalndiaye.com\\\/\",\"name\":\"Senegal Ndiaye\",\"description\":\"Retrouvez les meilleurs endroits du S\u00e9n\u00e9gal\",\"publisher\":{\"@id\":\"https:\\\/\\\/senegalndiaye.com\\\/#organization\"},\"potentialAction\":[{\"@type\":\"SearchAction\",\"target\":{\"@type\":\"EntryPoint\",\"urlTemplate\":\"https:\\\/\\\/senegalndiaye.com\\\/?s={search_term_string}\"},\"query-input\":{\"@type\":\"PropertyValueSpecification\",\"valueRequired\":true,\"valueName\":\"search_term_string\"}}],\"inLanguage\":\"tr\"},{\"@type\":\"Organization\",\"@id\":\"https:\\\/\\\/senegalndiaye.com\\\/#organization\",\"name\":\"Senegal Ndiaye\",\"url\":\"https:\\\/\\\/senegalndiaye.com\\\/\",\"logo\":{\"@type\":\"ImageObject\",\"inLanguage\":\"tr\",\"@id\":\"https:\\\/\\\/senegalndiaye.com\\\/#\\\/schema\\\/logo\\\/image\\\/\",\"url\":\"https:\\\/\\\/senegalndiaye.com\\\/wp-content\\\/uploads\\\/2018\\\/05\\\/senegalndiaye_logo.png\",\"contentUrl\":\"https:\\\/\\\/senegalndiaye.com\\\/wp-content\\\/uploads\\\/2018\\\/05\\\/senegalndiaye_logo.png\",\"width\":150,\"height\":106,\"caption\":\"Senegal Ndiaye\"},\"image\":{\"@id\":\"https:\\\/\\\/senegalndiaye.com\\\/#\\\/schema\\\/logo\\\/image\\\/\"},\"sameAs\":[\"https:\\\/\\\/www.facebook.com\\\/senegalndiaye4\\\/\",\"https:\\\/\\\/x.com\\\/Senegalndiaye5\",\"https:\\\/\\\/www.instagram.com\\\/senegalndiaye1\\\/\",\"https:\\\/\\\/www.linkedin.com\\\/company\\\/senegal-ndiaye\\\/\"]},{\"@type\":\"Person\",\"@id\":\"https:\\\/\\\/senegalndiaye.com\\\/#\\\/schema\\\/person\\\/c1e0d9f50bc68102f5a7368b7c9551f5\",\"name\":\"Moderateur\",\"image\":{\"@type\":\"ImageObject\",\"inLanguage\":\"tr\",\"@id\":\"https:\\\/\\\/senegalndiaye.com\\\/wp-content\\\/litespeed\\\/avatar\\\/3fb7bc779db92bd05c1837e9542df344.jpg?ver=1777309443\",\"url\":\"https:\\\/\\\/senegalndiaye.com\\\/wp-content\\\/litespeed\\\/avatar\\\/3fb7bc779db92bd05c1837e9542df344.jpg?ver=1777309443\",\"contentUrl\":\"https:\\\/\\\/senegalndiaye.com\\\/wp-content\\\/litespeed\\\/avatar\\\/3fb7bc779db92bd05c1837e9542df344.jpg?ver=1777309443\",\"caption\":\"Moderateur\"},\"url\":\"https:\\\/\\\/senegalndiaye.com\\\/tr\\\/author\\\/sndigital\\\/\"}]}<\/script>\n<!-- \/ Yoast SEO plugin. -->","yoast_head_json":{"title":"\u2705 Dakar&#039;da diki\u015f e\u011fitimi \u00bb Senegal Ndiaye","description":"Bu yaz\u0131m\u0131zda bizi takip edin, takip etmeniz gereken kurs, e\u011fitim veren okullar ve i\u015f imkanlar\u0131 hakk\u0131nda gerekli t\u00fcm bilgileri sizlere sunuyoruz. \u00a0\u00a0 \u00a0 \u00a0 \u00a0","robots":{"index":"index","follow":"follow","max-snippet":"max-snippet:-1","max-image-preview":"max-image-preview:large","max-video-preview":"max-video-preview:-1"},"canonical":"https:\/\/senegalndiaye.com\/tr\/\u2705-les-formations-en-couture-a-dakar\/","og_locale":"tr_TR","og_type":"article","og_title":"\u2705 Les formations en couture \u00e0 Dakar &#187; Senegal Ndiaye","og_description":"Suivez-nous dans cet article, nous vous livrons toutes les informations n\u00e9cessaires sur le parcours \u00e0 suivre, les \u00e9coles de formations et les d\u00e9bouch\u00e9s du m\u00e9tier. \u00a0\u00a0 \u00a0 \u00a0 \u00a0","og_url":"https:\/\/senegalndiaye.com\/tr\/\u2705-les-formations-en-couture-a-dakar\/","og_site_name":"Senegal Ndiaye","article_publisher":"https:\/\/www.facebook.com\/senegalndiaye4\/","article_published_time":"2021-08-23T22:43:25+00:00","og_image":[{"width":800,"height":532,"url":"https:\/\/senegalndiaye.com\/wp-content\/uploads\/2021\/08\/formation-couture-dakar.jpg","type":"image\/jpeg"}],"author":"Moderateur","twitter_card":"summary_large_image","twitter_creator":"@Senegalndiaye5","twitter_site":"@Senegalndiaye5","twitter_misc":{"Yazan:":"Moderateur","Tahmini okuma s\u00fcresi":"4 dakika"},"schema":{"@context":"https:\/\/schema.org","@graph":[{"@type":"Article","@id":"https:\/\/senegalndiaye.com\/%e2%9c%85-les-formations-en-couture-a-dakar\/#article","isPartOf":{"@id":"https:\/\/senegalndiaye.com\/%e2%9c%85-les-formations-en-couture-a-dakar\/"},"author":{"name":"Moderateur","@id":"https:\/\/senegalndiaye.com\/#\/schema\/person\/c1e0d9f50bc68102f5a7368b7c9551f5"},"headline":"\u2705 Les formations en couture \u00e0 Dakar","datePublished":"2021-08-23T22:43:25+00:00","mainEntityOfPage":{"@id":"https:\/\/senegalndiaye.com\/%e2%9c%85-les-formations-en-couture-a-dakar\/"},"wordCount":858,"commentCount":8,"publisher":{"@id":"https:\/\/senegalndiaye.com\/#organization"},"image":{"@id":"https:\/\/senegalndiaye.com\/%e2%9c%85-les-formations-en-couture-a-dakar\/#primaryimage"},"thumbnailUrl":"https:\/\/i0.wp.com\/senegalndiaye.com\/wp-content\/uploads\/2021\/08\/formation-couture-dakar.jpg?fit=800%2C532&ssl=1","articleSection":["Blog"],"inLanguage":"tr","potentialAction":[{"@type":"CommentAction","name":"Comment","target":["https:\/\/senegalndiaye.com\/%e2%9c%85-les-formations-en-couture-a-dakar\/#respond"]}]},{"@type":"WebPage","@id":"https:\/\/senegalndiaye.com\/%e2%9c%85-les-formations-en-couture-a-dakar\/","url":"https:\/\/senegalndiaye.com\/%e2%9c%85-les-formations-en-couture-a-dakar\/","name":"\u2705 Dakar&#039;da diki\u015f e\u011fitimi \u00bb Senegal Ndiaye","isPartOf":{"@id":"https:\/\/senegalndiaye.com\/#website"},"primaryImageOfPage":{"@id":"https:\/\/senegalndiaye.com\/%e2%9c%85-les-formations-en-couture-a-dakar\/#primaryimage"},"image":{"@id":"https:\/\/senegalndiaye.com\/%e2%9c%85-les-formations-en-couture-a-dakar\/#primaryimage"},"thumbnailUrl":"https:\/\/i0.wp.com\/senegalndiaye.com\/wp-content\/uploads\/2021\/08\/formation-couture-dakar.jpg?fit=800%2C532&ssl=1","datePublished":"2021-08-23T22:43:25+00:00","description":"Bu yaz\u0131m\u0131zda bizi takip edin, takip etmeniz gereken kurs, e\u011fitim veren okullar ve i\u015f imkanlar\u0131 hakk\u0131nda gerekli t\u00fcm bilgileri sizlere sunuyoruz. \u00a0\u00a0 \u00a0 \u00a0 \u00a0","breadcrumb":{"@id":"https:\/\/senegalndiaye.com\/%e2%9c%85-les-formations-en-couture-a-dakar\/#breadcrumb"},"inLanguage":"tr","potentialAction":[{"@type":"ReadAction","target":["https:\/\/senegalndiaye.com\/%e2%9c%85-les-formations-en-couture-a-dakar\/"]}]},{"@type":"ImageObject","inLanguage":"tr","@id":"https:\/\/senegalndiaye.com\/%e2%9c%85-les-formations-en-couture-a-dakar\/#primaryimage","url":"https:\/\/i0.wp.com\/senegalndiaye.com\/wp-content\/uploads\/2021\/08\/formation-couture-dakar.jpg?fit=800%2C532&ssl=1","contentUrl":"https:\/\/i0.wp.com\/senegalndiaye.com\/wp-content\/uploads\/2021\/08\/formation-couture-dakar.jpg?fit=800%2C532&ssl=1","width":800,"height":532,"caption":"formation couture dakar"},{"@type":"BreadcrumbList","@id":"https:\/\/senegalndiaye.com\/%e2%9c%85-les-formations-en-couture-a-dakar\/#breadcrumb","itemListElement":[{"@type":"ListItem","position":1,"name":"Accueil","item":"https:\/\/senegalndiaye.com\/"},{"@type":"ListItem","position":2,"name":"\u2705 Les formations en couture \u00e0 Dakar"}]},{"@type":"WebSite","@id":"https:\/\/senegalndiaye.com\/#website","url":"https:\/\/senegalndiaye.com\/","name":"Senegal Ndiaye","description":"Senegal&#039;deki en iyi yerleri bulun","publisher":{"@id":"https:\/\/senegalndiaye.com\/#organization"},"potentialAction":[{"@type":"SearchAction","target":{"@type":"EntryPoint","urlTemplate":"https:\/\/senegalndiaye.com\/?s={search_term_string}"},"query-input":{"@type":"PropertyValueSpecification","valueRequired":true,"valueName":"search_term_string"}}],"inLanguage":"tr"},{"@type":"Organization","@id":"https:\/\/senegalndiaye.com\/#organization","name":"Senegal Ndiaye","url":"https:\/\/senegalndiaye.com\/","logo":{"@type":"ImageObject","inLanguage":"tr","@id":"https:\/\/senegalndiaye.com\/#\/schema\/logo\/image\/","url":"https:\/\/senegalndiaye.com\/wp-content\/uploads\/2018\/05\/senegalndiaye_logo.png","contentUrl":"https:\/\/senegalndiaye.com\/wp-content\/uploads\/2018\/05\/senegalndiaye_logo.png","width":150,"height":106,"caption":"Senegal Ndiaye"},"image":{"@id":"https:\/\/senegalndiaye.com\/#\/schema\/logo\/image\/"},"sameAs":["https:\/\/www.facebook.com\/senegalndiaye4\/","https:\/\/x.com\/Senegalndiaye5","https:\/\/www.instagram.com\/senegalndiaye1\/","https:\/\/www.linkedin.com\/company\/senegal-ndiaye\/"]},{"@type":"Person","@id":"https:\/\/senegalndiaye.com\/#\/schema\/person\/c1e0d9f50bc68102f5a7368b7c9551f5","name":"moderat\u00f6r","image":{"@type":"ImageObject","inLanguage":"tr","@id":"https:\/\/senegalndiaye.com\/wp-content\/litespeed\/avatar\/3fb7bc779db92bd05c1837e9542df344.jpg?ver=1777309443","url":"https:\/\/senegalndiaye.com\/wp-content\/litespeed\/avatar\/3fb7bc779db92bd05c1837e9542df344.jpg?ver=1777309443","contentUrl":"https:\/\/senegalndiaye.com\/wp-content\/litespeed\/avatar\/3fb7bc779db92bd05c1837e9542df344.jpg?ver=1777309443","caption":"Moderateur"},"url":"https:\/\/senegalndiaye.com\/tr\/author\/sndigital\/"}]}},"jetpack_featured_media_url":"https:\/\/i0.wp.com\/senegalndiaye.com\/wp-content\/uploads\/2021\/08\/formation-couture-dakar.jpg?fit=800%2C532&ssl=1","jetpack_sharing_enabled":true,"jetpack-related-posts":[{"id":24998,"url":"https:\/\/senegalndiaye.com\/tr\/%e2%9c%85-concours-dentree-au-centre-de-formation-artisanale-de-dakar\/","url_meta":{"origin":24576,"position":0},"title":"\u2705 Dakar&#039;daki zanaat e\u011fitim merkezine giri\u015f s\u0131nav\u0131","author":"Moderateur","date":"Kas\u0131m 10, 2021","format":false,"excerpt":"Dakar Zanaat E\u011fitim Merkezi&#039;ne giri\u015f s\u0131nav\u0131, sizi Zanaatlarda Mesleki Yeterlilik Sertifikas\u0131&#039;na haz\u0131rlar. Bu sertifikan\u0131n amac\u0131, becerilerinizi geli\u015ftirmenize ve alan\u0131n\u0131zda tan\u0131nm\u0131\u015f bir diploma alman\u0131za yard\u0131mc\u0131 olmakt\u0131r. Formaliteleri bu makalede bulabilirsiniz. Giri\u015f s\u0131nav\u0131 i\u00e7in sunulan e\u011fitim kurslar\u0131\u2026","rel":"","context":"&quot;Blog&quot; i\u00e7inde","block_context":{"text":"Blog","link":"https:\/\/senegalndiaye.com\/tr\/category\/blog\/"},"img":{"alt_text":"concours centre de formation artisanale","src":"https:\/\/i0.wp.com\/senegalndiaye.com\/wp-content\/uploads\/2021\/11\/formation-artisanale.jpg?fit=800%2C450&ssl=1&resize=350%2C200","width":350,"height":200,"srcset":"https:\/\/i0.wp.com\/senegalndiaye.com\/wp-content\/uploads\/2021\/11\/formation-artisanale.jpg?fit=800%2C450&ssl=1&resize=350%2C200 1x, https:\/\/i0.wp.com\/senegalndiaye.com\/wp-content\/uploads\/2021\/11\/formation-artisanale.jpg?fit=800%2C450&ssl=1&resize=525%2C300 1.5x, https:\/\/i0.wp.com\/senegalndiaye.com\/wp-content\/uploads\/2021\/11\/formation-artisanale.jpg?fit=800%2C450&ssl=1&resize=700%2C400 2x"},"classes":[]},{"id":24866,"url":"https:\/\/senegalndiaye.com\/tr\/%e2%9c%85-les-formations-en-cours-du-soir-a-dakar-tout-ce-quil-faut-savoir\/","url_meta":{"origin":24576,"position":1},"title":"\u2705 Dakar&#039;da ak\u015fam kurslar\u0131 bilmeniz gereken her \u015fey","author":"Moderateur","date":"Ekim 19, 2021","format":false,"excerpt":"Ak\u015fam derslerine kat\u0131lmak \u00f6ylece yapabilece\u011finiz bir \u015fey de\u011fil. Haz\u0131rl\u0131k yapman\u0131z gerekiyor. Yeniden yap\u0131lanma ve yeni al\u0131\u015fkanl\u0131klar gerektiriyor. Ayr\u0131ca hangi okullar\u0131n bu t\u00fcr bir e\u011fitim sundu\u011funu ve hangi derslerin ak\u015fam dersi olarak al\u0131nabilece\u011fini de bilmeniz gerekiyor. Bu yaz\u0131da \u00f6\u011frenin...","rel":"","context":"&quot;Blog&quot; i\u00e7inde","block_context":{"text":"Blog","link":"https:\/\/senegalndiaye.com\/tr\/category\/blog\/"},"img":{"alt_text":"cours du soir Dakar","src":"https:\/\/i0.wp.com\/senegalndiaye.com\/wp-content\/uploads\/2021\/10\/cours-du-soir.jpg?fit=996%2C644&ssl=1&resize=350%2C200","width":350,"height":200,"srcset":"https:\/\/i0.wp.com\/senegalndiaye.com\/wp-content\/uploads\/2021\/10\/cours-du-soir.jpg?fit=996%2C644&ssl=1&resize=350%2C200 1x, https:\/\/i0.wp.com\/senegalndiaye.com\/wp-content\/uploads\/2021\/10\/cours-du-soir.jpg?fit=996%2C644&ssl=1&resize=525%2C300 1.5x, https:\/\/i0.wp.com\/senegalndiaye.com\/wp-content\/uploads\/2021\/10\/cours-du-soir.jpg?fit=996%2C644&ssl=1&resize=700%2C400 2x"},"classes":[]},{"id":24900,"url":"https:\/\/senegalndiaye.com\/tr\/%e2%9c%85-formations-en-gestion-de-projet-a-dakar\/","url_meta":{"origin":24576,"position":2},"title":"\u2705 Dakar&#039;da proje y\u00f6netimi e\u011fitimi","author":"Moderateur","date":"Ekim 27, 2021","format":false,"excerpt":"Proje y\u00f6netimi e\u011fitimi, e\u011fitim s\u00fcrecinin sonunda sertifika ve diploma gerektirir. Nitekim Senegal&#039;de e\u011fitim almak i\u00e7in \u00f6zel \u00fcniversitelere kaydolabilir veya proje y\u00f6netimi derslerinizi \u00e7evrimi\u00e7i olarak alabilirsiniz. Peki en iyi proje y\u00f6netimi e\u011fitim kurslar\u0131 hangileridir?","rel":"","context":"&quot;Blog&quot; i\u00e7inde","block_context":{"text":"Blog","link":"https:\/\/senegalndiaye.com\/tr\/category\/blog\/"},"img":{"alt_text":"formation gestion de projet dakar","src":"https:\/\/i0.wp.com\/senegalndiaye.com\/wp-content\/uploads\/2021\/10\/gestion-de-projets.jpg?fit=700%2C466&ssl=1&resize=350%2C200","width":350,"height":200,"srcset":"https:\/\/i0.wp.com\/senegalndiaye.com\/wp-content\/uploads\/2021\/10\/gestion-de-projets.jpg?fit=700%2C466&ssl=1&resize=350%2C200 1x, https:\/\/i0.wp.com\/senegalndiaye.com\/wp-content\/uploads\/2021\/10\/gestion-de-projets.jpg?fit=700%2C466&ssl=1&resize=525%2C300 1.5x, https:\/\/i0.wp.com\/senegalndiaye.com\/wp-content\/uploads\/2021\/10\/gestion-de-projets.jpg?fit=700%2C466&ssl=1&resize=700%2C400 2x"},"classes":[]},{"id":24504,"url":"https:\/\/senegalndiaye.com\/tr\/%e2%9c%85-prix-des-formations-en-bureautique-a-dakar\/","url_meta":{"origin":24576,"position":3},"title":"\u2705 Dakar&#039;da ofis otomasyonu e\u011fitimi fiyat\u0131","author":"Moderateur","date":"A\u011fustos 10, 2021","format":false,"excerpt":"Bu e\u011fitim, gelece\u011fin sekreterlerine, resepsiyonistlerine veya y\u00f6netici asistanlar\u0131na \u00e7e\u015fitli ofis yaz\u0131l\u0131m programlar\u0131n\u0131 nas\u0131l kullanacaklar\u0131n\u0131 \u00f6\u011frenme olana\u011f\u0131 sunar. Bu e\u011fitimi tamamlamak i\u00e7in \u00e7e\u015fitli se\u00e7enekleriniz mevcuttur. K\u0131sa ve uzun vadeli e\u011fitimler aras\u0131ndan se\u00e7im yapabilirsiniz. Gerekli t\u00fcm bilgileri bu makalede bulabilirsiniz...","rel":"","context":"&quot;Blog&quot; i\u00e7inde","block_context":{"text":"Blog","link":"https:\/\/senegalndiaye.com\/tr\/category\/blog\/"},"img":{"alt_text":"Formation bureautique prix","src":"https:\/\/i0.wp.com\/senegalndiaye.com\/wp-content\/uploads\/2021\/08\/formation-bureautique-prix.png?fit=1200%2C676&ssl=1&resize=350%2C200","width":350,"height":200,"srcset":"https:\/\/i0.wp.com\/senegalndiaye.com\/wp-content\/uploads\/2021\/08\/formation-bureautique-prix.png?fit=1200%2C676&ssl=1&resize=350%2C200 1x, https:\/\/i0.wp.com\/senegalndiaye.com\/wp-content\/uploads\/2021\/08\/formation-bureautique-prix.png?fit=1200%2C676&ssl=1&resize=525%2C300 1.5x, https:\/\/i0.wp.com\/senegalndiaye.com\/wp-content\/uploads\/2021\/08\/formation-bureautique-prix.png?fit=1200%2C676&ssl=1&resize=700%2C400 2x, https:\/\/i0.wp.com\/senegalndiaye.com\/wp-content\/uploads\/2021\/08\/formation-bureautique-prix.png?fit=1200%2C676&ssl=1&resize=1050%2C600 3x"},"classes":[]},{"id":23610,"url":"https:\/\/senegalndiaye.com\/tr\/3-createurs-de-tenue-africaine-pour-homme-a-suivre-en-2021\/","url_meta":{"origin":24576,"position":4},"title":"2021&#039;de erkeklerin takip etmesi gereken 3 Afrikal\u0131 k\u0131yafet tasar\u0131mc\u0131s\u0131","author":"Moderateur","date":"\u015eubat 11, 2021","format":false,"excerpt":"\u00dclkemizde geleneksel k\u0131yafetlerin \u00f6zel bir anlam\u0131 var; gururla giyiliyor, modernize edildi\u011finde ise cazibeyle ta\u015f\u0131n\u0131yor. Senegal&#039;de moda tasar\u0131m\u0131 son y\u0131llarda ger\u00e7ek bir patlama ya\u015fad\u0131 ve \u00e7ok yetenekli ve yarat\u0131c\u0131 gen\u00e7 giri\u015fimciler bizi bu Sagns\u00e9 d\u00fcnyas\u0131na \u00e7ekiyor. Hi\u00e7bir \u015feyi olmayan Senegalli tasar\u0131mc\u0131lar...","rel":"","context":"&quot;Blog&quot; i\u00e7inde","block_context":{"text":"Blog","link":"https:\/\/senegalndiaye.com\/tr\/category\/blog\/"},"img":{"alt_text":"tenue africaine homme 2021","src":"https:\/\/i0.wp.com\/senegalndiaye.com\/wp-content\/uploads\/2021\/02\/tenue-africaine-homme-2021.jpg?fit=960%2C1200&ssl=1&resize=350%2C200","width":350,"height":200,"srcset":"https:\/\/i0.wp.com\/senegalndiaye.com\/wp-content\/uploads\/2021\/02\/tenue-africaine-homme-2021.jpg?fit=960%2C1200&ssl=1&resize=350%2C200 1x, https:\/\/i0.wp.com\/senegalndiaye.com\/wp-content\/uploads\/2021\/02\/tenue-africaine-homme-2021.jpg?fit=960%2C1200&ssl=1&resize=525%2C300 1.5x, https:\/\/i0.wp.com\/senegalndiaye.com\/wp-content\/uploads\/2021\/02\/tenue-africaine-homme-2021.jpg?fit=960%2C1200&ssl=1&resize=700%2C400 2x"},"classes":[]},{"id":24778,"url":"https:\/\/senegalndiaye.com\/tr\/%e2%9c%85-les-meilleures-ecoles-en-transport-logistique-au-senegal\/","url_meta":{"origin":24576,"position":5},"title":"\u2705 Senegal&#039;deki En \u0130yi Lojistik Ta\u015f\u0131mac\u0131l\u0131k Okullar\u0131","author":"Moderateur","date":"Ekim 4, 2021","format":false,"excerpt":"Lojistik, liman end\u00fcstrisinin kalbinde yer al\u0131r. G\u00fcn\u00fcm\u00fczde \u00f6nemli kariyer f\u0131rsatlar\u0131 sunmaktad\u0131r. Bu alanda e\u011fitim almakla ilgileniyorsan\u0131z, size bir\u00e7ok se\u00e7enek mevcuttur. Nitekim, mesleki sertifikalardan y\u00fcksek lisans derecelerine kadar ula\u015ft\u0131rma lojisti\u011fi alan\u0131nda e\u011fitiminizi Senegal&#039;de alabilirsiniz. Peki hangi b\u00f6l\u00fcm\u00fc se\u00e7melisiniz? Neler...","rel":"","context":"&quot;Blog&quot; i\u00e7inde","block_context":{"text":"Blog","link":"https:\/\/senegalndiaye.com\/tr\/category\/blog\/"},"img":{"alt_text":"Les Meilleurs \u00e9coles en transport logistique au S\u00e9n\u00e9gal","src":"https:\/\/i0.wp.com\/senegalndiaye.com\/wp-content\/uploads\/2021\/10\/logistique.jpg?fit=1000%2C600&ssl=1&resize=350%2C200","width":350,"height":200,"srcset":"https:\/\/i0.wp.com\/senegalndiaye.com\/wp-content\/uploads\/2021\/10\/logistique.jpg?fit=1000%2C600&ssl=1&resize=350%2C200 1x, https:\/\/i0.wp.com\/senegalndiaye.com\/wp-content\/uploads\/2021\/10\/logistique.jpg?fit=1000%2C600&ssl=1&resize=525%2C300 1.5x, https:\/\/i0.wp.com\/senegalndiaye.com\/wp-content\/uploads\/2021\/10\/logistique.jpg?fit=1000%2C600&ssl=1&resize=700%2C400 2x"},"classes":[]}],"_links":{"self":[{"href":"https:\/\/senegalndiaye.com\/tr\/wp-json\/wp\/v2\/posts\/24576","targetHints":{"allow":["GET"]}}],"collection":[{"href":"https:\/\/senegalndiaye.com\/tr\/wp-json\/wp\/v2\/posts"}],"about":[{"href":"https:\/\/senegalndiaye.com\/tr\/wp-json\/wp\/v2\/types\/post"}],"author":[{"embeddable":true,"href":"https:\/\/senegalndiaye.com\/tr\/wp-json\/wp\/v2\/users\/8"}],"replies":[{"embeddable":true,"href":"https:\/\/senegalndiaye.com\/tr\/wp-json\/wp\/v2\/comments?post=24576"}],"version-history":[{"count":1,"href":"https:\/\/senegalndiaye.com\/tr\/wp-json\/wp\/v2\/posts\/24576\/revisions"}],"predecessor-version":[{"id":24578,"href":"https:\/\/senegalndiaye.com\/tr\/wp-json\/wp\/v2\/posts\/24576\/revisions\/24578"}],"wp:featuredmedia":[{"embeddable":true,"href":"https:\/\/senegalndiaye.com\/tr\/wp-json\/wp\/v2\/media\/24577"}],"wp:attachment":[{"href":"https:\/\/senegalndiaye.com\/tr\/wp-json\/wp\/v2\/media?parent=24576"}],"wp:term":[{"taxonomy":"category","embeddable":true,"href":"https:\/\/senegalndiaye.com\/tr\/wp-json\/wp\/v2\/categories?post=24576"},{"taxonomy":"post_tag","embeddable":true,"href":"https:\/\/senegalndiaye.com\/tr\/wp-json\/wp\/v2\/tags?post=24576"}],"curies":[{"name":"wp","href":"https:\/\/api.w.org\/{rel}","templated":true}]}}