{"id":24499,"date":"2021-08-09T16:28:19","date_gmt":"2021-08-09T16:28:19","guid":{"rendered":"https:\/\/senegalndiaye.com\/?p=24499"},"modified":"2021-08-09T16:28:19","modified_gmt":"2021-08-09T16:28:19","slug":"%e2%9c%85-la-digitalisation-au-senegal","status":"publish","type":"post","link":"https:\/\/senegalndiaye.com\/tr\/%e2%9c%85-la-digitalisation-au-senegal\/","title":{"rendered":"\u2705 Senegal&#039;de Dijitalle\u015fme"},"content":{"rendered":"<p>Senegal dijitalle\u015fme \u00e7a\u011f\u0131na girdi. Ger\u00e7ekten de, kamu ve \u00f6zel \u015firketler, performanslar\u0131n\u0131 art\u0131rmak ve \u00fcr\u00fcnlerinin kullan\u0131m\u0131n\u0131 kolayla\u015ft\u0131rmak i\u00e7in dijitale d\u00f6n\u00fcyor. Sistemlerin bilgisayarla\u015fmas\u0131na y\u00f6nelik bu acele, dijital ajanslar\u0131n varl\u0131\u011f\u0131 ile kolayla\u015ft\u0131r\u0131lmaktad\u0131r. \u0130kincisi ge\u00e7i\u015fte \u00f6nemli bir rol oynamaktad\u0131r. Bu makalede \u00f6\u011frenin <strong>Senegal&#039;de dijitalle\u015fme<\/strong>.<\/p>\n<h3><strong>say\u0131salla\u015ft\u0131rma nedir<\/strong><strong>\u2009<\/strong><strong>?<\/strong><\/h3>\n<p>Dijitalle\u015ftirme, bir g\u00f6revi veya s\u00fcreci daha verimli hale getirmek i\u00e7in bilgisayar koduna d\u00f6n\u00fc\u015ft\u00fcrmeyi veya d\u00f6n\u00fc\u015ft\u00fcrmeyi ama\u00e7layan bir s\u00fcre\u00e7tir. \u00d6rne\u011fin: bir \u015firket, \u00fcr\u00fcn katalo\u011funu \u00e7evrimi\u00e7i hale getirerek dijitalle\u015ftirebilir, bu da daha fazla m\u00fc\u015fteri \u00e7ekmesini sa\u011flar.<\/p>\n<h3><strong>Senegal&#039;de dijitalle\u015fme: Orbus dijital \u00f6rne\u011fi <\/strong><\/h3>\n<p>Orbus digital, GAIDE 2000&#039;in bir yan kurulu\u015fudur. Senegal&#039;de ve alt b\u00f6lgede dijitalle\u015fmeye katk\u0131da bulunmu\u015ftur. \u015eirket, esas olarak ekonomiyi kapsayan b\u00fcy\u00fck sekt\u00f6rlerin dijital d\u00f6n\u00fc\u015f\u00fcm\u00fcnde ba\u015far\u0131l\u0131d\u0131r. 2013 y\u0131l\u0131ndan itibaren ISO 9001 ve ISO 27001 sertifikas\u0131na sahiptir. Ayr\u0131ca dijitalle\u015fme konusunda Senegal&#039;de liderlerden biridir. Ba\u011flant\u0131y\u0131 takip ederek Orbus Digital hakk\u0131nda daha fazla bilgi bulabilirsiniz: <a href=\"https:\/\/orbusdigital.com\">https:\/\/orbusdigital.com<\/a><\/p>\n<h3><strong>Orbus dijital taraf\u0131ndan sunulan hizmetler \u00a0\u00a0\u00a0\u00a0<\/strong><\/h3>\n<p>Ajans, m\u00fc\u015fteri gereksinimlerini daha iyi kar\u015f\u0131lamak i\u00e7in birka\u00e7 departmana ayr\u0131lm\u0131\u015ft\u0131r. Ayr\u0131ca, a\u015fa\u011f\u0131dakiler de dahil olmak \u00fczere \u00e7e\u015fitli hizmetler sunar:<\/p>\n<ul>\n<li>Dijital d\u00f6n\u00fc\u015f\u00fcm: Ger\u00e7ekten de \u015firketleri dijitalle\u015fme konusunda destekliyor. M\u00fc\u015fterilerine ki\u015fiselle\u015ftirilmi\u015f teklifleri daha iyi sunmak i\u00e7in dan\u0131\u015fmanl\u0131k hizmetleri sunmaktad\u0131r. Ayr\u0131ca \u015firketlerin dijital d\u00f6n\u00fc\u015f\u00fcmlerine uygun sistem se\u00e7imlerinde de destek oluyor.<\/li>\n<li>Siber g\u00fcvenlik: dijital d\u00f6n\u00fc\u015f\u00fcme veri korumas\u0131 i\u00e7in bir g\u00fcvenlik sistemi e\u015flik eder. Ger\u00e7ekten de, bir bilgi sisteminin s\u00fcrd\u00fcr\u00fclebilirli\u011fi i\u00e7in g\u00fcvenlik esast\u0131r. Bu nedenle \u015firket, \u00e7e\u015fitli tavsiyeler ve uygun g\u00fcvenlik protokollerinin uygulanmas\u0131 yoluyla \u00e7\u00f6z\u00fcmler sunar.<\/li>\n<li>Senegal&#039;de dijital d\u00f6n\u00fc\u015f\u00fcmde sistem entegrasyonu<\/li>\n<li>Kalk\u0131nma yard\u0131m\u0131: Ajans ayn\u0131 zamanda kalk\u0131nmaya da katk\u0131da bulunur. Nitekim e\u011fitim, sa\u011fl\u0131k ve adalet alan\u0131ndaki projeleri desteklemek i\u00e7in yenilik\u00e7i hizmetler sunmaktad\u0131r.<\/li>\n<\/ul>\n<h3><strong>Orbus digital&#039;in Dijitalle\u015fmede ger\u00e7ekle\u015ftirdi\u011fi projeler\u00a0<\/strong><\/h3>\n<p>\u015eirket, sa\u011fl\u0131k, adalet, ticaret konular\u0131nda \u00e7e\u015fitli projelerle Senegal&#039;de dijitalle\u015fmeye katk\u0131da bulunmu\u015ftur. \u0130\u015fte baz\u0131 \u00f6rnekler:<\/p>\n<h4><strong>Adalet <\/strong><\/h4>\n<p>Yarg\u0131 d\u00fczeyinde, ajans Adalet Bakanl\u0131\u011f\u0131 i\u00e7in Seninfogreffe platformunu tasarlad\u0131. Bu platform art\u0131k noterlerin ve avukatlar\u0131n \u015firket sicil belgelerine eri\u015fmesine izin veriyor. Bu belgeler say\u0131salla\u015ft\u0131r\u0131lm\u0131\u015ft\u0131r, Senegal&#039;de kurulan \u015firketlerin \u00e7o\u011funu ilgilendirmektedir.<\/p>\n<p>H\u00e2l\u00e2 yarg\u0131 d\u00fczeyinde olan \u015firket, m\u00fc\u015fterilerinden biri ad\u0131na bir web sitesi kurmu\u015ftur. \u0130kincisi, Ticaret Mahkemesinde verilen duru\u015fmalara ve kararlara dan\u0131\u015fma f\u0131rsat\u0131 verir. Ger\u00e7ekten de, sistemi otomatikle\u015ftirmeyi de m\u00fcmk\u00fcn k\u0131ld\u0131. Bu, ticaret mahkemesini \u00e7evrimi\u00e7i olarak ele ge\u00e7irme f\u0131rsat\u0131 verir.<\/p>\n<h4><strong>Gen\u00e7lik e\u011fitimi ve istihdam\u0131\u00a0<\/strong><\/h4>\n<p>Orbus digital, m\u00fc\u015fterisi ADEPME ad\u0131na ilk bask\u0131lar i\u00e7in i\u015f plan\u0131 yar\u0131\u015fmalar\u0131 i\u00e7in web platformunu tasarlad\u0131. Nitekim, ba\u015fvurular\u0131n e\u011fitimlerine kadar \u00e7evrimi\u00e7i olarak sunulmas\u0131na izin veren yar\u0131\u015fman\u0131n farkl\u0131 a\u015famalar\u0131n\u0131 dijitalle\u015ftirmeyi m\u00fcmk\u00fcn k\u0131ld\u0131.<\/p>\n<h4><strong>Di\u011fer ajans ba\u015far\u0131lar\u0131<\/strong><\/h4>\n<p>Ajans ayr\u0131ca ticaret ve ticaret dahil olmak \u00fczere \u00e7e\u015fitli di\u011fer alanlarda Senegal&#039;de dijitalle\u015fmeye kat\u0131ld\u0131.<\/p>\n<h4><strong>d\u0131\u015f Ticaret<\/strong><\/h4>\n<p>Ajans, m\u00fc\u015fterisi COSEC ad\u0131na, \u00e7evrimi\u00e7i \u00f6deme ile bir slip tahsilat platformu kurmu\u015ftur. Ayr\u0131ca platform, g\u00f6nderilerin var\u0131\u015f noktas\u0131na kadar takip edilmesini sa\u011flar. Bu, malzemelerin ithalat ve ihracat\u0131nda ka\u011f\u0131t kullan\u0131m\u0131n\u0131n ortadan kald\u0131r\u0131lmas\u0131na izin verdi.<\/p>\n<h4><strong>i\u015f ortam\u0131 <\/strong><\/h4>\n<p>Orbus digital, ARTP (Telekom\u00fcnikasyon ve Posta D\u00fczenleme Kurumu) i\u00e7in bir t\u00fcketici \u015fikayet sayac\u0131 tasarlad\u0131. Ger\u00e7ekten de, platform sayesinde m\u00fc\u015fteriler \u015fikayetlerini veya taleplerini \u00e7evrimi\u00e7i olarak yapabilirler. Bu, m\u00fc\u015fterinin girdi\u011fi \u015fikayetin t\u00fcr\u00fcne g\u00f6re de\u011fi\u015fen bir form arac\u0131l\u0131\u011f\u0131yla ger\u00e7ekle\u015fir.<\/p>\n<p>Senegal&#039;de dijitalle\u015fme yava\u015f yava\u015f ger\u00e7ekle\u015fiyor. Ger\u00e7ekten de, idari prosed\u00fcrlere \u0130nternet \u00fczerinden giderek daha fazla eri\u015filebilir. Bu zamandan tasarruf sa\u011flar ve s\u00fcreci kolayla\u015ft\u0131r\u0131r.<\/p>\n<h3>T\u00fcm makalelerimizi sitemizde bulabilirsiniz. <a href=\"https:\/\/senegalndiaye.com\/tr\/blog\/\">Blog<\/a><\/h3>","protected":false},"excerpt":{"rendered":"<p>Le S\u00e9n\u00e9gal est entr\u00e9 dans l\u2019\u00e8re de la digitalisation. En effet, les entreprises publiques et priv\u00e9es tournent vers le num\u00e9rique pour booster leur performance et faciliter l\u2019utilisation de leur produit. Cette ru\u00e9e vers l\u2019informatisation des syst\u00e8mes est facilit\u00e9e par la pr\u00e9sence des agences digitales. Ces derniers jouent un r\u00f4le majeur dans la transition. D\u00e9couvrez dans [&hellip;]<\/p>\n","protected":false},"author":8,"featured_media":24500,"comment_status":"open","ping_status":"open","sticky":false,"template":"","format":"standard","meta":{"_jetpack_memberships_contains_paid_content":false,"footnotes":""},"categories":[83],"tags":[],"class_list":["post-24499","post","type-post","status-publish","format-standard","has-post-thumbnail","hentry","category-blog"],"yoast_head":"<!-- This site is optimized with the Yoast SEO plugin v27.5 - https:\/\/yoast.com\/product\/yoast-seo-wordpress\/ -->\n<title>\u2705 La digitalisation au S\u00e9n\u00e9gal &#187; Senegal Ndiaye<\/title>\n<meta name=\"description\" content=\"D\u00e9couvrez dans cet article la digitalisation au S\u00e9n\u00e9gal.\u00a0\" \/>\n<meta name=\"robots\" content=\"index, follow, max-snippet:-1, max-image-preview:large, max-video-preview:-1\" \/>\n<link rel=\"canonical\" href=\"https:\/\/senegalndiaye.com\/tr\/\u2705-la-digitalisation-au-senegal\/\" \/>\n<meta property=\"og:locale\" content=\"tr_TR\" \/>\n<meta property=\"og:type\" content=\"article\" \/>\n<meta property=\"og:title\" content=\"\u2705 La digitalisation au S\u00e9n\u00e9gal &#187; Senegal Ndiaye\" \/>\n<meta property=\"og:description\" content=\"D\u00e9couvrez dans cet article la digitalisation au S\u00e9n\u00e9gal.\u00a0\" \/>\n<meta property=\"og:url\" content=\"https:\/\/senegalndiaye.com\/tr\/\u2705-la-digitalisation-au-senegal\/\" \/>\n<meta property=\"og:site_name\" content=\"Senegal Ndiaye\" \/>\n<meta property=\"article:publisher\" content=\"https:\/\/www.facebook.com\/senegalndiaye4\/\" \/>\n<meta property=\"article:published_time\" content=\"2021-08-09T16:28:19+00:00\" \/>\n<meta property=\"og:image\" content=\"https:\/\/senegalndiaye.com\/wp-content\/uploads\/2021\/08\/la-digitalisation-au-senegal.jpg\" \/>\n\t<meta property=\"og:image:width\" content=\"826\" \/>\n\t<meta property=\"og:image:height\" content=\"551\" \/>\n\t<meta property=\"og:image:type\" content=\"image\/jpeg\" \/>\n<meta name=\"author\" content=\"Moderateur\" \/>\n<meta name=\"twitter:card\" content=\"summary_large_image\" \/>\n<meta name=\"twitter:creator\" content=\"@Senegalndiaye5\" \/>\n<meta name=\"twitter:site\" content=\"@Senegalndiaye5\" \/>\n<meta name=\"twitter:label1\" content=\"Yazan:\" \/>\n\t<meta name=\"twitter:data1\" content=\"Moderateur\" \/>\n\t<meta name=\"twitter:label2\" content=\"Tahmini okuma s\u00fcresi\" \/>\n\t<meta name=\"twitter:data2\" content=\"4 dakika\" \/>\n<script type=\"application\/ld+json\" class=\"yoast-schema-graph\">{\"@context\":\"https:\\\/\\\/schema.org\",\"@graph\":[{\"@type\":\"Article\",\"@id\":\"https:\\\/\\\/senegalndiaye.com\\\/%e2%9c%85-la-digitalisation-au-senegal\\\/#article\",\"isPartOf\":{\"@id\":\"https:\\\/\\\/senegalndiaye.com\\\/%e2%9c%85-la-digitalisation-au-senegal\\\/\"},\"author\":{\"name\":\"Moderateur\",\"@id\":\"https:\\\/\\\/senegalndiaye.com\\\/#\\\/schema\\\/person\\\/c1e0d9f50bc68102f5a7368b7c9551f5\"},\"headline\":\"\u2705 La digitalisation au S\u00e9n\u00e9gal\",\"datePublished\":\"2021-08-09T16:28:19+00:00\",\"mainEntityOfPage\":{\"@id\":\"https:\\\/\\\/senegalndiaye.com\\\/%e2%9c%85-la-digitalisation-au-senegal\\\/\"},\"wordCount\":811,\"commentCount\":0,\"publisher\":{\"@id\":\"https:\\\/\\\/senegalndiaye.com\\\/#organization\"},\"image\":{\"@id\":\"https:\\\/\\\/senegalndiaye.com\\\/%e2%9c%85-la-digitalisation-au-senegal\\\/#primaryimage\"},\"thumbnailUrl\":\"https:\\\/\\\/i0.wp.com\\\/senegalndiaye.com\\\/wp-content\\\/uploads\\\/2021\\\/08\\\/la-digitalisation-au-senegal.jpg?fit=826%2C551&ssl=1\",\"articleSection\":[\"Blog\"],\"inLanguage\":\"tr\",\"potentialAction\":[{\"@type\":\"CommentAction\",\"name\":\"Comment\",\"target\":[\"https:\\\/\\\/senegalndiaye.com\\\/%e2%9c%85-la-digitalisation-au-senegal\\\/#respond\"]}]},{\"@type\":\"WebPage\",\"@id\":\"https:\\\/\\\/senegalndiaye.com\\\/%e2%9c%85-la-digitalisation-au-senegal\\\/\",\"url\":\"https:\\\/\\\/senegalndiaye.com\\\/%e2%9c%85-la-digitalisation-au-senegal\\\/\",\"name\":\"\u2705 La digitalisation au S\u00e9n\u00e9gal &#187; Senegal Ndiaye\",\"isPartOf\":{\"@id\":\"https:\\\/\\\/senegalndiaye.com\\\/#website\"},\"primaryImageOfPage\":{\"@id\":\"https:\\\/\\\/senegalndiaye.com\\\/%e2%9c%85-la-digitalisation-au-senegal\\\/#primaryimage\"},\"image\":{\"@id\":\"https:\\\/\\\/senegalndiaye.com\\\/%e2%9c%85-la-digitalisation-au-senegal\\\/#primaryimage\"},\"thumbnailUrl\":\"https:\\\/\\\/i0.wp.com\\\/senegalndiaye.com\\\/wp-content\\\/uploads\\\/2021\\\/08\\\/la-digitalisation-au-senegal.jpg?fit=826%2C551&ssl=1\",\"datePublished\":\"2021-08-09T16:28:19+00:00\",\"description\":\"D\u00e9couvrez dans cet article la digitalisation au S\u00e9n\u00e9gal.\u00a0\",\"breadcrumb\":{\"@id\":\"https:\\\/\\\/senegalndiaye.com\\\/%e2%9c%85-la-digitalisation-au-senegal\\\/#breadcrumb\"},\"inLanguage\":\"tr\",\"potentialAction\":[{\"@type\":\"ReadAction\",\"target\":[\"https:\\\/\\\/senegalndiaye.com\\\/%e2%9c%85-la-digitalisation-au-senegal\\\/\"]}]},{\"@type\":\"ImageObject\",\"inLanguage\":\"tr\",\"@id\":\"https:\\\/\\\/senegalndiaye.com\\\/%e2%9c%85-la-digitalisation-au-senegal\\\/#primaryimage\",\"url\":\"https:\\\/\\\/i0.wp.com\\\/senegalndiaye.com\\\/wp-content\\\/uploads\\\/2021\\\/08\\\/la-digitalisation-au-senegal.jpg?fit=826%2C551&ssl=1\",\"contentUrl\":\"https:\\\/\\\/i0.wp.com\\\/senegalndiaye.com\\\/wp-content\\\/uploads\\\/2021\\\/08\\\/la-digitalisation-au-senegal.jpg?fit=826%2C551&ssl=1\",\"width\":826,\"height\":551,\"caption\":\"Human resources concept on tablet with hologram\"},{\"@type\":\"BreadcrumbList\",\"@id\":\"https:\\\/\\\/senegalndiaye.com\\\/%e2%9c%85-la-digitalisation-au-senegal\\\/#breadcrumb\",\"itemListElement\":[{\"@type\":\"ListItem\",\"position\":1,\"name\":\"Accueil\",\"item\":\"https:\\\/\\\/senegalndiaye.com\\\/\"},{\"@type\":\"ListItem\",\"position\":2,\"name\":\"\u2705 La digitalisation au S\u00e9n\u00e9gal\"}]},{\"@type\":\"WebSite\",\"@id\":\"https:\\\/\\\/senegalndiaye.com\\\/#website\",\"url\":\"https:\\\/\\\/senegalndiaye.com\\\/\",\"name\":\"Senegal Ndiaye\",\"description\":\"Retrouvez les meilleurs endroits du S\u00e9n\u00e9gal\",\"publisher\":{\"@id\":\"https:\\\/\\\/senegalndiaye.com\\\/#organization\"},\"potentialAction\":[{\"@type\":\"SearchAction\",\"target\":{\"@type\":\"EntryPoint\",\"urlTemplate\":\"https:\\\/\\\/senegalndiaye.com\\\/?s={search_term_string}\"},\"query-input\":{\"@type\":\"PropertyValueSpecification\",\"valueRequired\":true,\"valueName\":\"search_term_string\"}}],\"inLanguage\":\"tr\"},{\"@type\":\"Organization\",\"@id\":\"https:\\\/\\\/senegalndiaye.com\\\/#organization\",\"name\":\"Senegal Ndiaye\",\"url\":\"https:\\\/\\\/senegalndiaye.com\\\/\",\"logo\":{\"@type\":\"ImageObject\",\"inLanguage\":\"tr\",\"@id\":\"https:\\\/\\\/senegalndiaye.com\\\/#\\\/schema\\\/logo\\\/image\\\/\",\"url\":\"https:\\\/\\\/senegalndiaye.com\\\/wp-content\\\/uploads\\\/2018\\\/05\\\/senegalndiaye_logo.png\",\"contentUrl\":\"https:\\\/\\\/senegalndiaye.com\\\/wp-content\\\/uploads\\\/2018\\\/05\\\/senegalndiaye_logo.png\",\"width\":150,\"height\":106,\"caption\":\"Senegal Ndiaye\"},\"image\":{\"@id\":\"https:\\\/\\\/senegalndiaye.com\\\/#\\\/schema\\\/logo\\\/image\\\/\"},\"sameAs\":[\"https:\\\/\\\/www.facebook.com\\\/senegalndiaye4\\\/\",\"https:\\\/\\\/x.com\\\/Senegalndiaye5\",\"https:\\\/\\\/www.instagram.com\\\/senegalndiaye1\\\/\",\"https:\\\/\\\/www.linkedin.com\\\/company\\\/senegal-ndiaye\\\/\"]},{\"@type\":\"Person\",\"@id\":\"https:\\\/\\\/senegalndiaye.com\\\/#\\\/schema\\\/person\\\/c1e0d9f50bc68102f5a7368b7c9551f5\",\"name\":\"Moderateur\",\"image\":{\"@type\":\"ImageObject\",\"inLanguage\":\"tr\",\"@id\":\"https:\\\/\\\/senegalndiaye.com\\\/wp-content\\\/litespeed\\\/avatar\\\/3fb7bc779db92bd05c1837e9542df344.jpg?ver=1777309443\",\"url\":\"https:\\\/\\\/senegalndiaye.com\\\/wp-content\\\/litespeed\\\/avatar\\\/3fb7bc779db92bd05c1837e9542df344.jpg?ver=1777309443\",\"contentUrl\":\"https:\\\/\\\/senegalndiaye.com\\\/wp-content\\\/litespeed\\\/avatar\\\/3fb7bc779db92bd05c1837e9542df344.jpg?ver=1777309443\",\"caption\":\"Moderateur\"},\"url\":\"https:\\\/\\\/senegalndiaye.com\\\/tr\\\/author\\\/sndigital\\\/\"}]}<\/script>\n<!-- \/ Yoast SEO plugin. -->","yoast_head_json":{"title":"\u2705 Senegal&#039;de Dijitalle\u015fme \u00bb Senegal Ndiaye","description":"Bu makalede Senegal&#039;deki dijitalle\u015fmeyi ke\u015ffedin.\u00a0","robots":{"index":"index","follow":"follow","max-snippet":"max-snippet:-1","max-image-preview":"max-image-preview:large","max-video-preview":"max-video-preview:-1"},"canonical":"https:\/\/senegalndiaye.com\/tr\/\u2705-la-digitalisation-au-senegal\/","og_locale":"tr_TR","og_type":"article","og_title":"\u2705 La digitalisation au S\u00e9n\u00e9gal &#187; Senegal Ndiaye","og_description":"D\u00e9couvrez dans cet article la digitalisation au S\u00e9n\u00e9gal.\u00a0","og_url":"https:\/\/senegalndiaye.com\/tr\/\u2705-la-digitalisation-au-senegal\/","og_site_name":"Senegal Ndiaye","article_publisher":"https:\/\/www.facebook.com\/senegalndiaye4\/","article_published_time":"2021-08-09T16:28:19+00:00","og_image":[{"width":826,"height":551,"url":"https:\/\/senegalndiaye.com\/wp-content\/uploads\/2021\/08\/la-digitalisation-au-senegal.jpg","type":"image\/jpeg"}],"author":"Moderateur","twitter_card":"summary_large_image","twitter_creator":"@Senegalndiaye5","twitter_site":"@Senegalndiaye5","twitter_misc":{"Yazan:":"Moderateur","Tahmini okuma s\u00fcresi":"4 dakika"},"schema":{"@context":"https:\/\/schema.org","@graph":[{"@type":"Article","@id":"https:\/\/senegalndiaye.com\/%e2%9c%85-la-digitalisation-au-senegal\/#article","isPartOf":{"@id":"https:\/\/senegalndiaye.com\/%e2%9c%85-la-digitalisation-au-senegal\/"},"author":{"name":"Moderateur","@id":"https:\/\/senegalndiaye.com\/#\/schema\/person\/c1e0d9f50bc68102f5a7368b7c9551f5"},"headline":"\u2705 La digitalisation au S\u00e9n\u00e9gal","datePublished":"2021-08-09T16:28:19+00:00","mainEntityOfPage":{"@id":"https:\/\/senegalndiaye.com\/%e2%9c%85-la-digitalisation-au-senegal\/"},"wordCount":811,"commentCount":0,"publisher":{"@id":"https:\/\/senegalndiaye.com\/#organization"},"image":{"@id":"https:\/\/senegalndiaye.com\/%e2%9c%85-la-digitalisation-au-senegal\/#primaryimage"},"thumbnailUrl":"https:\/\/i0.wp.com\/senegalndiaye.com\/wp-content\/uploads\/2021\/08\/la-digitalisation-au-senegal.jpg?fit=826%2C551&ssl=1","articleSection":["Blog"],"inLanguage":"tr","potentialAction":[{"@type":"CommentAction","name":"Comment","target":["https:\/\/senegalndiaye.com\/%e2%9c%85-la-digitalisation-au-senegal\/#respond"]}]},{"@type":"WebPage","@id":"https:\/\/senegalndiaye.com\/%e2%9c%85-la-digitalisation-au-senegal\/","url":"https:\/\/senegalndiaye.com\/%e2%9c%85-la-digitalisation-au-senegal\/","name":"\u2705 Senegal&#039;de Dijitalle\u015fme \u00bb Senegal Ndiaye","isPartOf":{"@id":"https:\/\/senegalndiaye.com\/#website"},"primaryImageOfPage":{"@id":"https:\/\/senegalndiaye.com\/%e2%9c%85-la-digitalisation-au-senegal\/#primaryimage"},"image":{"@id":"https:\/\/senegalndiaye.com\/%e2%9c%85-la-digitalisation-au-senegal\/#primaryimage"},"thumbnailUrl":"https:\/\/i0.wp.com\/senegalndiaye.com\/wp-content\/uploads\/2021\/08\/la-digitalisation-au-senegal.jpg?fit=826%2C551&ssl=1","datePublished":"2021-08-09T16:28:19+00:00","description":"Bu makalede Senegal&#039;deki dijitalle\u015fmeyi ke\u015ffedin.\u00a0","breadcrumb":{"@id":"https:\/\/senegalndiaye.com\/%e2%9c%85-la-digitalisation-au-senegal\/#breadcrumb"},"inLanguage":"tr","potentialAction":[{"@type":"ReadAction","target":["https:\/\/senegalndiaye.com\/%e2%9c%85-la-digitalisation-au-senegal\/"]}]},{"@type":"ImageObject","inLanguage":"tr","@id":"https:\/\/senegalndiaye.com\/%e2%9c%85-la-digitalisation-au-senegal\/#primaryimage","url":"https:\/\/i0.wp.com\/senegalndiaye.com\/wp-content\/uploads\/2021\/08\/la-digitalisation-au-senegal.jpg?fit=826%2C551&ssl=1","contentUrl":"https:\/\/i0.wp.com\/senegalndiaye.com\/wp-content\/uploads\/2021\/08\/la-digitalisation-au-senegal.jpg?fit=826%2C551&ssl=1","width":826,"height":551,"caption":"Human resources concept on tablet with hologram"},{"@type":"BreadcrumbList","@id":"https:\/\/senegalndiaye.com\/%e2%9c%85-la-digitalisation-au-senegal\/#breadcrumb","itemListElement":[{"@type":"ListItem","position":1,"name":"Accueil","item":"https:\/\/senegalndiaye.com\/"},{"@type":"ListItem","position":2,"name":"\u2705 La digitalisation au S\u00e9n\u00e9gal"}]},{"@type":"WebSite","@id":"https:\/\/senegalndiaye.com\/#website","url":"https:\/\/senegalndiaye.com\/","name":"Senegal Ndiaye","description":"Senegal&#039;deki en iyi yerleri bulun","publisher":{"@id":"https:\/\/senegalndiaye.com\/#organization"},"potentialAction":[{"@type":"SearchAction","target":{"@type":"EntryPoint","urlTemplate":"https:\/\/senegalndiaye.com\/?s={search_term_string}"},"query-input":{"@type":"PropertyValueSpecification","valueRequired":true,"valueName":"search_term_string"}}],"inLanguage":"tr"},{"@type":"Organization","@id":"https:\/\/senegalndiaye.com\/#organization","name":"Senegal Ndiaye","url":"https:\/\/senegalndiaye.com\/","logo":{"@type":"ImageObject","inLanguage":"tr","@id":"https:\/\/senegalndiaye.com\/#\/schema\/logo\/image\/","url":"https:\/\/senegalndiaye.com\/wp-content\/uploads\/2018\/05\/senegalndiaye_logo.png","contentUrl":"https:\/\/senegalndiaye.com\/wp-content\/uploads\/2018\/05\/senegalndiaye_logo.png","width":150,"height":106,"caption":"Senegal Ndiaye"},"image":{"@id":"https:\/\/senegalndiaye.com\/#\/schema\/logo\/image\/"},"sameAs":["https:\/\/www.facebook.com\/senegalndiaye4\/","https:\/\/x.com\/Senegalndiaye5","https:\/\/www.instagram.com\/senegalndiaye1\/","https:\/\/www.linkedin.com\/company\/senegal-ndiaye\/"]},{"@type":"Person","@id":"https:\/\/senegalndiaye.com\/#\/schema\/person\/c1e0d9f50bc68102f5a7368b7c9551f5","name":"moderat\u00f6r","image":{"@type":"ImageObject","inLanguage":"tr","@id":"https:\/\/senegalndiaye.com\/wp-content\/litespeed\/avatar\/3fb7bc779db92bd05c1837e9542df344.jpg?ver=1777309443","url":"https:\/\/senegalndiaye.com\/wp-content\/litespeed\/avatar\/3fb7bc779db92bd05c1837e9542df344.jpg?ver=1777309443","contentUrl":"https:\/\/senegalndiaye.com\/wp-content\/litespeed\/avatar\/3fb7bc779db92bd05c1837e9542df344.jpg?ver=1777309443","caption":"Moderateur"},"url":"https:\/\/senegalndiaye.com\/tr\/author\/sndigital\/"}]}},"jetpack_featured_media_url":"https:\/\/i0.wp.com\/senegalndiaye.com\/wp-content\/uploads\/2021\/08\/la-digitalisation-au-senegal.jpg?fit=826%2C551&ssl=1","jetpack_sharing_enabled":true,"jetpack-related-posts":[{"id":29512,"url":"https:\/\/senegalndiaye.com\/tr\/quelles-sont-les-filieres-a-lism-dakar\/","url_meta":{"origin":24499,"position":0},"title":"ISM Dakar&#039;daki sekt\u00f6rler nelerdir?","author":"Moderateur","date":"Aral\u0131k 5, 2024","format":false,"excerpt":"Institut Sup\u00e9rieur de Management (ISM), Senegal&#039;in en tan\u0131nm\u0131\u015f y\u00fcksek\u00f6\u011fretim ve mesleki e\u011fitim kurumlar\u0131ndan biridir. ISM, kuruldu\u011fu g\u00fcnden bu yana, Afrika ve uluslararas\u0131 i\u015f piyasas\u0131n\u0131n ihtiya\u00e7lar\u0131 do\u011frultusunda kaliteli e\u011fitim sunma taahh\u00fcd\u00fcyle \u00f6ne \u00e7\u0131km\u0131\u015ft\u0131r. \u0130\u015fte...","rel":"","context":"&quot;Formations sup\u00e9rieures au S\u00e9n\u00e9gal&quot; i\u00e7inde","block_context":{"text":"Formations sup\u00e9rieures au S\u00e9n\u00e9gal","link":"https:\/\/senegalndiaye.com\/tr\/category\/formations-superieures-au-senegal\/"},"img":{"alt_text":"","src":"https:\/\/i0.wp.com\/senegalndiaye.com\/wp-content\/uploads\/2024\/12\/ism1.jpg?fit=960%2C540&ssl=1&resize=350%2C200","width":350,"height":200,"srcset":"https:\/\/i0.wp.com\/senegalndiaye.com\/wp-content\/uploads\/2024\/12\/ism1.jpg?fit=960%2C540&ssl=1&resize=350%2C200 1x, https:\/\/i0.wp.com\/senegalndiaye.com\/wp-content\/uploads\/2024\/12\/ism1.jpg?fit=960%2C540&ssl=1&resize=525%2C300 1.5x, https:\/\/i0.wp.com\/senegalndiaye.com\/wp-content\/uploads\/2024\/12\/ism1.jpg?fit=960%2C540&ssl=1&resize=700%2C400 2x"},"classes":[]},{"id":28334,"url":"https:\/\/senegalndiaye.com\/tr\/%e2%9c%85-les-formations-en-marketing-et-communication-au-senegal\/","url_meta":{"origin":24499,"position":1},"title":"\u2705 Senegal&#039;de pazarlama ve ileti\u015fim e\u011fitimi","author":"Moderateur","date":"Temmuz 8, 2023","format":false,"excerpt":"Pazarlama ve ileti\u015fim e\u011fitimi, i\u015f d\u00fcnyas\u0131nda ba\u015far\u0131l\u0131 olmak i\u00e7in gereken becerilerin geli\u015ftirilmesinde hayati bir rol oynar. Senegal&#039;de bu alanlar \u00f6nemli bir b\u00fcy\u00fcme ya\u015f\u0131yor ve \u00f6\u011frencilere i\u015f piyasas\u0131nda \u00f6ne \u00e7\u0131kmalar\u0131 i\u00e7in heyecan verici f\u0131rsatlar sunuyor. Bu makale, ...","rel":"","context":"&quot;Blog&quot; i\u00e7inde","block_context":{"text":"Blog","link":"https:\/\/senegalndiaye.com\/tr\/category\/blog\/"},"img":{"alt_text":"formation en marketing et communication au S\u00e9n\u00e9gal","src":"https:\/\/i0.wp.com\/senegalndiaye.com\/wp-content\/uploads\/2023\/07\/marketing1.jpg?fit=1140%2C900&ssl=1&resize=350%2C200","width":350,"height":200,"srcset":"https:\/\/i0.wp.com\/senegalndiaye.com\/wp-content\/uploads\/2023\/07\/marketing1.jpg?fit=1140%2C900&ssl=1&resize=350%2C200 1x, https:\/\/i0.wp.com\/senegalndiaye.com\/wp-content\/uploads\/2023\/07\/marketing1.jpg?fit=1140%2C900&ssl=1&resize=525%2C300 1.5x, https:\/\/i0.wp.com\/senegalndiaye.com\/wp-content\/uploads\/2023\/07\/marketing1.jpg?fit=1140%2C900&ssl=1&resize=700%2C400 2x, https:\/\/i0.wp.com\/senegalndiaye.com\/wp-content\/uploads\/2023\/07\/marketing1.jpg?fit=1140%2C900&ssl=1&resize=1050%2C600 3x"},"classes":[]},{"id":29641,"url":"https:\/\/senegalndiaye.com\/tr\/quelles-sont-les-filieres-de-formation-a-esmt-au-senegal\/","url_meta":{"origin":24499,"position":2},"title":"Senegal&#039;deki ESMT&#039;deki e\u011fitim kurslar\u0131 nelerdir?","author":"Moderateur","date":"Aral\u0131k 16, 2024","format":false,"excerpt":"Dakar&#039;daki \u00c7okuluslu Telekom\u00fcnikasyon Y\u00fcksekokulu (ESMT), telekom\u00fcnikasyon ve bilgi ve ileti\u015fim teknolojileri (B\u0130T) alanlar\u0131ndaki uzmanl\u0131\u011f\u0131yla tan\u0131nan bir kurumdur. 1981 y\u0131l\u0131nda \u00e7e\u015fitli Bat\u0131 Afrika \u00fclkeleri ve Uluslararas\u0131 Telekom\u00fcnikasyon Birli\u011fi&#039;nin (ITU) deste\u011fiyle kurulan ESMT,...","rel":"","context":"&quot;Blog&quot; i\u00e7inde","block_context":{"text":"Blog","link":"https:\/\/senegalndiaye.com\/tr\/category\/blog\/"},"img":{"alt_text":"","src":"https:\/\/i0.wp.com\/senegalndiaye.com\/wp-content\/uploads\/2024\/12\/ESMT1.jpeg?fit=224%2C224&ssl=1&resize=350%2C200","width":350,"height":200},"classes":[]},{"id":22888,"url":"https:\/\/senegalndiaye.com\/tr\/prix-du-samsung-a31-au-senegal\/","url_meta":{"origin":24499,"position":3},"title":"Senegal&#039;de Samsung A31 fiyat\u0131","author":"Moderateur","date":"A\u011fustos 9, 2020","format":false,"excerpt":"Samsung Galaxy A31, 2020 y\u0131l\u0131nda piyasaya s\u00fcr\u00fclen ve A30 ve A30s&#039;in yerini alan yepyeni bir Samsung telefonudur. Ortada bir selfie sens\u00f6r\u00fc ve dikd\u00f6rtgen bir yap\u0131da 4 kameras\u0131yla g\u00f6rsel olarak S20&#039;ye benzeyen sade ve zarif bir tasar\u0131ma sahip giri\u015f seviyesi bir telefondur.","rel":"","context":"&quot;Prix&quot; i\u00e7inde","block_context":{"text":"Prix","link":"https:\/\/senegalndiaye.com\/tr\/category\/prix\/"},"img":{"alt_text":"prix samsung a31 senegal","src":"https:\/\/i0.wp.com\/senegalndiaye.com\/wp-content\/uploads\/2020\/08\/samsung-galaxy-a31.jpg?fit=720%2C450&ssl=1&resize=350%2C200","width":350,"height":200,"srcset":"https:\/\/i0.wp.com\/senegalndiaye.com\/wp-content\/uploads\/2020\/08\/samsung-galaxy-a31.jpg?fit=720%2C450&ssl=1&resize=350%2C200 1x, https:\/\/i0.wp.com\/senegalndiaye.com\/wp-content\/uploads\/2020\/08\/samsung-galaxy-a31.jpg?fit=720%2C450&ssl=1&resize=525%2C300 1.5x, https:\/\/i0.wp.com\/senegalndiaye.com\/wp-content\/uploads\/2020\/08\/samsung-galaxy-a31.jpg?fit=720%2C450&ssl=1&resize=700%2C400 2x"},"classes":[]},{"id":25468,"url":"https:\/\/senegalndiaye.com\/tr\/%e2%9c%85-ou-publier-une-annonce-gratuite-au-senegal\/","url_meta":{"origin":24499,"position":4},"title":"\u2705 Senegal&#039;de \u00fccretsiz ilan nereye verilir?","author":"Moderateur","date":"Mart 22, 2022","format":false,"excerpt":"Sosyal medya ve ilan siteleri, Senegal&#039;de ilanlar\u0131n\u0131z\u0131 yay\u0131nlayabilece\u011finiz \u00e7evrimi\u00e7i platformlardan sadece birka\u00e7\u0131d\u0131r. Ba\u015fka yere bakmay\u0131n; ilanlar\u0131n\u0131z\u0131 yay\u0131nlamak i\u00e7in Senegal&#039;deki en iyi kanallar\u0131 bulduk. Sosyal medya, ilan siteleri, ilanlar ve di\u011fer portallar\u0131n yer ald\u0131\u011f\u0131 bu listeye g\u00f6z at\u0131n.","rel":"","context":"&quot;annonce gratuite au S\u00e9n\u00e9gal&quot; i\u00e7inde","block_context":{"text":"annonce gratuite au S\u00e9n\u00e9gal","link":"https:\/\/senegalndiaye.com\/tr\/category\/blog\/annonce-gratuite-au-senegal\/"},"img":{"alt_text":"","src":"https:\/\/i0.wp.com\/senegalndiaye.com\/wp-content\/uploads\/2022\/03\/publier-une-annonce.jpg?fit=1170%2C658&ssl=1&resize=350%2C200","width":350,"height":200,"srcset":"https:\/\/i0.wp.com\/senegalndiaye.com\/wp-content\/uploads\/2022\/03\/publier-une-annonce.jpg?fit=1170%2C658&ssl=1&resize=350%2C200 1x, https:\/\/i0.wp.com\/senegalndiaye.com\/wp-content\/uploads\/2022\/03\/publier-une-annonce.jpg?fit=1170%2C658&ssl=1&resize=525%2C300 1.5x, https:\/\/i0.wp.com\/senegalndiaye.com\/wp-content\/uploads\/2022\/03\/publier-une-annonce.jpg?fit=1170%2C658&ssl=1&resize=700%2C400 2x, https:\/\/i0.wp.com\/senegalndiaye.com\/wp-content\/uploads\/2022\/03\/publier-une-annonce.jpg?fit=1170%2C658&ssl=1&resize=1050%2C600 3x"},"classes":[]},{"id":24787,"url":"https:\/\/senegalndiaye.com\/tr\/%e2%9c%85-formation-gratuite-en-ligne-au-senegal\/","url_meta":{"origin":24499,"position":5},"title":"\u2705 Senegal&#039;de \u00fccretsiz \u00e7evrimi\u00e7i e\u011fitim","author":"Moderateur","date":"Ekim 5, 2021","format":false,"excerpt":"Yeni beceriler mi ar\u0131yorsunuz veya kariyer de\u011fi\u015fikli\u011fi mi? \u0130nternet, hayallerinizi ger\u00e7ekle\u015ftirmeniz i\u00e7in bir\u00e7ok \u00fccretsiz f\u0131rsat sunuyor. Evde kal\u0131p, e\u011fitiminizi tamamlad\u0131\u011f\u0131n\u0131zda sertifika alabilirsiniz. Kurslar bir\u00e7ok alan\u0131 kaps\u0131yor. Ke\u015ffedin...","rel":"","context":"&quot;Blog&quot; i\u00e7inde","block_context":{"text":"Blog","link":"https:\/\/senegalndiaye.com\/tr\/category\/blog\/"},"img":{"alt_text":"Formation gratuite en ligne au s\u00e9n\u00e9gal","src":"https:\/\/i0.wp.com\/senegalndiaye.com\/wp-content\/uploads\/2021\/10\/fomation-en-ligne.jpg?fit=487%2C324&ssl=1&resize=350%2C200","width":350,"height":200},"classes":[]}],"_links":{"self":[{"href":"https:\/\/senegalndiaye.com\/tr\/wp-json\/wp\/v2\/posts\/24499","targetHints":{"allow":["GET"]}}],"collection":[{"href":"https:\/\/senegalndiaye.com\/tr\/wp-json\/wp\/v2\/posts"}],"about":[{"href":"https:\/\/senegalndiaye.com\/tr\/wp-json\/wp\/v2\/types\/post"}],"author":[{"embeddable":true,"href":"https:\/\/senegalndiaye.com\/tr\/wp-json\/wp\/v2\/users\/8"}],"replies":[{"embeddable":true,"href":"https:\/\/senegalndiaye.com\/tr\/wp-json\/wp\/v2\/comments?post=24499"}],"version-history":[{"count":1,"href":"https:\/\/senegalndiaye.com\/tr\/wp-json\/wp\/v2\/posts\/24499\/revisions"}],"predecessor-version":[{"id":24501,"href":"https:\/\/senegalndiaye.com\/tr\/wp-json\/wp\/v2\/posts\/24499\/revisions\/24501"}],"wp:featuredmedia":[{"embeddable":true,"href":"https:\/\/senegalndiaye.com\/tr\/wp-json\/wp\/v2\/media\/24500"}],"wp:attachment":[{"href":"https:\/\/senegalndiaye.com\/tr\/wp-json\/wp\/v2\/media?parent=24499"}],"wp:term":[{"taxonomy":"category","embeddable":true,"href":"https:\/\/senegalndiaye.com\/tr\/wp-json\/wp\/v2\/categories?post=24499"},{"taxonomy":"post_tag","embeddable":true,"href":"https:\/\/senegalndiaye.com\/tr\/wp-json\/wp\/v2\/tags?post=24499"}],"curies":[{"name":"wp","href":"https:\/\/api.w.org\/{rel}","templated":true}]}}