{"id":24441,"date":"2021-07-30T22:47:21","date_gmt":"2021-07-30T22:47:21","guid":{"rendered":"https:\/\/senegalndiaye.com\/?p=24441"},"modified":"2021-08-03T10:14:27","modified_gmt":"2021-08-03T10:14:27","slug":"%e2%9c%85-les-centres-de-vaccination-covid-19-a-dakar","status":"publish","type":"post","link":"https:\/\/senegalndiaye.com\/tr\/%e2%9c%85-les-centres-de-vaccination-covid-19-a-dakar\/","title":{"rendered":"\u2705 Dakar&#039;da Covid-19 a\u015f\u0131 merkezleri"},"content":{"rendered":"<p>\u00dc\u00e7\u00fcnc\u00fc dalgayla birlikte Senegal eyaleti Dakar&#039;\u0131n her yerinde a\u015f\u0131 merkezleri kurdu. Nitekim sonuncular, n\u00fcfusun daha kolay a\u015f\u0131lanabilmesi i\u00e7in mahallelere da\u011f\u0131lm\u0131\u015ft\u0131r. Bu yaz\u0131da \u015funlar\u0131 bulacaks\u0131n\u0131z: <strong>Dakar&#039;daki Covid-19 a\u015f\u0131 merkezleri. <\/strong><\/p>\n<p><strong>Dakar ilinde a\u015f\u0131 olma \u015fartlar\u0131 nelerdir? <\/strong><\/p>\n<p>Dakar&#039;daki Covid-19 a\u015f\u0131 merkezleri pazartesiden cumaya a\u00e7\u0131kt\u0131r. Ancak sadece 18 ya\u015f\u0131n\u0131 doldurmu\u015f ki\u015filer a\u015f\u0131 yapt\u0131rabilir. Ger\u00e7ekten de hastanelerde a\u015f\u0131 olmak i\u00e7in yan\u0131n\u0131zda n\u00fcfus c\u00fczdan\u0131, pasaport veya s\u00fcr\u00fcc\u00fc belgesi getirmeniz gerekmektedir.<\/p>\n<p><script async src=\"https:\/\/pagead2.googlesyndication.com\/pagead\/js\/adsbygoogle.js?client=ca-pub-2317662529110026\" crossorigin=\"anonymous\"><\/script><br \/>\n<ins class=\"adsbygoogle\" style=\"display: block; text-align: center;\" data-ad-layout=\"in-article\" data-ad-format=\"fluid\" data-ad-client=\"ca-pub-2317662529110026\" data-ad-slot=\"8210013961\"><\/ins><br \/>\n<script>\n     (adsbygoogle = window.adsbygoogle || []).push({});\n<\/script><\/p>\n<h3><strong>Dakar&#039;daki Covid-19 a\u015f\u0131 merkezlerinin listesi<\/strong><\/h3>\n<p><span class=\"alignnone\"><img data-recalc-dims=\"1\" loading=\"lazy\" decoding=\"async\" class=\"alignnone size-full wp-image-24443\" src=\"https:\/\/i0.wp.com\/senegalndiaye.com\/wp-content\/uploads\/2021\/07\/centre-de-vaccination.jpg?resize=1050%2C1050&#038;ssl=1\" alt=\"centre de vaccination covid dakar\" width=\"1050\" height=\"1050\" srcset=\"https:\/\/i0.wp.com\/senegalndiaye.com\/wp-content\/uploads\/2021\/07\/centre-de-vaccination.jpg?w=1182&amp;ssl=1 1182w, https:\/\/i0.wp.com\/senegalndiaye.com\/wp-content\/uploads\/2021\/07\/centre-de-vaccination.jpg?resize=300%2C300&amp;ssl=1 300w, https:\/\/i0.wp.com\/senegalndiaye.com\/wp-content\/uploads\/2021\/07\/centre-de-vaccination.jpg?resize=100%2C100&amp;ssl=1 100w, https:\/\/i0.wp.com\/senegalndiaye.com\/wp-content\/uploads\/2021\/07\/centre-de-vaccination.jpg?resize=600%2C600&amp;ssl=1 600w, https:\/\/i0.wp.com\/senegalndiaye.com\/wp-content\/uploads\/2021\/07\/centre-de-vaccination.jpg?resize=1024%2C1024&amp;ssl=1 1024w, https:\/\/i0.wp.com\/senegalndiaye.com\/wp-content\/uploads\/2021\/07\/centre-de-vaccination.jpg?resize=150%2C150&amp;ssl=1 150w, https:\/\/i0.wp.com\/senegalndiaye.com\/wp-content\/uploads\/2021\/07\/centre-de-vaccination.jpg?resize=768%2C768&amp;ssl=1 768w, https:\/\/i0.wp.com\/senegalndiaye.com\/wp-content\/uploads\/2021\/07\/centre-de-vaccination.jpg?resize=1080%2C1080&amp;ssl=1 1080w, https:\/\/i0.wp.com\/senegalndiaye.com\/wp-content\/uploads\/2021\/07\/centre-de-vaccination.jpg?resize=450%2C450&amp;ssl=1 450w, https:\/\/i0.wp.com\/senegalndiaye.com\/wp-content\/uploads\/2021\/07\/centre-de-vaccination.jpg?resize=800%2C800&amp;ssl=1 800w\" sizes=\"auto, (max-width: 1050px) 100vw, 1050px\" \/> <img data-recalc-dims=\"1\" loading=\"lazy\" decoding=\"async\" class=\"alignnone size-full wp-image-24444\" src=\"https:\/\/i0.wp.com\/senegalndiaye.com\/wp-content\/uploads\/2021\/07\/centre-de-vaccination1.jpg?resize=1050%2C1050&#038;ssl=1\" alt=\"centre de vaccination covid dakar\" width=\"1050\" height=\"1050\" srcset=\"https:\/\/i0.wp.com\/senegalndiaye.com\/wp-content\/uploads\/2021\/07\/centre-de-vaccination1.jpg?w=1182&amp;ssl=1 1182w, https:\/\/i0.wp.com\/senegalndiaye.com\/wp-content\/uploads\/2021\/07\/centre-de-vaccination1.jpg?resize=300%2C300&amp;ssl=1 300w, https:\/\/i0.wp.com\/senegalndiaye.com\/wp-content\/uploads\/2021\/07\/centre-de-vaccination1.jpg?resize=100%2C100&amp;ssl=1 100w, https:\/\/i0.wp.com\/senegalndiaye.com\/wp-content\/uploads\/2021\/07\/centre-de-vaccination1.jpg?resize=600%2C600&amp;ssl=1 600w, https:\/\/i0.wp.com\/senegalndiaye.com\/wp-content\/uploads\/2021\/07\/centre-de-vaccination1.jpg?resize=1024%2C1024&amp;ssl=1 1024w, https:\/\/i0.wp.com\/senegalndiaye.com\/wp-content\/uploads\/2021\/07\/centre-de-vaccination1.jpg?resize=150%2C150&amp;ssl=1 150w, https:\/\/i0.wp.com\/senegalndiaye.com\/wp-content\/uploads\/2021\/07\/centre-de-vaccination1.jpg?resize=768%2C768&amp;ssl=1 768w, https:\/\/i0.wp.com\/senegalndiaye.com\/wp-content\/uploads\/2021\/07\/centre-de-vaccination1.jpg?resize=1080%2C1080&amp;ssl=1 1080w, https:\/\/i0.wp.com\/senegalndiaye.com\/wp-content\/uploads\/2021\/07\/centre-de-vaccination1.jpg?resize=450%2C450&amp;ssl=1 450w, https:\/\/i0.wp.com\/senegalndiaye.com\/wp-content\/uploads\/2021\/07\/centre-de-vaccination1.jpg?resize=800%2C800&amp;ssl=1 800w\" sizes=\"auto, (max-width: 1050px) 100vw, 1050px\" \/> <img data-recalc-dims=\"1\" loading=\"lazy\" decoding=\"async\" class=\"alignnone size-full wp-image-24445\" src=\"https:\/\/i0.wp.com\/senegalndiaye.com\/wp-content\/uploads\/2021\/07\/centre-de-vaccination2.jpg?resize=1050%2C1050&#038;ssl=1\" alt=\"centre de vaccination covid dakar\" width=\"1050\" height=\"1050\" srcset=\"https:\/\/i0.wp.com\/senegalndiaye.com\/wp-content\/uploads\/2021\/07\/centre-de-vaccination2.jpg?w=1182&amp;ssl=1 1182w, https:\/\/i0.wp.com\/senegalndiaye.com\/wp-content\/uploads\/2021\/07\/centre-de-vaccination2.jpg?resize=300%2C300&amp;ssl=1 300w, https:\/\/i0.wp.com\/senegalndiaye.com\/wp-content\/uploads\/2021\/07\/centre-de-vaccination2.jpg?resize=100%2C100&amp;ssl=1 100w, https:\/\/i0.wp.com\/senegalndiaye.com\/wp-content\/uploads\/2021\/07\/centre-de-vaccination2.jpg?resize=600%2C600&amp;ssl=1 600w, https:\/\/i0.wp.com\/senegalndiaye.com\/wp-content\/uploads\/2021\/07\/centre-de-vaccination2.jpg?resize=1024%2C1024&amp;ssl=1 1024w, https:\/\/i0.wp.com\/senegalndiaye.com\/wp-content\/uploads\/2021\/07\/centre-de-vaccination2.jpg?resize=150%2C150&amp;ssl=1 150w, https:\/\/i0.wp.com\/senegalndiaye.com\/wp-content\/uploads\/2021\/07\/centre-de-vaccination2.jpg?resize=768%2C768&amp;ssl=1 768w, https:\/\/i0.wp.com\/senegalndiaye.com\/wp-content\/uploads\/2021\/07\/centre-de-vaccination2.jpg?resize=1080%2C1080&amp;ssl=1 1080w, https:\/\/i0.wp.com\/senegalndiaye.com\/wp-content\/uploads\/2021\/07\/centre-de-vaccination2.jpg?resize=450%2C450&amp;ssl=1 450w, https:\/\/i0.wp.com\/senegalndiaye.com\/wp-content\/uploads\/2021\/07\/centre-de-vaccination2.jpg?resize=800%2C800&amp;ssl=1 800w\" sizes=\"auto, (max-width: 1050px) 100vw, 1050px\" \/> <img data-recalc-dims=\"1\" loading=\"lazy\" decoding=\"async\" class=\"alignnone size-full wp-image-24446\" src=\"https:\/\/i0.wp.com\/senegalndiaye.com\/wp-content\/uploads\/2021\/07\/centre-de-vaccination3.jpg?resize=1050%2C1050&#038;ssl=1\" alt=\"centre de vaccination covid dakar\" width=\"1050\" height=\"1050\" srcset=\"https:\/\/i0.wp.com\/senegalndiaye.com\/wp-content\/uploads\/2021\/07\/centre-de-vaccination3.jpg?w=1182&amp;ssl=1 1182w, https:\/\/i0.wp.com\/senegalndiaye.com\/wp-content\/uploads\/2021\/07\/centre-de-vaccination3.jpg?resize=300%2C300&amp;ssl=1 300w, https:\/\/i0.wp.com\/senegalndiaye.com\/wp-content\/uploads\/2021\/07\/centre-de-vaccination3.jpg?resize=100%2C100&amp;ssl=1 100w, https:\/\/i0.wp.com\/senegalndiaye.com\/wp-content\/uploads\/2021\/07\/centre-de-vaccination3.jpg?resize=600%2C600&amp;ssl=1 600w, https:\/\/i0.wp.com\/senegalndiaye.com\/wp-content\/uploads\/2021\/07\/centre-de-vaccination3.jpg?resize=1024%2C1024&amp;ssl=1 1024w, https:\/\/i0.wp.com\/senegalndiaye.com\/wp-content\/uploads\/2021\/07\/centre-de-vaccination3.jpg?resize=150%2C150&amp;ssl=1 150w, https:\/\/i0.wp.com\/senegalndiaye.com\/wp-content\/uploads\/2021\/07\/centre-de-vaccination3.jpg?resize=768%2C768&amp;ssl=1 768w, https:\/\/i0.wp.com\/senegalndiaye.com\/wp-content\/uploads\/2021\/07\/centre-de-vaccination3.jpg?resize=1080%2C1080&amp;ssl=1 1080w, https:\/\/i0.wp.com\/senegalndiaye.com\/wp-content\/uploads\/2021\/07\/centre-de-vaccination3.jpg?resize=450%2C450&amp;ssl=1 450w, https:\/\/i0.wp.com\/senegalndiaye.com\/wp-content\/uploads\/2021\/07\/centre-de-vaccination3.jpg?resize=800%2C800&amp;ssl=1 800w\" sizes=\"auto, (max-width: 1050px) 100vw, 1050px\" \/><\/span><\/p>\n<p>Dakar&#039;daki Covid-19 a\u015f\u0131 merkezleri d\u00f6rt b\u00f6lgeye yay\u0131lm\u0131\u015ft\u0131r: kuzey, g\u00fcney ve merkez.<\/p>\n<p><strong>kuzey b\u00f6lgesi \u00a0\u00a0<\/strong><\/p>\n<p>Bu merkezde bulunan a\u015f\u0131lar SINOPHARM ve JOHNSON VE JOHNSON&#039;dur. Ayr\u0131ca bu semtte iseniz geri d\u00f6nebilirsiniz:<\/p>\n<ul>\n<li>Camb\u00e9r\u00e8ne sa\u011fl\u0131k merkezinde a\u015f\u0131 olmak<\/li>\n<li>Mame Abdou Dabakh Sa\u011fl\u0131k Merkezinde<\/li>\n<li>2 Liberty 6 \u015feridinde bulunan SAMU hastanesinde<\/li>\n<li>Grand M\u00e9dine sa\u011fl\u0131k merkezinde<\/li>\n<li>Ama ayn\u0131 zamanda polisin yak\u0131n\u0131nda bulunan Grand Yoff 1 sa\u011fl\u0131k karakolunda<\/li>\n<li>HLM Patte d&#039;Oie yak\u0131nlar\u0131ndaki Grand Yoff sa\u011fl\u0131k merkezinde<\/li>\n<li>HLM Grand Yoff&#039;ta bulunan sa\u011fl\u0131k oca\u011f\u0131nda<\/li>\n<li>Parseller dezenfekte \u00fcnitesinde bulunan sa\u011fl\u0131k oca\u011f\u0131nda: 8.9, 16, 22, 26<\/li>\n<li>Norade sa\u011fl\u0131k postas\u0131nda<\/li>\n<\/ul>\n<p><strong>Dakar&#039;daki Covid-19 a\u015f\u0131 merkezleri: g\u00fcney b\u00f6lgesi <\/strong><\/p>\n<p>G\u00fcney b\u00f6lgesi, kuzey b\u00f6lgesi ile ayn\u0131 a\u015f\u0131lar\u0131 sa\u011flar. Ayr\u0131ca bu b\u00f6lgede a\u015f\u0131 yapt\u0131rman\u0131z gereken \u00fc\u00e7 sa\u011fl\u0131k oca\u011f\u0131n\u0131z ve \u00fc\u00e7 postan\u0131z var.<\/p>\n<p><strong>A\u015f\u0131lamaya yetkili sa\u011fl\u0131k merkezleri \u015funlard\u0131r:<\/strong><\/p>\n<ul>\n<li>Caminin kar\u015f\u0131s\u0131ndaki Yayla Sa\u011fl\u0131k Oca\u011f\u0131<\/li>\n<li>Til\u00e8ne pazar\u0131na yak\u0131n Cheikh Ahmadou Bamba hastanesi<\/li>\n<li>Futbol sahas\u0131na yak\u0131n Colobane sa\u011fl\u0131k merkezi<\/li>\n<\/ul>\n<p><strong>Sa\u011fl\u0131k mesajlar\u0131 <\/strong><\/p>\n<p>a\u015f\u0131 olabilirsiniz:<\/p>\n<ul>\n<li>\u015eehir merkezindeki Rafanel sa\u011fl\u0131k merkezinde<\/li>\n<li>Dakar Yaylas\u0131&#039;nda bulunan Sandial sa\u011fl\u0131k oca\u011f\u0131nda<\/li>\n<li>Ve Cebelitar\u0131k&#039;taki Saint-Laurent sa\u011fl\u0131k merkezinde<\/li>\n<\/ul>\n<p><strong>Merkez \u0130l\u00e7e <\/strong><\/p>\n<p>B\u00f6lge, di\u011fer il\u00e7elerle ayn\u0131 a\u015f\u0131lar\u0131 sa\u011flar. Nitekim sa\u011fl\u0131k ocaklar\u0131 ve sa\u011fl\u0131k ocaklar\u0131 ba\u015fta olmak \u00fczere bir\u00e7ok a\u015f\u0131 noktas\u0131 bulunmaktad\u0131r.<\/p>\n<ul>\n<li>R\u00f6nesans An\u0131t\u0131<\/li>\n<li>Afrika anma yeri<\/li>\n<\/ul>\n<p><strong>B\u00f6lgede a\u015f\u0131 yapmaya yetkili sa\u011fl\u0131k merkezleri \u015funlard\u0131r: <\/strong><\/p>\n<ul>\n<li>Gaspard Kamara sa\u011fl\u0131k merkezi<\/li>\n<li>Marist Sa\u011fl\u0131k Merkezi<\/li>\n<li>Mamadou Diop sa\u011fl\u0131k merkezi<\/li>\n<li>Toplu konut sa\u011fl\u0131k merkezi<\/li>\n<\/ul>\n<p><strong>Sekt\u00f6rde yetkili sa\u011fl\u0131k ocaklar\u0131:<\/strong><\/p>\n<ul>\n<li>HLM sa\u011fl\u0131k postas\u0131<\/li>\n<li>Fann Hock sa\u011fl\u0131k postas\u0131<\/li>\n<li>Burgiba&#039;da bulunan sa\u011fl\u0131k oca\u011f\u0131<\/li>\n<li>Hann k\u00f6y hastanesi<\/li>\n<li>Hann&#039;da bulunan sa\u011fl\u0131k oca\u011f\u0131<\/li>\n<li>Grand Dakar sa\u011fl\u0131k postas\u0131<\/li>\n<li>Ve Libert\u00e9 2 sa\u011fl\u0131k dire\u011fi<\/li>\n<\/ul>\n<p>Dakar&#039;daki Covid-19 a\u015f\u0131 merkezleri vir\u00fcsle m\u00fccadeleye yard\u0131mc\u0131 oluyor. Bununla birlikte, koronavir\u00fcsle m\u00fccadelenin ilk yolu, \u00e7\u0131kar\u0131lan bariyer \u00f6nlemlerine sayg\u0131 duymakt\u0131r.<\/p>\n<h3><strong>\u00a0T\u00fcm makalelerimizi sitemizde bulabilirsiniz. <a href=\"https:\/\/senegalndiaye.com\/tr\/blog\/\">Blog<\/a><\/strong><\/h3>","protected":false},"excerpt":{"rendered":"<p>Avec la troisi\u00e8me vague, l\u2019\u00e9tat du S\u00e9n\u00e9gal a mis en place des centres de vaccination partout \u00e0 Dakar. En effet, ces derniers sont \u00e9parpill\u00e9s dans les quartiers pour permettre \u00e0 la population de se vacciner plus facilement. Vous trouverez dans cet article les centres de vaccination Covid-19 \u00e0 Dakar. Quelles sont les conditions pour \u00eatre [&hellip;]<\/p>\n","protected":false},"author":8,"featured_media":24446,"comment_status":"open","ping_status":"open","sticky":false,"template":"","format":"standard","meta":{"_jetpack_memberships_contains_paid_content":false,"footnotes":""},"categories":[83],"tags":[],"class_list":["post-24441","post","type-post","status-publish","format-standard","has-post-thumbnail","hentry","category-blog"],"yoast_head":"<!-- This site is optimized with the Yoast SEO plugin v27.5 - https:\/\/yoast.com\/product\/yoast-seo-wordpress\/ -->\n<title>\u2705 Les centres de vaccination Covid-19 \u00e0 Dakar &#187; Senegal Ndiaye<\/title>\n<meta name=\"description\" content=\"Vous trouverez dans cet article les centres de vaccination Covid-19 \u00e0 Dakar.\" \/>\n<meta name=\"robots\" content=\"index, follow, max-snippet:-1, max-image-preview:large, max-video-preview:-1\" \/>\n<link rel=\"canonical\" href=\"https:\/\/senegalndiaye.com\/tr\/\u2705-les-centres-de-vaccination-covid-19-a-dakar\/\" \/>\n<meta property=\"og:locale\" content=\"tr_TR\" \/>\n<meta property=\"og:type\" content=\"article\" \/>\n<meta property=\"og:title\" content=\"\u2705 Les centres de vaccination Covid-19 \u00e0 Dakar &#187; Senegal Ndiaye\" \/>\n<meta property=\"og:description\" content=\"Vous trouverez dans cet article les centres de vaccination Covid-19 \u00e0 Dakar.\" \/>\n<meta property=\"og:url\" content=\"https:\/\/senegalndiaye.com\/tr\/\u2705-les-centres-de-vaccination-covid-19-a-dakar\/\" \/>\n<meta property=\"og:site_name\" content=\"Senegal Ndiaye\" \/>\n<meta property=\"article:publisher\" content=\"https:\/\/www.facebook.com\/senegalndiaye4\/\" \/>\n<meta property=\"article:published_time\" content=\"2021-07-30T22:47:21+00:00\" \/>\n<meta property=\"article:modified_time\" content=\"2021-08-03T10:14:27+00:00\" \/>\n<meta property=\"og:image\" content=\"https:\/\/senegalndiaye.com\/wp-content\/uploads\/2021\/07\/centre-de-vaccination3.jpg\" \/>\n\t<meta property=\"og:image:width\" content=\"1182\" \/>\n\t<meta property=\"og:image:height\" content=\"1182\" \/>\n\t<meta property=\"og:image:type\" content=\"image\/jpeg\" \/>\n<meta name=\"author\" content=\"Moderateur\" \/>\n<meta name=\"twitter:card\" content=\"summary_large_image\" \/>\n<meta name=\"twitter:creator\" content=\"@Senegalndiaye5\" \/>\n<meta name=\"twitter:site\" content=\"@Senegalndiaye5\" \/>\n<meta name=\"twitter:label1\" content=\"Yazan:\" \/>\n\t<meta name=\"twitter:data1\" content=\"Moderateur\" \/>\n\t<meta name=\"twitter:label2\" content=\"Tahmini okuma s\u00fcresi\" \/>\n\t<meta name=\"twitter:data2\" content=\"4 dakika\" \/>\n<script type=\"application\/ld+json\" class=\"yoast-schema-graph\">{\"@context\":\"https:\\\/\\\/schema.org\",\"@graph\":[{\"@type\":\"Article\",\"@id\":\"https:\\\/\\\/senegalndiaye.com\\\/%e2%9c%85-les-centres-de-vaccination-covid-19-a-dakar\\\/#article\",\"isPartOf\":{\"@id\":\"https:\\\/\\\/senegalndiaye.com\\\/%e2%9c%85-les-centres-de-vaccination-covid-19-a-dakar\\\/\"},\"author\":{\"name\":\"Moderateur\",\"@id\":\"https:\\\/\\\/senegalndiaye.com\\\/#\\\/schema\\\/person\\\/c1e0d9f50bc68102f5a7368b7c9551f5\"},\"headline\":\"\u2705 Les centres de vaccination Covid-19 \u00e0 Dakar\",\"datePublished\":\"2021-07-30T22:47:21+00:00\",\"dateModified\":\"2021-08-03T10:14:27+00:00\",\"mainEntityOfPage\":{\"@id\":\"https:\\\/\\\/senegalndiaye.com\\\/%e2%9c%85-les-centres-de-vaccination-covid-19-a-dakar\\\/\"},\"wordCount\":546,\"commentCount\":1,\"publisher\":{\"@id\":\"https:\\\/\\\/senegalndiaye.com\\\/#organization\"},\"image\":{\"@id\":\"https:\\\/\\\/senegalndiaye.com\\\/%e2%9c%85-les-centres-de-vaccination-covid-19-a-dakar\\\/#primaryimage\"},\"thumbnailUrl\":\"https:\\\/\\\/i0.wp.com\\\/senegalndiaye.com\\\/wp-content\\\/uploads\\\/2021\\\/07\\\/centre-de-vaccination3.jpg?fit=1182%2C1182&ssl=1\",\"articleSection\":[\"Blog\"],\"inLanguage\":\"tr\",\"potentialAction\":[{\"@type\":\"CommentAction\",\"name\":\"Comment\",\"target\":[\"https:\\\/\\\/senegalndiaye.com\\\/%e2%9c%85-les-centres-de-vaccination-covid-19-a-dakar\\\/#respond\"]}]},{\"@type\":\"WebPage\",\"@id\":\"https:\\\/\\\/senegalndiaye.com\\\/%e2%9c%85-les-centres-de-vaccination-covid-19-a-dakar\\\/\",\"url\":\"https:\\\/\\\/senegalndiaye.com\\\/%e2%9c%85-les-centres-de-vaccination-covid-19-a-dakar\\\/\",\"name\":\"\u2705 Les centres de vaccination Covid-19 \u00e0 Dakar &#187; Senegal Ndiaye\",\"isPartOf\":{\"@id\":\"https:\\\/\\\/senegalndiaye.com\\\/#website\"},\"primaryImageOfPage\":{\"@id\":\"https:\\\/\\\/senegalndiaye.com\\\/%e2%9c%85-les-centres-de-vaccination-covid-19-a-dakar\\\/#primaryimage\"},\"image\":{\"@id\":\"https:\\\/\\\/senegalndiaye.com\\\/%e2%9c%85-les-centres-de-vaccination-covid-19-a-dakar\\\/#primaryimage\"},\"thumbnailUrl\":\"https:\\\/\\\/i0.wp.com\\\/senegalndiaye.com\\\/wp-content\\\/uploads\\\/2021\\\/07\\\/centre-de-vaccination3.jpg?fit=1182%2C1182&ssl=1\",\"datePublished\":\"2021-07-30T22:47:21+00:00\",\"dateModified\":\"2021-08-03T10:14:27+00:00\",\"description\":\"Vous trouverez dans cet article les centres de vaccination Covid-19 \u00e0 Dakar.\",\"breadcrumb\":{\"@id\":\"https:\\\/\\\/senegalndiaye.com\\\/%e2%9c%85-les-centres-de-vaccination-covid-19-a-dakar\\\/#breadcrumb\"},\"inLanguage\":\"tr\",\"potentialAction\":[{\"@type\":\"ReadAction\",\"target\":[\"https:\\\/\\\/senegalndiaye.com\\\/%e2%9c%85-les-centres-de-vaccination-covid-19-a-dakar\\\/\"]}]},{\"@type\":\"ImageObject\",\"inLanguage\":\"tr\",\"@id\":\"https:\\\/\\\/senegalndiaye.com\\\/%e2%9c%85-les-centres-de-vaccination-covid-19-a-dakar\\\/#primaryimage\",\"url\":\"https:\\\/\\\/i0.wp.com\\\/senegalndiaye.com\\\/wp-content\\\/uploads\\\/2021\\\/07\\\/centre-de-vaccination3.jpg?fit=1182%2C1182&ssl=1\",\"contentUrl\":\"https:\\\/\\\/i0.wp.com\\\/senegalndiaye.com\\\/wp-content\\\/uploads\\\/2021\\\/07\\\/centre-de-vaccination3.jpg?fit=1182%2C1182&ssl=1\",\"width\":1182,\"height\":1182,\"caption\":\"centre de vaccination covid dakar\"},{\"@type\":\"BreadcrumbList\",\"@id\":\"https:\\\/\\\/senegalndiaye.com\\\/%e2%9c%85-les-centres-de-vaccination-covid-19-a-dakar\\\/#breadcrumb\",\"itemListElement\":[{\"@type\":\"ListItem\",\"position\":1,\"name\":\"Accueil\",\"item\":\"https:\\\/\\\/senegalndiaye.com\\\/\"},{\"@type\":\"ListItem\",\"position\":2,\"name\":\"\u2705 Les centres de vaccination Covid-19 \u00e0 Dakar\"}]},{\"@type\":\"WebSite\",\"@id\":\"https:\\\/\\\/senegalndiaye.com\\\/#website\",\"url\":\"https:\\\/\\\/senegalndiaye.com\\\/\",\"name\":\"Senegal Ndiaye\",\"description\":\"Retrouvez les meilleurs endroits du S\u00e9n\u00e9gal\",\"publisher\":{\"@id\":\"https:\\\/\\\/senegalndiaye.com\\\/#organization\"},\"potentialAction\":[{\"@type\":\"SearchAction\",\"target\":{\"@type\":\"EntryPoint\",\"urlTemplate\":\"https:\\\/\\\/senegalndiaye.com\\\/?s={search_term_string}\"},\"query-input\":{\"@type\":\"PropertyValueSpecification\",\"valueRequired\":true,\"valueName\":\"search_term_string\"}}],\"inLanguage\":\"tr\"},{\"@type\":\"Organization\",\"@id\":\"https:\\\/\\\/senegalndiaye.com\\\/#organization\",\"name\":\"Senegal Ndiaye\",\"url\":\"https:\\\/\\\/senegalndiaye.com\\\/\",\"logo\":{\"@type\":\"ImageObject\",\"inLanguage\":\"tr\",\"@id\":\"https:\\\/\\\/senegalndiaye.com\\\/#\\\/schema\\\/logo\\\/image\\\/\",\"url\":\"https:\\\/\\\/senegalndiaye.com\\\/wp-content\\\/uploads\\\/2018\\\/05\\\/senegalndiaye_logo.png\",\"contentUrl\":\"https:\\\/\\\/senegalndiaye.com\\\/wp-content\\\/uploads\\\/2018\\\/05\\\/senegalndiaye_logo.png\",\"width\":150,\"height\":106,\"caption\":\"Senegal Ndiaye\"},\"image\":{\"@id\":\"https:\\\/\\\/senegalndiaye.com\\\/#\\\/schema\\\/logo\\\/image\\\/\"},\"sameAs\":[\"https:\\\/\\\/www.facebook.com\\\/senegalndiaye4\\\/\",\"https:\\\/\\\/x.com\\\/Senegalndiaye5\",\"https:\\\/\\\/www.instagram.com\\\/senegalndiaye1\\\/\",\"https:\\\/\\\/www.linkedin.com\\\/company\\\/senegal-ndiaye\\\/\"]},{\"@type\":\"Person\",\"@id\":\"https:\\\/\\\/senegalndiaye.com\\\/#\\\/schema\\\/person\\\/c1e0d9f50bc68102f5a7368b7c9551f5\",\"name\":\"Moderateur\",\"image\":{\"@type\":\"ImageObject\",\"inLanguage\":\"tr\",\"@id\":\"https:\\\/\\\/senegalndiaye.com\\\/wp-content\\\/litespeed\\\/avatar\\\/3fb7bc779db92bd05c1837e9542df344.jpg?ver=1777309443\",\"url\":\"https:\\\/\\\/senegalndiaye.com\\\/wp-content\\\/litespeed\\\/avatar\\\/3fb7bc779db92bd05c1837e9542df344.jpg?ver=1777309443\",\"contentUrl\":\"https:\\\/\\\/senegalndiaye.com\\\/wp-content\\\/litespeed\\\/avatar\\\/3fb7bc779db92bd05c1837e9542df344.jpg?ver=1777309443\",\"caption\":\"Moderateur\"},\"url\":\"https:\\\/\\\/senegalndiaye.com\\\/tr\\\/author\\\/sndigital\\\/\"}]}<\/script>\n<!-- \/ Yoast SEO plugin. -->","yoast_head_json":{"title":"\u2705 Dakar&#039;daki Kovid-19 a\u015f\u0131 merkezleri \u00bb Senegal Ndiaye","description":"Bu yaz\u0131da Dakar&#039;daki Covid-19 a\u015f\u0131 merkezlerini bulacaks\u0131n\u0131z.","robots":{"index":"index","follow":"follow","max-snippet":"max-snippet:-1","max-image-preview":"max-image-preview:large","max-video-preview":"max-video-preview:-1"},"canonical":"https:\/\/senegalndiaye.com\/tr\/\u2705-les-centres-de-vaccination-covid-19-a-dakar\/","og_locale":"tr_TR","og_type":"article","og_title":"\u2705 Les centres de vaccination Covid-19 \u00e0 Dakar &#187; Senegal Ndiaye","og_description":"Vous trouverez dans cet article les centres de vaccination Covid-19 \u00e0 Dakar.","og_url":"https:\/\/senegalndiaye.com\/tr\/\u2705-les-centres-de-vaccination-covid-19-a-dakar\/","og_site_name":"Senegal Ndiaye","article_publisher":"https:\/\/www.facebook.com\/senegalndiaye4\/","article_published_time":"2021-07-30T22:47:21+00:00","article_modified_time":"2021-08-03T10:14:27+00:00","og_image":[{"width":1182,"height":1182,"url":"https:\/\/senegalndiaye.com\/wp-content\/uploads\/2021\/07\/centre-de-vaccination3.jpg","type":"image\/jpeg"}],"author":"Moderateur","twitter_card":"summary_large_image","twitter_creator":"@Senegalndiaye5","twitter_site":"@Senegalndiaye5","twitter_misc":{"Yazan:":"Moderateur","Tahmini okuma s\u00fcresi":"4 dakika"},"schema":{"@context":"https:\/\/schema.org","@graph":[{"@type":"Article","@id":"https:\/\/senegalndiaye.com\/%e2%9c%85-les-centres-de-vaccination-covid-19-a-dakar\/#article","isPartOf":{"@id":"https:\/\/senegalndiaye.com\/%e2%9c%85-les-centres-de-vaccination-covid-19-a-dakar\/"},"author":{"name":"Moderateur","@id":"https:\/\/senegalndiaye.com\/#\/schema\/person\/c1e0d9f50bc68102f5a7368b7c9551f5"},"headline":"\u2705 Les centres de vaccination Covid-19 \u00e0 Dakar","datePublished":"2021-07-30T22:47:21+00:00","dateModified":"2021-08-03T10:14:27+00:00","mainEntityOfPage":{"@id":"https:\/\/senegalndiaye.com\/%e2%9c%85-les-centres-de-vaccination-covid-19-a-dakar\/"},"wordCount":546,"commentCount":1,"publisher":{"@id":"https:\/\/senegalndiaye.com\/#organization"},"image":{"@id":"https:\/\/senegalndiaye.com\/%e2%9c%85-les-centres-de-vaccination-covid-19-a-dakar\/#primaryimage"},"thumbnailUrl":"https:\/\/i0.wp.com\/senegalndiaye.com\/wp-content\/uploads\/2021\/07\/centre-de-vaccination3.jpg?fit=1182%2C1182&ssl=1","articleSection":["Blog"],"inLanguage":"tr","potentialAction":[{"@type":"CommentAction","name":"Comment","target":["https:\/\/senegalndiaye.com\/%e2%9c%85-les-centres-de-vaccination-covid-19-a-dakar\/#respond"]}]},{"@type":"WebPage","@id":"https:\/\/senegalndiaye.com\/%e2%9c%85-les-centres-de-vaccination-covid-19-a-dakar\/","url":"https:\/\/senegalndiaye.com\/%e2%9c%85-les-centres-de-vaccination-covid-19-a-dakar\/","name":"\u2705 Dakar&#039;daki Kovid-19 a\u015f\u0131 merkezleri \u00bb Senegal Ndiaye","isPartOf":{"@id":"https:\/\/senegalndiaye.com\/#website"},"primaryImageOfPage":{"@id":"https:\/\/senegalndiaye.com\/%e2%9c%85-les-centres-de-vaccination-covid-19-a-dakar\/#primaryimage"},"image":{"@id":"https:\/\/senegalndiaye.com\/%e2%9c%85-les-centres-de-vaccination-covid-19-a-dakar\/#primaryimage"},"thumbnailUrl":"https:\/\/i0.wp.com\/senegalndiaye.com\/wp-content\/uploads\/2021\/07\/centre-de-vaccination3.jpg?fit=1182%2C1182&ssl=1","datePublished":"2021-07-30T22:47:21+00:00","dateModified":"2021-08-03T10:14:27+00:00","description":"Bu yaz\u0131da Dakar&#039;daki Covid-19 a\u015f\u0131 merkezlerini bulacaks\u0131n\u0131z.","breadcrumb":{"@id":"https:\/\/senegalndiaye.com\/%e2%9c%85-les-centres-de-vaccination-covid-19-a-dakar\/#breadcrumb"},"inLanguage":"tr","potentialAction":[{"@type":"ReadAction","target":["https:\/\/senegalndiaye.com\/%e2%9c%85-les-centres-de-vaccination-covid-19-a-dakar\/"]}]},{"@type":"ImageObject","inLanguage":"tr","@id":"https:\/\/senegalndiaye.com\/%e2%9c%85-les-centres-de-vaccination-covid-19-a-dakar\/#primaryimage","url":"https:\/\/i0.wp.com\/senegalndiaye.com\/wp-content\/uploads\/2021\/07\/centre-de-vaccination3.jpg?fit=1182%2C1182&ssl=1","contentUrl":"https:\/\/i0.wp.com\/senegalndiaye.com\/wp-content\/uploads\/2021\/07\/centre-de-vaccination3.jpg?fit=1182%2C1182&ssl=1","width":1182,"height":1182,"caption":"centre de vaccination covid dakar"},{"@type":"BreadcrumbList","@id":"https:\/\/senegalndiaye.com\/%e2%9c%85-les-centres-de-vaccination-covid-19-a-dakar\/#breadcrumb","itemListElement":[{"@type":"ListItem","position":1,"name":"Accueil","item":"https:\/\/senegalndiaye.com\/"},{"@type":"ListItem","position":2,"name":"\u2705 Les centres de vaccination Covid-19 \u00e0 Dakar"}]},{"@type":"WebSite","@id":"https:\/\/senegalndiaye.com\/#website","url":"https:\/\/senegalndiaye.com\/","name":"Senegal Ndiaye","description":"Senegal&#039;deki en iyi yerleri bulun","publisher":{"@id":"https:\/\/senegalndiaye.com\/#organization"},"potentialAction":[{"@type":"SearchAction","target":{"@type":"EntryPoint","urlTemplate":"https:\/\/senegalndiaye.com\/?s={search_term_string}"},"query-input":{"@type":"PropertyValueSpecification","valueRequired":true,"valueName":"search_term_string"}}],"inLanguage":"tr"},{"@type":"Organization","@id":"https:\/\/senegalndiaye.com\/#organization","name":"Senegal Ndiaye","url":"https:\/\/senegalndiaye.com\/","logo":{"@type":"ImageObject","inLanguage":"tr","@id":"https:\/\/senegalndiaye.com\/#\/schema\/logo\/image\/","url":"https:\/\/senegalndiaye.com\/wp-content\/uploads\/2018\/05\/senegalndiaye_logo.png","contentUrl":"https:\/\/senegalndiaye.com\/wp-content\/uploads\/2018\/05\/senegalndiaye_logo.png","width":150,"height":106,"caption":"Senegal Ndiaye"},"image":{"@id":"https:\/\/senegalndiaye.com\/#\/schema\/logo\/image\/"},"sameAs":["https:\/\/www.facebook.com\/senegalndiaye4\/","https:\/\/x.com\/Senegalndiaye5","https:\/\/www.instagram.com\/senegalndiaye1\/","https:\/\/www.linkedin.com\/company\/senegal-ndiaye\/"]},{"@type":"Person","@id":"https:\/\/senegalndiaye.com\/#\/schema\/person\/c1e0d9f50bc68102f5a7368b7c9551f5","name":"moderat\u00f6r","image":{"@type":"ImageObject","inLanguage":"tr","@id":"https:\/\/senegalndiaye.com\/wp-content\/litespeed\/avatar\/3fb7bc779db92bd05c1837e9542df344.jpg?ver=1777309443","url":"https:\/\/senegalndiaye.com\/wp-content\/litespeed\/avatar\/3fb7bc779db92bd05c1837e9542df344.jpg?ver=1777309443","contentUrl":"https:\/\/senegalndiaye.com\/wp-content\/litespeed\/avatar\/3fb7bc779db92bd05c1837e9542df344.jpg?ver=1777309443","caption":"Moderateur"},"url":"https:\/\/senegalndiaye.com\/tr\/author\/sndigital\/"}]}},"jetpack_featured_media_url":"https:\/\/i0.wp.com\/senegalndiaye.com\/wp-content\/uploads\/2021\/07\/centre-de-vaccination3.jpg?fit=1182%2C1182&ssl=1","jetpack_sharing_enabled":true,"jetpack-related-posts":[{"id":24742,"url":"https:\/\/senegalndiaye.com\/tr\/%e2%9c%85-obtenir-un-passe-sanitaire-au-senegal\/","url_meta":{"origin":24441,"position":0},"title":"\u2705 Senegal&#039;de sa\u011fl\u0131k kart\u0131 al\u0131n","author":"Moderateur","date":"Eyl\u00fcl 17, 2021","format":false,"excerpt":"G\u00fcn\u00fcm\u00fczde COVID-19 k\u0131s\u0131tlamalar\u0131 nedeniyle seyahat etmek i\u00e7in sa\u011fl\u0131k kart\u0131na ihtiyac\u0131n\u0131z var. Asl\u0131nda \u00e7o\u011fu \u00fclke, vir\u00fcs\u00fcn yay\u0131lmas\u0131n\u0131 \u00f6nlemek i\u00e7in bu t\u00fcr bir sertifika talep ediyor. Neyse ki Senegal&#039;de sa\u011fl\u0131k kart\u0131 alabilirsiniz. Nas\u0131l \u00e7al\u0131\u015f\u0131yor? Biz...","rel":"","context":"&quot;Blog&quot; i\u00e7inde","block_context":{"text":"Blog","link":"https:\/\/senegalndiaye.com\/tr\/category\/blog\/"},"img":{"alt_text":"passe sanitaire senegal","src":"https:\/\/i0.wp.com\/senegalndiaye.com\/wp-content\/uploads\/2021\/09\/passe-sanitaire-senegal.jpeg?fit=1200%2C652&ssl=1&resize=350%2C200","width":350,"height":200,"srcset":"https:\/\/i0.wp.com\/senegalndiaye.com\/wp-content\/uploads\/2021\/09\/passe-sanitaire-senegal.jpeg?fit=1200%2C652&ssl=1&resize=350%2C200 1x, https:\/\/i0.wp.com\/senegalndiaye.com\/wp-content\/uploads\/2021\/09\/passe-sanitaire-senegal.jpeg?fit=1200%2C652&ssl=1&resize=525%2C300 1.5x, https:\/\/i0.wp.com\/senegalndiaye.com\/wp-content\/uploads\/2021\/09\/passe-sanitaire-senegal.jpeg?fit=1200%2C652&ssl=1&resize=700%2C400 2x, https:\/\/i0.wp.com\/senegalndiaye.com\/wp-content\/uploads\/2021\/09\/passe-sanitaire-senegal.jpeg?fit=1200%2C652&ssl=1&resize=1050%2C600 3x"},"classes":[]},{"id":24426,"url":"https:\/\/senegalndiaye.com\/tr\/%e2%9c%85-calendrier-vaccinal-du-pev-au-senegal-vaccination-bebe\/","url_meta":{"origin":24441,"position":1},"title":"\u2705 Senegal&#039;de EPI a\u015f\u0131 takvimi \u2013 Bebek a\u015f\u0131s\u0131","author":"Moderateur","date":"Temmuz 29, 2021","format":false,"excerpt":"Dans le cadre de la protection des enfants contre les maladies mortelles en bas \u00e2ge \u00a0tel que la Rub\u00e9ole-rougeole, la polyo etc. l\u2019Etat du S\u00e9n\u00e9gal a \u00e9tabli un calendrier vaccinal pour les enfants depuis la naissance jusqu\u2019au seuil de la majorit\u00e9\u00a0avec pour chaque \u00e2ge le vaccin ad\u00e9quat. [njwa_button id=\"27576\"] A\u2026","rel":"","context":"&quot;Blog&quot; i\u00e7inde","block_context":{"text":"Blog","link":"https:\/\/senegalndiaye.com\/tr\/category\/blog\/"},"img":{"alt_text":"Calendrier vaccinale du pev au S\u00e9n\u00e9gal","src":"https:\/\/i0.wp.com\/senegalndiaye.com\/wp-content\/uploads\/2021\/07\/calendrier-vaccinal-senegal.jpg?fit=800%2C1200&ssl=1&resize=350%2C200","width":350,"height":200,"srcset":"https:\/\/i0.wp.com\/senegalndiaye.com\/wp-content\/uploads\/2021\/07\/calendrier-vaccinal-senegal.jpg?fit=800%2C1200&ssl=1&resize=350%2C200 1x, https:\/\/i0.wp.com\/senegalndiaye.com\/wp-content\/uploads\/2021\/07\/calendrier-vaccinal-senegal.jpg?fit=800%2C1200&ssl=1&resize=525%2C300 1.5x, https:\/\/i0.wp.com\/senegalndiaye.com\/wp-content\/uploads\/2021\/07\/calendrier-vaccinal-senegal.jpg?fit=800%2C1200&ssl=1&resize=700%2C400 2x"},"classes":[]},{"id":23755,"url":"https:\/\/senegalndiaye.com\/tr\/guide-darrivee-pour-les-etudiants-etrangers-au-senegal\/","url_meta":{"origin":24441,"position":2},"title":"Senegal&#039;deki yabanc\u0131 \u00f6\u011frenciler i\u00e7in var\u0131\u015f rehberi","author":"Ndeye Khady NGOM","date":"Mart 23, 2021","format":false,"excerpt":"Senegal&#039;de y\u00fcksek \u00f6\u011frenim g\u00f6rmek isteyen yabanc\u0131 bir \u00f6\u011frenci misiniz? Ancak nereden ba\u015flayaca\u011f\u0131n\u0131z\u0131 veya kay\u0131t olmak i\u00e7in hangi ad\u0131mlar\u0131 ataca\u011f\u0131n\u0131z\u0131 bilmiyor musunuz? Bizi takip edin; ihtiyac\u0131n\u0131z olan t\u00fcm bilgileri size sa\u011flayaca\u011f\u0131z. Senegal y\u00fcksek \u00f6\u011frenimi...","rel":"","context":"&quot;Blog&quot; i\u00e7inde","block_context":{"text":"Blog","link":"https:\/\/senegalndiaye.com\/tr\/category\/blog\/"},"img":{"alt_text":"\u00e9tudiants \u00e9trangers au s\u00e9n\u00e9gal","src":"https:\/\/i0.wp.com\/senegalndiaye.com\/wp-content\/uploads\/2021\/03\/etudiants-etrangers-au-senegal.jpg?fit=600%2C400&ssl=1&resize=350%2C200","width":350,"height":200,"srcset":"https:\/\/i0.wp.com\/senegalndiaye.com\/wp-content\/uploads\/2021\/03\/etudiants-etrangers-au-senegal.jpg?fit=600%2C400&ssl=1&resize=350%2C200 1x, https:\/\/i0.wp.com\/senegalndiaye.com\/wp-content\/uploads\/2021\/03\/etudiants-etrangers-au-senegal.jpg?fit=600%2C400&ssl=1&resize=525%2C300 1.5x"},"classes":[]},{"id":24862,"url":"https:\/\/senegalndiaye.com\/tr\/%e2%9c%85-centre-de-formation-de-football-au-senegal\/","url_meta":{"origin":24441,"position":3},"title":"\u2705 Senegal&#039;de futbol e\u011fitim merkezi","author":"Moderateur","date":"Ekim 19, 2021","format":false,"excerpt":"Futbola tutkuyla ba\u011fl\u0131 m\u0131s\u0131n\u0131z ve profesyonel bir oyuncu olmak m\u0131 istiyorsunuz? En kolay yol futbol okullar\u0131na gitmektir. Bu okullar profesyonel olarak antrenman yapman\u0131za olanak tan\u0131r. Bu merkezlere kat\u0131lmak i\u00e7in ihtiyac\u0131n\u0131z olan t\u00fcm bilgileri bu makalede ke\u015ffedin...","rel":"","context":"&quot;Blog&quot; i\u00e7inde","block_context":{"text":"Blog","link":"https:\/\/senegalndiaye.com\/tr\/category\/blog\/"},"img":{"alt_text":"Centre de formation de football au s\u00e9n\u00e9gal","src":"https:\/\/i0.wp.com\/senegalndiaye.com\/wp-content\/uploads\/2021\/10\/centre.webp?fit=1200%2C675&ssl=1&resize=350%2C200","width":350,"height":200,"srcset":"https:\/\/i0.wp.com\/senegalndiaye.com\/wp-content\/uploads\/2021\/10\/centre.webp?fit=1200%2C675&ssl=1&resize=350%2C200 1x, https:\/\/i0.wp.com\/senegalndiaye.com\/wp-content\/uploads\/2021\/10\/centre.webp?fit=1200%2C675&ssl=1&resize=525%2C300 1.5x, https:\/\/i0.wp.com\/senegalndiaye.com\/wp-content\/uploads\/2021\/10\/centre.webp?fit=1200%2C675&ssl=1&resize=700%2C400 2x, https:\/\/i0.wp.com\/senegalndiaye.com\/wp-content\/uploads\/2021\/10\/centre.webp?fit=1200%2C675&ssl=1&resize=1050%2C600 3x"},"classes":[]},{"id":24998,"url":"https:\/\/senegalndiaye.com\/tr\/%e2%9c%85-concours-dentree-au-centre-de-formation-artisanale-de-dakar\/","url_meta":{"origin":24441,"position":4},"title":"\u2705 Dakar&#039;daki zanaat e\u011fitim merkezine giri\u015f s\u0131nav\u0131","author":"Moderateur","date":"Kas\u0131m 10, 2021","format":false,"excerpt":"Dakar Zanaat E\u011fitim Merkezi&#039;ne giri\u015f s\u0131nav\u0131, sizi Zanaatlarda Mesleki Yeterlilik Sertifikas\u0131&#039;na haz\u0131rlar. Bu sertifikan\u0131n amac\u0131, becerilerinizi geli\u015ftirmenize ve alan\u0131n\u0131zda tan\u0131nm\u0131\u015f bir diploma alman\u0131za yard\u0131mc\u0131 olmakt\u0131r. Formaliteleri bu makalede bulabilirsiniz. Giri\u015f s\u0131nav\u0131 i\u00e7in sunulan e\u011fitim kurslar\u0131\u2026","rel":"","context":"&quot;Blog&quot; i\u00e7inde","block_context":{"text":"Blog","link":"https:\/\/senegalndiaye.com\/tr\/category\/blog\/"},"img":{"alt_text":"concours centre de formation artisanale","src":"https:\/\/i0.wp.com\/senegalndiaye.com\/wp-content\/uploads\/2021\/11\/formation-artisanale.jpg?fit=800%2C450&ssl=1&resize=350%2C200","width":350,"height":200,"srcset":"https:\/\/i0.wp.com\/senegalndiaye.com\/wp-content\/uploads\/2021\/11\/formation-artisanale.jpg?fit=800%2C450&ssl=1&resize=350%2C200 1x, https:\/\/i0.wp.com\/senegalndiaye.com\/wp-content\/uploads\/2021\/11\/formation-artisanale.jpg?fit=800%2C450&ssl=1&resize=525%2C300 1.5x, https:\/\/i0.wp.com\/senegalndiaye.com\/wp-content\/uploads\/2021\/11\/formation-artisanale.jpg?fit=800%2C450&ssl=1&resize=700%2C400 2x"},"classes":[]},{"id":24384,"url":"https:\/\/senegalndiaye.com\/tr\/%e2%9c%85-formation-en-anglais-a-dakar\/","url_meta":{"origin":24441,"position":5},"title":"\u2705 Dakar&#039;da \u0130ngilizce e\u011fitimi","author":"Moderateur","date":"Temmuz 23, 2021","format":false,"excerpt":"G\u00fcn\u00fcm\u00fczde, sekt\u00f6r\u00fcn\u00fcz ne olursa olsun, \u0130ngilizce&#039;ye hakim olmak olmazsa olmaz. Ger\u00e7ekten de, bir BT uzman\u0131 veya hatta bir sat\u0131\u015f m\u00fcd\u00fcr\u00fc olmay\u0131 hedefliyorsan\u0131z, \u0130ngilizce becerilerine sahip olmal\u0131s\u0131n\u0131z. \u00dcstelik, 80&#039;den fazla \u00fclkede konu\u015fulan bir dil. Bu makalede e\u011fitim kurslar\u0131n\u0131 ke\u015ffedin...","rel":"","context":"&quot;Blog&quot; i\u00e7inde","block_context":{"text":"Blog","link":"https:\/\/senegalndiaye.com\/tr\/category\/blog\/"},"img":{"alt_text":"formation en anglais a dakar","src":"https:\/\/i0.wp.com\/senegalndiaye.com\/wp-content\/uploads\/2021\/07\/formation-en-anglais-a-dakar.jpg?fit=512%2C362&ssl=1&resize=350%2C200","width":350,"height":200},"classes":[]}],"_links":{"self":[{"href":"https:\/\/senegalndiaye.com\/tr\/wp-json\/wp\/v2\/posts\/24441","targetHints":{"allow":["GET"]}}],"collection":[{"href":"https:\/\/senegalndiaye.com\/tr\/wp-json\/wp\/v2\/posts"}],"about":[{"href":"https:\/\/senegalndiaye.com\/tr\/wp-json\/wp\/v2\/types\/post"}],"author":[{"embeddable":true,"href":"https:\/\/senegalndiaye.com\/tr\/wp-json\/wp\/v2\/users\/8"}],"replies":[{"embeddable":true,"href":"https:\/\/senegalndiaye.com\/tr\/wp-json\/wp\/v2\/comments?post=24441"}],"version-history":[{"count":5,"href":"https:\/\/senegalndiaye.com\/tr\/wp-json\/wp\/v2\/posts\/24441\/revisions"}],"predecessor-version":[{"id":24469,"href":"https:\/\/senegalndiaye.com\/tr\/wp-json\/wp\/v2\/posts\/24441\/revisions\/24469"}],"wp:featuredmedia":[{"embeddable":true,"href":"https:\/\/senegalndiaye.com\/tr\/wp-json\/wp\/v2\/media\/24446"}],"wp:attachment":[{"href":"https:\/\/senegalndiaye.com\/tr\/wp-json\/wp\/v2\/media?parent=24441"}],"wp:term":[{"taxonomy":"category","embeddable":true,"href":"https:\/\/senegalndiaye.com\/tr\/wp-json\/wp\/v2\/categories?post=24441"},{"taxonomy":"post_tag","embeddable":true,"href":"https:\/\/senegalndiaye.com\/tr\/wp-json\/wp\/v2\/tags?post=24441"}],"curies":[{"name":"wp","href":"https:\/\/api.w.org\/{rel}","templated":true}]}}