{"id":24323,"date":"2021-07-14T18:15:11","date_gmt":"2021-07-14T18:15:11","guid":{"rendered":"https:\/\/senegalndiaye.com\/?p=24323"},"modified":"2021-12-11T13:54:04","modified_gmt":"2021-12-11T13:54:04","slug":"%e2%9c%85-calendrier-des-concerts-a-dakar-2021","status":"publish","type":"post","link":"https:\/\/senegalndiaye.com\/tr\/%e2%9c%85-calendrier-des-concerts-a-dakar-2021\/","title":{"rendered":"\u2705 Dakar 2021 konser takvimi"},"content":{"rendered":"<p>Le <strong>calendrier des concerts \u00e0 Dakar en 2021<\/strong> nous r\u00e9serve des surprises entre le mois de juillet et D\u00e9cembre. En effet, des artistes comme le c\u00e9l\u00e8bre\u00a0 Burna boy ou encore Samba peuzzi promettent des spectacles in\u00e9dits. Voici une liste des programmes \u00e0 enregistrer dans votre agenda musical cet \u00e9t\u00e9.<\/p>\n<h3>Calendrier des concerts \u00e0 Dakar<\/h3>\n<p>[events selected_category=\u00a0\u00bbconcerts\u00a0\u00bb layout_type=\u00a0\u00bblist\u00a0\u00bb]<br \/>\n<strong>\u00a0<\/strong><\/p>\n<span class=\"tags-links\"><a href=\"https:\/\/senegalndiaye.com\/tr\/tag\/dadju-concert-dakar-2021\/\" rel=\"tag\">dadju concert dakar 2021<\/a><a href=\"https:\/\/senegalndiaye.com\/tr\/tag\/tayc-concert-dakar-2021\/\" rel=\"tag\">tayc concert dakar 2021<\/a><\/span>","protected":false},"excerpt":{"rendered":"<p>Le calendrier des concerts \u00e0 Dakar en 2021 nous r\u00e9serve des surprises entre le mois de juillet et D\u00e9cembre. En effet, des artistes comme le c\u00e9l\u00e8bre\u00a0 Burna boy ou encore Samba peuzzi promettent des spectacles in\u00e9dits. Voici une liste des programmes \u00e0 enregistrer dans votre agenda musical cet \u00e9t\u00e9. Calendrier des concerts \u00e0 Dakar [events [&hellip;]<\/p>\n","protected":false},"author":8,"featured_media":24324,"comment_status":"open","ping_status":"open","sticky":false,"template":"","format":"standard","meta":{"_jetpack_memberships_contains_paid_content":false,"footnotes":""},"categories":[83],"tags":[526,525],"class_list":["post-24323","post","type-post","status-publish","format-standard","has-post-thumbnail","hentry","category-blog","tag-dadju-concert-dakar-2021","tag-tayc-concert-dakar-2021"],"yoast_head":"<!-- This site is optimized with the Yoast SEO plugin v27.5 - https:\/\/yoast.com\/product\/yoast-seo-wordpress\/ -->\n<title>\u2705 Calendrier des concerts \u00e0 Dakar 2021 &#187; Senegal Ndiaye<\/title>\n<meta name=\"description\" content=\"Voici une liste des programmes \u00e0 enregistrer dans votre agenda musical cet \u00e9t\u00e9.\u00a0 \u00a0 \u00a0 \u00a0\" \/>\n<meta name=\"robots\" content=\"index, follow, max-snippet:-1, max-image-preview:large, max-video-preview:-1\" \/>\n<link rel=\"canonical\" href=\"https:\/\/senegalndiaye.com\/tr\/\u2705-calendrier-des-concerts-a-dakar-2021\/\" \/>\n<meta property=\"og:locale\" content=\"tr_TR\" \/>\n<meta property=\"og:type\" content=\"article\" \/>\n<meta property=\"og:title\" content=\"\u2705 Calendrier des concerts \u00e0 Dakar 2021 &#187; Senegal Ndiaye\" \/>\n<meta property=\"og:description\" content=\"Voici une liste des programmes \u00e0 enregistrer dans votre agenda musical cet \u00e9t\u00e9.\u00a0 \u00a0 \u00a0 \u00a0\" \/>\n<meta property=\"og:url\" content=\"https:\/\/senegalndiaye.com\/tr\/\u2705-calendrier-des-concerts-a-dakar-2021\/\" \/>\n<meta property=\"og:site_name\" content=\"Senegal Ndiaye\" \/>\n<meta property=\"article:publisher\" content=\"https:\/\/www.facebook.com\/senegalndiaye4\/\" \/>\n<meta property=\"article:published_time\" content=\"2021-07-14T18:15:11+00:00\" \/>\n<meta property=\"article:modified_time\" content=\"2021-12-11T13:54:04+00:00\" \/>\n<meta property=\"og:image\" content=\"https:\/\/senegalndiaye.com\/wp-content\/uploads\/2021\/07\/concert.jpg\" \/>\n\t<meta property=\"og:image:width\" content=\"1920\" \/>\n\t<meta property=\"og:image:height\" content=\"1200\" \/>\n\t<meta property=\"og:image:type\" content=\"image\/jpeg\" \/>\n<meta name=\"author\" content=\"Moderateur\" \/>\n<meta name=\"twitter:card\" content=\"summary_large_image\" \/>\n<meta name=\"twitter:creator\" content=\"@Senegalndiaye5\" \/>\n<meta name=\"twitter:site\" content=\"@Senegalndiaye5\" \/>\n<meta name=\"twitter:label1\" content=\"Yazan:\" \/>\n\t<meta name=\"twitter:data1\" content=\"Moderateur\" \/>\n\t<meta name=\"twitter:label2\" content=\"Tahmini okuma s\u00fcresi\" \/>\n\t<meta name=\"twitter:data2\" content=\"1 dakika\" \/>\n<script type=\"application\/ld+json\" class=\"yoast-schema-graph\">{\"@context\":\"https:\\\/\\\/schema.org\",\"@graph\":[{\"@type\":\"Article\",\"@id\":\"https:\\\/\\\/senegalndiaye.com\\\/%e2%9c%85-calendrier-des-concerts-a-dakar-2021\\\/#article\",\"isPartOf\":{\"@id\":\"https:\\\/\\\/senegalndiaye.com\\\/%e2%9c%85-calendrier-des-concerts-a-dakar-2021\\\/\"},\"author\":{\"name\":\"Moderateur\",\"@id\":\"https:\\\/\\\/senegalndiaye.com\\\/#\\\/schema\\\/person\\\/c1e0d9f50bc68102f5a7368b7c9551f5\"},\"headline\":\"\u2705 Calendrier des concerts \u00e0 Dakar 2021\",\"datePublished\":\"2021-07-14T18:15:11+00:00\",\"dateModified\":\"2021-12-11T13:54:04+00:00\",\"mainEntityOfPage\":{\"@id\":\"https:\\\/\\\/senegalndiaye.com\\\/%e2%9c%85-calendrier-des-concerts-a-dakar-2021\\\/\"},\"wordCount\":66,\"commentCount\":0,\"publisher\":{\"@id\":\"https:\\\/\\\/senegalndiaye.com\\\/#organization\"},\"image\":{\"@id\":\"https:\\\/\\\/senegalndiaye.com\\\/%e2%9c%85-calendrier-des-concerts-a-dakar-2021\\\/#primaryimage\"},\"thumbnailUrl\":\"https:\\\/\\\/i0.wp.com\\\/senegalndiaye.com\\\/wp-content\\\/uploads\\\/2021\\\/07\\\/concert.jpg?fit=1920%2C1200&ssl=1\",\"keywords\":[\"dadju concert dakar 2021\",\"tayc concert dakar 2021\"],\"articleSection\":[\"Blog\"],\"inLanguage\":\"tr\",\"potentialAction\":[{\"@type\":\"CommentAction\",\"name\":\"Comment\",\"target\":[\"https:\\\/\\\/senegalndiaye.com\\\/%e2%9c%85-calendrier-des-concerts-a-dakar-2021\\\/#respond\"]}]},{\"@type\":\"WebPage\",\"@id\":\"https:\\\/\\\/senegalndiaye.com\\\/%e2%9c%85-calendrier-des-concerts-a-dakar-2021\\\/\",\"url\":\"https:\\\/\\\/senegalndiaye.com\\\/%e2%9c%85-calendrier-des-concerts-a-dakar-2021\\\/\",\"name\":\"\u2705 Calendrier des concerts \u00e0 Dakar 2021 &#187; Senegal Ndiaye\",\"isPartOf\":{\"@id\":\"https:\\\/\\\/senegalndiaye.com\\\/#website\"},\"primaryImageOfPage\":{\"@id\":\"https:\\\/\\\/senegalndiaye.com\\\/%e2%9c%85-calendrier-des-concerts-a-dakar-2021\\\/#primaryimage\"},\"image\":{\"@id\":\"https:\\\/\\\/senegalndiaye.com\\\/%e2%9c%85-calendrier-des-concerts-a-dakar-2021\\\/#primaryimage\"},\"thumbnailUrl\":\"https:\\\/\\\/i0.wp.com\\\/senegalndiaye.com\\\/wp-content\\\/uploads\\\/2021\\\/07\\\/concert.jpg?fit=1920%2C1200&ssl=1\",\"datePublished\":\"2021-07-14T18:15:11+00:00\",\"dateModified\":\"2021-12-11T13:54:04+00:00\",\"description\":\"Voici une liste des programmes \u00e0 enregistrer dans votre agenda musical cet \u00e9t\u00e9.\u00a0 \u00a0 \u00a0 \u00a0\",\"breadcrumb\":{\"@id\":\"https:\\\/\\\/senegalndiaye.com\\\/%e2%9c%85-calendrier-des-concerts-a-dakar-2021\\\/#breadcrumb\"},\"inLanguage\":\"tr\",\"potentialAction\":[{\"@type\":\"ReadAction\",\"target\":[\"https:\\\/\\\/senegalndiaye.com\\\/%e2%9c%85-calendrier-des-concerts-a-dakar-2021\\\/\"]}]},{\"@type\":\"ImageObject\",\"inLanguage\":\"tr\",\"@id\":\"https:\\\/\\\/senegalndiaye.com\\\/%e2%9c%85-calendrier-des-concerts-a-dakar-2021\\\/#primaryimage\",\"url\":\"https:\\\/\\\/i0.wp.com\\\/senegalndiaye.com\\\/wp-content\\\/uploads\\\/2021\\\/07\\\/concert.jpg?fit=1920%2C1200&ssl=1\",\"contentUrl\":\"https:\\\/\\\/i0.wp.com\\\/senegalndiaye.com\\\/wp-content\\\/uploads\\\/2021\\\/07\\\/concert.jpg?fit=1920%2C1200&ssl=1\",\"width\":1920,\"height\":1200,\"caption\":\"concert dakar 2021\"},{\"@type\":\"BreadcrumbList\",\"@id\":\"https:\\\/\\\/senegalndiaye.com\\\/%e2%9c%85-calendrier-des-concerts-a-dakar-2021\\\/#breadcrumb\",\"itemListElement\":[{\"@type\":\"ListItem\",\"position\":1,\"name\":\"Accueil\",\"item\":\"https:\\\/\\\/senegalndiaye.com\\\/\"},{\"@type\":\"ListItem\",\"position\":2,\"name\":\"\u2705 Calendrier des concerts \u00e0 Dakar 2021\"}]},{\"@type\":\"WebSite\",\"@id\":\"https:\\\/\\\/senegalndiaye.com\\\/#website\",\"url\":\"https:\\\/\\\/senegalndiaye.com\\\/\",\"name\":\"Senegal Ndiaye\",\"description\":\"Retrouvez les meilleurs endroits du S\u00e9n\u00e9gal\",\"publisher\":{\"@id\":\"https:\\\/\\\/senegalndiaye.com\\\/#organization\"},\"potentialAction\":[{\"@type\":\"SearchAction\",\"target\":{\"@type\":\"EntryPoint\",\"urlTemplate\":\"https:\\\/\\\/senegalndiaye.com\\\/?s={search_term_string}\"},\"query-input\":{\"@type\":\"PropertyValueSpecification\",\"valueRequired\":true,\"valueName\":\"search_term_string\"}}],\"inLanguage\":\"tr\"},{\"@type\":\"Organization\",\"@id\":\"https:\\\/\\\/senegalndiaye.com\\\/#organization\",\"name\":\"Senegal Ndiaye\",\"url\":\"https:\\\/\\\/senegalndiaye.com\\\/\",\"logo\":{\"@type\":\"ImageObject\",\"inLanguage\":\"tr\",\"@id\":\"https:\\\/\\\/senegalndiaye.com\\\/#\\\/schema\\\/logo\\\/image\\\/\",\"url\":\"https:\\\/\\\/senegalndiaye.com\\\/wp-content\\\/uploads\\\/2018\\\/05\\\/senegalndiaye_logo.png\",\"contentUrl\":\"https:\\\/\\\/senegalndiaye.com\\\/wp-content\\\/uploads\\\/2018\\\/05\\\/senegalndiaye_logo.png\",\"width\":150,\"height\":106,\"caption\":\"Senegal Ndiaye\"},\"image\":{\"@id\":\"https:\\\/\\\/senegalndiaye.com\\\/#\\\/schema\\\/logo\\\/image\\\/\"},\"sameAs\":[\"https:\\\/\\\/www.facebook.com\\\/senegalndiaye4\\\/\",\"https:\\\/\\\/x.com\\\/Senegalndiaye5\",\"https:\\\/\\\/www.instagram.com\\\/senegalndiaye1\\\/\",\"https:\\\/\\\/www.linkedin.com\\\/company\\\/senegal-ndiaye\\\/\"]},{\"@type\":\"Person\",\"@id\":\"https:\\\/\\\/senegalndiaye.com\\\/#\\\/schema\\\/person\\\/c1e0d9f50bc68102f5a7368b7c9551f5\",\"name\":\"Moderateur\",\"image\":{\"@type\":\"ImageObject\",\"inLanguage\":\"tr\",\"@id\":\"https:\\\/\\\/senegalndiaye.com\\\/wp-content\\\/litespeed\\\/avatar\\\/3fb7bc779db92bd05c1837e9542df344.jpg?ver=1777309443\",\"url\":\"https:\\\/\\\/senegalndiaye.com\\\/wp-content\\\/litespeed\\\/avatar\\\/3fb7bc779db92bd05c1837e9542df344.jpg?ver=1777309443\",\"contentUrl\":\"https:\\\/\\\/senegalndiaye.com\\\/wp-content\\\/litespeed\\\/avatar\\\/3fb7bc779db92bd05c1837e9542df344.jpg?ver=1777309443\",\"caption\":\"Moderateur\"},\"url\":\"https:\\\/\\\/senegalndiaye.com\\\/tr\\\/author\\\/sndigital\\\/\"}]}<\/script>\n<!-- \/ Yoast SEO plugin. -->","yoast_head_json":{"title":"\u2705 Dakar&#039;daki konser takvimi 2021 \u00bb Senegal Ndiaye","description":"\u0130\u015fte bu yaz m\u00fczik g\u00fcnl\u00fc\u011f\u00fcn\u00fcze kaydedece\u011finiz programlar\u0131n bir listesi.\u00a0 \u00a0 \u00a0 \u00a0","robots":{"index":"index","follow":"follow","max-snippet":"max-snippet:-1","max-image-preview":"max-image-preview:large","max-video-preview":"max-video-preview:-1"},"canonical":"https:\/\/senegalndiaye.com\/tr\/\u2705-calendrier-des-concerts-a-dakar-2021\/","og_locale":"tr_TR","og_type":"article","og_title":"\u2705 Calendrier des concerts \u00e0 Dakar 2021 &#187; Senegal Ndiaye","og_description":"Voici une liste des programmes \u00e0 enregistrer dans votre agenda musical cet \u00e9t\u00e9.\u00a0 \u00a0 \u00a0 \u00a0","og_url":"https:\/\/senegalndiaye.com\/tr\/\u2705-calendrier-des-concerts-a-dakar-2021\/","og_site_name":"Senegal Ndiaye","article_publisher":"https:\/\/www.facebook.com\/senegalndiaye4\/","article_published_time":"2021-07-14T18:15:11+00:00","article_modified_time":"2021-12-11T13:54:04+00:00","og_image":[{"width":1920,"height":1200,"url":"https:\/\/senegalndiaye.com\/wp-content\/uploads\/2021\/07\/concert.jpg","type":"image\/jpeg"}],"author":"Moderateur","twitter_card":"summary_large_image","twitter_creator":"@Senegalndiaye5","twitter_site":"@Senegalndiaye5","twitter_misc":{"Yazan:":"Moderateur","Tahmini okuma s\u00fcresi":"1 dakika"},"schema":{"@context":"https:\/\/schema.org","@graph":[{"@type":"Article","@id":"https:\/\/senegalndiaye.com\/%e2%9c%85-calendrier-des-concerts-a-dakar-2021\/#article","isPartOf":{"@id":"https:\/\/senegalndiaye.com\/%e2%9c%85-calendrier-des-concerts-a-dakar-2021\/"},"author":{"name":"Moderateur","@id":"https:\/\/senegalndiaye.com\/#\/schema\/person\/c1e0d9f50bc68102f5a7368b7c9551f5"},"headline":"\u2705 Calendrier des concerts \u00e0 Dakar 2021","datePublished":"2021-07-14T18:15:11+00:00","dateModified":"2021-12-11T13:54:04+00:00","mainEntityOfPage":{"@id":"https:\/\/senegalndiaye.com\/%e2%9c%85-calendrier-des-concerts-a-dakar-2021\/"},"wordCount":66,"commentCount":0,"publisher":{"@id":"https:\/\/senegalndiaye.com\/#organization"},"image":{"@id":"https:\/\/senegalndiaye.com\/%e2%9c%85-calendrier-des-concerts-a-dakar-2021\/#primaryimage"},"thumbnailUrl":"https:\/\/i0.wp.com\/senegalndiaye.com\/wp-content\/uploads\/2021\/07\/concert.jpg?fit=1920%2C1200&ssl=1","keywords":["dadju concert dakar 2021","tayc concert dakar 2021"],"articleSection":["Blog"],"inLanguage":"tr","potentialAction":[{"@type":"CommentAction","name":"Comment","target":["https:\/\/senegalndiaye.com\/%e2%9c%85-calendrier-des-concerts-a-dakar-2021\/#respond"]}]},{"@type":"WebPage","@id":"https:\/\/senegalndiaye.com\/%e2%9c%85-calendrier-des-concerts-a-dakar-2021\/","url":"https:\/\/senegalndiaye.com\/%e2%9c%85-calendrier-des-concerts-a-dakar-2021\/","name":"\u2705 Dakar&#039;daki konser takvimi 2021 \u00bb Senegal Ndiaye","isPartOf":{"@id":"https:\/\/senegalndiaye.com\/#website"},"primaryImageOfPage":{"@id":"https:\/\/senegalndiaye.com\/%e2%9c%85-calendrier-des-concerts-a-dakar-2021\/#primaryimage"},"image":{"@id":"https:\/\/senegalndiaye.com\/%e2%9c%85-calendrier-des-concerts-a-dakar-2021\/#primaryimage"},"thumbnailUrl":"https:\/\/i0.wp.com\/senegalndiaye.com\/wp-content\/uploads\/2021\/07\/concert.jpg?fit=1920%2C1200&ssl=1","datePublished":"2021-07-14T18:15:11+00:00","dateModified":"2021-12-11T13:54:04+00:00","description":"\u0130\u015fte bu yaz m\u00fczik g\u00fcnl\u00fc\u011f\u00fcn\u00fcze kaydedece\u011finiz programlar\u0131n bir listesi.\u00a0 \u00a0 \u00a0 \u00a0","breadcrumb":{"@id":"https:\/\/senegalndiaye.com\/%e2%9c%85-calendrier-des-concerts-a-dakar-2021\/#breadcrumb"},"inLanguage":"tr","potentialAction":[{"@type":"ReadAction","target":["https:\/\/senegalndiaye.com\/%e2%9c%85-calendrier-des-concerts-a-dakar-2021\/"]}]},{"@type":"ImageObject","inLanguage":"tr","@id":"https:\/\/senegalndiaye.com\/%e2%9c%85-calendrier-des-concerts-a-dakar-2021\/#primaryimage","url":"https:\/\/i0.wp.com\/senegalndiaye.com\/wp-content\/uploads\/2021\/07\/concert.jpg?fit=1920%2C1200&ssl=1","contentUrl":"https:\/\/i0.wp.com\/senegalndiaye.com\/wp-content\/uploads\/2021\/07\/concert.jpg?fit=1920%2C1200&ssl=1","width":1920,"height":1200,"caption":"concert dakar 2021"},{"@type":"BreadcrumbList","@id":"https:\/\/senegalndiaye.com\/%e2%9c%85-calendrier-des-concerts-a-dakar-2021\/#breadcrumb","itemListElement":[{"@type":"ListItem","position":1,"name":"Accueil","item":"https:\/\/senegalndiaye.com\/"},{"@type":"ListItem","position":2,"name":"\u2705 Calendrier des concerts \u00e0 Dakar 2021"}]},{"@type":"WebSite","@id":"https:\/\/senegalndiaye.com\/#website","url":"https:\/\/senegalndiaye.com\/","name":"Senegal Ndiaye","description":"Senegal&#039;deki en iyi yerleri bulun","publisher":{"@id":"https:\/\/senegalndiaye.com\/#organization"},"potentialAction":[{"@type":"SearchAction","target":{"@type":"EntryPoint","urlTemplate":"https:\/\/senegalndiaye.com\/?s={search_term_string}"},"query-input":{"@type":"PropertyValueSpecification","valueRequired":true,"valueName":"search_term_string"}}],"inLanguage":"tr"},{"@type":"Organization","@id":"https:\/\/senegalndiaye.com\/#organization","name":"Senegal Ndiaye","url":"https:\/\/senegalndiaye.com\/","logo":{"@type":"ImageObject","inLanguage":"tr","@id":"https:\/\/senegalndiaye.com\/#\/schema\/logo\/image\/","url":"https:\/\/senegalndiaye.com\/wp-content\/uploads\/2018\/05\/senegalndiaye_logo.png","contentUrl":"https:\/\/senegalndiaye.com\/wp-content\/uploads\/2018\/05\/senegalndiaye_logo.png","width":150,"height":106,"caption":"Senegal Ndiaye"},"image":{"@id":"https:\/\/senegalndiaye.com\/#\/schema\/logo\/image\/"},"sameAs":["https:\/\/www.facebook.com\/senegalndiaye4\/","https:\/\/x.com\/Senegalndiaye5","https:\/\/www.instagram.com\/senegalndiaye1\/","https:\/\/www.linkedin.com\/company\/senegal-ndiaye\/"]},{"@type":"Person","@id":"https:\/\/senegalndiaye.com\/#\/schema\/person\/c1e0d9f50bc68102f5a7368b7c9551f5","name":"moderat\u00f6r","image":{"@type":"ImageObject","inLanguage":"tr","@id":"https:\/\/senegalndiaye.com\/wp-content\/litespeed\/avatar\/3fb7bc779db92bd05c1837e9542df344.jpg?ver=1777309443","url":"https:\/\/senegalndiaye.com\/wp-content\/litespeed\/avatar\/3fb7bc779db92bd05c1837e9542df344.jpg?ver=1777309443","contentUrl":"https:\/\/senegalndiaye.com\/wp-content\/litespeed\/avatar\/3fb7bc779db92bd05c1837e9542df344.jpg?ver=1777309443","caption":"Moderateur"},"url":"https:\/\/senegalndiaye.com\/tr\/author\/sndigital\/"}]}},"jetpack_featured_media_url":"https:\/\/i0.wp.com\/senegalndiaye.com\/wp-content\/uploads\/2021\/07\/concert.jpg?fit=1920%2C1200&ssl=1","jetpack_sharing_enabled":true,"jetpack-related-posts":[{"id":23964,"url":"https:\/\/senegalndiaye.com\/tr\/job-etudiant-a-dakar-en-2021\/","url_meta":{"origin":24323,"position":0},"title":"2021&#039;de Dakar&#039;da \u00f6\u011frenci i\u015fi","author":"Moderateur","date":"May\u0131s 11, 2021","format":false,"excerpt":"Okul y\u0131l\u0131n\u0131n ortas\u0131nda, baz\u0131 \u00f6\u011frenciler burslu bile olsalar her \u015feyi kar\u015f\u0131lamakta zorlan\u0131yor. \u00d6\u011frenim \u00fccretlerine ek olarak, bar\u0131nma, beslenme, ula\u015f\u0131m, giyim ve internet gibi bir\u00e7ok ba\u015fka masraf da var. Bu masraflar\u0131 kar\u015f\u0131lamak ve maddi ba\u011f\u0131ms\u0131zl\u0131\u011fa kavu\u015fmak i\u00e7in \u00e7\u00f6z\u00fcm...","rel":"","context":"&quot;Blog&quot; i\u00e7inde","block_context":{"text":"Blog","link":"https:\/\/senegalndiaye.com\/tr\/category\/blog\/"},"img":{"alt_text":"Job \u00e9tudiant \u00e0 Dakar en 2021","src":"https:\/\/i0.wp.com\/senegalndiaye.com\/wp-content\/uploads\/2021\/05\/job-etudiant.jpg?fit=800%2C408&ssl=1&resize=350%2C200","width":350,"height":200,"srcset":"https:\/\/i0.wp.com\/senegalndiaye.com\/wp-content\/uploads\/2021\/05\/job-etudiant.jpg?fit=800%2C408&ssl=1&resize=350%2C200 1x, https:\/\/i0.wp.com\/senegalndiaye.com\/wp-content\/uploads\/2021\/05\/job-etudiant.jpg?fit=800%2C408&ssl=1&resize=525%2C300 1.5x, https:\/\/i0.wp.com\/senegalndiaye.com\/wp-content\/uploads\/2021\/05\/job-etudiant.jpg?fit=800%2C408&ssl=1&resize=700%2C400 2x"},"classes":[]},{"id":25432,"url":"https:\/\/senegalndiaye.com\/tr\/%e2%9c%85-les-restaurants-au-point-e-dakar\/","url_meta":{"origin":24323,"position":1},"title":"\u2705 Point E, Dakar&#039;daki restoranlar","author":"Moderateur","date":"Mart 9, 2022","format":false,"excerpt":"\u0130ster brunch, ister barbek\u00fc, ister sadece kahvalt\u0131 havas\u0131nda olun, Dakar&#039;daki Point E restoranlar\u0131n\u0131 ziyaret edin. B\u00f6lge, Afrika, Amerikan ve Asya mutfa\u011f\u0131ndan lezzetler sunan \u015f\u0131k bistrolarla dolu. Lokantalardan Michelin y\u0131ld\u0131zl\u0131 restoranlara kadar, se\u00e7im yapmakta zorlanacaks\u0131n\u0131z. Size rehberlik edelim...","rel":"","context":"&quot;Blog&quot; i\u00e7inde","block_context":{"text":"Blog","link":"https:\/\/senegalndiaye.com\/tr\/category\/blog\/"},"img":{"alt_text":"restaurant point e dakar","src":"https:\/\/i0.wp.com\/senegalndiaye.com\/wp-content\/uploads\/2022\/03\/restaurant-point-E.jpg?fit=1200%2C800&ssl=1&resize=350%2C200","width":350,"height":200,"srcset":"https:\/\/i0.wp.com\/senegalndiaye.com\/wp-content\/uploads\/2022\/03\/restaurant-point-E.jpg?fit=1200%2C800&ssl=1&resize=350%2C200 1x, https:\/\/i0.wp.com\/senegalndiaye.com\/wp-content\/uploads\/2022\/03\/restaurant-point-E.jpg?fit=1200%2C800&ssl=1&resize=525%2C300 1.5x, https:\/\/i0.wp.com\/senegalndiaye.com\/wp-content\/uploads\/2022\/03\/restaurant-point-E.jpg?fit=1200%2C800&ssl=1&resize=700%2C400 2x, https:\/\/i0.wp.com\/senegalndiaye.com\/wp-content\/uploads\/2022\/03\/restaurant-point-E.jpg?fit=1200%2C800&ssl=1&resize=1050%2C600 3x"},"classes":[]},{"id":27707,"url":"https:\/\/senegalndiaye.com\/tr\/%e2%9c%85-les-ecoles-de-formation-reconnues-par-le-cames-au-senegal-en-2022-2023\/","url_meta":{"origin":24323,"position":2},"title":"\u2705 2023-2024&#039;te Senegal&#039;de CAMES taraf\u0131ndan tan\u0131nan e\u011fitim okullar\u0131","author":"Moderateur","date":"Mart 17, 2023","format":false,"excerpt":"Senegal g\u00fc\u00e7l\u00fc bir ekonomik b\u00fcy\u00fcme ya\u015f\u0131yor ve \u00e7e\u015fitli sekt\u00f6rlerde say\u0131s\u0131z mesleki f\u0131rsat sunuyor. E\u011fitim kurumlar\u0131, bireylerin bir alanda uzmanla\u015fmas\u0131n\u0131 sa\u011flamada \u00f6nemli bir rol oynuyor. Ancak, CAMES taraf\u0131ndan tan\u0131nan bir e\u011fitim kurumu se\u00e7mek \u00e7ok \u00f6nemli.","rel":"","context":"&quot;Blog&quot; i\u00e7inde","block_context":{"text":"Blog","link":"https:\/\/senegalndiaye.com\/tr\/category\/blog\/"},"img":{"alt_text":"","src":"https:\/\/i0.wp.com\/senegalndiaye.com\/wp-content\/uploads\/2023\/03\/cames1.png?fit=1200%2C1184&ssl=1&resize=350%2C200","width":350,"height":200,"srcset":"https:\/\/i0.wp.com\/senegalndiaye.com\/wp-content\/uploads\/2023\/03\/cames1.png?fit=1200%2C1184&ssl=1&resize=350%2C200 1x, https:\/\/i0.wp.com\/senegalndiaye.com\/wp-content\/uploads\/2023\/03\/cames1.png?fit=1200%2C1184&ssl=1&resize=525%2C300 1.5x, https:\/\/i0.wp.com\/senegalndiaye.com\/wp-content\/uploads\/2023\/03\/cames1.png?fit=1200%2C1184&ssl=1&resize=700%2C400 2x, https:\/\/i0.wp.com\/senegalndiaye.com\/wp-content\/uploads\/2023\/03\/cames1.png?fit=1200%2C1184&ssl=1&resize=1050%2C600 3x"},"classes":[]},{"id":21640,"url":"https:\/\/senegalndiaye.com\/tr\/les-meilleurs-boites-de-nuit-de-dakar\/","url_meta":{"origin":24323,"position":3},"title":"Dakar&#039;daki en iyi gece kul\u00fcpleri","author":"Moderateur","date":"A\u011fustos 5, 2019","format":false,"excerpt":"Bu hafta sonu d\u0131\u015far\u0131da g\u00fclelim. Senegalli Ndiaye, Senegal mutfa\u011f\u0131n\u0131n ve d\u00fcnyan\u0131n d\u00f6rt bir yan\u0131ndan lezzetleri ke\u015ffetmenize yard\u0131mc\u0131 olmak i\u00e7in Dakar&#039;\u0131n d\u00f6rt bir yan\u0131n\u0131 dola\u015fman\u0131za her zaman e\u015flik etti. Bu yaz, b\u00fcy\u00fcn\u00fcn ger\u00e7ekle\u015fti\u011fi yere gitmeyi planl\u0131yoruz. T\u0131pk\u0131 ritmik, m\u00fczik dolu bir d\u00fcnya...","rel":"","context":"&quot;Blog&quot; i\u00e7inde","block_context":{"text":"Blog","link":"https:\/\/senegalndiaye.com\/tr\/category\/blog\/"},"img":{"alt_text":"","src":"https:\/\/i0.wp.com\/senegalndiaye.com\/wp-content\/uploads\/2019\/08\/boite.jpg?fit=900%2C568&ssl=1&resize=350%2C200","width":350,"height":200,"srcset":"https:\/\/i0.wp.com\/senegalndiaye.com\/wp-content\/uploads\/2019\/08\/boite.jpg?fit=900%2C568&ssl=1&resize=350%2C200 1x, https:\/\/i0.wp.com\/senegalndiaye.com\/wp-content\/uploads\/2019\/08\/boite.jpg?fit=900%2C568&ssl=1&resize=525%2C300 1.5x, https:\/\/i0.wp.com\/senegalndiaye.com\/wp-content\/uploads\/2019\/08\/boite.jpg?fit=900%2C568&ssl=1&resize=700%2C400 2x"},"classes":[]},{"id":23933,"url":"https:\/\/senegalndiaye.com\/tr\/les-meilleurs-marches-hebdomadaires-de-dakar\/","url_meta":{"origin":24323,"position":4},"title":"Dakar&#039;daki en iyi haftal\u0131k pazarlar","author":"Moderateur","date":"May\u0131s 3, 2021","format":false,"excerpt":"\u0130ster pazarl\u0131k arayan bir al\u0131c\u0131 olun, ister bu mallar\u0131 h\u0131zl\u0131 bir \u015fekilde satmak isteyen bir sat\u0131c\u0131 olun, Dakar&#039;\u0131n en iyi haftal\u0131k pazarlar\u0131 size f\u0131rsat sunuyor. Ger\u00e7ekten de, &quot;louma&quot; neredeyse t\u00fcm hafta Dakar&#039;\u0131n \u00e7e\u015fitli semtlerinde ger\u00e7ekle\u015fiyor. Kara Cuma g\u00fcnleri olarak kabul edilen\u2026","rel":"","context":"&quot;Blog&quot; i\u00e7inde","block_context":{"text":"Blog","link":"https:\/\/senegalndiaye.com\/tr\/category\/blog\/"},"img":{"alt_text":"march\u00e9 hebdomadaire dakar","src":"https:\/\/i0.wp.com\/senegalndiaye.com\/wp-content\/uploads\/2021\/05\/marche-hebdomadaire-dakar-1.jpg?fit=800%2C533&ssl=1&resize=350%2C200","width":350,"height":200,"srcset":"https:\/\/i0.wp.com\/senegalndiaye.com\/wp-content\/uploads\/2021\/05\/marche-hebdomadaire-dakar-1.jpg?fit=800%2C533&ssl=1&resize=350%2C200 1x, https:\/\/i0.wp.com\/senegalndiaye.com\/wp-content\/uploads\/2021\/05\/marche-hebdomadaire-dakar-1.jpg?fit=800%2C533&ssl=1&resize=525%2C300 1.5x, https:\/\/i0.wp.com\/senegalndiaye.com\/wp-content\/uploads\/2021\/05\/marche-hebdomadaire-dakar-1.jpg?fit=800%2C533&ssl=1&resize=700%2C400 2x"},"classes":[]},{"id":20526,"url":"https:\/\/senegalndiaye.com\/tr\/5-idees-de-sorties-pour-lete-qui-feront-votre-bonheur-a-dakar\/","url_meta":{"origin":24323,"position":5},"title":"Dakar&#039;da sizi mutlu edecek yaz gezileri i\u00e7in 5 fikir","author":"Moderateur","date":"A\u011fustos 29, 2018","format":false,"excerpt":"Yaz geldi, haz\u0131r olal\u0131m Kabul edelim, yaz hepimizin enerjisini toplad\u0131\u011f\u0131 zamand\u0131r ve tatile \u00e7\u0131kmak i\u00e7in m\u00fckemmel bir zamand\u0131r. E\u011fer yaz tatilinizi Teranga diyar\u0131nda ge\u00e7irecekseniz, Dakar&#039;da sizi mutlu edecek be\u015f gezi fikri: 1- Plajlar Dinlendirici anlar ge\u00e7irin...","rel":"","context":"&quot;Blog&quot; i\u00e7inde","block_context":{"text":"Blog","link":"https:\/\/senegalndiaye.com\/tr\/category\/blog\/"},"img":{"alt_text":"","src":"https:\/\/i0.wp.com\/senegalndiaye.com\/wp-content\/uploads\/2018\/08\/summer.jpg?fit=852%2C480&ssl=1&resize=350%2C200","width":350,"height":200,"srcset":"https:\/\/i0.wp.com\/senegalndiaye.com\/wp-content\/uploads\/2018\/08\/summer.jpg?fit=852%2C480&ssl=1&resize=350%2C200 1x, https:\/\/i0.wp.com\/senegalndiaye.com\/wp-content\/uploads\/2018\/08\/summer.jpg?fit=852%2C480&ssl=1&resize=525%2C300 1.5x, https:\/\/i0.wp.com\/senegalndiaye.com\/wp-content\/uploads\/2018\/08\/summer.jpg?fit=852%2C480&ssl=1&resize=700%2C400 2x"},"classes":[]}],"_links":{"self":[{"href":"https:\/\/senegalndiaye.com\/tr\/wp-json\/wp\/v2\/posts\/24323","targetHints":{"allow":["GET"]}}],"collection":[{"href":"https:\/\/senegalndiaye.com\/tr\/wp-json\/wp\/v2\/posts"}],"about":[{"href":"https:\/\/senegalndiaye.com\/tr\/wp-json\/wp\/v2\/types\/post"}],"author":[{"embeddable":true,"href":"https:\/\/senegalndiaye.com\/tr\/wp-json\/wp\/v2\/users\/8"}],"replies":[{"embeddable":true,"href":"https:\/\/senegalndiaye.com\/tr\/wp-json\/wp\/v2\/comments?post=24323"}],"version-history":[{"count":10,"href":"https:\/\/senegalndiaye.com\/tr\/wp-json\/wp\/v2\/posts\/24323\/revisions"}],"predecessor-version":[{"id":25177,"href":"https:\/\/senegalndiaye.com\/tr\/wp-json\/wp\/v2\/posts\/24323\/revisions\/25177"}],"wp:featuredmedia":[{"embeddable":true,"href":"https:\/\/senegalndiaye.com\/tr\/wp-json\/wp\/v2\/media\/24324"}],"wp:attachment":[{"href":"https:\/\/senegalndiaye.com\/tr\/wp-json\/wp\/v2\/media?parent=24323"}],"wp:term":[{"taxonomy":"category","embeddable":true,"href":"https:\/\/senegalndiaye.com\/tr\/wp-json\/wp\/v2\/categories?post=24323"},{"taxonomy":"post_tag","embeddable":true,"href":"https:\/\/senegalndiaye.com\/tr\/wp-json\/wp\/v2\/tags?post=24323"}],"curies":[{"name":"wp","href":"https:\/\/api.w.org\/{rel}","templated":true}]}}