{"id":24305,"date":"2021-07-12T21:00:09","date_gmt":"2021-07-12T21:00:09","guid":{"rendered":"https:\/\/senegalndiaye.com\/?p=24305"},"modified":"2022-03-08T10:07:14","modified_gmt":"2022-03-08T10:07:14","slug":"%e2%9c%85-programme-de-la-lutte-senegalaise-en-2021","status":"publish","type":"post","link":"https:\/\/senegalndiaye.com\/tr\/%e2%9c%85-programme-de-la-lutte-senegalaise-en-2021\/","title":{"rendered":"\u2705 2021 \u2013 2022 Senegalli g\u00fcre\u015f program\u0131"},"content":{"rendered":"<p>Koronavir\u00fcs pandemisi nedeniyle bo\u015f bir y\u0131l ge\u00e7iren Senegal g\u00fcre\u015fi, benzeri g\u00f6r\u00fclmemi\u015f tarihlerle geri d\u00f6n\u00fcyor. Ger\u00e7ekten de, Gaston, Luc Nicola\u00ef ve Thialis gibi gelecek vaat eden isimler, Balla Gaye ile Bombardier veya Ama Bald\u00e9 ile Modou Lo gibi devasa d\u00f6v\u00fc\u015fleri berabere k\u0131ld\u0131. Burada herhangi bir d\u00f6v\u00fc\u015f\u00fc ka\u00e7\u0131rmay\u0131n <strong>2022&#039;de Senegal g\u00fcre\u015f program\u0131<\/strong>.<\/p>\n<h3>Senegalli g\u00fcre\u015f takvimi 2021 \u2013 2022<\/h3>\n\n<table id=\"tablepress-43\" class=\"tablepress tablepress-id-43\">\n<thead>\n<tr class=\"row-1\">\n\t<th class=\"column-1\">kavgalar<\/th><th class=\"column-2\">tarih<\/th>\n<\/tr>\n<\/thead>\n<tbody class=\"row-striping row-hover\">\n<tr class=\"row-2\">\n\t<td class=\"column-1\"><b>Frank, Forza&#039;ya Kar\u015f\u0131<\/td><td class=\"column-2\"><b>2 Ekim 2022 <\/td>\n<\/tr>\n<tr class=\"row-3\">\n\t<td class=\"column-1\"><b>Balla Gaye vs Grey Boy Niang 2<\/td><td class=\"column-2\"><b>1 Ocak 2023<\/td>\n<\/tr>\n<tr class=\"row-4\">\n\t<td class=\"column-1\"><b>Sa thies vs Reug reug<\/td><td class=\"column-2\"><b>05 Mart 2023 <\/td>\n<\/tr>\n<\/tbody>\n<\/table>\n<!-- #tablepress-43 from cache -->\n<p><script async src=\"https:\/\/pagead2.googlesyndication.com\/pagead\/js\/adsbygoogle.js\"><\/script><br \/>\n<ins class=\"adsbygoogle\" style=\"display: block; text-align: center;\" data-ad-layout=\"in-article\" data-ad-format=\"fluid\" data-ad-client=\"ca-pub-2317662529110026\" data-ad-slot=\"8210013961\"><\/ins><br \/>\n<script>\n     (adsbygoogle = window.adsbygoogle || []).push({});\n<\/script><\/p>\n<p><strong>Boy Niang 2, Tapha Tine&#039;a Kar\u015f\u0131 19 Aral\u0131k 2021<\/strong><\/p>\n<p>Uzun s\u00fcre d\u00f6v\u00fc\u015fmeden Baol&#039;un devi olan Tapha Tine, Boy Niang 2 ile kar\u015f\u0131 kar\u015f\u0131ya gelecek. De Gaulle&#039;\u00fcn o\u011flunun arenadaki bu k\u00f6t\u00fc an\u0131lar\u0131 silmesi i\u00e7in m\u00fckemmel bir f\u0131rsat. Ger\u00e7ekten de Lac de Guiers&#039;e 2&#039;de kaybetti. <strong>Temmuz 2019<\/strong> bu da ona \u00e7ok puan kaybettirmi\u015fti. Stratejik bir m\u00fccadele. Ger\u00e7ekten de, iki adam b\u00fcy\u00fck liglerdeki yerlerini korumay\u0131 ummak i\u00e7in m\u00fccadele edecekler.<\/p>\n<p><strong>Balla Gaye 2, 1 Ocak 2022&#039;de Bombardier&#039;e kar\u015f\u0131. \u00a0\u00a0\u00a0\u00a0\u00a0<\/strong><\/p>\n<p>Bu temmuz ay\u0131 g\u00fcre\u015f m\u00fcsabakalar\u0131 a\u00e7\u0131s\u0131ndan umut vaat ediyor. Ger\u00e7ekten de Gaston Mbengue, Balla Gaye 2 ile Bombardier aras\u0131ndaki ikinci d\u00f6v\u00fc\u015f\u00fc, iki adam aras\u0131ndaki \u015fok ve intikam\u0131 kazand\u0131. Haziran 2014&#039;teki son m\u00fccadelelerinin B52&#039;nin galibiyetiyle sonu\u00e7land\u0131\u011f\u0131n\u0131 hat\u0131rlay\u0131n. Yani, Bombardier i\u00e7in Gu\u00e9diawaye aslan\u0131 \u00fczerindeki boyutunu yeniden teyit etme f\u0131rsat\u0131 ve Balla Gaye i\u00e7in hakaretin intikam\u0131n\u0131 alma f\u0131rsat\u0131.<\/p>\n<p><strong>Gouy Gui - Reug Reug, 20 \u015eubat 2022<\/strong><\/p>\n<p>Sonunda iki adam aras\u0131ndaki m\u00fccadele resmiyet kazan\u0131r. Ulusal Arena&#039;da oynanacak. Reug Reug, kendini MMA&#039;ya adamak i\u00e7in Senegal&#039;den ayr\u0131lm\u0131\u015ft\u0131. Bu d\u00f6v\u00fc\u015f onun i\u00e7in bir eve d\u00f6n\u00fc\u015f olacak. Bu arada Gouy Gui, Siteu ile yapt\u0131\u011f\u0131 m\u00fccadeleden galip \u00e7\u0131kt\u0131. \u00dcst\u00fcnl\u00fc\u011f\u00fcn\u00fc yeniden savunacak m\u0131?<\/p>\n<p>2021&#039;deki Senegal g\u00fcre\u015f program\u0131 benzeri g\u00f6r\u00fclmemi\u015f olaylar vaat ediyor. Hi\u00e7bir bilgiyi ka\u00e7\u0131rmamak i\u00e7in sayfam\u0131z\u0131 takipte kal\u0131n.<\/p>\n<h4>Sitemizdeki t\u00fcm makaleleri bulun <a href=\"https:\/\/senegalndiaye.com\/tr\/blog\/\">Blog<\/a><\/h4>\n<span class=\"tags-links\"><a href=\"https:\/\/senegalndiaye.com\/tr\/tag\/balla-gaye-2-vs-bombardier-date\/\" rel=\"tag\">balla gaye 2 tarih bombard\u0131man u\u00e7a\u011f\u0131na kar\u015f\u0131<\/a><a href=\"https:\/\/senegalndiaye.com\/tr\/tag\/boy-niang-2-vs-tapha-tine-date\/\" rel=\"tag\">erkek niang 2 vs tapha tine tarihi<\/a><a href=\"https:\/\/senegalndiaye.com\/tr\/tag\/calendrier-lutte-senegalaise-2021\/\" rel=\"tag\">Senegalli g\u00fcre\u015f takvimi 2021<\/a><a href=\"https:\/\/senegalndiaye.com\/tr\/tag\/combat-de-lutte-senegal-2021\/\" rel=\"tag\">senegal g\u00fcre\u015f ma\u00e7\u0131 2021<\/a><a href=\"https:\/\/senegalndiaye.com\/tr\/tag\/modou-lo-vs-ama-balde-date\/\" rel=\"tag\">modou lo vs ama balde tarihi<\/a><a href=\"https:\/\/senegalndiaye.com\/tr\/tag\/siteu-papa-sow-date\/\" rel=\"tag\">siteu baba ekim tarihi<\/a><\/span>","protected":false},"excerpt":{"rendered":"<p>Avec une ann\u00e9e blanche \u00e0 cause de la pand\u00e9mie du coronavirus la lutte s\u00e9n\u00e9galaise revient avec des dates in\u00e9dites. En effet, les prometteurs tels que Gaston, Luc Nicola\u00ef et Thialis ont ficel\u00e9 des combats de titans\u00a0comme Balla Gaye vs Bombardier ou encore Ama Bald\u00e9 vs Modou Lo. Ne ratez aucun combat, voici le programme de [&hellip;]<\/p>\n","protected":false},"author":8,"featured_media":24310,"comment_status":"open","ping_status":"open","sticky":false,"template":"","format":"standard","meta":{"_jetpack_memberships_contains_paid_content":false,"footnotes":""},"categories":[83],"tags":[521,523,520,530,524,522],"class_list":["post-24305","post","type-post","status-publish","format-standard","has-post-thumbnail","hentry","category-blog","tag-balla-gaye-2-vs-bombardier-date","tag-boy-niang-2-vs-tapha-tine-date","tag-calendrier-lutte-senegalaise-2021","tag-combat-de-lutte-senegal-2021","tag-modou-lo-vs-ama-balde-date","tag-siteu-papa-sow-date"],"yoast_head":"<!-- This site is optimized with the Yoast SEO plugin v27.5 - https:\/\/yoast.com\/product\/yoast-seo-wordpress\/ -->\n<title>\u2705 Programme de la lutte s\u00e9n\u00e9galaise en 2021 - 2022 &#187; Senegal Ndiaye<\/title>\n<meta name=\"description\" content=\"Ne ratez aucun combat, voici le programme de la lutte s\u00e9n\u00e9galaise en 2021.\" \/>\n<meta name=\"robots\" content=\"index, follow, max-snippet:-1, max-image-preview:large, max-video-preview:-1\" \/>\n<link rel=\"canonical\" href=\"https:\/\/senegalndiaye.com\/tr\/\u2705-programme-de-la-lutte-senegalaise-en-2021\/\" \/>\n<meta property=\"og:locale\" content=\"tr_TR\" \/>\n<meta property=\"og:type\" content=\"article\" \/>\n<meta property=\"og:title\" content=\"\u2705 Programme de la lutte s\u00e9n\u00e9galaise en 2021 - 2022 &#187; Senegal Ndiaye\" \/>\n<meta property=\"og:description\" content=\"Ne ratez aucun combat, voici le programme de la lutte s\u00e9n\u00e9galaise en 2021.\" \/>\n<meta property=\"og:url\" content=\"https:\/\/senegalndiaye.com\/tr\/\u2705-programme-de-la-lutte-senegalaise-en-2021\/\" \/>\n<meta property=\"og:site_name\" content=\"Senegal Ndiaye\" \/>\n<meta property=\"article:publisher\" content=\"https:\/\/www.facebook.com\/senegalndiaye4\/\" \/>\n<meta property=\"article:published_time\" content=\"2021-07-12T21:00:09+00:00\" \/>\n<meta property=\"article:modified_time\" content=\"2022-03-08T10:07:14+00:00\" \/>\n<meta property=\"og:image\" content=\"https:\/\/senegalndiaye.com\/wp-content\/uploads\/2021\/07\/lutte-senegalaise-programme.jpg\" \/>\n\t<meta property=\"og:image:width\" content=\"1024\" \/>\n\t<meta property=\"og:image:height\" content=\"609\" \/>\n\t<meta property=\"og:image:type\" content=\"image\/jpeg\" \/>\n<meta name=\"author\" content=\"Moderateur\" \/>\n<meta name=\"twitter:card\" content=\"summary_large_image\" \/>\n<meta name=\"twitter:creator\" content=\"@Senegalndiaye5\" \/>\n<meta name=\"twitter:site\" content=\"@Senegalndiaye5\" \/>\n<meta name=\"twitter:label1\" content=\"Yazan:\" \/>\n\t<meta name=\"twitter:data1\" content=\"Moderateur\" \/>\n\t<meta name=\"twitter:label2\" content=\"Tahmini okuma s\u00fcresi\" \/>\n\t<meta name=\"twitter:data2\" content=\"2 dakika\" \/>\n<script type=\"application\/ld+json\" class=\"yoast-schema-graph\">{\"@context\":\"https:\\\/\\\/schema.org\",\"@graph\":[{\"@type\":\"Article\",\"@id\":\"https:\\\/\\\/senegalndiaye.com\\\/%e2%9c%85-programme-de-la-lutte-senegalaise-en-2021\\\/#article\",\"isPartOf\":{\"@id\":\"https:\\\/\\\/senegalndiaye.com\\\/%e2%9c%85-programme-de-la-lutte-senegalaise-en-2021\\\/\"},\"author\":{\"name\":\"Moderateur\",\"@id\":\"https:\\\/\\\/senegalndiaye.com\\\/#\\\/schema\\\/person\\\/c1e0d9f50bc68102f5a7368b7c9551f5\"},\"headline\":\"\u2705 Programme de la lutte s\u00e9n\u00e9galaise en 2021 &#8211; 2022\",\"datePublished\":\"2021-07-12T21:00:09+00:00\",\"dateModified\":\"2022-03-08T10:07:14+00:00\",\"mainEntityOfPage\":{\"@id\":\"https:\\\/\\\/senegalndiaye.com\\\/%e2%9c%85-programme-de-la-lutte-senegalaise-en-2021\\\/\"},\"wordCount\":348,\"commentCount\":6,\"publisher\":{\"@id\":\"https:\\\/\\\/senegalndiaye.com\\\/#organization\"},\"image\":{\"@id\":\"https:\\\/\\\/senegalndiaye.com\\\/%e2%9c%85-programme-de-la-lutte-senegalaise-en-2021\\\/#primaryimage\"},\"thumbnailUrl\":\"https:\\\/\\\/i0.wp.com\\\/senegalndiaye.com\\\/wp-content\\\/uploads\\\/2021\\\/07\\\/lutte-senegalaise-programme.jpg?fit=1024%2C609&ssl=1\",\"keywords\":[\"balla gaye 2 vs bombardier date\",\"boy niang 2 vs tapha tine date\",\"calendrier lutte s\u00e9n\u00e9galaise 2021\",\"combat de lutte s\u00e9n\u00e9gal 2021\",\"modou lo vs ama bald\u00e9 date\",\"siteu papa sow date\"],\"articleSection\":[\"Blog\"],\"inLanguage\":\"tr\",\"potentialAction\":[{\"@type\":\"CommentAction\",\"name\":\"Comment\",\"target\":[\"https:\\\/\\\/senegalndiaye.com\\\/%e2%9c%85-programme-de-la-lutte-senegalaise-en-2021\\\/#respond\"]}]},{\"@type\":\"WebPage\",\"@id\":\"https:\\\/\\\/senegalndiaye.com\\\/%e2%9c%85-programme-de-la-lutte-senegalaise-en-2021\\\/\",\"url\":\"https:\\\/\\\/senegalndiaye.com\\\/%e2%9c%85-programme-de-la-lutte-senegalaise-en-2021\\\/\",\"name\":\"\u2705 Programme de la lutte s\u00e9n\u00e9galaise en 2021 - 2022 &#187; Senegal Ndiaye\",\"isPartOf\":{\"@id\":\"https:\\\/\\\/senegalndiaye.com\\\/#website\"},\"primaryImageOfPage\":{\"@id\":\"https:\\\/\\\/senegalndiaye.com\\\/%e2%9c%85-programme-de-la-lutte-senegalaise-en-2021\\\/#primaryimage\"},\"image\":{\"@id\":\"https:\\\/\\\/senegalndiaye.com\\\/%e2%9c%85-programme-de-la-lutte-senegalaise-en-2021\\\/#primaryimage\"},\"thumbnailUrl\":\"https:\\\/\\\/i0.wp.com\\\/senegalndiaye.com\\\/wp-content\\\/uploads\\\/2021\\\/07\\\/lutte-senegalaise-programme.jpg?fit=1024%2C609&ssl=1\",\"datePublished\":\"2021-07-12T21:00:09+00:00\",\"dateModified\":\"2022-03-08T10:07:14+00:00\",\"description\":\"Ne ratez aucun combat, voici le programme de la lutte s\u00e9n\u00e9galaise en 2021.\",\"breadcrumb\":{\"@id\":\"https:\\\/\\\/senegalndiaye.com\\\/%e2%9c%85-programme-de-la-lutte-senegalaise-en-2021\\\/#breadcrumb\"},\"inLanguage\":\"tr\",\"potentialAction\":[{\"@type\":\"ReadAction\",\"target\":[\"https:\\\/\\\/senegalndiaye.com\\\/%e2%9c%85-programme-de-la-lutte-senegalaise-en-2021\\\/\"]}]},{\"@type\":\"ImageObject\",\"inLanguage\":\"tr\",\"@id\":\"https:\\\/\\\/senegalndiaye.com\\\/%e2%9c%85-programme-de-la-lutte-senegalaise-en-2021\\\/#primaryimage\",\"url\":\"https:\\\/\\\/i0.wp.com\\\/senegalndiaye.com\\\/wp-content\\\/uploads\\\/2021\\\/07\\\/lutte-senegalaise-programme.jpg?fit=1024%2C609&ssl=1\",\"contentUrl\":\"https:\\\/\\\/i0.wp.com\\\/senegalndiaye.com\\\/wp-content\\\/uploads\\\/2021\\\/07\\\/lutte-senegalaise-programme.jpg?fit=1024%2C609&ssl=1\",\"width\":1024,\"height\":609,\"caption\":\"lutte senegalaise programme 2021\"},{\"@type\":\"BreadcrumbList\",\"@id\":\"https:\\\/\\\/senegalndiaye.com\\\/%e2%9c%85-programme-de-la-lutte-senegalaise-en-2021\\\/#breadcrumb\",\"itemListElement\":[{\"@type\":\"ListItem\",\"position\":1,\"name\":\"Accueil\",\"item\":\"https:\\\/\\\/senegalndiaye.com\\\/\"},{\"@type\":\"ListItem\",\"position\":2,\"name\":\"\u2705 Programme de la lutte s\u00e9n\u00e9galaise en 2021 &#8211; 2022\"}]},{\"@type\":\"WebSite\",\"@id\":\"https:\\\/\\\/senegalndiaye.com\\\/#website\",\"url\":\"https:\\\/\\\/senegalndiaye.com\\\/\",\"name\":\"Senegal Ndiaye\",\"description\":\"Retrouvez les meilleurs endroits du S\u00e9n\u00e9gal\",\"publisher\":{\"@id\":\"https:\\\/\\\/senegalndiaye.com\\\/#organization\"},\"potentialAction\":[{\"@type\":\"SearchAction\",\"target\":{\"@type\":\"EntryPoint\",\"urlTemplate\":\"https:\\\/\\\/senegalndiaye.com\\\/?s={search_term_string}\"},\"query-input\":{\"@type\":\"PropertyValueSpecification\",\"valueRequired\":true,\"valueName\":\"search_term_string\"}}],\"inLanguage\":\"tr\"},{\"@type\":\"Organization\",\"@id\":\"https:\\\/\\\/senegalndiaye.com\\\/#organization\",\"name\":\"Senegal Ndiaye\",\"url\":\"https:\\\/\\\/senegalndiaye.com\\\/\",\"logo\":{\"@type\":\"ImageObject\",\"inLanguage\":\"tr\",\"@id\":\"https:\\\/\\\/senegalndiaye.com\\\/#\\\/schema\\\/logo\\\/image\\\/\",\"url\":\"https:\\\/\\\/senegalndiaye.com\\\/wp-content\\\/uploads\\\/2018\\\/05\\\/senegalndiaye_logo.png\",\"contentUrl\":\"https:\\\/\\\/senegalndiaye.com\\\/wp-content\\\/uploads\\\/2018\\\/05\\\/senegalndiaye_logo.png\",\"width\":150,\"height\":106,\"caption\":\"Senegal Ndiaye\"},\"image\":{\"@id\":\"https:\\\/\\\/senegalndiaye.com\\\/#\\\/schema\\\/logo\\\/image\\\/\"},\"sameAs\":[\"https:\\\/\\\/www.facebook.com\\\/senegalndiaye4\\\/\",\"https:\\\/\\\/x.com\\\/Senegalndiaye5\",\"https:\\\/\\\/www.instagram.com\\\/senegalndiaye1\\\/\",\"https:\\\/\\\/www.linkedin.com\\\/company\\\/senegal-ndiaye\\\/\"]},{\"@type\":\"Person\",\"@id\":\"https:\\\/\\\/senegalndiaye.com\\\/#\\\/schema\\\/person\\\/c1e0d9f50bc68102f5a7368b7c9551f5\",\"name\":\"Moderateur\",\"image\":{\"@type\":\"ImageObject\",\"inLanguage\":\"tr\",\"@id\":\"https:\\\/\\\/senegalndiaye.com\\\/wp-content\\\/litespeed\\\/avatar\\\/3fb7bc779db92bd05c1837e9542df344.jpg?ver=1777309443\",\"url\":\"https:\\\/\\\/senegalndiaye.com\\\/wp-content\\\/litespeed\\\/avatar\\\/3fb7bc779db92bd05c1837e9542df344.jpg?ver=1777309443\",\"contentUrl\":\"https:\\\/\\\/senegalndiaye.com\\\/wp-content\\\/litespeed\\\/avatar\\\/3fb7bc779db92bd05c1837e9542df344.jpg?ver=1777309443\",\"caption\":\"Moderateur\"},\"url\":\"https:\\\/\\\/senegalndiaye.com\\\/tr\\\/author\\\/sndigital\\\/\"}]}<\/script>\n<!-- \/ Yoast SEO plugin. -->","yoast_head_json":{"title":"\u2705 2021 - 2022 Senegal g\u00fcre\u015f program\u0131 \u00bb Senegal Ndiaye","description":"Hi\u00e7bir d\u00f6v\u00fc\u015f\u00fc ka\u00e7\u0131rmay\u0131n, i\u015fte 2021&#039;deki Senegalli g\u00fcre\u015f program\u0131.","robots":{"index":"index","follow":"follow","max-snippet":"max-snippet:-1","max-image-preview":"max-image-preview:large","max-video-preview":"max-video-preview:-1"},"canonical":"https:\/\/senegalndiaye.com\/tr\/\u2705-programme-de-la-lutte-senegalaise-en-2021\/","og_locale":"tr_TR","og_type":"article","og_title":"\u2705 Programme de la lutte s\u00e9n\u00e9galaise en 2021 - 2022 &#187; Senegal Ndiaye","og_description":"Ne ratez aucun combat, voici le programme de la lutte s\u00e9n\u00e9galaise en 2021.","og_url":"https:\/\/senegalndiaye.com\/tr\/\u2705-programme-de-la-lutte-senegalaise-en-2021\/","og_site_name":"Senegal Ndiaye","article_publisher":"https:\/\/www.facebook.com\/senegalndiaye4\/","article_published_time":"2021-07-12T21:00:09+00:00","article_modified_time":"2022-03-08T10:07:14+00:00","og_image":[{"width":1024,"height":609,"url":"https:\/\/senegalndiaye.com\/wp-content\/uploads\/2021\/07\/lutte-senegalaise-programme.jpg","type":"image\/jpeg"}],"author":"Moderateur","twitter_card":"summary_large_image","twitter_creator":"@Senegalndiaye5","twitter_site":"@Senegalndiaye5","twitter_misc":{"Yazan:":"Moderateur","Tahmini okuma s\u00fcresi":"2 dakika"},"schema":{"@context":"https:\/\/schema.org","@graph":[{"@type":"Article","@id":"https:\/\/senegalndiaye.com\/%e2%9c%85-programme-de-la-lutte-senegalaise-en-2021\/#article","isPartOf":{"@id":"https:\/\/senegalndiaye.com\/%e2%9c%85-programme-de-la-lutte-senegalaise-en-2021\/"},"author":{"name":"Moderateur","@id":"https:\/\/senegalndiaye.com\/#\/schema\/person\/c1e0d9f50bc68102f5a7368b7c9551f5"},"headline":"\u2705 Programme de la lutte s\u00e9n\u00e9galaise en 2021 &#8211; 2022","datePublished":"2021-07-12T21:00:09+00:00","dateModified":"2022-03-08T10:07:14+00:00","mainEntityOfPage":{"@id":"https:\/\/senegalndiaye.com\/%e2%9c%85-programme-de-la-lutte-senegalaise-en-2021\/"},"wordCount":348,"commentCount":6,"publisher":{"@id":"https:\/\/senegalndiaye.com\/#organization"},"image":{"@id":"https:\/\/senegalndiaye.com\/%e2%9c%85-programme-de-la-lutte-senegalaise-en-2021\/#primaryimage"},"thumbnailUrl":"https:\/\/i0.wp.com\/senegalndiaye.com\/wp-content\/uploads\/2021\/07\/lutte-senegalaise-programme.jpg?fit=1024%2C609&ssl=1","keywords":["balla gaye 2 vs bombardier date","boy niang 2 vs tapha tine date","calendrier lutte s\u00e9n\u00e9galaise 2021","combat de lutte s\u00e9n\u00e9gal 2021","modou lo vs ama bald\u00e9 date","siteu papa sow date"],"articleSection":["Blog"],"inLanguage":"tr","potentialAction":[{"@type":"CommentAction","name":"Comment","target":["https:\/\/senegalndiaye.com\/%e2%9c%85-programme-de-la-lutte-senegalaise-en-2021\/#respond"]}]},{"@type":"WebPage","@id":"https:\/\/senegalndiaye.com\/%e2%9c%85-programme-de-la-lutte-senegalaise-en-2021\/","url":"https:\/\/senegalndiaye.com\/%e2%9c%85-programme-de-la-lutte-senegalaise-en-2021\/","name":"\u2705 2021 - 2022 Senegal g\u00fcre\u015f program\u0131 \u00bb Senegal Ndiaye","isPartOf":{"@id":"https:\/\/senegalndiaye.com\/#website"},"primaryImageOfPage":{"@id":"https:\/\/senegalndiaye.com\/%e2%9c%85-programme-de-la-lutte-senegalaise-en-2021\/#primaryimage"},"image":{"@id":"https:\/\/senegalndiaye.com\/%e2%9c%85-programme-de-la-lutte-senegalaise-en-2021\/#primaryimage"},"thumbnailUrl":"https:\/\/i0.wp.com\/senegalndiaye.com\/wp-content\/uploads\/2021\/07\/lutte-senegalaise-programme.jpg?fit=1024%2C609&ssl=1","datePublished":"2021-07-12T21:00:09+00:00","dateModified":"2022-03-08T10:07:14+00:00","description":"Hi\u00e7bir d\u00f6v\u00fc\u015f\u00fc ka\u00e7\u0131rmay\u0131n, i\u015fte 2021&#039;deki Senegalli g\u00fcre\u015f program\u0131.","breadcrumb":{"@id":"https:\/\/senegalndiaye.com\/%e2%9c%85-programme-de-la-lutte-senegalaise-en-2021\/#breadcrumb"},"inLanguage":"tr","potentialAction":[{"@type":"ReadAction","target":["https:\/\/senegalndiaye.com\/%e2%9c%85-programme-de-la-lutte-senegalaise-en-2021\/"]}]},{"@type":"ImageObject","inLanguage":"tr","@id":"https:\/\/senegalndiaye.com\/%e2%9c%85-programme-de-la-lutte-senegalaise-en-2021\/#primaryimage","url":"https:\/\/i0.wp.com\/senegalndiaye.com\/wp-content\/uploads\/2021\/07\/lutte-senegalaise-programme.jpg?fit=1024%2C609&ssl=1","contentUrl":"https:\/\/i0.wp.com\/senegalndiaye.com\/wp-content\/uploads\/2021\/07\/lutte-senegalaise-programme.jpg?fit=1024%2C609&ssl=1","width":1024,"height":609,"caption":"lutte senegalaise programme 2021"},{"@type":"BreadcrumbList","@id":"https:\/\/senegalndiaye.com\/%e2%9c%85-programme-de-la-lutte-senegalaise-en-2021\/#breadcrumb","itemListElement":[{"@type":"ListItem","position":1,"name":"Accueil","item":"https:\/\/senegalndiaye.com\/"},{"@type":"ListItem","position":2,"name":"\u2705 Programme de la lutte s\u00e9n\u00e9galaise en 2021 &#8211; 2022"}]},{"@type":"WebSite","@id":"https:\/\/senegalndiaye.com\/#website","url":"https:\/\/senegalndiaye.com\/","name":"Senegal Ndiaye","description":"Senegal&#039;deki en iyi yerleri bulun","publisher":{"@id":"https:\/\/senegalndiaye.com\/#organization"},"potentialAction":[{"@type":"SearchAction","target":{"@type":"EntryPoint","urlTemplate":"https:\/\/senegalndiaye.com\/?s={search_term_string}"},"query-input":{"@type":"PropertyValueSpecification","valueRequired":true,"valueName":"search_term_string"}}],"inLanguage":"tr"},{"@type":"Organization","@id":"https:\/\/senegalndiaye.com\/#organization","name":"Senegal Ndiaye","url":"https:\/\/senegalndiaye.com\/","logo":{"@type":"ImageObject","inLanguage":"tr","@id":"https:\/\/senegalndiaye.com\/#\/schema\/logo\/image\/","url":"https:\/\/senegalndiaye.com\/wp-content\/uploads\/2018\/05\/senegalndiaye_logo.png","contentUrl":"https:\/\/senegalndiaye.com\/wp-content\/uploads\/2018\/05\/senegalndiaye_logo.png","width":150,"height":106,"caption":"Senegal Ndiaye"},"image":{"@id":"https:\/\/senegalndiaye.com\/#\/schema\/logo\/image\/"},"sameAs":["https:\/\/www.facebook.com\/senegalndiaye4\/","https:\/\/x.com\/Senegalndiaye5","https:\/\/www.instagram.com\/senegalndiaye1\/","https:\/\/www.linkedin.com\/company\/senegal-ndiaye\/"]},{"@type":"Person","@id":"https:\/\/senegalndiaye.com\/#\/schema\/person\/c1e0d9f50bc68102f5a7368b7c9551f5","name":"moderat\u00f6r","image":{"@type":"ImageObject","inLanguage":"tr","@id":"https:\/\/senegalndiaye.com\/wp-content\/litespeed\/avatar\/3fb7bc779db92bd05c1837e9542df344.jpg?ver=1777309443","url":"https:\/\/senegalndiaye.com\/wp-content\/litespeed\/avatar\/3fb7bc779db92bd05c1837e9542df344.jpg?ver=1777309443","contentUrl":"https:\/\/senegalndiaye.com\/wp-content\/litespeed\/avatar\/3fb7bc779db92bd05c1837e9542df344.jpg?ver=1777309443","caption":"Moderateur"},"url":"https:\/\/senegalndiaye.com\/tr\/author\/sndigital\/"}]}},"jetpack_featured_media_url":"https:\/\/i0.wp.com\/senegalndiaye.com\/wp-content\/uploads\/2021\/07\/lutte-senegalaise-programme.jpg?fit=1024%2C609&ssl=1","jetpack_sharing_enabled":true,"jetpack-related-posts":[{"id":29539,"url":"https:\/\/senegalndiaye.com\/tr\/analyse-du-combat-ama-balde-vs-franc-favori-force-faiblesse-date\/","url_meta":{"origin":24305,"position":0},"title":"Ama Balde vs Franc d\u00f6v\u00fc\u015f\u00fcn\u00fcn analizi \u2013 Favori, g\u00fc\u00e7, zay\u0131fl\u0131k, tarih","author":"Moderateur","date":"Aral\u0131k 6, 2024","format":false,"excerpt":"Franc ve Ama Bald\u00e9 aras\u0131ndaki m\u00fccadele, Senegal g\u00fcre\u015f d\u00fcnyas\u0131nda \u00f6nemli bir olay olacak ve iki d\u00f6v\u00fc\u015f\u00e7\u00fcn\u00fcn en iyi performanslar\u0131n\u0131 sergileyece\u011fi bir kar\u015f\u0131la\u015fma olacak. Bu kar\u015f\u0131la\u015fma, d\u00f6v\u00fc\u015f stilleri, stratejileri ve g\u00fc\u00e7l\u00fc y\u00f6nlerindeki belirgin farkl\u0131l\u0131klar\u0131 g\u00f6zler \u00f6n\u00fcne serecek. \u0130\u015fte derinlemesine bir analiz...","rel":"","context":"&quot;Lutte s\u00e9n\u00e9galaise&quot; i\u00e7inde","block_context":{"text":"Lutte s\u00e9n\u00e9galaise","link":"https:\/\/senegalndiaye.com\/tr\/category\/lutte-senegalaise\/"},"img":{"alt_text":"Fiche lutteur Franc","src":"https:\/\/i0.wp.com\/senegalndiaye.com\/wp-content\/uploads\/2024\/12\/fiche-Franc.png?fit=590%2C881&ssl=1&resize=350%2C200","width":350,"height":200,"srcset":"https:\/\/i0.wp.com\/senegalndiaye.com\/wp-content\/uploads\/2024\/12\/fiche-Franc.png?fit=590%2C881&ssl=1&resize=350%2C200 1x, https:\/\/i0.wp.com\/senegalndiaye.com\/wp-content\/uploads\/2024\/12\/fiche-Franc.png?fit=590%2C881&ssl=1&resize=525%2C300 1.5x"},"classes":[]},{"id":29520,"url":"https:\/\/senegalndiaye.com\/tr\/analyse-du-combat-boy-niang-2-vs-reug-reug-favoris-force-faiblesse-date\/","url_meta":{"origin":24305,"position":1},"title":"Boy Niang 2 vs Reug reug d\u00f6v\u00fc\u015f\u00fcn\u00fcn analizi \u2013 Favori, g\u00fc\u00e7, zay\u0131fl\u0131k, tarih","author":"Moderateur","date":"Aral\u0131k 5, 2024","format":false,"excerpt":"Boy Niang 2 ve Reug Reug aras\u0131ndaki m\u00fccadele, 1 Ocak 2025&#039;te Senegal g\u00fcre\u015f arenas\u0131nda ger\u00e7ekle\u015fecek ve iki \u00e7ok farkl\u0131 stil, strateji ve ki\u015fili\u011fi kar\u015f\u0131 kar\u015f\u0131ya getirecek muazzam bir m\u00fccadele olacak. Her iki d\u00f6v\u00fc\u015f\u00e7\u00fcn\u00fcn de kendi rekorlar\u0131na dayanarak, g\u00fc\u00e7l\u00fc ve zay\u0131f y\u00f6nlerinin kapsaml\u0131 bir analizi a\u015fa\u011f\u0131dad\u0131r...","rel":"","context":"&quot;Lutte s\u00e9n\u00e9galaise&quot; i\u00e7inde","block_context":{"text":"Lutte s\u00e9n\u00e9galaise","link":"https:\/\/senegalndiaye.com\/tr\/category\/lutte-senegalaise\/"},"img":{"alt_text":"Fiche reug reug","src":"https:\/\/i0.wp.com\/senegalndiaye.com\/wp-content\/uploads\/2024\/12\/Reug-reug.png?fit=591%2C882&ssl=1&resize=350%2C200","width":350,"height":200,"srcset":"https:\/\/i0.wp.com\/senegalndiaye.com\/wp-content\/uploads\/2024\/12\/Reug-reug.png?fit=591%2C882&ssl=1&resize=350%2C200 1x, https:\/\/i0.wp.com\/senegalndiaye.com\/wp-content\/uploads\/2024\/12\/Reug-reug.png?fit=591%2C882&ssl=1&resize=525%2C300 1.5x"},"classes":[]},{"id":29605,"url":"https:\/\/senegalndiaye.com\/tr\/analyse-du-combat-fils-de-balla-vs-diene-kaire-favori-pronostique-force-faiblesse-date\/","url_meta":{"origin":24305,"position":2},"title":"Son de Balla ile Di\u00e8ne Kair\u00e9 aras\u0131ndaki ma\u00e7\u0131n analizi \u2013 Favori, tahmin, g\u00fc\u00e7, zay\u0131fl\u0131k, tarih","author":"Moderateur","date":"Aral\u0131k 11, 2024","format":false,"excerpt":"12 Ocak 2025&#039;te Fils de Balla ve Di\u00e8ne Kair\u00e9 aras\u0131ndaki m\u00fccadele, Senegal g\u00fcre\u015f d\u00fcnyas\u0131nda \u00f6nemli bir olay olmaya aday. \u0130ki rakibin teknik \u00f6zelliklerine bak\u0131ld\u0131\u011f\u0131nda, bu m\u00fccadelenin iki h\u00fccum stilinin m\u00fccadelesi olaca\u011f\u0131 ve her detay\u0131n belirleyici olaca\u011f\u0131 bir m\u00fccadele olaca\u011f\u0131 g\u00f6r\u00fcl\u00fcyor...","rel":"","context":"&quot;Lutte s\u00e9n\u00e9galaise&quot; i\u00e7inde","block_context":{"text":"Lutte s\u00e9n\u00e9galaise","link":"https:\/\/senegalndiaye.com\/tr\/category\/lutte-senegalaise\/"},"img":{"alt_text":"","src":"https:\/\/i0.wp.com\/senegalndiaye.com\/wp-content\/uploads\/2024\/12\/fiche-fils-de-balla.png?fit=591%2C883&ssl=1&resize=350%2C200","width":350,"height":200,"srcset":"https:\/\/i0.wp.com\/senegalndiaye.com\/wp-content\/uploads\/2024\/12\/fiche-fils-de-balla.png?fit=591%2C883&ssl=1&resize=350%2C200 1x, https:\/\/i0.wp.com\/senegalndiaye.com\/wp-content\/uploads\/2024\/12\/fiche-fils-de-balla.png?fit=591%2C883&ssl=1&resize=525%2C300 1.5x"},"classes":[]},{"id":29563,"url":"https:\/\/senegalndiaye.com\/tr\/analyse-du-combat-gris-bordeaux-vs-zarco-favori-pronostique-force-faiblesse-date\/","url_meta":{"origin":24305,"position":3},"title":"Bordeaux Grey - Zarco ma\u00e7\u0131n\u0131n analizi \u2013 Favori, tahmin, g\u00fc\u00e7, zay\u0131fl\u0131k, tarih","author":"Moderateur","date":"Aral\u0131k 8, 2024","format":false,"excerpt":"12 Ocak 2025&#039;te yap\u0131lmas\u0131 planlanan Gris Bordeaux ve Zarco aras\u0131ndaki m\u00fccadele, deneyim ve tekni\u011fi g\u00fc\u00e7 ve kararl\u0131l\u0131kla kar\u015f\u0131la\u015ft\u0131ran b\u00fcy\u00fcleyici bir d\u00fcelloya d\u00f6n\u00fc\u015fecek gibi g\u00f6r\u00fcn\u00fcyor. H\u00fccum tarzlar\u0131yla tan\u0131nan her iki g\u00fcre\u015f\u00e7i de Senegalli g\u00fcre\u015fseverler aras\u0131nda \u015fimdiden heyecan yarat\u0131yor. \u0130\u015fte...","rel":"","context":"&quot;Lutte s\u00e9n\u00e9galaise&quot; i\u00e7inde","block_context":{"text":"Lutte s\u00e9n\u00e9galaise","link":"https:\/\/senegalndiaye.com\/tr\/category\/lutte-senegalaise\/"},"img":{"alt_text":"Fiche Zarco","src":"https:\/\/i0.wp.com\/senegalndiaye.com\/wp-content\/uploads\/2024\/12\/fiche-zarco.png?fit=591%2C882&ssl=1&resize=350%2C200","width":350,"height":200,"srcset":"https:\/\/i0.wp.com\/senegalndiaye.com\/wp-content\/uploads\/2024\/12\/fiche-zarco.png?fit=591%2C882&ssl=1&resize=350%2C200 1x, https:\/\/i0.wp.com\/senegalndiaye.com\/wp-content\/uploads\/2024\/12\/fiche-zarco.png?fit=591%2C882&ssl=1&resize=525%2C300 1.5x"},"classes":[]},{"id":29571,"url":"https:\/\/senegalndiaye.com\/tr\/analyse-du-combat-forza-vs-general-malika-favori-pronostique-force-faiblesse-date\/","url_meta":{"origin":24305,"position":4},"title":"Forza ve General Malika m\u00fccadelesinin analizi \u2013 Favori, tahmin, g\u00fc\u00e7, zay\u0131fl\u0131k, tarih","author":"Moderateur","date":"Aral\u0131k 9, 2024","format":false,"excerpt":"1 Ocak 2025&#039;te yap\u0131lmas\u0131 planlanan Forza ve General Malika aras\u0131ndaki merakla beklenen kar\u015f\u0131la\u015fma heyecan verici olaca\u011fa benziyor. Bu d\u00fcelloda, h\u00fccum stilleri, etkileyici fiziksel \u00f6zellikleri ve iyi geli\u015ftirilmi\u015f stratejileri olan iki g\u00fcre\u015f\u00e7i yer al\u0131yor. \u0130ki d\u00f6v\u00fc\u015f\u00e7\u00fc benzer becerilere sahip olsa da, deneyim...","rel":"","context":"&quot;Lutte s\u00e9n\u00e9galaise&quot; i\u00e7inde","block_context":{"text":"Lutte s\u00e9n\u00e9galaise","link":"https:\/\/senegalndiaye.com\/tr\/category\/lutte-senegalaise\/"},"img":{"alt_text":"","src":"https:\/\/i0.wp.com\/senegalndiaye.com\/wp-content\/uploads\/2024\/12\/fiche-forza.png?fit=591%2C886&ssl=1&resize=350%2C200","width":350,"height":200,"srcset":"https:\/\/i0.wp.com\/senegalndiaye.com\/wp-content\/uploads\/2024\/12\/fiche-forza.png?fit=591%2C886&ssl=1&resize=350%2C200 1x, https:\/\/i0.wp.com\/senegalndiaye.com\/wp-content\/uploads\/2024\/12\/fiche-forza.png?fit=591%2C886&ssl=1&resize=525%2C300 1.5x"},"classes":[]},{"id":24323,"url":"https:\/\/senegalndiaye.com\/tr\/%e2%9c%85-calendrier-des-concerts-a-dakar-2021\/","url_meta":{"origin":24305,"position":5},"title":"\u2705 Dakar 2021 konser takvimi","author":"Moderateur","date":"Temmuz 14, 2021","format":false,"excerpt":"2021 Dakar konser takvimi, Temmuz ve Aral\u0131k aylar\u0131 aras\u0131nda bizi baz\u0131 s\u00fcrprizlerle bekliyor. \u00dcnl\u00fc Burna Boy ve Samba Peuzzi gibi sanat\u00e7\u0131lar e\u015fsiz konserler vaat ediyor. \u0130\u015fte bu yaz m\u00fczik takviminize ekleyebilece\u011finiz programlar\u0131n bir listesi. Takvim\u2026","rel":"","context":"&quot;Blog&quot; i\u00e7inde","block_context":{"text":"Blog","link":"https:\/\/senegalndiaye.com\/tr\/category\/blog\/"},"img":{"alt_text":"concert dakar 2021","src":"https:\/\/i0.wp.com\/senegalndiaye.com\/wp-content\/uploads\/2021\/07\/concert.jpg?fit=1200%2C750&ssl=1&resize=350%2C200","width":350,"height":200,"srcset":"https:\/\/i0.wp.com\/senegalndiaye.com\/wp-content\/uploads\/2021\/07\/concert.jpg?fit=1200%2C750&ssl=1&resize=350%2C200 1x, https:\/\/i0.wp.com\/senegalndiaye.com\/wp-content\/uploads\/2021\/07\/concert.jpg?fit=1200%2C750&ssl=1&resize=525%2C300 1.5x, https:\/\/i0.wp.com\/senegalndiaye.com\/wp-content\/uploads\/2021\/07\/concert.jpg?fit=1200%2C750&ssl=1&resize=700%2C400 2x, https:\/\/i0.wp.com\/senegalndiaye.com\/wp-content\/uploads\/2021\/07\/concert.jpg?fit=1200%2C750&ssl=1&resize=1050%2C600 3x"},"classes":[]}],"_links":{"self":[{"href":"https:\/\/senegalndiaye.com\/tr\/wp-json\/wp\/v2\/posts\/24305","targetHints":{"allow":["GET"]}}],"collection":[{"href":"https:\/\/senegalndiaye.com\/tr\/wp-json\/wp\/v2\/posts"}],"about":[{"href":"https:\/\/senegalndiaye.com\/tr\/wp-json\/wp\/v2\/types\/post"}],"author":[{"embeddable":true,"href":"https:\/\/senegalndiaye.com\/tr\/wp-json\/wp\/v2\/users\/8"}],"replies":[{"embeddable":true,"href":"https:\/\/senegalndiaye.com\/tr\/wp-json\/wp\/v2\/comments?post=24305"}],"version-history":[{"count":13,"href":"https:\/\/senegalndiaye.com\/tr\/wp-json\/wp\/v2\/posts\/24305\/revisions"}],"predecessor-version":[{"id":25420,"href":"https:\/\/senegalndiaye.com\/tr\/wp-json\/wp\/v2\/posts\/24305\/revisions\/25420"}],"wp:featuredmedia":[{"embeddable":true,"href":"https:\/\/senegalndiaye.com\/tr\/wp-json\/wp\/v2\/media\/24310"}],"wp:attachment":[{"href":"https:\/\/senegalndiaye.com\/tr\/wp-json\/wp\/v2\/media?parent=24305"}],"wp:term":[{"taxonomy":"category","embeddable":true,"href":"https:\/\/senegalndiaye.com\/tr\/wp-json\/wp\/v2\/categories?post=24305"},{"taxonomy":"post_tag","embeddable":true,"href":"https:\/\/senegalndiaye.com\/tr\/wp-json\/wp\/v2\/tags?post=24305"}],"curies":[{"name":"wp","href":"https:\/\/api.w.org\/{rel}","templated":true}]}}