{"id":24246,"date":"2021-06-26T18:28:05","date_gmt":"2021-06-26T18:28:05","guid":{"rendered":"https:\/\/senegalndiaye.com\/?p=24246"},"modified":"2021-06-26T18:28:05","modified_gmt":"2021-06-26T18:28:05","slug":"%e2%9c%85-financement-der-2021-tout-ce-quil-faut-savoir","status":"publish","type":"post","link":"https:\/\/senegalndiaye.com\/tr\/%e2%9c%85-financement-der-2021-tout-ce-quil-faut-savoir\/","title":{"rendered":"\u2705 DER finansman\u0131 2021, bilmeniz gereken her \u015fey"},"content":{"rendered":"<p>DER, gen\u00e7 proje liderlerini desteklemek ve finanse etmek i\u00e7in Devlet taraf\u0131ndan kurulmu\u015f bir finansman kurulu\u015fudur. Programa kay\u0131tlar resmi olarak a\u00e7\u0131lm\u0131\u015ft\u0131r. Ancak Y\u00f6netilebilir H\u0131zl\u0131 Giri\u015fimcilik Heyeti&#039;nden fon elde edebilmek i\u00e7in bir tak\u0131m \u015fartlar\u0131n yerine getirilmesi gerekecektir. Bu makalede bilmeniz gereken her \u015feyi \u00f6\u011frenin.<strong> 2021 DER finansman\u0131. <\/strong><\/p>\n<h3><strong>Uygunluk ko\u015fullar\u0131 ve finansman sekt\u00f6r\u00fc<\/strong><\/h3>\n<p>2021 DER finansman\u0131 herkes i\u00e7in de\u011fildir. Ger\u00e7ekten de, bu program kad\u0131nlar\u0131n ve gen\u00e7lerin giri\u015fimcili\u011fini te\u015fvik etmektedir.<\/p>\n<p>Programa, ayr\u0131m g\u00f6zetmeksizin en az 18 ya\u015f\u0131nda herhangi bir kad\u0131n ve 18 ila 45 ya\u015f aras\u0131ndaki herhangi bir erkek kat\u0131labilir.<\/p>\n<h3><strong>2021 DER Finansman Sekt\u00f6r\u00fc<\/strong><\/h3>\n<p>DER program\u0131, s\u00fcrd\u00fcr\u00fclebilir bir ekosistem olu\u015fturmak i\u00e7in de\u011fer zinciri olu\u015fturan bir proje yakla\u015f\u0131m\u0131na dayanmaktad\u0131r. Ayr\u0131ca, Senegal&#039;deki bu faaliyet sekt\u00f6rlerinden birinde proje lideriyseniz, programa hak kazan\u0131rs\u0131n\u0131z.<\/p>\n<h4><strong>tar\u0131m<\/strong><\/h4>\n<p>Projeniz a\u015fa\u011f\u0131daki gibi tar\u0131m alanlar\u0131n\u0131 etkiliyorsa:<\/p>\n<ul>\n<li>Pirin\u00e7 \u00fcretimi veya mini pirin\u00e7 tarlalar\u0131n\u0131n kurulmas\u0131<\/li>\n<li>Tar\u0131m tohumlar\u0131n\u0131n pazarlanmas\u0131<\/li>\n<li>Tar\u0131m \u00e7iftli\u011fi kurmak<\/li>\n<li>Bir i\u015fleme \u015firketinin kurulmas\u0131<\/li>\n<li>\u0130\u015flem birimi kurma<\/li>\n<li>Fidanl\u0131klar\u0131n ve pazar bah\u00e7\u0131vanlar\u0131n\u0131n finansman\u0131<\/li>\n<li>Ya\u011fl\u0131 tohum \u00fcr\u00fcnleri ihracat\u00e7\u0131s\u0131n\u0131n kurulmas\u0131<\/li>\n<\/ul>\n<h4><strong>Bal\u0131k\u00e7\u0131l\u0131k ve su \u00fcr\u00fcnleri yeti\u015ftiricili\u011fi <\/strong><\/h4>\n<p>A\u015fa\u011f\u0131daki projeler DER program\u0131 i\u00e7in uygundur:<\/p>\n<ul>\n<li>Modern kulu\u00e7kahane<\/li>\n<li>Ekstr\u00fcde g\u0131dalar\u0131n imalat\u0131<\/li>\n<li>Kapal\u0131<\/li>\n<li>Fiberglas kano finansman\u0131<\/li>\n<li>So\u011futuculu ara\u00e7lar\u0131n ve buz fabrikas\u0131n\u0131n finansman\u0131<\/li>\n<\/ul>\n<h4><strong>tuz \u00fcretimi \u00a0<\/strong><\/h4>\n<p>Program i\u00e7in uygundur:<\/p>\n<ul>\n<li>Kaffrine, Kaolack, Fatick gibi b\u00f6lgelerdeki \u00fcreticiler<\/li>\n<li>Tuz t\u00fcccarlar\u0131 ve kooperatif kurulu\u015flar\u0131 vb.<\/li>\n<\/ul>\n<h4><strong>\u00fcreme <\/strong><\/h4>\n<ul>\n<li>Thi\u00e8s ve Dakar&#039;da \u00f6zel \u00fcretim alanlar\u0131na ta\u015f\u0131nmay\u0131 planlayan k\u00fcmes hayvanlar\u0131 \u00e7ift\u00e7ileri<\/li>\n<li>Mezbaha kurmak isteyenler<\/li>\n<li>Yeti\u015ftirici, veteriner veya tar\u0131m tedarik\u00e7isi olmak isteyen herkes<\/li>\n<li>Ve \u015fark\u00fcteri kurmak isteyenler<\/li>\n<\/ul>\n<p>Der ayn\u0131 zamanda el sanatlar\u0131, sanayi, ula\u015f\u0131m ve hizmet sekt\u00f6rlerinin yan\u0131 s\u0131ra dijital ekonomideki projeleri de finanse ediyor.<\/p>\n<h3><strong>DER 2021 finansman\u0131 i\u00e7in ba\u015fvuru dosyas\u0131 nas\u0131l derlenir?<\/strong><\/h3>\n<p>DER finansman\u0131 2021 ba\u015fvuru dosyas\u0131, \u00f6d\u00fcn\u00e7 almak istedi\u011finiz miktara ba\u011fl\u0131d\u0131r.<\/p>\n<h4><strong>500.000 F CFA talebi i\u00e7in <\/strong><\/h4>\n<p>Proje lideri \u015fu belgeleri sa\u011flamal\u0131d\u0131r:<\/p>\n<h4><strong>do\u011fal ki\u015filer\u00a0<\/strong><\/h4>\n<ul>\n<li>Ulusal kimlik kart\u0131<\/li>\n<li>500.000 ila 5.000.000 CFA frang\u0131 aras\u0131nda bir miktar talebini onaylayan bir belge<\/li>\n<li>Varsa, profesyonel bir kart<\/li>\n<li>En az 3 ayl\u0131k ikametgah belgesi<\/li>\n<\/ul>\n<h4><strong>T\u00fczel ki\u015filer (\u015firketler) <\/strong><\/h4>\n<ul>\n<li>Bir veya daha fazla liderin ulusal kimlik kart\u0131<\/li>\n<li>NINEA veya RCCM<\/li>\n<li>\u015eirketin yasal stat\u00fcs\u00fc<\/li>\n<li>500.000 ila 5.000.000 CFA frang\u0131 aras\u0131nda finansman i\u00e7in ba\u015fvuru dosyas\u0131<\/li>\n<li>\u0130\u015fletme faaliyette ise mali tablo<\/li>\n<\/ul>\n<h3><strong>10.000.000 CFA Frang\u0131&#039;ndan fazla finansman talebi i\u00e7in \u015fu belgeleri sa\u011flaman\u0131z gerekir:<\/strong><\/h3>\n<h4><strong>Ger\u00e7ek ki\u015filer i\u00e7in <\/strong><\/h4>\n<ul>\n<li>N\u00fcfus c\u00fczdan\u0131n\u0131z\u0131n fotokopisi<\/li>\n<li>Resmile\u015ftirme yard\u0131m\u0131 talebi<\/li>\n<li>10.000.000 CFA frang\u0131 tutar\u0131nda bir finansman talebi<\/li>\n<li>En az 3 ayl\u0131k ikametgah belgesi<\/li>\n<li>Bir i\u015f plan\u0131<\/li>\n<\/ul>\n<h4><strong>T\u00fczel ki\u015filer (\u015firketler)<\/strong><\/h4>\n<ul>\n<li>CNI fotokopisi<\/li>\n<li>NINEA veya RCCM<\/li>\n<li>\u015eirketin yasal durumu<\/li>\n<li>10.000.000 CFA Frang\u0131&#039;n\u0131 a\u015fan bir fon talebi<\/li>\n<li>\u015firket muhasebesi<\/li>\n<\/ul>\n<h3><strong>2021 DER finansman\u0131 ve kay\u0131t s\u00fcre\u00e7leri nelerdir? <\/strong><\/h3>\n<p>DER 2021&#039;in finansman\u0131 birka\u00e7 a\u015famadan ge\u00e7iyor. Ger\u00e7ekten de aday\u0131n bir CNI, bir ikametgah belgesi ve bir proje raporundan olu\u015fan bir dosya derlemesi gerekir.<\/p>\n<p>T\u00fcm belgeler topland\u0131ktan sonra aday siteye gitmelidir. <a href=\"http:\/\/www.der.sn\">www.der.sn<\/a> mevduat yapmak. Dosya DER taraf\u0131ndan al\u0131nd\u0131ktan sonra incelenecek ve ard\u0131ndan bir kabul veya ret verilecektir.<\/p>\n<p>Dosya kabul edilirse, kurulu\u015f yetkili bankalar arac\u0131l\u0131\u011f\u0131yla fon sa\u011flamaya ba\u015flayacakt\u0131r.<\/p>\n<p><strong>kay\u0131t s\u00fcreci <\/strong><\/p>\n<p>Finansman program\u0131na kay\u0131t, resmi web siteleri arac\u0131l\u0131\u011f\u0131yla yap\u0131l\u0131r. <a href=\"http:\/\/www.der.sn\">www.der.sn<\/a>. Platforma ba\u011fland\u0131ktan sonra, ba\u015fvurunuzu ajans taraf\u0131ndan \u00f6nceden olu\u015fturulmu\u015f form arac\u0131l\u0131\u011f\u0131yla g\u00f6nderin. Kay\u0131t talebini g\u00f6nderdikten sonra, SMS veya e-posta ile bir onay mesaj\u0131 alacaks\u0131n\u0131z. Mesaj\u0131n i\u00e7eri\u011fine, ek belgeleri g\u00f6ndermenizi sa\u011flayacak bir ba\u011flant\u0131 e\u015flik edecektir.<\/p>\n<p>DER finansman program\u0131na kat\u0131lmak i\u00e7in ihtiyac\u0131n\u0131z olan tek \u015fey bu. \u015eimdi, oynama s\u0131ras\u0131 sende. \u00a0<strong>\u00a0 \u00a0 \u00a0 \u00a0 \u00a0 \u00a0 \u00a0 \u00a0 \u00a0 \u00a0 \u00a0 \u00a0 \u00a0 \u00a0 \u00a0 \u00a0 \u00a0 \u00a0 \u00a0 \u00a0 \u00a0 \u00a0 \u00a0 \u00a0 \u00a0 \u00a0 \u00a0 \u00a0 \u00a0 \u00a0 \u00a0 \u00a0 \u00a0 \u00a0 \u00a0 \u00a0 \u00a0 \u00a0 \u00a0 \u00a0 \u00a0 \u00a0<\/strong><\/p>\n<h3><strong>\u00a0T\u00fcm makalelerimizi sitemizde bulabilirsiniz. <a href=\"https:\/\/senegalndiaye.com\/tr\/blog\/\">Blog<\/a><\/strong><\/h3>","protected":false},"excerpt":{"rendered":"<p>La DER est un organisme de financement mis en place par l\u2019\u00c9tat pour accompagner et financer les jeunes porteurs de projet. Les inscriptions au programme sont officiellement ouvertes. Cependant, pour obtenir un fonds aupr\u00e8s de la D\u00e9l\u00e9gation g\u00e9rable pour l\u2019Entrepreneuriat Rapide, il va falloir r\u00e9unir un certain nombreux de conditions. D\u00e9couvrez dans cet article tout [&hellip;]<\/p>\n","protected":false},"author":8,"featured_media":24247,"comment_status":"open","ping_status":"open","sticky":false,"template":"","format":"standard","meta":{"_jetpack_memberships_contains_paid_content":false,"footnotes":""},"categories":[83],"tags":[],"class_list":["post-24246","post","type-post","status-publish","format-standard","has-post-thumbnail","hentry","category-blog"],"yoast_head":"<!-- This site is optimized with the Yoast SEO plugin v27.5 - https:\/\/yoast.com\/product\/yoast-seo-wordpress\/ -->\n<title>\u2705 Financement DER 2021, tout ce qu\u2019il faut savoir &#187; Senegal Ndiaye<\/title>\n<meta name=\"description\" content=\"D\u00e9couvrez dans cet article tout ce qu\u2019il faut savoir sur le financement DER\u00a02021.\" \/>\n<meta name=\"robots\" content=\"index, follow, max-snippet:-1, max-image-preview:large, max-video-preview:-1\" \/>\n<link rel=\"canonical\" href=\"https:\/\/senegalndiaye.com\/tr\/\u2705-financement-der-2021-tout-ce-quil-faut-savoir\/\" \/>\n<meta property=\"og:locale\" content=\"tr_TR\" \/>\n<meta property=\"og:type\" content=\"article\" \/>\n<meta property=\"og:title\" content=\"\u2705 Financement DER 2021, tout ce qu\u2019il faut savoir &#187; Senegal Ndiaye\" \/>\n<meta property=\"og:description\" content=\"D\u00e9couvrez dans cet article tout ce qu\u2019il faut savoir sur le financement DER\u00a02021.\" \/>\n<meta property=\"og:url\" content=\"https:\/\/senegalndiaye.com\/tr\/\u2705-financement-der-2021-tout-ce-quil-faut-savoir\/\" \/>\n<meta property=\"og:site_name\" content=\"Senegal Ndiaye\" \/>\n<meta property=\"article:publisher\" content=\"https:\/\/www.facebook.com\/senegalndiaye4\/\" \/>\n<meta property=\"article:published_time\" content=\"2021-06-26T18:28:05+00:00\" \/>\n<meta property=\"og:image\" content=\"https:\/\/senegalndiaye.com\/wp-content\/uploads\/2021\/06\/der.png\" \/>\n\t<meta property=\"og:image:width\" content=\"512\" \/>\n\t<meta property=\"og:image:height\" content=\"300\" \/>\n\t<meta property=\"og:image:type\" content=\"image\/png\" \/>\n<meta name=\"author\" content=\"Moderateur\" \/>\n<meta name=\"twitter:card\" content=\"summary_large_image\" \/>\n<meta name=\"twitter:creator\" content=\"@Senegalndiaye5\" \/>\n<meta name=\"twitter:site\" content=\"@Senegalndiaye5\" \/>\n<meta name=\"twitter:label1\" content=\"Yazan:\" \/>\n\t<meta name=\"twitter:data1\" content=\"Moderateur\" \/>\n\t<meta name=\"twitter:label2\" content=\"Tahmini okuma s\u00fcresi\" \/>\n\t<meta name=\"twitter:data2\" content=\"4 dakika\" \/>\n<script type=\"application\/ld+json\" class=\"yoast-schema-graph\">{\"@context\":\"https:\\\/\\\/schema.org\",\"@graph\":[{\"@type\":\"Article\",\"@id\":\"https:\\\/\\\/senegalndiaye.com\\\/%e2%9c%85-financement-der-2021-tout-ce-quil-faut-savoir\\\/#article\",\"isPartOf\":{\"@id\":\"https:\\\/\\\/senegalndiaye.com\\\/%e2%9c%85-financement-der-2021-tout-ce-quil-faut-savoir\\\/\"},\"author\":{\"name\":\"Moderateur\",\"@id\":\"https:\\\/\\\/senegalndiaye.com\\\/#\\\/schema\\\/person\\\/c1e0d9f50bc68102f5a7368b7c9551f5\"},\"headline\":\"\u2705 Financement DER 2021, tout ce qu\u2019il faut savoir\",\"datePublished\":\"2021-06-26T18:28:05+00:00\",\"mainEntityOfPage\":{\"@id\":\"https:\\\/\\\/senegalndiaye.com\\\/%e2%9c%85-financement-der-2021-tout-ce-quil-faut-savoir\\\/\"},\"wordCount\":829,\"commentCount\":7,\"publisher\":{\"@id\":\"https:\\\/\\\/senegalndiaye.com\\\/#organization\"},\"image\":{\"@id\":\"https:\\\/\\\/senegalndiaye.com\\\/%e2%9c%85-financement-der-2021-tout-ce-quil-faut-savoir\\\/#primaryimage\"},\"thumbnailUrl\":\"https:\\\/\\\/i0.wp.com\\\/senegalndiaye.com\\\/wp-content\\\/uploads\\\/2021\\\/06\\\/der.png?fit=512%2C300&ssl=1\",\"articleSection\":[\"Blog\"],\"inLanguage\":\"tr\",\"potentialAction\":[{\"@type\":\"CommentAction\",\"name\":\"Comment\",\"target\":[\"https:\\\/\\\/senegalndiaye.com\\\/%e2%9c%85-financement-der-2021-tout-ce-quil-faut-savoir\\\/#respond\"]}]},{\"@type\":\"WebPage\",\"@id\":\"https:\\\/\\\/senegalndiaye.com\\\/%e2%9c%85-financement-der-2021-tout-ce-quil-faut-savoir\\\/\",\"url\":\"https:\\\/\\\/senegalndiaye.com\\\/%e2%9c%85-financement-der-2021-tout-ce-quil-faut-savoir\\\/\",\"name\":\"\u2705 Financement DER 2021, tout ce qu\u2019il faut savoir &#187; Senegal Ndiaye\",\"isPartOf\":{\"@id\":\"https:\\\/\\\/senegalndiaye.com\\\/#website\"},\"primaryImageOfPage\":{\"@id\":\"https:\\\/\\\/senegalndiaye.com\\\/%e2%9c%85-financement-der-2021-tout-ce-quil-faut-savoir\\\/#primaryimage\"},\"image\":{\"@id\":\"https:\\\/\\\/senegalndiaye.com\\\/%e2%9c%85-financement-der-2021-tout-ce-quil-faut-savoir\\\/#primaryimage\"},\"thumbnailUrl\":\"https:\\\/\\\/i0.wp.com\\\/senegalndiaye.com\\\/wp-content\\\/uploads\\\/2021\\\/06\\\/der.png?fit=512%2C300&ssl=1\",\"datePublished\":\"2021-06-26T18:28:05+00:00\",\"description\":\"D\u00e9couvrez dans cet article tout ce qu\u2019il faut savoir sur le financement DER\u00a02021.\",\"breadcrumb\":{\"@id\":\"https:\\\/\\\/senegalndiaye.com\\\/%e2%9c%85-financement-der-2021-tout-ce-quil-faut-savoir\\\/#breadcrumb\"},\"inLanguage\":\"tr\",\"potentialAction\":[{\"@type\":\"ReadAction\",\"target\":[\"https:\\\/\\\/senegalndiaye.com\\\/%e2%9c%85-financement-der-2021-tout-ce-quil-faut-savoir\\\/\"]}]},{\"@type\":\"ImageObject\",\"inLanguage\":\"tr\",\"@id\":\"https:\\\/\\\/senegalndiaye.com\\\/%e2%9c%85-financement-der-2021-tout-ce-quil-faut-savoir\\\/#primaryimage\",\"url\":\"https:\\\/\\\/i0.wp.com\\\/senegalndiaye.com\\\/wp-content\\\/uploads\\\/2021\\\/06\\\/der.png?fit=512%2C300&ssl=1\",\"contentUrl\":\"https:\\\/\\\/i0.wp.com\\\/senegalndiaye.com\\\/wp-content\\\/uploads\\\/2021\\\/06\\\/der.png?fit=512%2C300&ssl=1\",\"width\":512,\"height\":300,\"caption\":\"financement DER 2021\"},{\"@type\":\"BreadcrumbList\",\"@id\":\"https:\\\/\\\/senegalndiaye.com\\\/%e2%9c%85-financement-der-2021-tout-ce-quil-faut-savoir\\\/#breadcrumb\",\"itemListElement\":[{\"@type\":\"ListItem\",\"position\":1,\"name\":\"Accueil\",\"item\":\"https:\\\/\\\/senegalndiaye.com\\\/\"},{\"@type\":\"ListItem\",\"position\":2,\"name\":\"\u2705 Financement DER 2021, tout ce qu\u2019il faut savoir\"}]},{\"@type\":\"WebSite\",\"@id\":\"https:\\\/\\\/senegalndiaye.com\\\/#website\",\"url\":\"https:\\\/\\\/senegalndiaye.com\\\/\",\"name\":\"Senegal Ndiaye\",\"description\":\"Retrouvez les meilleurs endroits du S\u00e9n\u00e9gal\",\"publisher\":{\"@id\":\"https:\\\/\\\/senegalndiaye.com\\\/#organization\"},\"potentialAction\":[{\"@type\":\"SearchAction\",\"target\":{\"@type\":\"EntryPoint\",\"urlTemplate\":\"https:\\\/\\\/senegalndiaye.com\\\/?s={search_term_string}\"},\"query-input\":{\"@type\":\"PropertyValueSpecification\",\"valueRequired\":true,\"valueName\":\"search_term_string\"}}],\"inLanguage\":\"tr\"},{\"@type\":\"Organization\",\"@id\":\"https:\\\/\\\/senegalndiaye.com\\\/#organization\",\"name\":\"Senegal Ndiaye\",\"url\":\"https:\\\/\\\/senegalndiaye.com\\\/\",\"logo\":{\"@type\":\"ImageObject\",\"inLanguage\":\"tr\",\"@id\":\"https:\\\/\\\/senegalndiaye.com\\\/#\\\/schema\\\/logo\\\/image\\\/\",\"url\":\"https:\\\/\\\/senegalndiaye.com\\\/wp-content\\\/uploads\\\/2018\\\/05\\\/senegalndiaye_logo.png\",\"contentUrl\":\"https:\\\/\\\/senegalndiaye.com\\\/wp-content\\\/uploads\\\/2018\\\/05\\\/senegalndiaye_logo.png\",\"width\":150,\"height\":106,\"caption\":\"Senegal Ndiaye\"},\"image\":{\"@id\":\"https:\\\/\\\/senegalndiaye.com\\\/#\\\/schema\\\/logo\\\/image\\\/\"},\"sameAs\":[\"https:\\\/\\\/www.facebook.com\\\/senegalndiaye4\\\/\",\"https:\\\/\\\/x.com\\\/Senegalndiaye5\",\"https:\\\/\\\/www.instagram.com\\\/senegalndiaye1\\\/\",\"https:\\\/\\\/www.linkedin.com\\\/company\\\/senegal-ndiaye\\\/\"]},{\"@type\":\"Person\",\"@id\":\"https:\\\/\\\/senegalndiaye.com\\\/#\\\/schema\\\/person\\\/c1e0d9f50bc68102f5a7368b7c9551f5\",\"name\":\"Moderateur\",\"image\":{\"@type\":\"ImageObject\",\"inLanguage\":\"tr\",\"@id\":\"https:\\\/\\\/senegalndiaye.com\\\/wp-content\\\/litespeed\\\/avatar\\\/3fb7bc779db92bd05c1837e9542df344.jpg?ver=1777309443\",\"url\":\"https:\\\/\\\/senegalndiaye.com\\\/wp-content\\\/litespeed\\\/avatar\\\/3fb7bc779db92bd05c1837e9542df344.jpg?ver=1777309443\",\"contentUrl\":\"https:\\\/\\\/senegalndiaye.com\\\/wp-content\\\/litespeed\\\/avatar\\\/3fb7bc779db92bd05c1837e9542df344.jpg?ver=1777309443\",\"caption\":\"Moderateur\"},\"url\":\"https:\\\/\\\/senegalndiaye.com\\\/tr\\\/author\\\/sndigital\\\/\"}]}<\/script>\n<!-- \/ Yoast SEO plugin. -->","yoast_head_json":{"title":"\u2705 DER 2021 finansman\u0131, bilmeniz gereken her \u015fey \u00bb Senegal Ndiaye","description":"DER finansman\u0131 2021 hakk\u0131nda bilmeniz gereken her \u015feyi bu makalede \u00f6\u011frenin.","robots":{"index":"index","follow":"follow","max-snippet":"max-snippet:-1","max-image-preview":"max-image-preview:large","max-video-preview":"max-video-preview:-1"},"canonical":"https:\/\/senegalndiaye.com\/tr\/\u2705-financement-der-2021-tout-ce-quil-faut-savoir\/","og_locale":"tr_TR","og_type":"article","og_title":"\u2705 Financement DER 2021, tout ce qu\u2019il faut savoir &#187; Senegal Ndiaye","og_description":"D\u00e9couvrez dans cet article tout ce qu\u2019il faut savoir sur le financement DER\u00a02021.","og_url":"https:\/\/senegalndiaye.com\/tr\/\u2705-financement-der-2021-tout-ce-quil-faut-savoir\/","og_site_name":"Senegal Ndiaye","article_publisher":"https:\/\/www.facebook.com\/senegalndiaye4\/","article_published_time":"2021-06-26T18:28:05+00:00","og_image":[{"width":512,"height":300,"url":"https:\/\/senegalndiaye.com\/wp-content\/uploads\/2021\/06\/der.png","type":"image\/png"}],"author":"Moderateur","twitter_card":"summary_large_image","twitter_creator":"@Senegalndiaye5","twitter_site":"@Senegalndiaye5","twitter_misc":{"Yazan:":"Moderateur","Tahmini okuma s\u00fcresi":"4 dakika"},"schema":{"@context":"https:\/\/schema.org","@graph":[{"@type":"Article","@id":"https:\/\/senegalndiaye.com\/%e2%9c%85-financement-der-2021-tout-ce-quil-faut-savoir\/#article","isPartOf":{"@id":"https:\/\/senegalndiaye.com\/%e2%9c%85-financement-der-2021-tout-ce-quil-faut-savoir\/"},"author":{"name":"Moderateur","@id":"https:\/\/senegalndiaye.com\/#\/schema\/person\/c1e0d9f50bc68102f5a7368b7c9551f5"},"headline":"\u2705 Financement DER 2021, tout ce qu\u2019il faut savoir","datePublished":"2021-06-26T18:28:05+00:00","mainEntityOfPage":{"@id":"https:\/\/senegalndiaye.com\/%e2%9c%85-financement-der-2021-tout-ce-quil-faut-savoir\/"},"wordCount":829,"commentCount":7,"publisher":{"@id":"https:\/\/senegalndiaye.com\/#organization"},"image":{"@id":"https:\/\/senegalndiaye.com\/%e2%9c%85-financement-der-2021-tout-ce-quil-faut-savoir\/#primaryimage"},"thumbnailUrl":"https:\/\/i0.wp.com\/senegalndiaye.com\/wp-content\/uploads\/2021\/06\/der.png?fit=512%2C300&ssl=1","articleSection":["Blog"],"inLanguage":"tr","potentialAction":[{"@type":"CommentAction","name":"Comment","target":["https:\/\/senegalndiaye.com\/%e2%9c%85-financement-der-2021-tout-ce-quil-faut-savoir\/#respond"]}]},{"@type":"WebPage","@id":"https:\/\/senegalndiaye.com\/%e2%9c%85-financement-der-2021-tout-ce-quil-faut-savoir\/","url":"https:\/\/senegalndiaye.com\/%e2%9c%85-financement-der-2021-tout-ce-quil-faut-savoir\/","name":"\u2705 DER 2021 finansman\u0131, bilmeniz gereken her \u015fey \u00bb Senegal Ndiaye","isPartOf":{"@id":"https:\/\/senegalndiaye.com\/#website"},"primaryImageOfPage":{"@id":"https:\/\/senegalndiaye.com\/%e2%9c%85-financement-der-2021-tout-ce-quil-faut-savoir\/#primaryimage"},"image":{"@id":"https:\/\/senegalndiaye.com\/%e2%9c%85-financement-der-2021-tout-ce-quil-faut-savoir\/#primaryimage"},"thumbnailUrl":"https:\/\/i0.wp.com\/senegalndiaye.com\/wp-content\/uploads\/2021\/06\/der.png?fit=512%2C300&ssl=1","datePublished":"2021-06-26T18:28:05+00:00","description":"DER finansman\u0131 2021 hakk\u0131nda bilmeniz gereken her \u015feyi bu makalede \u00f6\u011frenin.","breadcrumb":{"@id":"https:\/\/senegalndiaye.com\/%e2%9c%85-financement-der-2021-tout-ce-quil-faut-savoir\/#breadcrumb"},"inLanguage":"tr","potentialAction":[{"@type":"ReadAction","target":["https:\/\/senegalndiaye.com\/%e2%9c%85-financement-der-2021-tout-ce-quil-faut-savoir\/"]}]},{"@type":"ImageObject","inLanguage":"tr","@id":"https:\/\/senegalndiaye.com\/%e2%9c%85-financement-der-2021-tout-ce-quil-faut-savoir\/#primaryimage","url":"https:\/\/i0.wp.com\/senegalndiaye.com\/wp-content\/uploads\/2021\/06\/der.png?fit=512%2C300&ssl=1","contentUrl":"https:\/\/i0.wp.com\/senegalndiaye.com\/wp-content\/uploads\/2021\/06\/der.png?fit=512%2C300&ssl=1","width":512,"height":300,"caption":"financement DER 2021"},{"@type":"BreadcrumbList","@id":"https:\/\/senegalndiaye.com\/%e2%9c%85-financement-der-2021-tout-ce-quil-faut-savoir\/#breadcrumb","itemListElement":[{"@type":"ListItem","position":1,"name":"Accueil","item":"https:\/\/senegalndiaye.com\/"},{"@type":"ListItem","position":2,"name":"\u2705 Financement DER 2021, tout ce qu\u2019il faut savoir"}]},{"@type":"WebSite","@id":"https:\/\/senegalndiaye.com\/#website","url":"https:\/\/senegalndiaye.com\/","name":"Senegal Ndiaye","description":"Senegal&#039;deki en iyi yerleri bulun","publisher":{"@id":"https:\/\/senegalndiaye.com\/#organization"},"potentialAction":[{"@type":"SearchAction","target":{"@type":"EntryPoint","urlTemplate":"https:\/\/senegalndiaye.com\/?s={search_term_string}"},"query-input":{"@type":"PropertyValueSpecification","valueRequired":true,"valueName":"search_term_string"}}],"inLanguage":"tr"},{"@type":"Organization","@id":"https:\/\/senegalndiaye.com\/#organization","name":"Senegal Ndiaye","url":"https:\/\/senegalndiaye.com\/","logo":{"@type":"ImageObject","inLanguage":"tr","@id":"https:\/\/senegalndiaye.com\/#\/schema\/logo\/image\/","url":"https:\/\/senegalndiaye.com\/wp-content\/uploads\/2018\/05\/senegalndiaye_logo.png","contentUrl":"https:\/\/senegalndiaye.com\/wp-content\/uploads\/2018\/05\/senegalndiaye_logo.png","width":150,"height":106,"caption":"Senegal Ndiaye"},"image":{"@id":"https:\/\/senegalndiaye.com\/#\/schema\/logo\/image\/"},"sameAs":["https:\/\/www.facebook.com\/senegalndiaye4\/","https:\/\/x.com\/Senegalndiaye5","https:\/\/www.instagram.com\/senegalndiaye1\/","https:\/\/www.linkedin.com\/company\/senegal-ndiaye\/"]},{"@type":"Person","@id":"https:\/\/senegalndiaye.com\/#\/schema\/person\/c1e0d9f50bc68102f5a7368b7c9551f5","name":"moderat\u00f6r","image":{"@type":"ImageObject","inLanguage":"tr","@id":"https:\/\/senegalndiaye.com\/wp-content\/litespeed\/avatar\/3fb7bc779db92bd05c1837e9542df344.jpg?ver=1777309443","url":"https:\/\/senegalndiaye.com\/wp-content\/litespeed\/avatar\/3fb7bc779db92bd05c1837e9542df344.jpg?ver=1777309443","contentUrl":"https:\/\/senegalndiaye.com\/wp-content\/litespeed\/avatar\/3fb7bc779db92bd05c1837e9542df344.jpg?ver=1777309443","caption":"Moderateur"},"url":"https:\/\/senegalndiaye.com\/tr\/author\/sndigital\/"}]}},"jetpack_featured_media_url":"https:\/\/i0.wp.com\/senegalndiaye.com\/wp-content\/uploads\/2021\/06\/der.png?fit=512%2C300&ssl=1","jetpack_sharing_enabled":true,"jetpack-related-posts":[{"id":29512,"url":"https:\/\/senegalndiaye.com\/tr\/quelles-sont-les-filieres-a-lism-dakar\/","url_meta":{"origin":24246,"position":0},"title":"ISM Dakar&#039;daki sekt\u00f6rler nelerdir?","author":"Moderateur","date":"Aral\u0131k 5, 2024","format":false,"excerpt":"Institut Sup\u00e9rieur de Management (ISM), Senegal&#039;in en tan\u0131nm\u0131\u015f y\u00fcksek\u00f6\u011fretim ve mesleki e\u011fitim kurumlar\u0131ndan biridir. ISM, kuruldu\u011fu g\u00fcnden bu yana, Afrika ve uluslararas\u0131 i\u015f piyasas\u0131n\u0131n ihtiya\u00e7lar\u0131 do\u011frultusunda kaliteli e\u011fitim sunma taahh\u00fcd\u00fcyle \u00f6ne \u00e7\u0131km\u0131\u015ft\u0131r. \u0130\u015fte...","rel":"","context":"&quot;Formations sup\u00e9rieures au S\u00e9n\u00e9gal&quot; i\u00e7inde","block_context":{"text":"Formations sup\u00e9rieures au S\u00e9n\u00e9gal","link":"https:\/\/senegalndiaye.com\/tr\/category\/formations-superieures-au-senegal\/"},"img":{"alt_text":"","src":"https:\/\/i0.wp.com\/senegalndiaye.com\/wp-content\/uploads\/2024\/12\/ism1.jpg?fit=960%2C540&ssl=1&resize=350%2C200","width":350,"height":200,"srcset":"https:\/\/i0.wp.com\/senegalndiaye.com\/wp-content\/uploads\/2024\/12\/ism1.jpg?fit=960%2C540&ssl=1&resize=350%2C200 1x, https:\/\/i0.wp.com\/senegalndiaye.com\/wp-content\/uploads\/2024\/12\/ism1.jpg?fit=960%2C540&ssl=1&resize=525%2C300 1.5x, https:\/\/i0.wp.com\/senegalndiaye.com\/wp-content\/uploads\/2024\/12\/ism1.jpg?fit=960%2C540&ssl=1&resize=700%2C400 2x"},"classes":[]},{"id":29905,"url":"https:\/\/senegalndiaye.com\/tr\/senegal-le-ministere-de-la-formation-professionnelle-lance-via-le-3fpt-un-appel-a-candidatures-pour-1200-jeunes\/","url_meta":{"origin":24246,"position":1},"title":"Senegal: Mesleki E\u011fitim Bakanl\u0131\u011f\u0131, 3FPT arac\u0131l\u0131\u011f\u0131yla 1.200 gen\u00e7 i\u00e7in ba\u015fvuru \u00e7a\u011fr\u0131s\u0131 ba\u015flatt\u0131","author":"Moderateur","date":"Mart 29, 2025","format":false,"excerpt":"Mesleki ve Teknik E\u011fitim Fonu (3FPT), Diourbel, Ziguinchor, S\u00e9dhiou ve Kolda b\u00f6lgelerinden 1.200 gencin se\u00e7ilmesi i\u00e7in ba\u015fvuru \u00e7a\u011fr\u0131s\u0131 ba\u015flatt\u0131. Mesleki uzmanl\u0131k sertifikalar\u0131na y\u00f6nelik bu e\u011fitim kurslar\u0131, mesleki e\u011fitim programlar\u0131n\u0131 geli\u015ftirmeyi ama\u00e7layan PFPE projesinin bir par\u00e7as\u0131d\u0131r.","rel":"","context":"&quot;actualit\u00e9&quot; i\u00e7inde","block_context":{"text":"actualit\u00e9","link":"https:\/\/senegalndiaye.com\/tr\/category\/actualite\/"},"img":{"alt_text":"","src":"https:\/\/i0.wp.com\/senegalndiaye.com\/wp-content\/uploads\/2025\/03\/1372c10a764c83c2e0ae1d6e5b546b77file.jpeg?fit=800%2C450&ssl=1&resize=350%2C200","width":350,"height":200,"srcset":"https:\/\/i0.wp.com\/senegalndiaye.com\/wp-content\/uploads\/2025\/03\/1372c10a764c83c2e0ae1d6e5b546b77file.jpeg?fit=800%2C450&ssl=1&resize=350%2C200 1x, https:\/\/i0.wp.com\/senegalndiaye.com\/wp-content\/uploads\/2025\/03\/1372c10a764c83c2e0ae1d6e5b546b77file.jpeg?fit=800%2C450&ssl=1&resize=525%2C300 1.5x, https:\/\/i0.wp.com\/senegalndiaye.com\/wp-content\/uploads\/2025\/03\/1372c10a764c83c2e0ae1d6e5b546b77file.jpeg?fit=800%2C450&ssl=1&resize=700%2C400 2x"},"classes":[]},{"id":24017,"url":"https:\/\/senegalndiaye.com\/tr\/le-concours-ena-2021-au-senegal-tout-ce-quil-faut-savoir\/","url_meta":{"origin":24246,"position":2},"title":"Senegal&#039;deki ENA 2021 yar\u0131\u015fmas\u0131, bilmeniz gereken her \u015fey","author":"Moderateur","date":"May\u0131s 20, 2021","format":false,"excerpt":"Ulusal Y\u00f6netim Okulu (ENA), gelece\u011fin Senegalli memurlar\u0131n\u0131 yeti\u015ftirmek amac\u0131yla kurulmu\u015ftur. 18-33 ya\u015f aras\u0131 gen\u00e7 mezunlara ve 53 ya\u015f \u00fcst\u00fc memurlara sosyal g\u00fcvenlik, vergiler ve emlak, idare vb. alanlarda e\u011fitim vermektedir.","rel":"","context":"&quot;Blog&quot; i\u00e7inde","block_context":{"text":"Blog","link":"https:\/\/senegalndiaye.com\/tr\/category\/blog\/"},"img":{"alt_text":"concours ena 2021 s\u00e9n\u00e9gal","src":"https:\/\/i0.wp.com\/senegalndiaye.com\/wp-content\/uploads\/2021\/05\/Logo_ena-1.jpg?fit=500%2C300&ssl=1&resize=350%2C200","width":350,"height":200},"classes":[]},{"id":24900,"url":"https:\/\/senegalndiaye.com\/tr\/%e2%9c%85-formations-en-gestion-de-projet-a-dakar\/","url_meta":{"origin":24246,"position":3},"title":"\u2705 Dakar&#039;da proje y\u00f6netimi e\u011fitimi","author":"Moderateur","date":"Ekim 27, 2021","format":false,"excerpt":"Proje y\u00f6netimi e\u011fitimi, e\u011fitim s\u00fcrecinin sonunda sertifika ve diploma gerektirir. Nitekim Senegal&#039;de e\u011fitim almak i\u00e7in \u00f6zel \u00fcniversitelere kaydolabilir veya proje y\u00f6netimi derslerinizi \u00e7evrimi\u00e7i olarak alabilirsiniz. Peki en iyi proje y\u00f6netimi e\u011fitim kurslar\u0131 hangileridir?","rel":"","context":"&quot;Blog&quot; i\u00e7inde","block_context":{"text":"Blog","link":"https:\/\/senegalndiaye.com\/tr\/category\/blog\/"},"img":{"alt_text":"formation gestion de projet dakar","src":"https:\/\/i0.wp.com\/senegalndiaye.com\/wp-content\/uploads\/2021\/10\/gestion-de-projets.jpg?fit=700%2C466&ssl=1&resize=350%2C200","width":350,"height":200,"srcset":"https:\/\/i0.wp.com\/senegalndiaye.com\/wp-content\/uploads\/2021\/10\/gestion-de-projets.jpg?fit=700%2C466&ssl=1&resize=350%2C200 1x, https:\/\/i0.wp.com\/senegalndiaye.com\/wp-content\/uploads\/2021\/10\/gestion-de-projets.jpg?fit=700%2C466&ssl=1&resize=525%2C300 1.5x, https:\/\/i0.wp.com\/senegalndiaye.com\/wp-content\/uploads\/2021\/10\/gestion-de-projets.jpg?fit=700%2C466&ssl=1&resize=700%2C400 2x"},"classes":[]},{"id":29863,"url":"https:\/\/senegalndiaye.com\/tr\/universites-et-ecoles-de-formation-au-senegal-le-guide-complet-pour-etudier-au-coeur-du-senegal\/","url_meta":{"origin":24246,"position":4},"title":"Senegal&#039;deki \u00fcniversiteler ve e\u011fitim okullar\u0131: Senegal&#039;in kalbinde e\u011fitim g\u00f6rmenin eksiksiz rehberi","author":"Moderateur","date":"Mart 21, 2025","format":false,"excerpt":"Bat\u0131 Afrika&#039;n\u0131n e\u011fitim merkezi Senegal, y\u00fcksek \u00f6\u011frenim ve mesleki e\u011fitim arayan \u00f6\u011frencilere \u00e7e\u015fitli se\u00e7enekler sunmaktad\u0131r. Bu kapsaml\u0131 rehber, Senegal e\u011fitim d\u00fcnyas\u0131nda yolunuzu bulman\u0131za yard\u0131mc\u0131 olacak temel ve g\u00fcvenilir bilgiler sunmaktad\u0131r. Senegal&#039;deki Devlet \u00dcniversiteleri Sistem\u2026","rel":"","context":"&quot;actualit\u00e9&quot; i\u00e7inde","block_context":{"text":"actualit\u00e9","link":"https:\/\/senegalndiaye.com\/tr\/category\/actualite\/"},"img":{"alt_text":"","src":"https:\/\/i0.wp.com\/senegalndiaye.com\/wp-content\/uploads\/2025\/03\/9b72bcbd06a64832c7b90c4914d5facbfile.jpeg?fit=439%2C220&ssl=1&resize=350%2C200","width":350,"height":200},"classes":[]},{"id":23755,"url":"https:\/\/senegalndiaye.com\/tr\/guide-darrivee-pour-les-etudiants-etrangers-au-senegal\/","url_meta":{"origin":24246,"position":5},"title":"Senegal&#039;deki yabanc\u0131 \u00f6\u011frenciler i\u00e7in var\u0131\u015f rehberi","author":"Ndeye Khady NGOM","date":"Mart 23, 2021","format":false,"excerpt":"Senegal&#039;de y\u00fcksek \u00f6\u011frenim g\u00f6rmek isteyen yabanc\u0131 bir \u00f6\u011frenci misiniz? Ancak nereden ba\u015flayaca\u011f\u0131n\u0131z\u0131 veya kay\u0131t olmak i\u00e7in hangi ad\u0131mlar\u0131 ataca\u011f\u0131n\u0131z\u0131 bilmiyor musunuz? Bizi takip edin; ihtiyac\u0131n\u0131z olan t\u00fcm bilgileri size sa\u011flayaca\u011f\u0131z. Senegal y\u00fcksek \u00f6\u011frenimi...","rel":"","context":"&quot;Blog&quot; i\u00e7inde","block_context":{"text":"Blog","link":"https:\/\/senegalndiaye.com\/tr\/category\/blog\/"},"img":{"alt_text":"\u00e9tudiants \u00e9trangers au s\u00e9n\u00e9gal","src":"https:\/\/i0.wp.com\/senegalndiaye.com\/wp-content\/uploads\/2021\/03\/etudiants-etrangers-au-senegal.jpg?fit=600%2C400&ssl=1&resize=350%2C200","width":350,"height":200,"srcset":"https:\/\/i0.wp.com\/senegalndiaye.com\/wp-content\/uploads\/2021\/03\/etudiants-etrangers-au-senegal.jpg?fit=600%2C400&ssl=1&resize=350%2C200 1x, https:\/\/i0.wp.com\/senegalndiaye.com\/wp-content\/uploads\/2021\/03\/etudiants-etrangers-au-senegal.jpg?fit=600%2C400&ssl=1&resize=525%2C300 1.5x"},"classes":[]}],"_links":{"self":[{"href":"https:\/\/senegalndiaye.com\/tr\/wp-json\/wp\/v2\/posts\/24246","targetHints":{"allow":["GET"]}}],"collection":[{"href":"https:\/\/senegalndiaye.com\/tr\/wp-json\/wp\/v2\/posts"}],"about":[{"href":"https:\/\/senegalndiaye.com\/tr\/wp-json\/wp\/v2\/types\/post"}],"author":[{"embeddable":true,"href":"https:\/\/senegalndiaye.com\/tr\/wp-json\/wp\/v2\/users\/8"}],"replies":[{"embeddable":true,"href":"https:\/\/senegalndiaye.com\/tr\/wp-json\/wp\/v2\/comments?post=24246"}],"version-history":[{"count":1,"href":"https:\/\/senegalndiaye.com\/tr\/wp-json\/wp\/v2\/posts\/24246\/revisions"}],"predecessor-version":[{"id":24248,"href":"https:\/\/senegalndiaye.com\/tr\/wp-json\/wp\/v2\/posts\/24246\/revisions\/24248"}],"wp:featuredmedia":[{"embeddable":true,"href":"https:\/\/senegalndiaye.com\/tr\/wp-json\/wp\/v2\/media\/24247"}],"wp:attachment":[{"href":"https:\/\/senegalndiaye.com\/tr\/wp-json\/wp\/v2\/media?parent=24246"}],"wp:term":[{"taxonomy":"category","embeddable":true,"href":"https:\/\/senegalndiaye.com\/tr\/wp-json\/wp\/v2\/categories?post=24246"},{"taxonomy":"post_tag","embeddable":true,"href":"https:\/\/senegalndiaye.com\/tr\/wp-json\/wp\/v2\/tags?post=24246"}],"curies":[{"name":"wp","href":"https:\/\/api.w.org\/{rel}","templated":true}]}}