{"id":24221,"date":"2021-06-20T13:14:20","date_gmt":"2021-06-20T13:14:20","guid":{"rendered":"https:\/\/senegalndiaye.com\/?p=24221"},"modified":"2021-06-20T13:15:49","modified_gmt":"2021-06-20T13:15:49","slug":"%e2%9c%85-les-formations-dinfirmier-detat-au-senegal","status":"publish","type":"post","link":"https:\/\/senegalndiaye.com\/tr\/%e2%9c%85-les-formations-dinfirmier-detat-au-senegal\/","title":{"rendered":"\u2705 Senegal&#039;de eyalet hem\u015firesi e\u011fitimi"},"content":{"rendered":"<p>Hem\u015firelik asistanlar\u0131 rutin, \u00f6zel ve evde bak\u0131m sa\u011flar. Hastanelerin d\u00fczg\u00fcn \u00e7al\u0131\u015fmas\u0131 i\u00e7in gereklidirler. Ancak bu mesle\u011fi yasal olarak uygulamak i\u00e7in devlet diplomas\u0131 ile iki y\u0131ll\u0131k bir e\u011fitime ihtiyac\u0131n\u0131z var. Bu makalede bilmeniz gereken her \u015feyi \u00f6\u011frenin. <strong>Senegal&#039;de eyalet hem\u015firesi e\u011fitimi.<\/strong><\/p>\n<p><strong>Senegal&#039;de devlet hem\u015firesi olmak: gerekli e\u011fitim <\/strong><\/p>\n<p>Senegal&#039;de eyalet hem\u015fireli\u011fi e\u011fitimi genellikle bakalorya, tercihen S1 veya S2 serisi gerektirir. Ancak, bu diplomaya sahip olmayan ki\u015filer i\u00e7in eri\u015filebilir kal\u0131r.<\/p>\n<p>Bakaloryadan sonra bu i\u015fi yapmak i\u00e7in devlet taraf\u0131ndan tan\u0131nan sa\u011fl\u0131k okullar\u0131ndan birine kay\u0131t olabilirsiniz. Ek olarak, do\u011frudan yar\u0131\u015fmay\u0131 deneyebilirsiniz.<strong>SON<\/strong> (Dakar Hem\u015firelik E\u011fitim Enstit\u00fcs\u00fc). Ger\u00e7ekten de, iki y\u0131ll\u0131k e\u011fitimden sonra bir devlet hem\u015fireli\u011fi diplomas\u0131 alacaks\u0131n\u0131z. \u0130kincisi, bak\u0131c\u0131 olarak kariyer yapman\u0131za izin verecektir. Ancak, bir y\u0131ll\u0131k faaliyetten sonra, bir s\u0131nava girmek i\u00e7in ba\u015fka bir s\u0131nava girebilirsiniz. <strong>\u00e7ocuk bak\u0131m\u0131 diplomas\u0131<\/strong> veya ge\u00e7mek i\u00e7in iki y\u0131l <strong>hem\u015fire anestezi uzman\u0131 diplomas\u0131<\/strong>.<\/p>\n<p><strong>Senegal&#039;de Devlet hem\u015firelik e\u011fitim okullar\u0131\u00a0<\/strong><\/p>\n<p>Senegal&#039;deki devlet hem\u015firelik e\u011fitim okullar\u0131, hastanelerde staj ile pratik teorik dersler vermektedir. Ancak, baz\u0131lar\u0131 \u00f6deme yap\u0131yor ve di\u011ferleri rekabet yoluyla eri\u015filebilir durumda.<\/p>\n<h3><strong>ENDSS (Dakar Hem\u015firelik E\u011fitim Enstit\u00fcs\u00fc) \u00a0<\/strong><\/h3>\n<p>ENDSS bir devlet okuludur. Yar\u0131\u015fmay\u0131 ge\u00e7en ki\u015filer i\u00e7in ba\u015flang\u0131\u00e7 kurslar\u0131 sa\u011flar. Ve yeni bilgiler edinmek isteyen profesyoneller i\u00e7in \u00f6zel dersler. Ancak, okul taraf\u0131ndan verilen devlet diplomalar\u0131 sadece ba\u015flang\u0131\u00e7 kurslar\u0131ndaki \u00f6\u011frencileri ilgilendirmektedir.<\/p>\n<p>Hem\u015fireleri ebelik, s\u0131hhi tesisat m\u00fchendisli\u011fi, sosyal yard\u0131m vb. alanlarda e\u011fitir.<\/p>\n<p><strong>Do\u011frudan yar\u0131\u015fmaya kabul ko\u015fullar\u0131\u00a0 \u00a0<\/strong><\/p>\n<p>Bir yar\u0131\u015fma yoluyla Senegalli ve yabanc\u0131 \u00f6\u011frenciler taraf\u0131ndan eri\u015filebilir.<\/p>\n<p><strong>Senegalli \u00f6\u011frenciler i\u00e7in do\u011frudan yar\u0131\u015fmaya kabul ko\u015fullar\u0131 <\/strong><\/p>\n<p>Yar\u0131\u015fmaya kat\u0131lmak i\u00e7in aday\u0131n t\u0131bbi \u00f6nlemeden sorumlu Sa\u011fl\u0131k Bakan\u0131&#039;na el yaz\u0131s\u0131 bir talep g\u00f6ndermesi gerekir. Ayr\u0131ca, se\u00e7ilen e\u011fitim b\u00f6l\u00fcm\u00fcn\u00fc mektupta a\u00e7\u0131k\u00e7a belirtmelidir. \u0130kincisine bir do\u011fum belgesi, bir Senegal vatanda\u015fl\u0131\u011f\u0131 belgesi e\u015flik etmelidir. Ayr\u0131ca, ba\u015fvuru sahibi belgeleri tam adresini i\u00e7eren damgal\u0131 bir zarfa koymal\u0131d\u0131r.<\/p>\n<p><strong>Yabanc\u0131 uyruklu adaylar i\u00e7in kabul \u015fartlar\u0131 <\/strong><\/p>\n<p>Senegalli ba\u015fvuru sahipleriyle ayn\u0131 belgeleri sa\u011flamalar\u0131 gerekir. Aradaki fark, ba\u015fvuru \u00fccreti i\u00e7in iade edilmeyen 7000 F CFA \u00f6demek zorunda olmalar\u0131d\u0131r. \u0130stenilen diploman\u0131n transkriptleri de belgelerin bir par\u00e7as\u0131 olmal\u0131d\u0131r.<\/p>\n<p>L\u00fctfen dikkat: Ba\u015fvurular, okul y\u0131l\u0131n\u0131n ba\u015flang\u0131c\u0131ndan \u00f6nceki y\u0131l\u0131n 30 Nisan tarihinden \u00f6nce okula ula\u015fmal\u0131d\u0131r.<\/p>\n<p><strong>Profesyonel yar\u0131\u015fmaya kabul ko\u015fullar\u0131 <\/strong><\/p>\n<p>Yar\u0131\u015fmaya kat\u0131lmak isteyenler i\u00e7in a\u015fa\u011f\u0131daki belgeleri sa\u011flaman\u0131z gerekir:<\/p>\n<ul>\n<li>Sa\u011fl\u0131k Bakan\u0131&#039;na el yaz\u0131s\u0131yla yaz\u0131lm\u0131\u015f bir talep<\/li>\n<li>do\u011fum belgesi<\/li>\n<li>\u0130dari veya \u00e7al\u0131\u015fma sertifikas\u0131<\/li>\n<li>\u00f6zge\u00e7mi\u015f<\/li>\n<\/ul>\n<p><strong>Kay\u0131t \u00fccretleri <\/strong><\/p>\n<p>Aday ayr\u0131ca toplam 6000 F CFA \u00f6demelidir. Bu mebla\u011f, maliyeti 1000 F CFA olan bir sigorta poli\u00e7esi ve 5000 F CFA&#039;da kar\u015f\u0131l\u0131kl\u0131 sa\u011fl\u0131k sigortas\u0131 i\u00e7in kullan\u0131lacakt\u0131r.<\/p>\n<h3><strong>Y\u00f6netim ve Uygulamal\u0131 Bilimler Okulu (EMSA)\u00a0 <\/strong><\/h3>\n<p>EMSA multidisipliner bir e\u011fitim okuludur. Ger\u00e7ekten de, bankac\u0131l\u0131k finans sigortas\u0131, uluslararas\u0131 ticaret, sa\u011fl\u0131k gibi alanlarda bir\u00e7ok e\u011fitim kursu sunmaktad\u0131r. Hem\u015fire yeti\u015ftirmek i\u00e7in kurdu <strong>EMSA SA\u011eLIK<\/strong>. Bu programda \u00f6\u011frencilere devlet ebeli\u011fi, hem\u015fire yard\u0131mc\u0131s\u0131, biyoinformatik, halk sa\u011fl\u0131\u011f\u0131, beslenme konular\u0131nda e\u011fitim verilmektedir. Ancak e\u011fitim uygulamaya dayal\u0131d\u0131r, \u00f6\u011frenci hastane ortam\u0131 ile d\u00fczenli temas halindedir.<\/p>\n<p><strong>Kabul \u015fartlar\u0131<\/strong><\/p>\n<p>Okula, sa\u011fl\u0131\u011f\u0131n ilk y\u0131l\u0131nda yar\u0131\u015fma yoluyla eri\u015filebilir. Yar\u0131\u015fma bilimsel ve edebi dizilere a\u00e7\u0131kt\u0131r. 24 ya\u015f\u0131n alt\u0131ndaki Bakalorya sahipleri ba\u015fvurabilir.<\/p>\n<p><strong>Sa\u011flanacak belgeler\u00a0 \u00a0<\/strong><\/p>\n<p>Yar\u0131\u015fmaya kat\u0131lmak isteyen son s\u0131n\u0131f \u00f6\u011frencilerinin a\u015fa\u011f\u0131daki belgeleri sa\u011flamalar\u0131 gerekmektedir:<\/p>\n<ul>\n<li>Doldurulmas\u0131 gereken bir a\u00e7\u0131klama sayfas\u0131<\/li>\n<li>Terminaldeki ikinci s\u0131n\u0131f\u0131n iki transkript<\/li>\n<li>10.000 F CFA kay\u0131t \u00fccreti iade edilmez<\/li>\n<\/ul>\n<p><strong>bekarlar \u00a0<\/strong><\/p>\n<ul>\n<li>Resmi web sitesinde doldurulacak ba\u015fvuru formu<\/li>\n<li>Bakalorya sertifikas\u0131n\u0131n yasal fotokopisi<\/li>\n<li>\u0130kinci, birinci ve son s\u0131n\u0131f\u0131n transkriptleri<\/li>\n<li>Ba\u015fvuru \u00fccretleri i\u00e7in 10.000 CFA frang\u0131<\/li>\n<\/ul>\n<h3><strong>Senegal&#039;de devlet hem\u015fireli\u011fi e\u011fitimi: DASH Enstit\u00fcs\u00fc<\/strong><\/h3>\n<p>\u0130ki Dilli Sa\u011fl\u0131k ve Y\u00f6netim Okulu (DASH), iki dilli bir sa\u011fl\u0131k g\u00f6revlisi ve t\u0131p e\u011fitimi okuludur. Y\u00fcksek kaliteli, uygulamaya dayal\u0131 kurslar sunar. Sa\u011fl\u0131k personeli yeti\u015ftiren bir okuldur. \u00d6\u011frencilerin devlet sa\u011fl\u0131k kurslar\u0131nda ilerlemelerini sa\u011flar.<\/p>\n<p><strong>DASH Kabul Ko\u015fullar\u0131\u00a0 <\/strong><\/p>\n<p>DASH&#039;deki g\u00f6steri i\u00e7in yar\u0131\u015fmac\u0131n\u0131n fiziksel ve ahlaki olarak formda olmas\u0131 gerekir.<\/p>\n<p>Ve a\u015fa\u011f\u0131daki niteliklerden birine sahip olmak:<\/p>\n<ul>\n<li>Edebi bakalorya: L2 serisi<\/li>\n<li>Bilimsel bakalorya: S2, S1, T ve G serisi<\/li>\n<\/ul>\n<p><strong>Sa\u011flanacak dosya<\/strong><\/p>\n<p>DASH&#039;a kaydolmak i\u00e7in \u015funlar\u0131 sa\u011flaman\u0131z gerekir:<\/p>\n<ul>\n<li>N\u00fcfus c\u00fczdan\u0131 fotokopisi<\/li>\n<li>En son diplomalar\u0131n ve transkriptlerin yasalla\u015ft\u0131r\u0131lm\u0131\u015f bir kopyas\u0131<\/li>\n<li>3 aydan daha az tarihli do\u011fum belgesi<\/li>\n<li>vatanda\u015fl\u0131k belgesi<\/li>\n<\/ul>\n<p><strong>Senegal&#039;de eyalet hem\u015fireleri i\u00e7in i\u015f imkanlar\u0131<\/strong><\/p>\n<p>Devlet hem\u015firesi olarak e\u011fitim ald\u0131ktan sonra, mezun \u015fu \u015fekilde \u00e7al\u0131\u015fabilir:<\/p>\n<ul>\n<li>hem\u015fire anestezi uzman\u0131<\/li>\n<li>Ameliyathanede hem\u015fire<\/li>\n<li>Dad\u0131<\/li>\n<\/ul>\n<p>Hem\u015firelik e\u011fitimi Senegal&#039;de hemen hemen her yerde yap\u0131labilir. Ancak okulunuzu dikkatli se\u00e7melisiniz. Kurslar\u0131n devlet taraf\u0131ndan tan\u0131n\u0131p tan\u0131nmad\u0131\u011f\u0131n\u0131 sorun.<\/p>\n<h3>T\u00fcm makalelerimizi sitemizde bulabilirsiniz. <a href=\"https:\/\/senegalndiaye.com\/tr\/blog\/\">Blog<\/a><\/h3>","protected":false},"excerpt":{"rendered":"<p>Les aide-soignants assurent les soins courants, sp\u00e9cifiques et \u00e0 domicile. Ils sont indispensables pour le bon fonctionnement des h\u00f4pitaux. Cependant, pour exercer ce m\u00e9tier l\u00e9galement, il vous faut une formation de deux ans avec un dipl\u00f4me d\u2019\u00c9tat. D\u00e9couvrez dans cet article tout ce qu\u2019il faut savoir sur les formations d\u2019infirmier d\u2019\u00c9tat au S\u00e9n\u00e9gal. Devenir infirmier [&hellip;]<\/p>\n","protected":false},"author":8,"featured_media":24222,"comment_status":"open","ping_status":"open","sticky":false,"template":"","format":"standard","meta":{"_jetpack_memberships_contains_paid_content":false,"footnotes":""},"categories":[83],"tags":[],"class_list":["post-24221","post","type-post","status-publish","format-standard","has-post-thumbnail","hentry","category-blog"],"yoast_head":"<!-- This site is optimized with the Yoast SEO plugin v27.5 - https:\/\/yoast.com\/product\/yoast-seo-wordpress\/ -->\n<title>\u2705 Les formations d&#039;infirmier d\u2019\u00c9tat au S\u00e9n\u00e9gal &#187; Senegal Ndiaye<\/title>\n<meta name=\"description\" content=\"D\u00e9couvrez dans cet article tout ce qu\u2019il faut savoir sur les formations d\u2019infirmier d\u2019\u00c9tat au S\u00e9n\u00e9gal.\" \/>\n<meta name=\"robots\" content=\"index, follow, max-snippet:-1, max-image-preview:large, max-video-preview:-1\" \/>\n<link rel=\"canonical\" href=\"https:\/\/senegalndiaye.com\/tr\/\u2705-les-formations-dinfirmier-detat-au-senegal\/\" \/>\n<meta property=\"og:locale\" content=\"tr_TR\" \/>\n<meta property=\"og:type\" content=\"article\" \/>\n<meta property=\"og:title\" content=\"\u2705 Les formations d&#039;infirmier d\u2019\u00c9tat au S\u00e9n\u00e9gal &#187; Senegal Ndiaye\" \/>\n<meta property=\"og:description\" content=\"D\u00e9couvrez dans cet article tout ce qu\u2019il faut savoir sur les formations d\u2019infirmier d\u2019\u00c9tat au S\u00e9n\u00e9gal.\" \/>\n<meta property=\"og:url\" content=\"https:\/\/senegalndiaye.com\/tr\/\u2705-les-formations-dinfirmier-detat-au-senegal\/\" \/>\n<meta property=\"og:site_name\" content=\"Senegal Ndiaye\" \/>\n<meta property=\"article:publisher\" content=\"https:\/\/www.facebook.com\/senegalndiaye4\/\" \/>\n<meta property=\"article:published_time\" content=\"2021-06-20T13:14:20+00:00\" \/>\n<meta property=\"article:modified_time\" content=\"2021-06-20T13:15:49+00:00\" \/>\n<meta property=\"og:image\" content=\"https:\/\/senegalndiaye.com\/wp-content\/uploads\/2021\/06\/formation-infirmier-etat-au-senegal.jpg\" \/>\n\t<meta property=\"og:image:width\" content=\"600\" \/>\n\t<meta property=\"og:image:height\" content=\"466\" \/>\n\t<meta property=\"og:image:type\" content=\"image\/jpeg\" \/>\n<meta name=\"author\" content=\"Moderateur\" \/>\n<meta name=\"twitter:card\" content=\"summary_large_image\" \/>\n<meta name=\"twitter:creator\" content=\"@Senegalndiaye5\" \/>\n<meta name=\"twitter:site\" content=\"@Senegalndiaye5\" \/>\n<meta name=\"twitter:label1\" content=\"Yazan:\" \/>\n\t<meta name=\"twitter:data1\" content=\"Moderateur\" \/>\n\t<meta name=\"twitter:label2\" content=\"Tahmini okuma s\u00fcresi\" \/>\n\t<meta name=\"twitter:data2\" content=\"4 dakika\" \/>\n<script type=\"application\/ld+json\" class=\"yoast-schema-graph\">{\"@context\":\"https:\\\/\\\/schema.org\",\"@graph\":[{\"@type\":\"Article\",\"@id\":\"https:\\\/\\\/senegalndiaye.com\\\/%e2%9c%85-les-formations-dinfirmier-detat-au-senegal\\\/#article\",\"isPartOf\":{\"@id\":\"https:\\\/\\\/senegalndiaye.com\\\/%e2%9c%85-les-formations-dinfirmier-detat-au-senegal\\\/\"},\"author\":{\"name\":\"Moderateur\",\"@id\":\"https:\\\/\\\/senegalndiaye.com\\\/#\\\/schema\\\/person\\\/c1e0d9f50bc68102f5a7368b7c9551f5\"},\"headline\":\"\u2705 Les formations d&rsquo;infirmier d\u2019\u00c9tat au S\u00e9n\u00e9gal\",\"datePublished\":\"2021-06-20T13:14:20+00:00\",\"dateModified\":\"2021-06-20T13:15:49+00:00\",\"mainEntityOfPage\":{\"@id\":\"https:\\\/\\\/senegalndiaye.com\\\/%e2%9c%85-les-formations-dinfirmier-detat-au-senegal\\\/\"},\"wordCount\":1035,\"commentCount\":12,\"publisher\":{\"@id\":\"https:\\\/\\\/senegalndiaye.com\\\/#organization\"},\"image\":{\"@id\":\"https:\\\/\\\/senegalndiaye.com\\\/%e2%9c%85-les-formations-dinfirmier-detat-au-senegal\\\/#primaryimage\"},\"thumbnailUrl\":\"https:\\\/\\\/i0.wp.com\\\/senegalndiaye.com\\\/wp-content\\\/uploads\\\/2021\\\/06\\\/formation-infirmier-etat-au-senegal.jpg?fit=600%2C466&ssl=1\",\"articleSection\":[\"Blog\"],\"inLanguage\":\"tr\",\"potentialAction\":[{\"@type\":\"CommentAction\",\"name\":\"Comment\",\"target\":[\"https:\\\/\\\/senegalndiaye.com\\\/%e2%9c%85-les-formations-dinfirmier-detat-au-senegal\\\/#respond\"]}]},{\"@type\":\"WebPage\",\"@id\":\"https:\\\/\\\/senegalndiaye.com\\\/%e2%9c%85-les-formations-dinfirmier-detat-au-senegal\\\/\",\"url\":\"https:\\\/\\\/senegalndiaye.com\\\/%e2%9c%85-les-formations-dinfirmier-detat-au-senegal\\\/\",\"name\":\"\u2705 Les formations d'infirmier d\u2019\u00c9tat au S\u00e9n\u00e9gal &#187; Senegal Ndiaye\",\"isPartOf\":{\"@id\":\"https:\\\/\\\/senegalndiaye.com\\\/#website\"},\"primaryImageOfPage\":{\"@id\":\"https:\\\/\\\/senegalndiaye.com\\\/%e2%9c%85-les-formations-dinfirmier-detat-au-senegal\\\/#primaryimage\"},\"image\":{\"@id\":\"https:\\\/\\\/senegalndiaye.com\\\/%e2%9c%85-les-formations-dinfirmier-detat-au-senegal\\\/#primaryimage\"},\"thumbnailUrl\":\"https:\\\/\\\/i0.wp.com\\\/senegalndiaye.com\\\/wp-content\\\/uploads\\\/2021\\\/06\\\/formation-infirmier-etat-au-senegal.jpg?fit=600%2C466&ssl=1\",\"datePublished\":\"2021-06-20T13:14:20+00:00\",\"dateModified\":\"2021-06-20T13:15:49+00:00\",\"description\":\"D\u00e9couvrez dans cet article tout ce qu\u2019il faut savoir sur les formations d\u2019infirmier d\u2019\u00c9tat au S\u00e9n\u00e9gal.\",\"breadcrumb\":{\"@id\":\"https:\\\/\\\/senegalndiaye.com\\\/%e2%9c%85-les-formations-dinfirmier-detat-au-senegal\\\/#breadcrumb\"},\"inLanguage\":\"tr\",\"potentialAction\":[{\"@type\":\"ReadAction\",\"target\":[\"https:\\\/\\\/senegalndiaye.com\\\/%e2%9c%85-les-formations-dinfirmier-detat-au-senegal\\\/\"]}]},{\"@type\":\"ImageObject\",\"inLanguage\":\"tr\",\"@id\":\"https:\\\/\\\/senegalndiaye.com\\\/%e2%9c%85-les-formations-dinfirmier-detat-au-senegal\\\/#primaryimage\",\"url\":\"https:\\\/\\\/i0.wp.com\\\/senegalndiaye.com\\\/wp-content\\\/uploads\\\/2021\\\/06\\\/formation-infirmier-etat-au-senegal.jpg?fit=600%2C466&ssl=1\",\"contentUrl\":\"https:\\\/\\\/i0.wp.com\\\/senegalndiaye.com\\\/wp-content\\\/uploads\\\/2021\\\/06\\\/formation-infirmier-etat-au-senegal.jpg?fit=600%2C466&ssl=1\",\"width\":600,\"height\":466,\"caption\":\"formation infirmier d'etat au senegal\"},{\"@type\":\"BreadcrumbList\",\"@id\":\"https:\\\/\\\/senegalndiaye.com\\\/%e2%9c%85-les-formations-dinfirmier-detat-au-senegal\\\/#breadcrumb\",\"itemListElement\":[{\"@type\":\"ListItem\",\"position\":1,\"name\":\"Accueil\",\"item\":\"https:\\\/\\\/senegalndiaye.com\\\/\"},{\"@type\":\"ListItem\",\"position\":2,\"name\":\"\u2705 Les formations d&rsquo;infirmier d\u2019\u00c9tat au S\u00e9n\u00e9gal\"}]},{\"@type\":\"WebSite\",\"@id\":\"https:\\\/\\\/senegalndiaye.com\\\/#website\",\"url\":\"https:\\\/\\\/senegalndiaye.com\\\/\",\"name\":\"Senegal Ndiaye\",\"description\":\"Retrouvez les meilleurs endroits du S\u00e9n\u00e9gal\",\"publisher\":{\"@id\":\"https:\\\/\\\/senegalndiaye.com\\\/#organization\"},\"potentialAction\":[{\"@type\":\"SearchAction\",\"target\":{\"@type\":\"EntryPoint\",\"urlTemplate\":\"https:\\\/\\\/senegalndiaye.com\\\/?s={search_term_string}\"},\"query-input\":{\"@type\":\"PropertyValueSpecification\",\"valueRequired\":true,\"valueName\":\"search_term_string\"}}],\"inLanguage\":\"tr\"},{\"@type\":\"Organization\",\"@id\":\"https:\\\/\\\/senegalndiaye.com\\\/#organization\",\"name\":\"Senegal Ndiaye\",\"url\":\"https:\\\/\\\/senegalndiaye.com\\\/\",\"logo\":{\"@type\":\"ImageObject\",\"inLanguage\":\"tr\",\"@id\":\"https:\\\/\\\/senegalndiaye.com\\\/#\\\/schema\\\/logo\\\/image\\\/\",\"url\":\"https:\\\/\\\/senegalndiaye.com\\\/wp-content\\\/uploads\\\/2018\\\/05\\\/senegalndiaye_logo.png\",\"contentUrl\":\"https:\\\/\\\/senegalndiaye.com\\\/wp-content\\\/uploads\\\/2018\\\/05\\\/senegalndiaye_logo.png\",\"width\":150,\"height\":106,\"caption\":\"Senegal Ndiaye\"},\"image\":{\"@id\":\"https:\\\/\\\/senegalndiaye.com\\\/#\\\/schema\\\/logo\\\/image\\\/\"},\"sameAs\":[\"https:\\\/\\\/www.facebook.com\\\/senegalndiaye4\\\/\",\"https:\\\/\\\/x.com\\\/Senegalndiaye5\",\"https:\\\/\\\/www.instagram.com\\\/senegalndiaye1\\\/\",\"https:\\\/\\\/www.linkedin.com\\\/company\\\/senegal-ndiaye\\\/\"]},{\"@type\":\"Person\",\"@id\":\"https:\\\/\\\/senegalndiaye.com\\\/#\\\/schema\\\/person\\\/c1e0d9f50bc68102f5a7368b7c9551f5\",\"name\":\"Moderateur\",\"image\":{\"@type\":\"ImageObject\",\"inLanguage\":\"tr\",\"@id\":\"https:\\\/\\\/senegalndiaye.com\\\/wp-content\\\/litespeed\\\/avatar\\\/3fb7bc779db92bd05c1837e9542df344.jpg?ver=1777309443\",\"url\":\"https:\\\/\\\/senegalndiaye.com\\\/wp-content\\\/litespeed\\\/avatar\\\/3fb7bc779db92bd05c1837e9542df344.jpg?ver=1777309443\",\"contentUrl\":\"https:\\\/\\\/senegalndiaye.com\\\/wp-content\\\/litespeed\\\/avatar\\\/3fb7bc779db92bd05c1837e9542df344.jpg?ver=1777309443\",\"caption\":\"Moderateur\"},\"url\":\"https:\\\/\\\/senegalndiaye.com\\\/tr\\\/author\\\/sndigital\\\/\"}]}<\/script>\n<!-- \/ Yoast SEO plugin. -->","yoast_head_json":{"title":"\u2705 Senegal&#039;de devlet hem\u015firesi e\u011fitimi \u00bb Senegal Ndiaye","description":"Senegal&#039;de devlet hem\u015fireli\u011fi e\u011fitimi hakk\u0131nda bilmeniz gereken her \u015feyi bu makalede ke\u015ffedin.","robots":{"index":"index","follow":"follow","max-snippet":"max-snippet:-1","max-image-preview":"max-image-preview:large","max-video-preview":"max-video-preview:-1"},"canonical":"https:\/\/senegalndiaye.com\/tr\/\u2705-les-formations-dinfirmier-detat-au-senegal\/","og_locale":"tr_TR","og_type":"article","og_title":"\u2705 Les formations d'infirmier d\u2019\u00c9tat au S\u00e9n\u00e9gal &#187; Senegal Ndiaye","og_description":"D\u00e9couvrez dans cet article tout ce qu\u2019il faut savoir sur les formations d\u2019infirmier d\u2019\u00c9tat au S\u00e9n\u00e9gal.","og_url":"https:\/\/senegalndiaye.com\/tr\/\u2705-les-formations-dinfirmier-detat-au-senegal\/","og_site_name":"Senegal Ndiaye","article_publisher":"https:\/\/www.facebook.com\/senegalndiaye4\/","article_published_time":"2021-06-20T13:14:20+00:00","article_modified_time":"2021-06-20T13:15:49+00:00","og_image":[{"width":600,"height":466,"url":"https:\/\/senegalndiaye.com\/wp-content\/uploads\/2021\/06\/formation-infirmier-etat-au-senegal.jpg","type":"image\/jpeg"}],"author":"Moderateur","twitter_card":"summary_large_image","twitter_creator":"@Senegalndiaye5","twitter_site":"@Senegalndiaye5","twitter_misc":{"Yazan:":"Moderateur","Tahmini okuma s\u00fcresi":"4 dakika"},"schema":{"@context":"https:\/\/schema.org","@graph":[{"@type":"Article","@id":"https:\/\/senegalndiaye.com\/%e2%9c%85-les-formations-dinfirmier-detat-au-senegal\/#article","isPartOf":{"@id":"https:\/\/senegalndiaye.com\/%e2%9c%85-les-formations-dinfirmier-detat-au-senegal\/"},"author":{"name":"Moderateur","@id":"https:\/\/senegalndiaye.com\/#\/schema\/person\/c1e0d9f50bc68102f5a7368b7c9551f5"},"headline":"\u2705 Les formations d&rsquo;infirmier d\u2019\u00c9tat au S\u00e9n\u00e9gal","datePublished":"2021-06-20T13:14:20+00:00","dateModified":"2021-06-20T13:15:49+00:00","mainEntityOfPage":{"@id":"https:\/\/senegalndiaye.com\/%e2%9c%85-les-formations-dinfirmier-detat-au-senegal\/"},"wordCount":1035,"commentCount":12,"publisher":{"@id":"https:\/\/senegalndiaye.com\/#organization"},"image":{"@id":"https:\/\/senegalndiaye.com\/%e2%9c%85-les-formations-dinfirmier-detat-au-senegal\/#primaryimage"},"thumbnailUrl":"https:\/\/i0.wp.com\/senegalndiaye.com\/wp-content\/uploads\/2021\/06\/formation-infirmier-etat-au-senegal.jpg?fit=600%2C466&ssl=1","articleSection":["Blog"],"inLanguage":"tr","potentialAction":[{"@type":"CommentAction","name":"Comment","target":["https:\/\/senegalndiaye.com\/%e2%9c%85-les-formations-dinfirmier-detat-au-senegal\/#respond"]}]},{"@type":"WebPage","@id":"https:\/\/senegalndiaye.com\/%e2%9c%85-les-formations-dinfirmier-detat-au-senegal\/","url":"https:\/\/senegalndiaye.com\/%e2%9c%85-les-formations-dinfirmier-detat-au-senegal\/","name":"\u2705 Senegal&#039;de devlet hem\u015firesi e\u011fitimi \u00bb Senegal Ndiaye","isPartOf":{"@id":"https:\/\/senegalndiaye.com\/#website"},"primaryImageOfPage":{"@id":"https:\/\/senegalndiaye.com\/%e2%9c%85-les-formations-dinfirmier-detat-au-senegal\/#primaryimage"},"image":{"@id":"https:\/\/senegalndiaye.com\/%e2%9c%85-les-formations-dinfirmier-detat-au-senegal\/#primaryimage"},"thumbnailUrl":"https:\/\/i0.wp.com\/senegalndiaye.com\/wp-content\/uploads\/2021\/06\/formation-infirmier-etat-au-senegal.jpg?fit=600%2C466&ssl=1","datePublished":"2021-06-20T13:14:20+00:00","dateModified":"2021-06-20T13:15:49+00:00","description":"Senegal&#039;de devlet hem\u015fireli\u011fi e\u011fitimi hakk\u0131nda bilmeniz gereken her \u015feyi bu makalede ke\u015ffedin.","breadcrumb":{"@id":"https:\/\/senegalndiaye.com\/%e2%9c%85-les-formations-dinfirmier-detat-au-senegal\/#breadcrumb"},"inLanguage":"tr","potentialAction":[{"@type":"ReadAction","target":["https:\/\/senegalndiaye.com\/%e2%9c%85-les-formations-dinfirmier-detat-au-senegal\/"]}]},{"@type":"ImageObject","inLanguage":"tr","@id":"https:\/\/senegalndiaye.com\/%e2%9c%85-les-formations-dinfirmier-detat-au-senegal\/#primaryimage","url":"https:\/\/i0.wp.com\/senegalndiaye.com\/wp-content\/uploads\/2021\/06\/formation-infirmier-etat-au-senegal.jpg?fit=600%2C466&ssl=1","contentUrl":"https:\/\/i0.wp.com\/senegalndiaye.com\/wp-content\/uploads\/2021\/06\/formation-infirmier-etat-au-senegal.jpg?fit=600%2C466&ssl=1","width":600,"height":466,"caption":"formation infirmier d'etat au senegal"},{"@type":"BreadcrumbList","@id":"https:\/\/senegalndiaye.com\/%e2%9c%85-les-formations-dinfirmier-detat-au-senegal\/#breadcrumb","itemListElement":[{"@type":"ListItem","position":1,"name":"Accueil","item":"https:\/\/senegalndiaye.com\/"},{"@type":"ListItem","position":2,"name":"\u2705 Les formations d&rsquo;infirmier d\u2019\u00c9tat au S\u00e9n\u00e9gal"}]},{"@type":"WebSite","@id":"https:\/\/senegalndiaye.com\/#website","url":"https:\/\/senegalndiaye.com\/","name":"Senegal Ndiaye","description":"Senegal&#039;deki en iyi yerleri bulun","publisher":{"@id":"https:\/\/senegalndiaye.com\/#organization"},"potentialAction":[{"@type":"SearchAction","target":{"@type":"EntryPoint","urlTemplate":"https:\/\/senegalndiaye.com\/?s={search_term_string}"},"query-input":{"@type":"PropertyValueSpecification","valueRequired":true,"valueName":"search_term_string"}}],"inLanguage":"tr"},{"@type":"Organization","@id":"https:\/\/senegalndiaye.com\/#organization","name":"Senegal Ndiaye","url":"https:\/\/senegalndiaye.com\/","logo":{"@type":"ImageObject","inLanguage":"tr","@id":"https:\/\/senegalndiaye.com\/#\/schema\/logo\/image\/","url":"https:\/\/senegalndiaye.com\/wp-content\/uploads\/2018\/05\/senegalndiaye_logo.png","contentUrl":"https:\/\/senegalndiaye.com\/wp-content\/uploads\/2018\/05\/senegalndiaye_logo.png","width":150,"height":106,"caption":"Senegal Ndiaye"},"image":{"@id":"https:\/\/senegalndiaye.com\/#\/schema\/logo\/image\/"},"sameAs":["https:\/\/www.facebook.com\/senegalndiaye4\/","https:\/\/x.com\/Senegalndiaye5","https:\/\/www.instagram.com\/senegalndiaye1\/","https:\/\/www.linkedin.com\/company\/senegal-ndiaye\/"]},{"@type":"Person","@id":"https:\/\/senegalndiaye.com\/#\/schema\/person\/c1e0d9f50bc68102f5a7368b7c9551f5","name":"moderat\u00f6r","image":{"@type":"ImageObject","inLanguage":"tr","@id":"https:\/\/senegalndiaye.com\/wp-content\/litespeed\/avatar\/3fb7bc779db92bd05c1837e9542df344.jpg?ver=1777309443","url":"https:\/\/senegalndiaye.com\/wp-content\/litespeed\/avatar\/3fb7bc779db92bd05c1837e9542df344.jpg?ver=1777309443","contentUrl":"https:\/\/senegalndiaye.com\/wp-content\/litespeed\/avatar\/3fb7bc779db92bd05c1837e9542df344.jpg?ver=1777309443","caption":"Moderateur"},"url":"https:\/\/senegalndiaye.com\/tr\/author\/sndigital\/"}]}},"jetpack_featured_media_url":"https:\/\/i0.wp.com\/senegalndiaye.com\/wp-content\/uploads\/2021\/06\/formation-infirmier-etat-au-senegal.jpg?fit=600%2C466&ssl=1","jetpack_sharing_enabled":true,"jetpack-related-posts":[{"id":24334,"url":"https:\/\/senegalndiaye.com\/tr\/%e2%9c%85-formation-au-senegal-niveau-bfem-2021\/","url_meta":{"origin":24221,"position":0},"title":"\u2705 Senegal BFEM seviyesinde e\u011fitim \u2013 2024","author":"Moderateur","date":"Temmuz 16, 2021","format":false,"excerpt":"Senegal&#039;de BFEM d\u00fczeyinde e\u011fitim Senegal&#039;de art\u0131k BFEM d\u00fczeyinde bir e\u011fitim almak m\u00fcmk\u00fcn. Lise diplomas\u0131na sahip \u00f6\u011frenciler \u00e7e\u015fitli alanlarda e\u011fitim alabilirler. Sa\u011fl\u0131k, tar\u0131m ve hatta sanayideki mevcut alanlar da onlara a\u00e7\u0131kt\u0131r. \u0130\u015fte...","rel":"","context":"&quot;Blog&quot; i\u00e7inde","block_context":{"text":"Blog","link":"https:\/\/senegalndiaye.com\/tr\/category\/blog\/"},"img":{"alt_text":"formation niveau bfem au s\u00e9n\u00e9gal","src":"https:\/\/i0.wp.com\/senegalndiaye.com\/wp-content\/uploads\/2021\/07\/formation-niveau-bfem-senegal.jpg?fit=849%2C566&ssl=1&resize=350%2C200","width":350,"height":200,"srcset":"https:\/\/i0.wp.com\/senegalndiaye.com\/wp-content\/uploads\/2021\/07\/formation-niveau-bfem-senegal.jpg?fit=849%2C566&ssl=1&resize=350%2C200 1x, https:\/\/i0.wp.com\/senegalndiaye.com\/wp-content\/uploads\/2021\/07\/formation-niveau-bfem-senegal.jpg?fit=849%2C566&ssl=1&resize=525%2C300 1.5x, https:\/\/i0.wp.com\/senegalndiaye.com\/wp-content\/uploads\/2021\/07\/formation-niveau-bfem-senegal.jpg?fit=849%2C566&ssl=1&resize=700%2C400 2x"},"classes":[]},{"id":24539,"url":"https:\/\/senegalndiaye.com\/tr\/formations-apres-le-bac-l-au-senegal\/","url_meta":{"origin":24221,"position":1},"title":"2025&#039;te Senegal&#039;de bac L&#039;den sonra antrenman","author":"Moderateur","date":"A\u011fustos 16, 2021","format":false,"excerpt":"L serisindeki lisans derecenizi ald\u0131\u011f\u0131n\u0131z i\u00e7in tebrikler. \u015eimdi \u00e7al\u0131\u015fma planlar\u0131n\u0131z\u0131 d\u00fc\u015f\u00fcnme zaman\u0131. Hangi se\u00e7enekler mevcut? Hangi dersleri almal\u0131s\u0131n\u0131z? Ve Senegal&#039;de devlet taraf\u0131ndan onaylanan hangi meslek okullar\u0131 var? Bu makalede bunlar\u0131 de\u011ferlendirece\u011fiz.","rel":"","context":"&quot;Blog&quot; i\u00e7inde","block_context":{"text":"Blog","link":"https:\/\/senegalndiaye.com\/tr\/category\/blog\/"},"img":{"alt_text":"formation apres bac l au senegal","src":"https:\/\/i0.wp.com\/senegalndiaye.com\/wp-content\/uploads\/2021\/08\/formation-apres-bac-L.jpg?fit=850%2C478&ssl=1&resize=350%2C200","width":350,"height":200,"srcset":"https:\/\/i0.wp.com\/senegalndiaye.com\/wp-content\/uploads\/2021\/08\/formation-apres-bac-L.jpg?fit=850%2C478&ssl=1&resize=350%2C200 1x, https:\/\/i0.wp.com\/senegalndiaye.com\/wp-content\/uploads\/2021\/08\/formation-apres-bac-L.jpg?fit=850%2C478&ssl=1&resize=525%2C300 1.5x, https:\/\/i0.wp.com\/senegalndiaye.com\/wp-content\/uploads\/2021\/08\/formation-apres-bac-L.jpg?fit=850%2C478&ssl=1&resize=700%2C400 2x"},"classes":[]},{"id":24784,"url":"https:\/\/senegalndiaye.com\/tr\/%e2%9c%85-formation-en-qualite-hygiene-securite-environnement-au-senegal\/","url_meta":{"origin":24221,"position":2},"title":"\u2705 Senegal&#039;de kaliteli hijyen, \u00e7evre g\u00fcvenli\u011fi e\u011fitimi","author":"Moderateur","date":"Ekim 5, 2021","format":false,"excerpt":"Senegal&#039;de kalite, sa\u011fl\u0131k, g\u00fcvenlik ve \u00e7evre y\u00f6netimi alan\u0131nda bir derece almak istiyorsan\u0131z, bu m\u00fcmk\u00fcn. \u00dclkeyi terk etmeden derecenizi tamamlayabilir, ulusal ve uluslararas\u0131 alanda tan\u0131nan bir diploma alabilirsiniz. Hangi programlar\u0131 se\u00e7melisiniz? Senegal&#039;deki en iyi Kalite, Sa\u011fl\u0131k ve G\u00fcvenlik (QHSE) e\u011fitim okullar\u0131 hangileridir?","rel":"","context":"&quot;Blog&quot; i\u00e7inde","block_context":{"text":"Blog","link":"https:\/\/senegalndiaye.com\/tr\/category\/blog\/"},"img":{"alt_text":"Formation en qualit\u00e9 hygi\u00e8ne s\u00e9curit\u00e9 environnement au S\u00e9n\u00e9gal","src":"https:\/\/i0.wp.com\/senegalndiaye.com\/wp-content\/uploads\/2021\/10\/QHSE.jpg?fit=675%2C437&ssl=1&resize=350%2C200","width":350,"height":200,"srcset":"https:\/\/i0.wp.com\/senegalndiaye.com\/wp-content\/uploads\/2021\/10\/QHSE.jpg?fit=675%2C437&ssl=1&resize=350%2C200 1x, https:\/\/i0.wp.com\/senegalndiaye.com\/wp-content\/uploads\/2021\/10\/QHSE.jpg?fit=675%2C437&ssl=1&resize=525%2C300 1.5x"},"classes":[]},{"id":23191,"url":"https:\/\/senegalndiaye.com\/tr\/les-ecoles-de-formation-en-sante-reconnue-par-letat-du-senegal\/","url_meta":{"origin":24221,"position":3},"title":"2025&#039;te Senegal eyaleti taraf\u0131ndan tan\u0131nan sa\u011fl\u0131k e\u011fitimi okullar\u0131","author":"Moderateur","date":"Eyl\u00fcl 7, 2020","format":false,"excerpt":"Senegal&#039;de giderek daha fazla sa\u011fl\u0131k e\u011fitim okulu a\u00e7\u0131l\u0131rken, bu durum art\u0131k bu kurumlar aras\u0131nda bilin\u00e7li bir se\u00e7im yapmak isteyen yeni lise mezunlar\u0131 i\u00e7in bir zorluk te\u015fkil ediyor. E\u011fitimin kalitesi ve Senegal devleti taraf\u0131ndan tan\u0131nma gibi kriterleri g\u00f6z \u00f6n\u00fcnde bulundurmalar\u0131 gerekiyor.","rel":"","context":"&quot;Blog&quot; i\u00e7inde","block_context":{"text":"Blog","link":"https:\/\/senegalndiaye.com\/tr\/category\/blog\/"},"img":{"alt_text":"ecole de formation en sant\u00e9 reconnue par l'etat du senegal","src":"https:\/\/i0.wp.com\/senegalndiaye.com\/wp-content\/uploads\/2020\/09\/acredite.jpg?fit=500%2C500&ssl=1&resize=350%2C200","width":350,"height":200},"classes":[]},{"id":23823,"url":"https:\/\/senegalndiaye.com\/tr\/les-ecoles-de-formations-professionnelles-au-senegal\/","url_meta":{"origin":24221,"position":4},"title":"Senegal&#039;deki mesleki e\u011fitim okullar\u0131","author":"Moderateur","date":"Nisan 7, 2021","format":false,"excerpt":"Senegal&#039;deki mesleki e\u011fitim okullar\u0131, \u00f6\u011frencilerin belirli bir alanda bilgi ve uzmanl\u0131k edinmelerine olanak tan\u0131r. Nitekim Senegal&#039;de temel ve s\u00fcrekli mesleki e\u011fitim veren d\u00fczinelerce mesleki e\u011fitim kurumu bulunmaktad\u0131r. Say\u0131lar\u0131 y\u0131llar ge\u00e7tik\u00e7e artmaya devam etmektedir.","rel":"","context":"&quot;actualit\u00e9&quot; i\u00e7inde","block_context":{"text":"actualit\u00e9","link":"https:\/\/senegalndiaye.com\/tr\/category\/actualite\/"},"img":{"alt_text":"ecole de formation professionnelle au S\u00e9n\u00e9gal","src":"https:\/\/i0.wp.com\/senegalndiaye.com\/wp-content\/uploads\/2021\/04\/formation-professionelle.jpg?fit=760%2C478&ssl=1&resize=350%2C200","width":350,"height":200,"srcset":"https:\/\/i0.wp.com\/senegalndiaye.com\/wp-content\/uploads\/2021\/04\/formation-professionelle.jpg?fit=760%2C478&ssl=1&resize=350%2C200 1x, https:\/\/i0.wp.com\/senegalndiaye.com\/wp-content\/uploads\/2021\/04\/formation-professionelle.jpg?fit=760%2C478&ssl=1&resize=525%2C300 1.5x, https:\/\/i0.wp.com\/senegalndiaye.com\/wp-content\/uploads\/2021\/04\/formation-professionelle.jpg?fit=760%2C478&ssl=1&resize=700%2C400 2x"},"classes":[]},{"id":24384,"url":"https:\/\/senegalndiaye.com\/tr\/%e2%9c%85-formation-en-anglais-a-dakar\/","url_meta":{"origin":24221,"position":5},"title":"\u2705 Dakar&#039;da \u0130ngilizce e\u011fitimi","author":"Moderateur","date":"Temmuz 23, 2021","format":false,"excerpt":"G\u00fcn\u00fcm\u00fczde, sekt\u00f6r\u00fcn\u00fcz ne olursa olsun, \u0130ngilizce&#039;ye hakim olmak olmazsa olmaz. Ger\u00e7ekten de, bir BT uzman\u0131 veya hatta bir sat\u0131\u015f m\u00fcd\u00fcr\u00fc olmay\u0131 hedefliyorsan\u0131z, \u0130ngilizce becerilerine sahip olmal\u0131s\u0131n\u0131z. \u00dcstelik, 80&#039;den fazla \u00fclkede konu\u015fulan bir dil. Bu makalede e\u011fitim kurslar\u0131n\u0131 ke\u015ffedin...","rel":"","context":"&quot;Blog&quot; i\u00e7inde","block_context":{"text":"Blog","link":"https:\/\/senegalndiaye.com\/tr\/category\/blog\/"},"img":{"alt_text":"formation en anglais a dakar","src":"https:\/\/i0.wp.com\/senegalndiaye.com\/wp-content\/uploads\/2021\/07\/formation-en-anglais-a-dakar.jpg?fit=512%2C362&ssl=1&resize=350%2C200","width":350,"height":200},"classes":[]}],"_links":{"self":[{"href":"https:\/\/senegalndiaye.com\/tr\/wp-json\/wp\/v2\/posts\/24221","targetHints":{"allow":["GET"]}}],"collection":[{"href":"https:\/\/senegalndiaye.com\/tr\/wp-json\/wp\/v2\/posts"}],"about":[{"href":"https:\/\/senegalndiaye.com\/tr\/wp-json\/wp\/v2\/types\/post"}],"author":[{"embeddable":true,"href":"https:\/\/senegalndiaye.com\/tr\/wp-json\/wp\/v2\/users\/8"}],"replies":[{"embeddable":true,"href":"https:\/\/senegalndiaye.com\/tr\/wp-json\/wp\/v2\/comments?post=24221"}],"version-history":[{"count":3,"href":"https:\/\/senegalndiaye.com\/tr\/wp-json\/wp\/v2\/posts\/24221\/revisions"}],"predecessor-version":[{"id":24225,"href":"https:\/\/senegalndiaye.com\/tr\/wp-json\/wp\/v2\/posts\/24221\/revisions\/24225"}],"wp:featuredmedia":[{"embeddable":true,"href":"https:\/\/senegalndiaye.com\/tr\/wp-json\/wp\/v2\/media\/24222"}],"wp:attachment":[{"href":"https:\/\/senegalndiaye.com\/tr\/wp-json\/wp\/v2\/media?parent=24221"}],"wp:term":[{"taxonomy":"category","embeddable":true,"href":"https:\/\/senegalndiaye.com\/tr\/wp-json\/wp\/v2\/categories?post=24221"},{"taxonomy":"post_tag","embeddable":true,"href":"https:\/\/senegalndiaye.com\/tr\/wp-json\/wp\/v2\/tags?post=24221"}],"curies":[{"name":"wp","href":"https:\/\/api.w.org\/{rel}","templated":true}]}}