{"id":24184,"date":"2021-06-10T09:44:02","date_gmt":"2021-06-10T09:44:02","guid":{"rendered":"https:\/\/senegalndiaye.com\/?p=24184"},"modified":"2021-06-10T09:44:02","modified_gmt":"2021-06-10T09:44:02","slug":"%e2%9c%85-les-formations-en-agrobusiness-au-senegal","status":"publish","type":"post","link":"https:\/\/senegalndiaye.com\/tr\/%e2%9c%85-les-formations-en-agrobusiness-au-senegal\/","title":{"rendered":"\u2705 Senegal&#039;de tar\u0131m i\u015fletmecili\u011fi e\u011fitimi"},"content":{"rendered":"<p>Tar\u0131m ticaretinde e\u011fitim, bug\u00fcn geli\u015fen bir sekt\u00f6r olan tar\u0131mla ilgili ticareti ke\u015ffetmenizi sa\u011flar. Ger\u00e7ekten de bug\u00fcn binlerce genci istihdam ediyor. Ancak tar\u0131mla ilgili meslekler ilginizi \u00e7ekiyorsa, Senegal&#039;de \u00e7e\u015fitli e\u011fitim okullar\u0131 bulacaks\u0131n\u0131z. Bu makaledeki gerekli bilgileri ke\u015ffedin <strong>Senegal&#039;de tar\u0131m i\u015fletmecili\u011fi e\u011fitimi.\u00a0 \u00a0<\/strong><\/p>\n<p><strong>Senegal&#039;de var olan tar\u0131m i\u015fletmecili\u011fi e\u011fitim programlar\u0131 \u00a0<\/strong><\/p>\n<p>Tar\u0131m ticareti e\u011fitiminin temel amac\u0131, \u00f6\u011frencilerin tar\u0131msal g\u0131da pazarlar\u0131n\u0131n i\u015fleyi\u015fini ve k\u00fcreselle\u015fmenin zorluklar\u0131n\u0131 anlamalar\u0131n\u0131 sa\u011flamakt\u0131r. Bu dersler a\u015fa\u011f\u0131daki temalar etraf\u0131nda d\u00f6ner:<\/p>\n<ul>\n<li>\u00d6zel veya kamu \u015firketlerinde y\u00f6netim ve y\u00f6netim S\u00fcrd\u00fcr\u00fclebilir kalk\u0131nma.<\/li>\n<li>\u0130nsan\u0131n \u00e7evresindeki sorumluluklar\u0131<\/li>\n<li>Tar\u0131m<\/li>\n<li>\u015eirket y\u00f6netimi<\/li>\n<li>tar\u0131m-g\u0131da sekt\u00f6r\u00fc<\/li>\n<li>y\u00f6netim ve idare<\/li>\n<li>Dijital ileti\u015fim<\/li>\n<\/ul>\n<p>Teorik bilgileri peki\u015ftirmek i\u00e7in e\u011fitim okullar\u0131 somut projeler sunar. Bunlara, \u00f6\u011frencinin Senegal&#039;deki tar\u0131m ticareti pazar\u0131n\u0131 tan\u0131mas\u0131n\u0131 sa\u011flayan stajlar e\u015flik eder.<\/p>\n<p><strong>Bu t\u00fcr bir e\u011fitimin ger\u00e7ekle\u015ftirilme ko\u015fullar\u0131<\/strong><\/p>\n<p>Bu t\u00fcr bir e\u011fitimi Senegal&#039;de yapabilmek i\u00e7in lisans diplomas\u0131na sahip olmak yeterlidir. Ancak, bir seri, S, G veya L2 tepsisine sahip olmak tercih edilir.<\/p>\n<p><strong>Senegal&#039;deki tar\u0131m i\u015fletmecili\u011fi e\u011fitim okullar\u0131 <\/strong><\/p>\n<p>Tar\u0131m i\u015fletmecili\u011fi e\u011fitim okullar\u0131 m\u00fckemmellikleri ile \u00fcnl\u00fcd\u00fcr. Ancak, \u00e7o\u011fu Dakar&#039;da.<\/p>\n<p><strong>Bordeaux Y\u00f6netim Okulu (BEM) <\/strong><\/p>\n<p>BEM, Senegal&#039;de benzersiz olmaya devam ediyor. Ger\u00e7ekten de, bir <strong>Ortak derece<\/strong> ile ilgili <strong>Lyon&#039;daki ISARA<\/strong>, n\u0131n-nin <strong>BEM<\/strong> ve <strong>Bambey Alioune Diop \u00dcniversitesi<\/strong>.<\/p>\n<p>E\u011fitim <strong>Lisans Tar\u0131m ve Sanayi<\/strong> BEM&#039;de \u00fc\u00e7 y\u0131l i\u00e7inde ger\u00e7ekle\u015fir. Kabul, ilk y\u0131ldaki herhangi bir dizinin lisans \u00f6\u011frencilerinin eri\u015febilece\u011fi rekabet\u00e7i s\u0131navla yap\u0131l\u0131r. Ayr\u0131ca okulun \u00fccretsiz olmad\u0131\u011f\u0131n\u0131 da unutmay\u0131n.<\/p>\n<p>\u0130lk iki y\u0131l ortak \u00e7ekirdek olarak yap\u0131l\u0131r. \u00dc\u00e7\u00fcnc\u00fc y\u0131llarda, \u00f6\u011frenci tar\u0131m i\u015fletmecili\u011fi veya tar\u0131msal sanayide uzmanla\u015fabilir. E\u011fitim teorik ve uygulamal\u0131 derslerde yap\u0131l\u0131r. Teorik \u00e7al\u0131\u015fmalar Dakar&#039;da, pratik \u00e7al\u0131\u015fmalar ise Bambey&#039;deki Alioune Diop \u00dcniversitesi&#039;nde ger\u00e7ekle\u015ftirilmektedir.<\/p>\n<p><strong>BEM&#039;e giri\u015f s\u0131nav\u0131<\/strong><\/p>\n<p>Her y\u0131l May\u0131s-Haziran aylar\u0131 aras\u0131nda d\u00fczenlenmektedir. Lisans derecesine sahip herkes taraf\u0131ndan eri\u015filebilir. Okula kay\u0131t olmak basittir. Siteyi ziyaret edin <strong>www.bem.sn<\/strong>. Orada bir ba\u015fvuru formu bulacaks\u0131n\u0131z. \u0130lgilendi\u011finiz e\u011fitim t\u00fcr\u00fcn\u00fc se\u00e7in ve soyad\u0131n\u0131z\u0131, ad\u0131n\u0131z\u0131 ve e-posta adresinizi girin. Do\u011frulamadan sonra posta kutunuza dan\u0131\u015f\u0131n, kayd\u0131n\u0131z\u0131 tamamlamak i\u00e7in izlemeniz gereken ad\u0131mlar\u0131 \u00f6zetleyen bir PDF dosyas\u0131 g\u00f6receksiniz.<\/p>\n<p><strong>ISM<\/strong><\/p>\n<p>ISM grubu \u015fu konularda e\u011fitim sunmaktad\u0131r: <strong>Lisans Y\u00f6netim Se\u00e7ene\u011fi Tar\u0131m \u0130\u015fletmecili\u011fi<\/strong>. Nitekim e\u011fitimin amac\u0131, gen\u00e7lere tar\u0131m i\u015fletmecili\u011fi konusunda sa\u011flam bilgiler vererek onlar\u0131 denetlemektir. \u00d6\u011fretim y\u00f6netim, pazarlama ve finans \u00fczerine kuruludur.<\/p>\n<p><strong>\u00d6deme \u015fartlar\u0131<\/strong><\/p>\n<p>Bunlar, a\u015fa\u011f\u0131daki \u015fekilde da\u011f\u0131t\u0131lan 1.300.000 CFA Frang\u0131 tutar\u0131ndad\u0131r:<\/p>\n<ul>\n<li>Kay\u0131t \u00fccreti olarak 400.000 F CFA<\/li>\n<li>Ve \u00f6\u011frenim \u00fccreti olarak 900.000 F CFA<\/li>\n<\/ul>\n<p><strong>\u00a0uygulama dosyas\u0131 <\/strong><\/p>\n<p>Ba\u015fvuru dosyas\u0131 a\u015fa\u011f\u0131daki belgelerden olu\u015fur:<\/p>\n<ul>\n<li>Bakalorya diplomas\u0131n\u0131n onayl\u0131 fotokopisi<\/li>\n<li>Terminal transkriptlerinin ger\u00e7ek fotokopisi<\/li>\n<li>Ulusal kimlik belgesinin onayl\u0131 fotokopisi<\/li>\n<li>Ziyarete kar\u015f\u0131 ziyaret belgesi<\/li>\n<li>CV ve 4 kimlik foto\u011fraf\u0131<\/li>\n<\/ul>\n<p><strong>Madencilik Teknolojisi ve Tar\u0131m \u0130\u015fletmecili\u011fi Okulu (EMTA) <\/strong><\/p>\n<p>EMPTA, tar\u0131m i\u015fletmecili\u011fi ve tar\u0131m ekonomisi alanlar\u0131nda teorik ve pratik pedagojik dersler vermektedir. Program, \u00f6\u011frencinin okul ve \u015firketler aras\u0131nda ders de\u011fi\u015ftirmesine izin verir. Oturumlar y\u00f6netim gibi mod\u00fcllere ayr\u0131lm\u0131\u015ft\u0131r.<strong> ve geli\u015fim<\/strong> tar\u0131m ticareti, <strong>g\u0131da end\u00fcstrisi organizasyonu<\/strong>, Y\u00f6netim ve <strong>\u015firket y\u00f6netimi<\/strong>.<\/p>\n<p><strong>Derslerin seyri <\/strong><\/p>\n<p>\u0130lk iki y\u0131l ortak \u00e7ekirdek olarak yap\u0131l\u0131r. Ayr\u0131ca, \u00f6\u011frenci \u00fc\u00e7\u00fcnc\u00fc s\u0131rada ve \u00e7e\u015fitli dallarda uzmanla\u015fma se\u00e7ene\u011fi.<\/p>\n<p><strong>Kabul \u015fartlar\u0131 <\/strong><\/p>\n<p>\u0130lk kabul i\u00e7in aday\u0131n bakalorya ve motivasyona sahip olmas\u0131, ikinci y\u0131l Bac+1 ve \u00fc\u00e7\u00fcnc\u00fc y\u0131l B+2 olmas\u0131 gerekir.<\/p>\n<p><strong>kay\u0131t prosed\u00fcr\u00fc <\/strong><\/p>\n<p>Okula kabul edilmek i\u00e7in aday\u0131n a\u015fa\u011f\u0131daki belgeleri sa\u011flamas\u0131 gerekir:<strong> \u00a0<\/strong><\/p>\n<ul>\n<li>yaz\u0131l\u0131 ba\u015fvuru<\/li>\n<li>Aday\u0131n ge\u00e7mi\u015fini \u00f6zetleyen bir \u00f6zge\u00e7mi\u015f<\/li>\n<li>Son iki transkriptin tasdikli fotokopisi<\/li>\n<li>Al\u0131nan diplomalar\u0131n fotokopisi.<\/li>\n<\/ul>\n<p>Ba\u015fvurunun ard\u0131ndan test ve m\u00fclakat yap\u0131lacakt\u0131r. Ayr\u0131ca, test, aday\u0131n \u0130ngilizce ve bilgisayar becerileri konusundaki yetenek ve bilgisine odaklanacakt\u0131r.<\/p>\n<p><strong>Gaston Berger \u00dcniversitesi (UGB)<\/strong><\/p>\n<p>UGB, tar\u0131m i\u015fletmecili\u011fi alan\u0131nda lisans derecesi sunmaktad\u0131r. \u0130lk iki y\u0131l ortak \u00e7ekirdek olarak yap\u0131l\u0131r. \u00d6\u011frenciler, kurulu\u015flar\u0131n y\u00f6netimini ve bilgisayarl\u0131 y\u00f6netimi \u00f6\u011frenmek zorunda kalacaklar.<\/p>\n<p><strong>E\u011fitime kabul ko\u015fullar\u0131 <\/strong><\/p>\n<p>UGB&#039;de tar\u0131m i\u015fletmecili\u011fi lisans derecesi seri mezunlara a\u00e7\u0131kt\u0131r: <strong>L2,<\/strong> <strong>S1<\/strong>, <strong>S2<\/strong>, <strong>G<\/strong> iyi bir matematik seviyesi ile.<\/p>\n<p><strong>yaz\u0131tlar<\/strong><\/p>\n<p>Sadece Campusen platformu \u00fczerinden yap\u0131l\u0131r.<\/p>\n<p><strong>Senegal&#039;de tar\u0131m ticareti e\u011fitimi i\u00e7in f\u0131rsatlar <\/strong><\/p>\n<p>Tar\u0131m i\u015fletmecili\u011fi e\u011fitimi ald\u0131ktan sonra, \u00f6\u011frenci<\/p>\n<ul>\n<li>K\u0131demli G\u0131da Teknisyeni<\/li>\n<li>\u00dcr\u00fcn pazarlama m\u00fcd\u00fcr\u00fc<\/li>\n<li>Tar\u0131msal Ara\u015ft\u0131rmada K\u0131demli Teknisyen<\/li>\n<li>Giri\u015fimci<\/li>\n<li>\u00fcretim tesisi y\u00f6neticisi<\/li>\n<li>G\u0131da i\u015fletmecileri<\/li>\n<\/ul>\n<p>Tar\u0131m ticareti, Senegal&#039;de kalk\u0131nma politikas\u0131n\u0131n bir aya\u011f\u0131d\u0131r. Bu alanda e\u011fitim, mesleki entegrasyon a\u00e7\u0131s\u0131ndan bir\u00e7ok f\u0131rsat sunmaktad\u0131r.<\/p>\n<h3>T\u00fcm makalelerimizi sitemizde bulabilirsiniz. <a href=\"https:\/\/senegalndiaye.com\/tr\/blog\/\">Blog<\/a><\/h3>","protected":false},"excerpt":{"rendered":"<p>Les formations en agrobusiness permettent de d\u00e9couvrir le commerce autour de l\u2019agriculture, qui est aujourd\u2019hui un secteur en plein essor. En effet, il emploie des milliers de jeunes aujourd\u2019hui. Cependant,\u00a0si les m\u00e9tiers de commerces li\u00e9s \u00e0 l\u2019agriculture vous int\u00e9ressent, vous trouverez diverses \u00e9coles de formation au S\u00e9n\u00e9gal. D\u00e9couvrez dans cet article les informations n\u00e9cessaires sur [&hellip;]<\/p>\n","protected":false},"author":8,"featured_media":24185,"comment_status":"open","ping_status":"open","sticky":false,"template":"","format":"standard","meta":{"_jetpack_memberships_contains_paid_content":false,"footnotes":""},"categories":[83],"tags":[],"class_list":["post-24184","post","type-post","status-publish","format-standard","has-post-thumbnail","hentry","category-blog"],"yoast_head":"<!-- This site is optimized with the Yoast SEO plugin v27.5 - https:\/\/yoast.com\/product\/yoast-seo-wordpress\/ -->\n<title>\u2705 Les formations en agrobusiness au S\u00e9n\u00e9gal &#187; Senegal Ndiaye<\/title>\n<meta name=\"description\" content=\"D\u00e9couvrez dans cet article les informations n\u00e9cessaires sur les formations en agrobusiness au S\u00e9n\u00e9gal.\u00a0 \u00a0\" \/>\n<meta name=\"robots\" content=\"index, follow, max-snippet:-1, max-image-preview:large, max-video-preview:-1\" \/>\n<link rel=\"canonical\" href=\"https:\/\/senegalndiaye.com\/tr\/\u2705-les-formations-en-agrobusiness-au-senegal\/\" \/>\n<meta property=\"og:locale\" content=\"tr_TR\" \/>\n<meta property=\"og:type\" content=\"article\" \/>\n<meta property=\"og:title\" content=\"\u2705 Les formations en agrobusiness au S\u00e9n\u00e9gal &#187; Senegal Ndiaye\" \/>\n<meta property=\"og:description\" content=\"D\u00e9couvrez dans cet article les informations n\u00e9cessaires sur les formations en agrobusiness au S\u00e9n\u00e9gal.\u00a0 \u00a0\" \/>\n<meta property=\"og:url\" content=\"https:\/\/senegalndiaye.com\/tr\/\u2705-les-formations-en-agrobusiness-au-senegal\/\" \/>\n<meta property=\"og:site_name\" content=\"Senegal Ndiaye\" \/>\n<meta property=\"article:publisher\" content=\"https:\/\/www.facebook.com\/senegalndiaye4\/\" \/>\n<meta property=\"article:published_time\" content=\"2021-06-10T09:44:02+00:00\" \/>\n<meta property=\"og:image\" content=\"https:\/\/senegalndiaye.com\/wp-content\/uploads\/2021\/06\/formation-en-agrobusiness.jpg\" \/>\n\t<meta property=\"og:image:width\" content=\"1425\" \/>\n\t<meta property=\"og:image:height\" content=\"700\" \/>\n\t<meta property=\"og:image:type\" content=\"image\/jpeg\" \/>\n<meta name=\"author\" content=\"Moderateur\" \/>\n<meta name=\"twitter:card\" content=\"summary_large_image\" \/>\n<meta name=\"twitter:creator\" content=\"@Senegalndiaye5\" \/>\n<meta name=\"twitter:site\" content=\"@Senegalndiaye5\" \/>\n<meta name=\"twitter:label1\" content=\"Yazan:\" \/>\n\t<meta name=\"twitter:data1\" content=\"Moderateur\" \/>\n\t<meta name=\"twitter:label2\" content=\"Tahmini okuma s\u00fcresi\" \/>\n\t<meta name=\"twitter:data2\" content=\"4 dakika\" \/>\n<script type=\"application\/ld+json\" class=\"yoast-schema-graph\">{\"@context\":\"https:\\\/\\\/schema.org\",\"@graph\":[{\"@type\":\"Article\",\"@id\":\"https:\\\/\\\/senegalndiaye.com\\\/%e2%9c%85-les-formations-en-agrobusiness-au-senegal\\\/#article\",\"isPartOf\":{\"@id\":\"https:\\\/\\\/senegalndiaye.com\\\/%e2%9c%85-les-formations-en-agrobusiness-au-senegal\\\/\"},\"author\":{\"name\":\"Moderateur\",\"@id\":\"https:\\\/\\\/senegalndiaye.com\\\/#\\\/schema\\\/person\\\/c1e0d9f50bc68102f5a7368b7c9551f5\"},\"headline\":\"\u2705 Les formations en agrobusiness au S\u00e9n\u00e9gal\",\"datePublished\":\"2021-06-10T09:44:02+00:00\",\"mainEntityOfPage\":{\"@id\":\"https:\\\/\\\/senegalndiaye.com\\\/%e2%9c%85-les-formations-en-agrobusiness-au-senegal\\\/\"},\"wordCount\":999,\"commentCount\":1,\"publisher\":{\"@id\":\"https:\\\/\\\/senegalndiaye.com\\\/#organization\"},\"image\":{\"@id\":\"https:\\\/\\\/senegalndiaye.com\\\/%e2%9c%85-les-formations-en-agrobusiness-au-senegal\\\/#primaryimage\"},\"thumbnailUrl\":\"https:\\\/\\\/i0.wp.com\\\/senegalndiaye.com\\\/wp-content\\\/uploads\\\/2021\\\/06\\\/formation-en-agrobusiness.jpg?fit=1425%2C700&ssl=1\",\"articleSection\":[\"Blog\"],\"inLanguage\":\"tr\",\"potentialAction\":[{\"@type\":\"CommentAction\",\"name\":\"Comment\",\"target\":[\"https:\\\/\\\/senegalndiaye.com\\\/%e2%9c%85-les-formations-en-agrobusiness-au-senegal\\\/#respond\"]}]},{\"@type\":\"WebPage\",\"@id\":\"https:\\\/\\\/senegalndiaye.com\\\/%e2%9c%85-les-formations-en-agrobusiness-au-senegal\\\/\",\"url\":\"https:\\\/\\\/senegalndiaye.com\\\/%e2%9c%85-les-formations-en-agrobusiness-au-senegal\\\/\",\"name\":\"\u2705 Les formations en agrobusiness au S\u00e9n\u00e9gal &#187; Senegal Ndiaye\",\"isPartOf\":{\"@id\":\"https:\\\/\\\/senegalndiaye.com\\\/#website\"},\"primaryImageOfPage\":{\"@id\":\"https:\\\/\\\/senegalndiaye.com\\\/%e2%9c%85-les-formations-en-agrobusiness-au-senegal\\\/#primaryimage\"},\"image\":{\"@id\":\"https:\\\/\\\/senegalndiaye.com\\\/%e2%9c%85-les-formations-en-agrobusiness-au-senegal\\\/#primaryimage\"},\"thumbnailUrl\":\"https:\\\/\\\/i0.wp.com\\\/senegalndiaye.com\\\/wp-content\\\/uploads\\\/2021\\\/06\\\/formation-en-agrobusiness.jpg?fit=1425%2C700&ssl=1\",\"datePublished\":\"2021-06-10T09:44:02+00:00\",\"description\":\"D\u00e9couvrez dans cet article les informations n\u00e9cessaires sur les formations en agrobusiness au S\u00e9n\u00e9gal.\u00a0 \u00a0\",\"breadcrumb\":{\"@id\":\"https:\\\/\\\/senegalndiaye.com\\\/%e2%9c%85-les-formations-en-agrobusiness-au-senegal\\\/#breadcrumb\"},\"inLanguage\":\"tr\",\"potentialAction\":[{\"@type\":\"ReadAction\",\"target\":[\"https:\\\/\\\/senegalndiaye.com\\\/%e2%9c%85-les-formations-en-agrobusiness-au-senegal\\\/\"]}]},{\"@type\":\"ImageObject\",\"inLanguage\":\"tr\",\"@id\":\"https:\\\/\\\/senegalndiaye.com\\\/%e2%9c%85-les-formations-en-agrobusiness-au-senegal\\\/#primaryimage\",\"url\":\"https:\\\/\\\/i0.wp.com\\\/senegalndiaye.com\\\/wp-content\\\/uploads\\\/2021\\\/06\\\/formation-en-agrobusiness.jpg?fit=1425%2C700&ssl=1\",\"contentUrl\":\"https:\\\/\\\/i0.wp.com\\\/senegalndiaye.com\\\/wp-content\\\/uploads\\\/2021\\\/06\\\/formation-en-agrobusiness.jpg?fit=1425%2C700&ssl=1\",\"width\":1425,\"height\":700,\"caption\":\"Les formation agrobusiness S\u00e9n\u00e9gal\"},{\"@type\":\"BreadcrumbList\",\"@id\":\"https:\\\/\\\/senegalndiaye.com\\\/%e2%9c%85-les-formations-en-agrobusiness-au-senegal\\\/#breadcrumb\",\"itemListElement\":[{\"@type\":\"ListItem\",\"position\":1,\"name\":\"Accueil\",\"item\":\"https:\\\/\\\/senegalndiaye.com\\\/\"},{\"@type\":\"ListItem\",\"position\":2,\"name\":\"\u2705 Les formations en agrobusiness au S\u00e9n\u00e9gal\"}]},{\"@type\":\"WebSite\",\"@id\":\"https:\\\/\\\/senegalndiaye.com\\\/#website\",\"url\":\"https:\\\/\\\/senegalndiaye.com\\\/\",\"name\":\"Senegal Ndiaye\",\"description\":\"Retrouvez les meilleurs endroits du S\u00e9n\u00e9gal\",\"publisher\":{\"@id\":\"https:\\\/\\\/senegalndiaye.com\\\/#organization\"},\"potentialAction\":[{\"@type\":\"SearchAction\",\"target\":{\"@type\":\"EntryPoint\",\"urlTemplate\":\"https:\\\/\\\/senegalndiaye.com\\\/?s={search_term_string}\"},\"query-input\":{\"@type\":\"PropertyValueSpecification\",\"valueRequired\":true,\"valueName\":\"search_term_string\"}}],\"inLanguage\":\"tr\"},{\"@type\":\"Organization\",\"@id\":\"https:\\\/\\\/senegalndiaye.com\\\/#organization\",\"name\":\"Senegal Ndiaye\",\"url\":\"https:\\\/\\\/senegalndiaye.com\\\/\",\"logo\":{\"@type\":\"ImageObject\",\"inLanguage\":\"tr\",\"@id\":\"https:\\\/\\\/senegalndiaye.com\\\/#\\\/schema\\\/logo\\\/image\\\/\",\"url\":\"https:\\\/\\\/senegalndiaye.com\\\/wp-content\\\/uploads\\\/2018\\\/05\\\/senegalndiaye_logo.png\",\"contentUrl\":\"https:\\\/\\\/senegalndiaye.com\\\/wp-content\\\/uploads\\\/2018\\\/05\\\/senegalndiaye_logo.png\",\"width\":150,\"height\":106,\"caption\":\"Senegal Ndiaye\"},\"image\":{\"@id\":\"https:\\\/\\\/senegalndiaye.com\\\/#\\\/schema\\\/logo\\\/image\\\/\"},\"sameAs\":[\"https:\\\/\\\/www.facebook.com\\\/senegalndiaye4\\\/\",\"https:\\\/\\\/x.com\\\/Senegalndiaye5\",\"https:\\\/\\\/www.instagram.com\\\/senegalndiaye1\\\/\",\"https:\\\/\\\/www.linkedin.com\\\/company\\\/senegal-ndiaye\\\/\"]},{\"@type\":\"Person\",\"@id\":\"https:\\\/\\\/senegalndiaye.com\\\/#\\\/schema\\\/person\\\/c1e0d9f50bc68102f5a7368b7c9551f5\",\"name\":\"Moderateur\",\"image\":{\"@type\":\"ImageObject\",\"inLanguage\":\"tr\",\"@id\":\"https:\\\/\\\/senegalndiaye.com\\\/wp-content\\\/litespeed\\\/avatar\\\/3fb7bc779db92bd05c1837e9542df344.jpg?ver=1777309443\",\"url\":\"https:\\\/\\\/senegalndiaye.com\\\/wp-content\\\/litespeed\\\/avatar\\\/3fb7bc779db92bd05c1837e9542df344.jpg?ver=1777309443\",\"contentUrl\":\"https:\\\/\\\/senegalndiaye.com\\\/wp-content\\\/litespeed\\\/avatar\\\/3fb7bc779db92bd05c1837e9542df344.jpg?ver=1777309443\",\"caption\":\"Moderateur\"},\"url\":\"https:\\\/\\\/senegalndiaye.com\\\/tr\\\/author\\\/sndigital\\\/\"}]}<\/script>\n<!-- \/ Yoast SEO plugin. -->","yoast_head_json":{"title":"\u2705 Senegal&#039;de tar\u0131m i\u015fletmecili\u011fi e\u011fitimi \u00bb Senegal Ndiaye","description":"Bu makalede Senegal&#039;de tar\u0131m i\u015fletmecili\u011fi e\u011fitimi hakk\u0131nda gerekli bilgileri ke\u015ffedin.\u00a0 \u00a0","robots":{"index":"index","follow":"follow","max-snippet":"max-snippet:-1","max-image-preview":"max-image-preview:large","max-video-preview":"max-video-preview:-1"},"canonical":"https:\/\/senegalndiaye.com\/tr\/\u2705-les-formations-en-agrobusiness-au-senegal\/","og_locale":"tr_TR","og_type":"article","og_title":"\u2705 Les formations en agrobusiness au S\u00e9n\u00e9gal &#187; Senegal Ndiaye","og_description":"D\u00e9couvrez dans cet article les informations n\u00e9cessaires sur les formations en agrobusiness au S\u00e9n\u00e9gal.\u00a0 \u00a0","og_url":"https:\/\/senegalndiaye.com\/tr\/\u2705-les-formations-en-agrobusiness-au-senegal\/","og_site_name":"Senegal Ndiaye","article_publisher":"https:\/\/www.facebook.com\/senegalndiaye4\/","article_published_time":"2021-06-10T09:44:02+00:00","og_image":[{"width":1425,"height":700,"url":"https:\/\/senegalndiaye.com\/wp-content\/uploads\/2021\/06\/formation-en-agrobusiness.jpg","type":"image\/jpeg"}],"author":"Moderateur","twitter_card":"summary_large_image","twitter_creator":"@Senegalndiaye5","twitter_site":"@Senegalndiaye5","twitter_misc":{"Yazan:":"Moderateur","Tahmini okuma s\u00fcresi":"4 dakika"},"schema":{"@context":"https:\/\/schema.org","@graph":[{"@type":"Article","@id":"https:\/\/senegalndiaye.com\/%e2%9c%85-les-formations-en-agrobusiness-au-senegal\/#article","isPartOf":{"@id":"https:\/\/senegalndiaye.com\/%e2%9c%85-les-formations-en-agrobusiness-au-senegal\/"},"author":{"name":"Moderateur","@id":"https:\/\/senegalndiaye.com\/#\/schema\/person\/c1e0d9f50bc68102f5a7368b7c9551f5"},"headline":"\u2705 Les formations en agrobusiness au S\u00e9n\u00e9gal","datePublished":"2021-06-10T09:44:02+00:00","mainEntityOfPage":{"@id":"https:\/\/senegalndiaye.com\/%e2%9c%85-les-formations-en-agrobusiness-au-senegal\/"},"wordCount":999,"commentCount":1,"publisher":{"@id":"https:\/\/senegalndiaye.com\/#organization"},"image":{"@id":"https:\/\/senegalndiaye.com\/%e2%9c%85-les-formations-en-agrobusiness-au-senegal\/#primaryimage"},"thumbnailUrl":"https:\/\/i0.wp.com\/senegalndiaye.com\/wp-content\/uploads\/2021\/06\/formation-en-agrobusiness.jpg?fit=1425%2C700&ssl=1","articleSection":["Blog"],"inLanguage":"tr","potentialAction":[{"@type":"CommentAction","name":"Comment","target":["https:\/\/senegalndiaye.com\/%e2%9c%85-les-formations-en-agrobusiness-au-senegal\/#respond"]}]},{"@type":"WebPage","@id":"https:\/\/senegalndiaye.com\/%e2%9c%85-les-formations-en-agrobusiness-au-senegal\/","url":"https:\/\/senegalndiaye.com\/%e2%9c%85-les-formations-en-agrobusiness-au-senegal\/","name":"\u2705 Senegal&#039;de tar\u0131m i\u015fletmecili\u011fi e\u011fitimi \u00bb Senegal Ndiaye","isPartOf":{"@id":"https:\/\/senegalndiaye.com\/#website"},"primaryImageOfPage":{"@id":"https:\/\/senegalndiaye.com\/%e2%9c%85-les-formations-en-agrobusiness-au-senegal\/#primaryimage"},"image":{"@id":"https:\/\/senegalndiaye.com\/%e2%9c%85-les-formations-en-agrobusiness-au-senegal\/#primaryimage"},"thumbnailUrl":"https:\/\/i0.wp.com\/senegalndiaye.com\/wp-content\/uploads\/2021\/06\/formation-en-agrobusiness.jpg?fit=1425%2C700&ssl=1","datePublished":"2021-06-10T09:44:02+00:00","description":"Bu makalede Senegal&#039;de tar\u0131m i\u015fletmecili\u011fi e\u011fitimi hakk\u0131nda gerekli bilgileri ke\u015ffedin.\u00a0 \u00a0","breadcrumb":{"@id":"https:\/\/senegalndiaye.com\/%e2%9c%85-les-formations-en-agrobusiness-au-senegal\/#breadcrumb"},"inLanguage":"tr","potentialAction":[{"@type":"ReadAction","target":["https:\/\/senegalndiaye.com\/%e2%9c%85-les-formations-en-agrobusiness-au-senegal\/"]}]},{"@type":"ImageObject","inLanguage":"tr","@id":"https:\/\/senegalndiaye.com\/%e2%9c%85-les-formations-en-agrobusiness-au-senegal\/#primaryimage","url":"https:\/\/i0.wp.com\/senegalndiaye.com\/wp-content\/uploads\/2021\/06\/formation-en-agrobusiness.jpg?fit=1425%2C700&ssl=1","contentUrl":"https:\/\/i0.wp.com\/senegalndiaye.com\/wp-content\/uploads\/2021\/06\/formation-en-agrobusiness.jpg?fit=1425%2C700&ssl=1","width":1425,"height":700,"caption":"Les formation agrobusiness S\u00e9n\u00e9gal"},{"@type":"BreadcrumbList","@id":"https:\/\/senegalndiaye.com\/%e2%9c%85-les-formations-en-agrobusiness-au-senegal\/#breadcrumb","itemListElement":[{"@type":"ListItem","position":1,"name":"Accueil","item":"https:\/\/senegalndiaye.com\/"},{"@type":"ListItem","position":2,"name":"\u2705 Les formations en agrobusiness au S\u00e9n\u00e9gal"}]},{"@type":"WebSite","@id":"https:\/\/senegalndiaye.com\/#website","url":"https:\/\/senegalndiaye.com\/","name":"Senegal Ndiaye","description":"Senegal&#039;deki en iyi yerleri bulun","publisher":{"@id":"https:\/\/senegalndiaye.com\/#organization"},"potentialAction":[{"@type":"SearchAction","target":{"@type":"EntryPoint","urlTemplate":"https:\/\/senegalndiaye.com\/?s={search_term_string}"},"query-input":{"@type":"PropertyValueSpecification","valueRequired":true,"valueName":"search_term_string"}}],"inLanguage":"tr"},{"@type":"Organization","@id":"https:\/\/senegalndiaye.com\/#organization","name":"Senegal Ndiaye","url":"https:\/\/senegalndiaye.com\/","logo":{"@type":"ImageObject","inLanguage":"tr","@id":"https:\/\/senegalndiaye.com\/#\/schema\/logo\/image\/","url":"https:\/\/senegalndiaye.com\/wp-content\/uploads\/2018\/05\/senegalndiaye_logo.png","contentUrl":"https:\/\/senegalndiaye.com\/wp-content\/uploads\/2018\/05\/senegalndiaye_logo.png","width":150,"height":106,"caption":"Senegal Ndiaye"},"image":{"@id":"https:\/\/senegalndiaye.com\/#\/schema\/logo\/image\/"},"sameAs":["https:\/\/www.facebook.com\/senegalndiaye4\/","https:\/\/x.com\/Senegalndiaye5","https:\/\/www.instagram.com\/senegalndiaye1\/","https:\/\/www.linkedin.com\/company\/senegal-ndiaye\/"]},{"@type":"Person","@id":"https:\/\/senegalndiaye.com\/#\/schema\/person\/c1e0d9f50bc68102f5a7368b7c9551f5","name":"moderat\u00f6r","image":{"@type":"ImageObject","inLanguage":"tr","@id":"https:\/\/senegalndiaye.com\/wp-content\/litespeed\/avatar\/3fb7bc779db92bd05c1837e9542df344.jpg?ver=1777309443","url":"https:\/\/senegalndiaye.com\/wp-content\/litespeed\/avatar\/3fb7bc779db92bd05c1837e9542df344.jpg?ver=1777309443","contentUrl":"https:\/\/senegalndiaye.com\/wp-content\/litespeed\/avatar\/3fb7bc779db92bd05c1837e9542df344.jpg?ver=1777309443","caption":"Moderateur"},"url":"https:\/\/senegalndiaye.com\/tr\/author\/sndigital\/"}]}},"jetpack_featured_media_url":"https:\/\/i0.wp.com\/senegalndiaye.com\/wp-content\/uploads\/2021\/06\/formation-en-agrobusiness.jpg?fit=1425%2C700&ssl=1","jetpack_sharing_enabled":true,"jetpack-related-posts":[{"id":24761,"url":"https:\/\/senegalndiaye.com\/tr\/%e2%9c%85-formations-en-agriculture-au-senegal\/","url_meta":{"origin":24184,"position":0},"title":"\u2705 Senegal&#039;de tar\u0131m e\u011fitimi","author":"Moderateur","date":"Eyl\u00fcl 27, 2021","format":false,"excerpt":"Senegal&#039;de tar\u0131m e\u011fitimi, size mesle\u011fin her t\u00fcrl\u00fcs\u00fcn\u00fc uygulamal\u0131 olarak \u00f6\u011frenme f\u0131rsat\u0131 sunar. Ger\u00e7ekten de, bu alanda se\u00e7enekler ve f\u0131rsatlar a\u00e7\u0131s\u0131ndan ger\u00e7ek bir \u00e7e\u015fitlilik mevcuttur. Sadece Dakar&#039;da, BTS (Y\u00fcksek Ulusal Diploma), lisans ve y\u00fcksek lisans derecesi alabilirsiniz. Se\u00e7enekleriniz bol olacak...","rel":"","context":"&quot;Blog&quot; i\u00e7inde","block_context":{"text":"Blog","link":"https:\/\/senegalndiaye.com\/tr\/category\/blog\/"},"img":{"alt_text":"formation agriculture au S\u00e9n\u00e9gal","src":"https:\/\/i0.wp.com\/senegalndiaye.com\/wp-content\/uploads\/2021\/09\/formation-agriculture.jpg?fit=700%2C466&ssl=1&resize=350%2C200","width":350,"height":200,"srcset":"https:\/\/i0.wp.com\/senegalndiaye.com\/wp-content\/uploads\/2021\/09\/formation-agriculture.jpg?fit=700%2C466&ssl=1&resize=350%2C200 1x, https:\/\/i0.wp.com\/senegalndiaye.com\/wp-content\/uploads\/2021\/09\/formation-agriculture.jpg?fit=700%2C466&ssl=1&resize=525%2C300 1.5x, https:\/\/i0.wp.com\/senegalndiaye.com\/wp-content\/uploads\/2021\/09\/formation-agriculture.jpg?fit=700%2C466&ssl=1&resize=700%2C400 2x"},"classes":[]},{"id":29863,"url":"https:\/\/senegalndiaye.com\/tr\/universites-et-ecoles-de-formation-au-senegal-le-guide-complet-pour-etudier-au-coeur-du-senegal\/","url_meta":{"origin":24184,"position":1},"title":"Senegal&#039;deki \u00fcniversiteler ve e\u011fitim okullar\u0131: Senegal&#039;in kalbinde e\u011fitim g\u00f6rmenin eksiksiz rehberi","author":"Moderateur","date":"Mart 21, 2025","format":false,"excerpt":"Bat\u0131 Afrika&#039;n\u0131n e\u011fitim merkezi Senegal, y\u00fcksek \u00f6\u011frenim ve mesleki e\u011fitim arayan \u00f6\u011frencilere \u00e7e\u015fitli se\u00e7enekler sunmaktad\u0131r. Bu kapsaml\u0131 rehber, Senegal e\u011fitim d\u00fcnyas\u0131nda yolunuzu bulman\u0131za yard\u0131mc\u0131 olacak temel ve g\u00fcvenilir bilgiler sunmaktad\u0131r. Senegal&#039;deki Devlet \u00dcniversiteleri Sistem\u2026","rel":"","context":"&quot;actualit\u00e9&quot; i\u00e7inde","block_context":{"text":"actualit\u00e9","link":"https:\/\/senegalndiaye.com\/tr\/category\/actualite\/"},"img":{"alt_text":"","src":"https:\/\/i0.wp.com\/senegalndiaye.com\/wp-content\/uploads\/2025\/03\/9b72bcbd06a64832c7b90c4914d5facbfile.jpeg?fit=439%2C220&ssl=1&resize=350%2C200","width":350,"height":200},"classes":[]},{"id":24334,"url":"https:\/\/senegalndiaye.com\/tr\/%e2%9c%85-formation-au-senegal-niveau-bfem-2021\/","url_meta":{"origin":24184,"position":2},"title":"\u2705 Senegal BFEM seviyesinde e\u011fitim \u2013 2024","author":"Moderateur","date":"Temmuz 16, 2021","format":false,"excerpt":"Senegal&#039;de BFEM d\u00fczeyinde e\u011fitim Senegal&#039;de art\u0131k BFEM d\u00fczeyinde bir e\u011fitim almak m\u00fcmk\u00fcn. Lise diplomas\u0131na sahip \u00f6\u011frenciler \u00e7e\u015fitli alanlarda e\u011fitim alabilirler. Sa\u011fl\u0131k, tar\u0131m ve hatta sanayideki mevcut alanlar da onlara a\u00e7\u0131kt\u0131r. \u0130\u015fte...","rel":"","context":"&quot;Blog&quot; i\u00e7inde","block_context":{"text":"Blog","link":"https:\/\/senegalndiaye.com\/tr\/category\/blog\/"},"img":{"alt_text":"formation niveau bfem au s\u00e9n\u00e9gal","src":"https:\/\/i0.wp.com\/senegalndiaye.com\/wp-content\/uploads\/2021\/07\/formation-niveau-bfem-senegal.jpg?fit=849%2C566&ssl=1&resize=350%2C200","width":350,"height":200,"srcset":"https:\/\/i0.wp.com\/senegalndiaye.com\/wp-content\/uploads\/2021\/07\/formation-niveau-bfem-senegal.jpg?fit=849%2C566&ssl=1&resize=350%2C200 1x, https:\/\/i0.wp.com\/senegalndiaye.com\/wp-content\/uploads\/2021\/07\/formation-niveau-bfem-senegal.jpg?fit=849%2C566&ssl=1&resize=525%2C300 1.5x, https:\/\/i0.wp.com\/senegalndiaye.com\/wp-content\/uploads\/2021\/07\/formation-niveau-bfem-senegal.jpg?fit=849%2C566&ssl=1&resize=700%2C400 2x"},"classes":[]},{"id":25407,"url":"https:\/\/senegalndiaye.com\/tr\/%e2%9c%85-les-meilleures-ecoles-de-formations-en-gestion-au-senegal\/","url_meta":{"origin":24184,"position":3},"title":"\u2705 Senegal&#039;deki en iyi y\u00f6netim e\u011fitim okullar\u0131","author":"Moderateur","date":"Mart 4, 2022","format":false,"excerpt":"Senegal&#039;de bir\u00e7ok y\u00f6netim e\u011fitim okulu bulunmaktad\u0131r. Bunlar i\u015fletme ve y\u00f6netim okullar\u0131 olarak s\u0131n\u0131fland\u0131r\u0131l\u0131r. Ekonomi, finans, y\u00f6netim ve idare alanlar\u0131nda profesyoneller yeti\u015ftirirler. Bu makalede Senegal&#039;deki en iyi y\u00f6netim e\u011fitim okullar\u0131n\u0131 ke\u015ffedin. Senegal&#039;deki en iyi y\u00f6netim e\u011fitim okullar\u0131...","rel":"","context":"&quot;Blog&quot; i\u00e7inde","block_context":{"text":"Blog","link":"https:\/\/senegalndiaye.com\/tr\/category\/blog\/"},"img":{"alt_text":"\u00e9cole en gestion dakar","src":"https:\/\/i0.wp.com\/senegalndiaye.com\/wp-content\/uploads\/2022\/03\/ecole-de-gestion.jpg?fit=758%2C505&ssl=1&resize=350%2C200","width":350,"height":200,"srcset":"https:\/\/i0.wp.com\/senegalndiaye.com\/wp-content\/uploads\/2022\/03\/ecole-de-gestion.jpg?fit=758%2C505&ssl=1&resize=350%2C200 1x, https:\/\/i0.wp.com\/senegalndiaye.com\/wp-content\/uploads\/2022\/03\/ecole-de-gestion.jpg?fit=758%2C505&ssl=1&resize=525%2C300 1.5x, https:\/\/i0.wp.com\/senegalndiaye.com\/wp-content\/uploads\/2022\/03\/ecole-de-gestion.jpg?fit=758%2C505&ssl=1&resize=700%2C400 2x"},"classes":[]},{"id":24539,"url":"https:\/\/senegalndiaye.com\/tr\/formations-apres-le-bac-l-au-senegal\/","url_meta":{"origin":24184,"position":4},"title":"2025&#039;te Senegal&#039;de bac L&#039;den sonra antrenman","author":"Moderateur","date":"A\u011fustos 16, 2021","format":false,"excerpt":"L serisindeki lisans derecenizi ald\u0131\u011f\u0131n\u0131z i\u00e7in tebrikler. \u015eimdi \u00e7al\u0131\u015fma planlar\u0131n\u0131z\u0131 d\u00fc\u015f\u00fcnme zaman\u0131. Hangi se\u00e7enekler mevcut? Hangi dersleri almal\u0131s\u0131n\u0131z? Ve Senegal&#039;de devlet taraf\u0131ndan onaylanan hangi meslek okullar\u0131 var? Bu makalede bunlar\u0131 de\u011ferlendirece\u011fiz.","rel":"","context":"&quot;Blog&quot; i\u00e7inde","block_context":{"text":"Blog","link":"https:\/\/senegalndiaye.com\/tr\/category\/blog\/"},"img":{"alt_text":"formation apres bac l au senegal","src":"https:\/\/i0.wp.com\/senegalndiaye.com\/wp-content\/uploads\/2021\/08\/formation-apres-bac-L.jpg?fit=850%2C478&ssl=1&resize=350%2C200","width":350,"height":200,"srcset":"https:\/\/i0.wp.com\/senegalndiaye.com\/wp-content\/uploads\/2021\/08\/formation-apres-bac-L.jpg?fit=850%2C478&ssl=1&resize=350%2C200 1x, https:\/\/i0.wp.com\/senegalndiaye.com\/wp-content\/uploads\/2021\/08\/formation-apres-bac-L.jpg?fit=850%2C478&ssl=1&resize=525%2C300 1.5x, https:\/\/i0.wp.com\/senegalndiaye.com\/wp-content\/uploads\/2021\/08\/formation-apres-bac-L.jpg?fit=850%2C478&ssl=1&resize=700%2C400 2x"},"classes":[]},{"id":23823,"url":"https:\/\/senegalndiaye.com\/tr\/les-ecoles-de-formations-professionnelles-au-senegal\/","url_meta":{"origin":24184,"position":5},"title":"Senegal&#039;deki mesleki e\u011fitim okullar\u0131","author":"Moderateur","date":"Nisan 7, 2021","format":false,"excerpt":"Senegal&#039;deki mesleki e\u011fitim okullar\u0131, \u00f6\u011frencilerin belirli bir alanda bilgi ve uzmanl\u0131k edinmelerine olanak tan\u0131r. Nitekim Senegal&#039;de temel ve s\u00fcrekli mesleki e\u011fitim veren d\u00fczinelerce mesleki e\u011fitim kurumu bulunmaktad\u0131r. Say\u0131lar\u0131 y\u0131llar ge\u00e7tik\u00e7e artmaya devam etmektedir.","rel":"","context":"&quot;actualit\u00e9&quot; i\u00e7inde","block_context":{"text":"actualit\u00e9","link":"https:\/\/senegalndiaye.com\/tr\/category\/actualite\/"},"img":{"alt_text":"ecole de formation professionnelle au S\u00e9n\u00e9gal","src":"https:\/\/i0.wp.com\/senegalndiaye.com\/wp-content\/uploads\/2021\/04\/formation-professionelle.jpg?fit=760%2C478&ssl=1&resize=350%2C200","width":350,"height":200,"srcset":"https:\/\/i0.wp.com\/senegalndiaye.com\/wp-content\/uploads\/2021\/04\/formation-professionelle.jpg?fit=760%2C478&ssl=1&resize=350%2C200 1x, https:\/\/i0.wp.com\/senegalndiaye.com\/wp-content\/uploads\/2021\/04\/formation-professionelle.jpg?fit=760%2C478&ssl=1&resize=525%2C300 1.5x, https:\/\/i0.wp.com\/senegalndiaye.com\/wp-content\/uploads\/2021\/04\/formation-professionelle.jpg?fit=760%2C478&ssl=1&resize=700%2C400 2x"},"classes":[]}],"_links":{"self":[{"href":"https:\/\/senegalndiaye.com\/tr\/wp-json\/wp\/v2\/posts\/24184","targetHints":{"allow":["GET"]}}],"collection":[{"href":"https:\/\/senegalndiaye.com\/tr\/wp-json\/wp\/v2\/posts"}],"about":[{"href":"https:\/\/senegalndiaye.com\/tr\/wp-json\/wp\/v2\/types\/post"}],"author":[{"embeddable":true,"href":"https:\/\/senegalndiaye.com\/tr\/wp-json\/wp\/v2\/users\/8"}],"replies":[{"embeddable":true,"href":"https:\/\/senegalndiaye.com\/tr\/wp-json\/wp\/v2\/comments?post=24184"}],"version-history":[{"count":1,"href":"https:\/\/senegalndiaye.com\/tr\/wp-json\/wp\/v2\/posts\/24184\/revisions"}],"predecessor-version":[{"id":24186,"href":"https:\/\/senegalndiaye.com\/tr\/wp-json\/wp\/v2\/posts\/24184\/revisions\/24186"}],"wp:featuredmedia":[{"embeddable":true,"href":"https:\/\/senegalndiaye.com\/tr\/wp-json\/wp\/v2\/media\/24185"}],"wp:attachment":[{"href":"https:\/\/senegalndiaye.com\/tr\/wp-json\/wp\/v2\/media?parent=24184"}],"wp:term":[{"taxonomy":"category","embeddable":true,"href":"https:\/\/senegalndiaye.com\/tr\/wp-json\/wp\/v2\/categories?post=24184"},{"taxonomy":"post_tag","embeddable":true,"href":"https:\/\/senegalndiaye.com\/tr\/wp-json\/wp\/v2\/tags?post=24184"}],"curies":[{"name":"wp","href":"https:\/\/api.w.org\/{rel}","templated":true}]}}