{"id":23687,"date":"2021-03-02T21:28:11","date_gmt":"2021-03-02T21:28:11","guid":{"rendered":"https:\/\/senegalndiaye.com\/?p=23687"},"modified":"2023-09-14T11:25:12","modified_gmt":"2023-09-14T11:25:12","slug":"les-ecoles-de-formation-en-droit-au-senegal-reconnues-par-letat","status":"publish","type":"post","link":"https:\/\/senegalndiaye.com\/tr\/les-ecoles-de-formation-en-droit-au-senegal-reconnues-par-letat\/","title":{"rendered":"Senegal&#039;deki hukuk e\u011fitim okullar\u0131 2023&#039;te Devlet taraf\u0131ndan tan\u0131nd\u0131"},"content":{"rendered":"<p>Bu yaz\u0131m\u0131zda sizlere lisans veya akreditasyonu olan farkl\u0131 hukuk fak\u00fcltelerini tan\u0131taca\u011f\u0131z. <strong>Senegal Y\u00fcksek \u00d6\u011frenim, Ara\u015ft\u0131rma ve Yenilik Kalite G\u00fcvencesi Ulusal Otoritesi<\/strong> (<strong>ANAQ-SUP<\/strong>)<\/p>\n<p>Bu farkl\u0131 kurulu\u015flar\u0131 s\u0131ralamadan \u00f6nce, bu akreditasyonlar\u0131 veren merci hakk\u0131nda k\u0131sa bir a\u00e7\u0131klama yapmak yerinde olacakt\u0131r.<br \/>\nNe olmu\u015f <strong>ANAQ-SUP<\/strong> ?<\/p>\n<p>Ulusal Y\u00fcksek\u00f6\u011fretimde Kalite G\u00fcvencesi Otoritesi (ANAQ-Sup), Y\u00fcksek\u00f6\u011fretim ve Ara\u015ft\u0131rma Bakanl\u0131\u011f\u0131&#039;n\u0131n (MESR) idari ve teknik denetimi alt\u0131nda, y\u00fcksek\u00f6\u011fretim programlar\u0131n\u0131n ve kurumlar.<\/p>\n<p>Senegal&#039;de y\u00fcksek\u00f6\u011fretim alt sekt\u00f6r\u00fcnde ger\u00e7ekle\u015ftirilen y\u00f6neti\u015fim reformlar\u0131n\u0131n ard\u0131ndan, Y\u00fcksek\u00f6\u011fretim Genel M\u00fcd\u00fcrl\u00fc\u011f\u00fc&#039;nden (DGES) sonra ikinci organ olarak 7 A\u011fustos 2012 tarihli 2012-837 say\u0131l\u0131 kararname ile olu\u015fturulmu\u015ftur.<br \/>\n<script src=\"https:\/\/pagead2.googlesyndication.com\/pagead\/js\/adsbygoogle.js\" async=\"\"><\/script><br \/>\n<ins class=\"adsbygoogle\" style=\"display: block; text-align: center;\" data-ad-layout=\"in-article\" data-ad-format=\"fluid\" data-ad-client=\"ca-pub-2317662529110026\" data-ad-slot=\"8210013961\"><\/ins><br \/>\n<script>\n     (adsbygoogle = window.adsbygoogle || []).push({});\n<\/script><\/p>\n<p>ANAQ-SUP&#039;\u0131n misyonu:<\/p>\n<ul>\n<li>Y\u00fcksek\u00f6\u011fretim ve y\u00fcksek\u00f6\u011fretim kurumlar\u0131ndan sorumlu Bakanl\u0131k ile birlikte y\u00fcksek\u00f6\u011fretim kurumlar\u0131n\u0131n ve kurslar\u0131n\u0131n uymas\u0131 gereken kalite standartlar\u0131n\u0131 belirlemek;<\/li>\n<li>y\u00fcksek\u00f6\u011fretimin ama\u00e7 ve gereksinimleriyle uyumlu bir kalite g\u00fcvence mekanizmas\u0131 tasarlamak ve uygulamak;<\/li>\n<li>y\u00fcksek\u00f6\u011fretim kurumlar\u0131n\u0131n kalitesini de\u011ferlendirmek i\u00e7in resmi prosed\u00fcrleri uygulamaya koymak ve kriterleri belirlemek;<\/li>\n<li>y\u00fcksek\u00f6\u011fretim kurumlar\u0131n\u0131n akreditasyon talepleri hakk\u0131nda Y\u00fcksek\u00f6\u011fretimden Sorumlu Bakana teknik g\u00f6r\u00fc\u015f bildirmek;<\/li>\n<li>kurum ve kurslarda \u00f6\u011fretim, \u00f6\u011fretim ara\u00e7 ve y\u00f6ntemlerini periyodik olarak de\u011ferlendirmek;<\/li>\n<li>kurumlara kendi i\u00e7 kalite g\u00fcvence ve \u00f6z de\u011ferlendirme prosed\u00fcrlerinin geli\u015ftirilmesi ve uygulanmas\u0131nda yard\u0131mc\u0131 olmak ve desteklemek.<\/li>\n<\/ul>\n<p>Art\u0131k Senegal eyaleti taraf\u0131ndan tan\u0131nan hukuk e\u011fitim okullar\u0131na ge\u00e7ebiliriz.<\/p>\n<h2 id=\"page-title\" class=\"title allpages\">DAKAR Y\u00dcKSEK HUKUK ENST\u0130T\u00dcS\u00dc (\u0130SDD)<\/h2>\n<p>ISDD&#039;nin bir <a href=\"https:\/\/senegalndiaye.com\/wp-content\/uploads\/2021\/03\/isdd_rapport_evaluation_externe_master_droit_public.pdf\" target=\"_blank\" rel=\"noopener noreferrer\">akreditasyon<\/a> onlar\u0131n i\u00e7in <b>kamu hukuku alan\u0131nda y\u00fcksek lisans<\/b><br \/>\nANAQ-SUP de\u011ferlendirme raporunu \u015fu adreste bulabilirsiniz: <a href=\"http:\/\/www.anaqsup.sn\/sites\/default\/files\/accreditation_rapport_diplome\/isdd_rapport_evaluation_externe_master_droit_public.pdf\" target=\"_blank\" rel=\"noopener noreferrer\">buraya t\u0131klay\u0131n<\/a><\/p>\n<p>ISDD ve e\u011fitim kurslar\u0131 hakk\u0131nda daha fazla bilgi: <a href=\"https:\/\/isdd.edu.sn\">https:\/\/isdd.edu.sn<\/a><\/p>\n<h2 id=\"page-title\" class=\"title allpages\">Y\u00d6NET\u0130M VE HUKUK Y\u00dcKSEK E\u011e\u0130T\u0130MLER\u0130 ENST\u0130T\u00dcS\u00dc (IESMD)<\/h2>\n<p>IESMD&#039;nin kendileri i\u00e7in olumlu bir g\u00f6r\u00fc\u015f\u00fc var. <b>Y\u00f6netim ve \u0130\u015f Hukuku Derecesi<\/b><br \/>\nANAQ-SUP de\u011ferlendirme raporunu \u015fu adreste bulabilirsiniz: <a href=\"https:\/\/senegalndiaye.com\/wp-content\/uploads\/2021\/03\/institut_detudes_sup_de_manag_et_de_droit.pdf\" target=\"_blank\" rel=\"noopener noreferrer\">buraya t\u0131klay\u0131n<\/a><\/p>\n<p>IESMD ve e\u011fitim kurslar\u0131 hakk\u0131nda daha fazla bilgi: <a href=\"http:\/\/www.iesmd-sn.org\">http:\/\/www.iesmd-sn.org<\/a><\/p>\n<h2 id=\"page-title\" class=\"title allpages\">HUKUK VE S\u0130YAS\u0130 B\u0130L\u0130MLER Y\u00dcKSEKOKULU (AKADEMIA DAKAR)<\/h2>\n<p>AKADEMIA Dakar, a\u015fa\u011f\u0131daki alanlarda Lisans ve Y\u00fcksek Lisans derecesi verme yetkisine sahiptir:<br \/>\n<strong>\u2013 \u0130\u015f Hukuku Derecesi<\/strong><br \/>\n<strong>\u2013 <\/strong><b>Hukuk, Vergi ve Finans M\u00fchendisli\u011fi Y\u00fcksek Lisans<br \/>\n<\/b>ANAQ-SUP de\u011ferlendirme raporunu \u015fu adreste bulabilirsiniz: <a href=\"https:\/\/senegalndiaye.com\/wp-content\/uploads\/2021\/03\/akademia_ree_habilitation.pdf\" target=\"_blank\" rel=\"noopener noreferrer\">buraya t\u0131klay\u0131n<\/a><\/p>\n<p>AKADEMIA Dakar ve e\u011fitim kurslar\u0131 hakk\u0131nda daha fazla bilgi: <a href=\"http:\/\/akademiadakar.com\">http:\/\/akademiadakar.com<\/a><\/p>\n<h4>T\u00fcm yaz\u0131lar\u0131m\u0131z\u0131 sitemizde bulabilirsiniz. <a href=\"https:\/\/senegalndiaye.com\/tr\/blog\/\">Blog<\/a><\/h4>\n<p>&nbsp;<\/p>","protected":false},"excerpt":{"rendered":"<p>Dans cette article nous allons vous pr\u00e9senter les diff\u00e9rentes \u00e9coles de formation en droit qui disposent d&rsquo;une habilitation au d&rsquo;une accr\u00e9ditation par l&rsquo;Autorit\u00e9 Nationale d&rsquo;Assurance Qualit\u00e9 de l&rsquo;enseignement Sup\u00e9rieur, de la Recherche et de l&rsquo;Innovation du S\u00e9n\u00e9gal (ANAQ-SUP) Avant de vous lister ces diff\u00e9rents \u00e9tablissements une petite explication sur l&rsquo;autorit\u00e9 qui d\u00e9livre ces accr\u00e9ditions s&rsquo;impose. [&hellip;]<\/p>\n","protected":false},"author":8,"featured_media":23691,"comment_status":"open","ping_status":"open","sticky":false,"template":"","format":"standard","meta":{"_jetpack_memberships_contains_paid_content":false,"footnotes":""},"categories":[83],"tags":[],"class_list":["post-23687","post","type-post","status-publish","format-standard","has-post-thumbnail","hentry","category-blog"],"yoast_head":"<!-- This site is optimized with the Yoast SEO plugin v27.5 - https:\/\/yoast.com\/product\/yoast-seo-wordpress\/ -->\n<title>Les \u00e9coles de formation en droit au S\u00e9n\u00e9gal reconnues par l&#039;Etat en 2023 &#187; Senegal Ndiaye<\/title>\n<meta name=\"description\" content=\"Les \u00e9coles de formation en droit au S\u00e9n\u00e9gal reconnues par l&#039;Etat en 2023 ; Dans cette article nous allons vous pr\u00e9senter les diff\u00e9rentes \u00e9coles...\" \/>\n<meta name=\"robots\" content=\"index, follow, max-snippet:-1, max-image-preview:large, max-video-preview:-1\" \/>\n<link rel=\"canonical\" href=\"https:\/\/senegalndiaye.com\/tr\/les-ecoles-de-formation-en-droit-au-senegal-reconnues-par-letat\/\" \/>\n<meta property=\"og:locale\" content=\"tr_TR\" \/>\n<meta property=\"og:type\" content=\"article\" \/>\n<meta property=\"og:title\" content=\"Les \u00e9coles de formation en droit au S\u00e9n\u00e9gal reconnues par l&#039;Etat en 2023 &#187; Senegal Ndiaye\" \/>\n<meta property=\"og:description\" content=\"Les \u00e9coles de formation en droit au S\u00e9n\u00e9gal reconnues par l&#039;Etat en 2023 ; Dans cette article nous allons vous pr\u00e9senter les diff\u00e9rentes \u00e9coles...\" \/>\n<meta property=\"og:url\" content=\"https:\/\/senegalndiaye.com\/tr\/les-ecoles-de-formation-en-droit-au-senegal-reconnues-par-letat\/\" \/>\n<meta property=\"og:site_name\" content=\"Senegal Ndiaye\" \/>\n<meta property=\"article:publisher\" content=\"https:\/\/www.facebook.com\/senegalndiaye4\/\" \/>\n<meta property=\"article:published_time\" content=\"2021-03-02T21:28:11+00:00\" \/>\n<meta property=\"article:modified_time\" content=\"2023-09-14T11:25:12+00:00\" \/>\n<meta property=\"og:image\" content=\"https:\/\/senegalndiaye.com\/wp-content\/uploads\/2021\/03\/ecoles-de-formation-en-droit.jpg\" \/>\n\t<meta property=\"og:image:width\" content=\"600\" \/>\n\t<meta property=\"og:image:height\" content=\"400\" \/>\n\t<meta property=\"og:image:type\" content=\"image\/jpeg\" \/>\n<meta name=\"author\" content=\"Moderateur\" \/>\n<meta name=\"twitter:card\" content=\"summary_large_image\" \/>\n<meta name=\"twitter:creator\" content=\"@Senegalndiaye5\" \/>\n<meta name=\"twitter:site\" content=\"@Senegalndiaye5\" \/>\n<meta name=\"twitter:label1\" content=\"Yazan:\" \/>\n\t<meta name=\"twitter:data1\" content=\"Moderateur\" \/>\n\t<meta name=\"twitter:label2\" content=\"Tahmini okuma s\u00fcresi\" \/>\n\t<meta name=\"twitter:data2\" content=\"3 dakika\" \/>\n<script type=\"application\/ld+json\" class=\"yoast-schema-graph\">{\"@context\":\"https:\\\/\\\/schema.org\",\"@graph\":[{\"@type\":\"Article\",\"@id\":\"https:\\\/\\\/senegalndiaye.com\\\/les-ecoles-de-formation-en-droit-au-senegal-reconnues-par-letat\\\/#article\",\"isPartOf\":{\"@id\":\"https:\\\/\\\/senegalndiaye.com\\\/les-ecoles-de-formation-en-droit-au-senegal-reconnues-par-letat\\\/\"},\"author\":{\"name\":\"Moderateur\",\"@id\":\"https:\\\/\\\/senegalndiaye.com\\\/#\\\/schema\\\/person\\\/c1e0d9f50bc68102f5a7368b7c9551f5\"},\"headline\":\"Les \u00e9coles de formation en droit au S\u00e9n\u00e9gal reconnues par l&rsquo;Etat en 2023\",\"datePublished\":\"2021-03-02T21:28:11+00:00\",\"dateModified\":\"2023-09-14T11:25:12+00:00\",\"mainEntityOfPage\":{\"@id\":\"https:\\\/\\\/senegalndiaye.com\\\/les-ecoles-de-formation-en-droit-au-senegal-reconnues-par-letat\\\/\"},\"wordCount\":574,\"commentCount\":8,\"publisher\":{\"@id\":\"https:\\\/\\\/senegalndiaye.com\\\/#organization\"},\"image\":{\"@id\":\"https:\\\/\\\/senegalndiaye.com\\\/les-ecoles-de-formation-en-droit-au-senegal-reconnues-par-letat\\\/#primaryimage\"},\"thumbnailUrl\":\"https:\\\/\\\/i0.wp.com\\\/senegalndiaye.com\\\/wp-content\\\/uploads\\\/2021\\\/03\\\/ecoles-de-formation-en-droit.jpg?fit=600%2C400&ssl=1\",\"articleSection\":[\"Blog\"],\"inLanguage\":\"tr\",\"potentialAction\":[{\"@type\":\"CommentAction\",\"name\":\"Comment\",\"target\":[\"https:\\\/\\\/senegalndiaye.com\\\/les-ecoles-de-formation-en-droit-au-senegal-reconnues-par-letat\\\/#respond\"]}]},{\"@type\":\"WebPage\",\"@id\":\"https:\\\/\\\/senegalndiaye.com\\\/les-ecoles-de-formation-en-droit-au-senegal-reconnues-par-letat\\\/\",\"url\":\"https:\\\/\\\/senegalndiaye.com\\\/les-ecoles-de-formation-en-droit-au-senegal-reconnues-par-letat\\\/\",\"name\":\"Les \u00e9coles de formation en droit au S\u00e9n\u00e9gal reconnues par l'Etat en 2023 &#187; Senegal Ndiaye\",\"isPartOf\":{\"@id\":\"https:\\\/\\\/senegalndiaye.com\\\/#website\"},\"primaryImageOfPage\":{\"@id\":\"https:\\\/\\\/senegalndiaye.com\\\/les-ecoles-de-formation-en-droit-au-senegal-reconnues-par-letat\\\/#primaryimage\"},\"image\":{\"@id\":\"https:\\\/\\\/senegalndiaye.com\\\/les-ecoles-de-formation-en-droit-au-senegal-reconnues-par-letat\\\/#primaryimage\"},\"thumbnailUrl\":\"https:\\\/\\\/i0.wp.com\\\/senegalndiaye.com\\\/wp-content\\\/uploads\\\/2021\\\/03\\\/ecoles-de-formation-en-droit.jpg?fit=600%2C400&ssl=1\",\"datePublished\":\"2021-03-02T21:28:11+00:00\",\"dateModified\":\"2023-09-14T11:25:12+00:00\",\"description\":\"Les \u00e9coles de formation en droit au S\u00e9n\u00e9gal reconnues par l'Etat en 2023 ; Dans cette article nous allons vous pr\u00e9senter les diff\u00e9rentes \u00e9coles...\",\"breadcrumb\":{\"@id\":\"https:\\\/\\\/senegalndiaye.com\\\/les-ecoles-de-formation-en-droit-au-senegal-reconnues-par-letat\\\/#breadcrumb\"},\"inLanguage\":\"tr\",\"potentialAction\":[{\"@type\":\"ReadAction\",\"target\":[\"https:\\\/\\\/senegalndiaye.com\\\/les-ecoles-de-formation-en-droit-au-senegal-reconnues-par-letat\\\/\"]}]},{\"@type\":\"ImageObject\",\"inLanguage\":\"tr\",\"@id\":\"https:\\\/\\\/senegalndiaye.com\\\/les-ecoles-de-formation-en-droit-au-senegal-reconnues-par-letat\\\/#primaryimage\",\"url\":\"https:\\\/\\\/i0.wp.com\\\/senegalndiaye.com\\\/wp-content\\\/uploads\\\/2021\\\/03\\\/ecoles-de-formation-en-droit.jpg?fit=600%2C400&ssl=1\",\"contentUrl\":\"https:\\\/\\\/i0.wp.com\\\/senegalndiaye.com\\\/wp-content\\\/uploads\\\/2021\\\/03\\\/ecoles-de-formation-en-droit.jpg?fit=600%2C400&ssl=1\",\"width\":600,\"height\":400,\"caption\":\"les ecoles de formation en droit au senegal\"},{\"@type\":\"BreadcrumbList\",\"@id\":\"https:\\\/\\\/senegalndiaye.com\\\/les-ecoles-de-formation-en-droit-au-senegal-reconnues-par-letat\\\/#breadcrumb\",\"itemListElement\":[{\"@type\":\"ListItem\",\"position\":1,\"name\":\"Accueil\",\"item\":\"https:\\\/\\\/senegalndiaye.com\\\/\"},{\"@type\":\"ListItem\",\"position\":2,\"name\":\"Les \u00e9coles de formation en droit au S\u00e9n\u00e9gal reconnues par l&rsquo;Etat en 2023\"}]},{\"@type\":\"WebSite\",\"@id\":\"https:\\\/\\\/senegalndiaye.com\\\/#website\",\"url\":\"https:\\\/\\\/senegalndiaye.com\\\/\",\"name\":\"Senegal Ndiaye\",\"description\":\"Retrouvez les meilleurs endroits du S\u00e9n\u00e9gal\",\"publisher\":{\"@id\":\"https:\\\/\\\/senegalndiaye.com\\\/#organization\"},\"potentialAction\":[{\"@type\":\"SearchAction\",\"target\":{\"@type\":\"EntryPoint\",\"urlTemplate\":\"https:\\\/\\\/senegalndiaye.com\\\/?s={search_term_string}\"},\"query-input\":{\"@type\":\"PropertyValueSpecification\",\"valueRequired\":true,\"valueName\":\"search_term_string\"}}],\"inLanguage\":\"tr\"},{\"@type\":\"Organization\",\"@id\":\"https:\\\/\\\/senegalndiaye.com\\\/#organization\",\"name\":\"Senegal Ndiaye\",\"url\":\"https:\\\/\\\/senegalndiaye.com\\\/\",\"logo\":{\"@type\":\"ImageObject\",\"inLanguage\":\"tr\",\"@id\":\"https:\\\/\\\/senegalndiaye.com\\\/#\\\/schema\\\/logo\\\/image\\\/\",\"url\":\"https:\\\/\\\/senegalndiaye.com\\\/wp-content\\\/uploads\\\/2018\\\/05\\\/senegalndiaye_logo.png\",\"contentUrl\":\"https:\\\/\\\/senegalndiaye.com\\\/wp-content\\\/uploads\\\/2018\\\/05\\\/senegalndiaye_logo.png\",\"width\":150,\"height\":106,\"caption\":\"Senegal Ndiaye\"},\"image\":{\"@id\":\"https:\\\/\\\/senegalndiaye.com\\\/#\\\/schema\\\/logo\\\/image\\\/\"},\"sameAs\":[\"https:\\\/\\\/www.facebook.com\\\/senegalndiaye4\\\/\",\"https:\\\/\\\/x.com\\\/Senegalndiaye5\",\"https:\\\/\\\/www.instagram.com\\\/senegalndiaye1\\\/\",\"https:\\\/\\\/www.linkedin.com\\\/company\\\/senegal-ndiaye\\\/\"]},{\"@type\":\"Person\",\"@id\":\"https:\\\/\\\/senegalndiaye.com\\\/#\\\/schema\\\/person\\\/c1e0d9f50bc68102f5a7368b7c9551f5\",\"name\":\"Moderateur\",\"image\":{\"@type\":\"ImageObject\",\"inLanguage\":\"tr\",\"@id\":\"https:\\\/\\\/senegalndiaye.com\\\/wp-content\\\/litespeed\\\/avatar\\\/3fb7bc779db92bd05c1837e9542df344.jpg?ver=1777309443\",\"url\":\"https:\\\/\\\/senegalndiaye.com\\\/wp-content\\\/litespeed\\\/avatar\\\/3fb7bc779db92bd05c1837e9542df344.jpg?ver=1777309443\",\"contentUrl\":\"https:\\\/\\\/senegalndiaye.com\\\/wp-content\\\/litespeed\\\/avatar\\\/3fb7bc779db92bd05c1837e9542df344.jpg?ver=1777309443\",\"caption\":\"Moderateur\"},\"url\":\"https:\\\/\\\/senegalndiaye.com\\\/tr\\\/author\\\/sndigital\\\/\"}]}<\/script>\n<!-- \/ Yoast SEO plugin. -->","yoast_head_json":{"title":"Senegal&#039;deki hukuk fak\u00fclteleri 2023&#039;te devlet taraf\u0131ndan tan\u0131nacak \u00bb Senegal Ndiaye","description":"Senegal&#039;de 2023 y\u0131l\u0131nda devlet taraf\u0131ndan tan\u0131nan hukuk fak\u00fclteleri; Bu yaz\u0131m\u0131zda sizlere farkl\u0131 hukuk fak\u00fcltelerini tan\u0131taca\u011f\u0131z...","robots":{"index":"index","follow":"follow","max-snippet":"max-snippet:-1","max-image-preview":"max-image-preview:large","max-video-preview":"max-video-preview:-1"},"canonical":"https:\/\/senegalndiaye.com\/tr\/les-ecoles-de-formation-en-droit-au-senegal-reconnues-par-letat\/","og_locale":"tr_TR","og_type":"article","og_title":"Les \u00e9coles de formation en droit au S\u00e9n\u00e9gal reconnues par l'Etat en 2023 &#187; Senegal Ndiaye","og_description":"Les \u00e9coles de formation en droit au S\u00e9n\u00e9gal reconnues par l'Etat en 2023 ; Dans cette article nous allons vous pr\u00e9senter les diff\u00e9rentes \u00e9coles...","og_url":"https:\/\/senegalndiaye.com\/tr\/les-ecoles-de-formation-en-droit-au-senegal-reconnues-par-letat\/","og_site_name":"Senegal Ndiaye","article_publisher":"https:\/\/www.facebook.com\/senegalndiaye4\/","article_published_time":"2021-03-02T21:28:11+00:00","article_modified_time":"2023-09-14T11:25:12+00:00","og_image":[{"width":600,"height":400,"url":"https:\/\/senegalndiaye.com\/wp-content\/uploads\/2021\/03\/ecoles-de-formation-en-droit.jpg","type":"image\/jpeg"}],"author":"Moderateur","twitter_card":"summary_large_image","twitter_creator":"@Senegalndiaye5","twitter_site":"@Senegalndiaye5","twitter_misc":{"Yazan:":"Moderateur","Tahmini okuma s\u00fcresi":"3 dakika"},"schema":{"@context":"https:\/\/schema.org","@graph":[{"@type":"Article","@id":"https:\/\/senegalndiaye.com\/les-ecoles-de-formation-en-droit-au-senegal-reconnues-par-letat\/#article","isPartOf":{"@id":"https:\/\/senegalndiaye.com\/les-ecoles-de-formation-en-droit-au-senegal-reconnues-par-letat\/"},"author":{"name":"Moderateur","@id":"https:\/\/senegalndiaye.com\/#\/schema\/person\/c1e0d9f50bc68102f5a7368b7c9551f5"},"headline":"Les \u00e9coles de formation en droit au S\u00e9n\u00e9gal reconnues par l&rsquo;Etat en 2023","datePublished":"2021-03-02T21:28:11+00:00","dateModified":"2023-09-14T11:25:12+00:00","mainEntityOfPage":{"@id":"https:\/\/senegalndiaye.com\/les-ecoles-de-formation-en-droit-au-senegal-reconnues-par-letat\/"},"wordCount":574,"commentCount":8,"publisher":{"@id":"https:\/\/senegalndiaye.com\/#organization"},"image":{"@id":"https:\/\/senegalndiaye.com\/les-ecoles-de-formation-en-droit-au-senegal-reconnues-par-letat\/#primaryimage"},"thumbnailUrl":"https:\/\/i0.wp.com\/senegalndiaye.com\/wp-content\/uploads\/2021\/03\/ecoles-de-formation-en-droit.jpg?fit=600%2C400&ssl=1","articleSection":["Blog"],"inLanguage":"tr","potentialAction":[{"@type":"CommentAction","name":"Comment","target":["https:\/\/senegalndiaye.com\/les-ecoles-de-formation-en-droit-au-senegal-reconnues-par-letat\/#respond"]}]},{"@type":"WebPage","@id":"https:\/\/senegalndiaye.com\/les-ecoles-de-formation-en-droit-au-senegal-reconnues-par-letat\/","url":"https:\/\/senegalndiaye.com\/les-ecoles-de-formation-en-droit-au-senegal-reconnues-par-letat\/","name":"Senegal&#039;deki hukuk fak\u00fclteleri 2023&#039;te devlet taraf\u0131ndan tan\u0131nacak \u00bb Senegal Ndiaye","isPartOf":{"@id":"https:\/\/senegalndiaye.com\/#website"},"primaryImageOfPage":{"@id":"https:\/\/senegalndiaye.com\/les-ecoles-de-formation-en-droit-au-senegal-reconnues-par-letat\/#primaryimage"},"image":{"@id":"https:\/\/senegalndiaye.com\/les-ecoles-de-formation-en-droit-au-senegal-reconnues-par-letat\/#primaryimage"},"thumbnailUrl":"https:\/\/i0.wp.com\/senegalndiaye.com\/wp-content\/uploads\/2021\/03\/ecoles-de-formation-en-droit.jpg?fit=600%2C400&ssl=1","datePublished":"2021-03-02T21:28:11+00:00","dateModified":"2023-09-14T11:25:12+00:00","description":"Senegal&#039;de 2023 y\u0131l\u0131nda devlet taraf\u0131ndan tan\u0131nan hukuk fak\u00fclteleri; Bu yaz\u0131m\u0131zda sizlere farkl\u0131 hukuk fak\u00fcltelerini tan\u0131taca\u011f\u0131z...","breadcrumb":{"@id":"https:\/\/senegalndiaye.com\/les-ecoles-de-formation-en-droit-au-senegal-reconnues-par-letat\/#breadcrumb"},"inLanguage":"tr","potentialAction":[{"@type":"ReadAction","target":["https:\/\/senegalndiaye.com\/les-ecoles-de-formation-en-droit-au-senegal-reconnues-par-letat\/"]}]},{"@type":"ImageObject","inLanguage":"tr","@id":"https:\/\/senegalndiaye.com\/les-ecoles-de-formation-en-droit-au-senegal-reconnues-par-letat\/#primaryimage","url":"https:\/\/i0.wp.com\/senegalndiaye.com\/wp-content\/uploads\/2021\/03\/ecoles-de-formation-en-droit.jpg?fit=600%2C400&ssl=1","contentUrl":"https:\/\/i0.wp.com\/senegalndiaye.com\/wp-content\/uploads\/2021\/03\/ecoles-de-formation-en-droit.jpg?fit=600%2C400&ssl=1","width":600,"height":400,"caption":"les ecoles de formation en droit au senegal"},{"@type":"BreadcrumbList","@id":"https:\/\/senegalndiaye.com\/les-ecoles-de-formation-en-droit-au-senegal-reconnues-par-letat\/#breadcrumb","itemListElement":[{"@type":"ListItem","position":1,"name":"Accueil","item":"https:\/\/senegalndiaye.com\/"},{"@type":"ListItem","position":2,"name":"Les \u00e9coles de formation en droit au S\u00e9n\u00e9gal reconnues par l&rsquo;Etat en 2023"}]},{"@type":"WebSite","@id":"https:\/\/senegalndiaye.com\/#website","url":"https:\/\/senegalndiaye.com\/","name":"Senegal Ndiaye","description":"Senegal&#039;deki en iyi yerleri bulun","publisher":{"@id":"https:\/\/senegalndiaye.com\/#organization"},"potentialAction":[{"@type":"SearchAction","target":{"@type":"EntryPoint","urlTemplate":"https:\/\/senegalndiaye.com\/?s={search_term_string}"},"query-input":{"@type":"PropertyValueSpecification","valueRequired":true,"valueName":"search_term_string"}}],"inLanguage":"tr"},{"@type":"Organization","@id":"https:\/\/senegalndiaye.com\/#organization","name":"Senegal Ndiaye","url":"https:\/\/senegalndiaye.com\/","logo":{"@type":"ImageObject","inLanguage":"tr","@id":"https:\/\/senegalndiaye.com\/#\/schema\/logo\/image\/","url":"https:\/\/senegalndiaye.com\/wp-content\/uploads\/2018\/05\/senegalndiaye_logo.png","contentUrl":"https:\/\/senegalndiaye.com\/wp-content\/uploads\/2018\/05\/senegalndiaye_logo.png","width":150,"height":106,"caption":"Senegal Ndiaye"},"image":{"@id":"https:\/\/senegalndiaye.com\/#\/schema\/logo\/image\/"},"sameAs":["https:\/\/www.facebook.com\/senegalndiaye4\/","https:\/\/x.com\/Senegalndiaye5","https:\/\/www.instagram.com\/senegalndiaye1\/","https:\/\/www.linkedin.com\/company\/senegal-ndiaye\/"]},{"@type":"Person","@id":"https:\/\/senegalndiaye.com\/#\/schema\/person\/c1e0d9f50bc68102f5a7368b7c9551f5","name":"moderat\u00f6r","image":{"@type":"ImageObject","inLanguage":"tr","@id":"https:\/\/senegalndiaye.com\/wp-content\/litespeed\/avatar\/3fb7bc779db92bd05c1837e9542df344.jpg?ver=1777309443","url":"https:\/\/senegalndiaye.com\/wp-content\/litespeed\/avatar\/3fb7bc779db92bd05c1837e9542df344.jpg?ver=1777309443","contentUrl":"https:\/\/senegalndiaye.com\/wp-content\/litespeed\/avatar\/3fb7bc779db92bd05c1837e9542df344.jpg?ver=1777309443","caption":"Moderateur"},"url":"https:\/\/senegalndiaye.com\/tr\/author\/sndigital\/"}]}},"jetpack_featured_media_url":"https:\/\/i0.wp.com\/senegalndiaye.com\/wp-content\/uploads\/2021\/03\/ecoles-de-formation-en-droit.jpg?fit=600%2C400&ssl=1","jetpack_sharing_enabled":true,"jetpack-related-posts":[{"id":23191,"url":"https:\/\/senegalndiaye.com\/tr\/les-ecoles-de-formation-en-sante-reconnue-par-letat-du-senegal\/","url_meta":{"origin":23687,"position":0},"title":"2025&#039;te Senegal eyaleti taraf\u0131ndan tan\u0131nan sa\u011fl\u0131k e\u011fitimi okullar\u0131","author":"Moderateur","date":"Eyl\u00fcl 7, 2020","format":false,"excerpt":"Senegal&#039;de giderek daha fazla sa\u011fl\u0131k e\u011fitim okulu a\u00e7\u0131l\u0131rken, bu durum art\u0131k bu kurumlar aras\u0131nda bilin\u00e7li bir se\u00e7im yapmak isteyen yeni lise mezunlar\u0131 i\u00e7in bir zorluk te\u015fkil ediyor. E\u011fitimin kalitesi ve Senegal devleti taraf\u0131ndan tan\u0131nma gibi kriterleri g\u00f6z \u00f6n\u00fcnde bulundurmalar\u0131 gerekiyor.","rel":"","context":"&quot;Blog&quot; i\u00e7inde","block_context":{"text":"Blog","link":"https:\/\/senegalndiaye.com\/tr\/category\/blog\/"},"img":{"alt_text":"ecole de formation en sant\u00e9 reconnue par l'etat du senegal","src":"https:\/\/i0.wp.com\/senegalndiaye.com\/wp-content\/uploads\/2020\/09\/acredite.jpg?fit=500%2C500&ssl=1&resize=350%2C200","width":350,"height":200},"classes":[]},{"id":29885,"url":"https:\/\/senegalndiaye.com\/tr\/enseignement-superieur-au-senegal-58-etablissements-prives-autorises-par-lanaq-sup-a-delivrer-des-diplomes\/","url_meta":{"origin":23687,"position":1},"title":"Senegal&#039;de y\u00fcksek \u00f6\u011frenim ANAQ-SUP taraf\u0131ndan diploma verme yetkisi verilen 58 \u00f6zel kurulu\u015f","author":"Moderateur","date":"Mart 26, 2025","format":false,"excerpt":"Y\u00fcksek\u00f6\u011fretim, Ara\u015ft\u0131rma ve \u0130novasyonda Ulusal Kalite G\u00fcvence Kurumu (ANAQ-SUP) \u0130cra Sekreteri Profes\u00f6r Lamine Gu\u00e8ye&#039;ye g\u00f6re, toplam 58 \u00f6zel y\u00fcksek\u00f6\u011fretim kurumu art\u0131k tan\u0131nm\u0131\u015f diplomalar verme yetkisine sahip. Bu karar, 2020 ile 2021 y\u0131llar\u0131 aras\u0131nda y\u00fcr\u00fct\u00fclen titiz bir de\u011ferlendirme s\u00fcrecinin ard\u0131ndan al\u0131nd\u0131.","rel":"","context":"&quot;actualit\u00e9&quot; i\u00e7inde","block_context":{"text":"actualit\u00e9","link":"https:\/\/senegalndiaye.com\/tr\/category\/actualite\/"},"img":{"alt_text":"","src":"https:\/\/i0.wp.com\/senegalndiaye.com\/wp-content\/uploads\/2025\/03\/0fe4002a51b3edcd83cf865630672822file.webp?fit=1200%2C693&ssl=1&resize=350%2C200","width":350,"height":200,"srcset":"https:\/\/i0.wp.com\/senegalndiaye.com\/wp-content\/uploads\/2025\/03\/0fe4002a51b3edcd83cf865630672822file.webp?fit=1200%2C693&ssl=1&resize=350%2C200 1x, https:\/\/i0.wp.com\/senegalndiaye.com\/wp-content\/uploads\/2025\/03\/0fe4002a51b3edcd83cf865630672822file.webp?fit=1200%2C693&ssl=1&resize=525%2C300 1.5x, https:\/\/i0.wp.com\/senegalndiaye.com\/wp-content\/uploads\/2025\/03\/0fe4002a51b3edcd83cf865630672822file.webp?fit=1200%2C693&ssl=1&resize=700%2C400 2x, https:\/\/i0.wp.com\/senegalndiaye.com\/wp-content\/uploads\/2025\/03\/0fe4002a51b3edcd83cf865630672822file.webp?fit=1200%2C693&ssl=1&resize=1050%2C600 3x"},"classes":[]},{"id":23929,"url":"https:\/\/senegalndiaye.com\/tr\/les-ecoles-de-formation-reconnues-par-letat-du-senegal\/","url_meta":{"origin":23687,"position":2},"title":"2025&#039;te Senegal eyaleti taraf\u0131ndan tan\u0131nan e\u011fitim okullar\u0131","author":"Moderateur","date":"May\u0131s 3, 2021","format":false,"excerpt":"Senegal&#039;de her y\u0131l lise mezunlar\u0131n\u0131n \u00e7ok say\u0131da olmas\u0131 ve bu mezunlar i\u00e7in acil e\u011fitim ihtiyac\u0131, Dakar&#039;da ve \u00fclke genelinde \u00e7ok say\u0131da \u00f6zel e\u011fitim okulunun kurulmas\u0131n\u0131 b\u00fcy\u00fck \u00f6l\u00e7\u00fcde te\u015fvik etmi\u015ftir. Ancak yetkililere g\u00f6re, \u015fu anda devlet taraf\u0131ndan yaln\u0131zca 150 \u00f6zel kurum tan\u0131nmaktad\u0131r...","rel":"","context":"&quot;Blog&quot; i\u00e7inde","block_context":{"text":"Blog","link":"https:\/\/senegalndiaye.com\/tr\/category\/blog\/"},"img":{"alt_text":"ecole de formation reconnue par l'etat du senegal","src":"https:\/\/i0.wp.com\/senegalndiaye.com\/wp-content\/uploads\/2021\/05\/ecole-de-formation-reconnue-par-etat-du-senegal.jpg?fit=600%2C400&ssl=1&resize=350%2C200","width":350,"height":200,"srcset":"https:\/\/i0.wp.com\/senegalndiaye.com\/wp-content\/uploads\/2021\/05\/ecole-de-formation-reconnue-par-etat-du-senegal.jpg?fit=600%2C400&ssl=1&resize=350%2C200 1x, https:\/\/i0.wp.com\/senegalndiaye.com\/wp-content\/uploads\/2021\/05\/ecole-de-formation-reconnue-par-etat-du-senegal.jpg?fit=600%2C400&ssl=1&resize=525%2C300 1.5x"},"classes":[]},{"id":23823,"url":"https:\/\/senegalndiaye.com\/tr\/les-ecoles-de-formations-professionnelles-au-senegal\/","url_meta":{"origin":23687,"position":3},"title":"Senegal&#039;deki mesleki e\u011fitim okullar\u0131","author":"Moderateur","date":"Nisan 7, 2021","format":false,"excerpt":"Senegal&#039;deki mesleki e\u011fitim okullar\u0131, \u00f6\u011frencilerin belirli bir alanda bilgi ve uzmanl\u0131k edinmelerine olanak tan\u0131r. Nitekim Senegal&#039;de temel ve s\u00fcrekli mesleki e\u011fitim veren d\u00fczinelerce mesleki e\u011fitim kurumu bulunmaktad\u0131r. Say\u0131lar\u0131 y\u0131llar ge\u00e7tik\u00e7e artmaya devam etmektedir.","rel":"","context":"&quot;actualit\u00e9&quot; i\u00e7inde","block_context":{"text":"actualit\u00e9","link":"https:\/\/senegalndiaye.com\/tr\/category\/actualite\/"},"img":{"alt_text":"ecole de formation professionnelle au S\u00e9n\u00e9gal","src":"https:\/\/i0.wp.com\/senegalndiaye.com\/wp-content\/uploads\/2021\/04\/formation-professionelle.jpg?fit=760%2C478&ssl=1&resize=350%2C200","width":350,"height":200,"srcset":"https:\/\/i0.wp.com\/senegalndiaye.com\/wp-content\/uploads\/2021\/04\/formation-professionelle.jpg?fit=760%2C478&ssl=1&resize=350%2C200 1x, https:\/\/i0.wp.com\/senegalndiaye.com\/wp-content\/uploads\/2021\/04\/formation-professionelle.jpg?fit=760%2C478&ssl=1&resize=525%2C300 1.5x, https:\/\/i0.wp.com\/senegalndiaye.com\/wp-content\/uploads\/2021\/04\/formation-professionelle.jpg?fit=760%2C478&ssl=1&resize=700%2C400 2x"},"classes":[]},{"id":29863,"url":"https:\/\/senegalndiaye.com\/tr\/universites-et-ecoles-de-formation-au-senegal-le-guide-complet-pour-etudier-au-coeur-du-senegal\/","url_meta":{"origin":23687,"position":4},"title":"Senegal&#039;deki \u00fcniversiteler ve e\u011fitim okullar\u0131: Senegal&#039;in kalbinde e\u011fitim g\u00f6rmenin eksiksiz rehberi","author":"Moderateur","date":"Mart 21, 2025","format":false,"excerpt":"Bat\u0131 Afrika&#039;n\u0131n e\u011fitim merkezi Senegal, y\u00fcksek \u00f6\u011frenim ve mesleki e\u011fitim arayan \u00f6\u011frencilere \u00e7e\u015fitli se\u00e7enekler sunmaktad\u0131r. Bu kapsaml\u0131 rehber, Senegal e\u011fitim d\u00fcnyas\u0131nda yolunuzu bulman\u0131za yard\u0131mc\u0131 olacak temel ve g\u00fcvenilir bilgiler sunmaktad\u0131r. Senegal&#039;deki Devlet \u00dcniversiteleri Sistem\u2026","rel":"","context":"&quot;actualit\u00e9&quot; i\u00e7inde","block_context":{"text":"actualit\u00e9","link":"https:\/\/senegalndiaye.com\/tr\/category\/actualite\/"},"img":{"alt_text":"","src":"https:\/\/i0.wp.com\/senegalndiaye.com\/wp-content\/uploads\/2025\/03\/9b72bcbd06a64832c7b90c4914d5facbfile.jpeg?fit=439%2C220&ssl=1&resize=350%2C200","width":350,"height":200},"classes":[]},{"id":30159,"url":"https:\/\/senegalndiaye.com\/tr\/comment-sinscrire-dans-les-universites-publiques-et-privees-au-senegal-guide-complet-2025\/","url_meta":{"origin":23687,"position":5},"title":"Senegal&#039;deki Devlet ve \u00d6zel \u00dcniversitelere Nas\u0131l Kay\u0131t Olunur: 2025 Kapsaml\u0131 Rehber","author":"Moderateur","date":"Temmuz 23, 2025","format":false,"excerpt":"Senegal, her y\u0131l binlerce \u00f6\u011frenciyi \u00e7eken \u00e7e\u015fitli devlet ve \u00f6zel \u00fcniversiteleriyle Bat\u0131 Afrika&#039;n\u0131n en \u00f6nemli y\u00fcksek\u00f6\u011fretim merkezlerinden biridir. \u0130ster lise mezunu, ister yabanc\u0131 \u00f6\u011frenci, ister kariyer de\u011fi\u015fikli\u011fi yapan biri olun, ba\u015fvuru s\u00fcreci kurum t\u00fcr\u00fcne g\u00f6re de\u011fi\u015fiklik g\u00f6sterir. Bu kapsaml\u0131 ve g\u00fcncel rehber...","rel":"","context":"&quot;Blog&quot; i\u00e7inde","block_context":{"text":"Blog","link":"https:\/\/senegalndiaye.com\/tr\/category\/blog\/"},"img":{"alt_text":"","src":"https:\/\/i0.wp.com\/senegalndiaye.com\/wp-content\/uploads\/2025\/07\/guide-inscription.png?fit=600%2C442&ssl=1&resize=350%2C200","width":350,"height":200,"srcset":"https:\/\/i0.wp.com\/senegalndiaye.com\/wp-content\/uploads\/2025\/07\/guide-inscription.png?fit=600%2C442&ssl=1&resize=350%2C200 1x, https:\/\/i0.wp.com\/senegalndiaye.com\/wp-content\/uploads\/2025\/07\/guide-inscription.png?fit=600%2C442&ssl=1&resize=525%2C300 1.5x"},"classes":[]}],"_links":{"self":[{"href":"https:\/\/senegalndiaye.com\/tr\/wp-json\/wp\/v2\/posts\/23687","targetHints":{"allow":["GET"]}}],"collection":[{"href":"https:\/\/senegalndiaye.com\/tr\/wp-json\/wp\/v2\/posts"}],"about":[{"href":"https:\/\/senegalndiaye.com\/tr\/wp-json\/wp\/v2\/types\/post"}],"author":[{"embeddable":true,"href":"https:\/\/senegalndiaye.com\/tr\/wp-json\/wp\/v2\/users\/8"}],"replies":[{"embeddable":true,"href":"https:\/\/senegalndiaye.com\/tr\/wp-json\/wp\/v2\/comments?post=23687"}],"version-history":[{"count":5,"href":"https:\/\/senegalndiaye.com\/tr\/wp-json\/wp\/v2\/posts\/23687\/revisions"}],"predecessor-version":[{"id":28667,"href":"https:\/\/senegalndiaye.com\/tr\/wp-json\/wp\/v2\/posts\/23687\/revisions\/28667"}],"wp:featuredmedia":[{"embeddable":true,"href":"https:\/\/senegalndiaye.com\/tr\/wp-json\/wp\/v2\/media\/23691"}],"wp:attachment":[{"href":"https:\/\/senegalndiaye.com\/tr\/wp-json\/wp\/v2\/media?parent=23687"}],"wp:term":[{"taxonomy":"category","embeddable":true,"href":"https:\/\/senegalndiaye.com\/tr\/wp-json\/wp\/v2\/categories?post=23687"},{"taxonomy":"post_tag","embeddable":true,"href":"https:\/\/senegalndiaye.com\/tr\/wp-json\/wp\/v2\/tags?post=23687"}],"curies":[{"name":"wp","href":"https:\/\/api.w.org\/{rel}","templated":true}]}}