{"id":23191,"date":"2020-09-07T18:15:13","date_gmt":"2020-09-07T18:15:13","guid":{"rendered":"https:\/\/senegalndiaye.com\/?p=23191"},"modified":"2024-12-12T11:47:16","modified_gmt":"2024-12-12T11:47:16","slug":"les-ecoles-de-formation-en-sante-reconnue-par-letat-du-senegal","status":"publish","type":"post","link":"https:\/\/senegalndiaye.com\/tr\/les-ecoles-de-formation-en-sante-reconnue-par-letat-du-senegal\/","title":{"rendered":"2025&#039;te Senegal eyaleti taraf\u0131ndan tan\u0131nan sa\u011fl\u0131k e\u011fitimi okullar\u0131"},"content":{"rendered":"<p>Senegal&#039;de giderek daha fazla sa\u011fl\u0131k e\u011fitimi okulu a\u00e7\u0131l\u0131yor ve bu durum, bu kurumlar aras\u0131nda bilin\u00e7li bir se\u00e7im yapmak isteyen yeni lise mezunlar\u0131 i\u00e7in art\u0131k bir zorluk te\u015fkil ediyor. E\u011fitimin kalitesi ve Senegal devleti taraf\u0131ndan tan\u0131nma gibi kriterleri dikkate almalar\u0131 gerekiyor.<\/p>\n<p>Bu yaz\u0131m\u0131zda, Senegal Ulusal Y\u00fcksek \u00d6\u011frenim, Ara\u015ft\u0131rma ve Yenilik Kalite G\u00fcvencesi Kurumundan (ANAQ-SUP) yetki ve akreditasyon alm\u0131\u015f sa\u011fl\u0131k alan\u0131ndaki farkl\u0131 e\u011fitim okullar\u0131n\u0131 sizlere sunaca\u011f\u0131z.<\/p>\n<p>Bu farkl\u0131 kurulu\u015flar\u0131 s\u0131ralamadan \u00f6nce, bu akreditasyonlar\u0131 veren merci hakk\u0131nda k\u0131sa bir a\u00e7\u0131klama yapmak yerinde olacakt\u0131r.<br \/>\nNe olmu\u015f <strong>ANAQ-SUP<\/strong> ?<\/p>\n<p>Ulusal Y\u00fcksek\u00f6\u011fretimde Kalite G\u00fcvencesi Otoritesi (ANAQ-Sup), Y\u00fcksek\u00f6\u011fretim ve Ara\u015ft\u0131rma Bakanl\u0131\u011f\u0131&#039;n\u0131n (MESR) idari ve teknik denetimi alt\u0131nda, y\u00fcksek\u00f6\u011fretim programlar\u0131n\u0131n ve kurumlar.<br \/>\nArt\u0131k ANAQ-SUP taraf\u0131ndan verilen akreditasyonu olan sa\u011fl\u0131k e\u011fitim okullar\u0131na ge\u00e7ebiliriz.<\/p>\n<h4><a href=\"https:\/\/senegalndiaye.com\/tr\/%e2%9c%85-etudier-en-france-sans-passer-par-campus-france\/\">Fransa kamp\u00fcs\u00fcne gitmeden Fransa&#039;da nas\u0131l e\u011fitim g\u00f6rece\u011fimize dair makalemizi ke\u015ffedin.<\/a><\/h4>\n<h2>Senegal eyaleti taraf\u0131ndan tan\u0131nan sa\u011fl\u0131k e\u011fitimi okullar\u0131<\/h2>\n<h3 class=\"title\">\u00d6ZEL E\u011e\u0130T\u0130M VE TIBB\u0130 ARA\u015eTIRMA ENST\u0130T\u00dcS\u00dc (IPFORMED)<\/h3>\n<p>IPFORMED&#039;da bir <a href=\"https:\/\/senegalndiaye.com\/wp-content\/uploads\/2020\/09\/ipformed_ree.pdf\" target=\"_blank\" rel=\"noopener noreferrer\">akreditasyon<\/a> onlar\u0131n i\u00e7in <strong>t\u0131pta lisans sonras\u0131 doktor derecesi<\/strong>.<br \/>\nANAQ-SUP de\u011ferlendirme raporunu \u015fu adreste bulabilirsiniz: <a href=\"https:\/\/senegalndiaye.com\/wp-content\/uploads\/2020\/09\/ipformed_ree.pdf\" target=\"_blank\" rel=\"noopener noreferrer\">buraya t\u0131klay\u0131n<\/a><\/p>\n<p>IPFORMED ve e\u011fitim kurslar\u0131 hakk\u0131nda daha fazla bilgi i\u00e7in: <a href=\"http:\/\/www.ipformed.org\" target=\"_blank\" rel=\"noopener noreferrer\">http:\/\/www.ipformed.org<\/a><\/p>\n<h3 class=\"LC20lb DKV0Md\">CHRISTOPHER Iba Mardiop T\u0131p Fak\u00fcltesi<\/h3>\n<p>St Christopher, \u015eubat 2000&#039;den beri Senegal Eyaleti, Ref 000809\/AG\/MEN\/DES taraf\u0131ndan onaylanm\u0131\u015ft\u0131r.<br \/>\nhakk\u0131nda daha fazla bilgi <strong>st.christopher<\/strong> ve e\u011fitim kurslar\u0131: <a href=\"https:\/\/www.stchris.edu\">https:\/\/www.stchris.edu<\/a><\/p>\n<h3>SA\u011eLIK H\u0130ZMETLER\u0130 ENST\u0130T\u00dcS\u00dc (ISS)<\/h3>\n<p>ISS&#039;de \u015funlar bulunur:<\/p>\n<ul>\n<li>bir <a href=\"https:\/\/senegalndiaye.com\/wp-content\/uploads\/2020\/09\/iss-rapport_devaluation_externe-die_te_tique.pdf\" target=\"_blank\" rel=\"noopener noreferrer\">akreditasyon<\/a> onlar\u0131n i\u00e7in <strong>Biyoloji lisans derecesi, Diyetetik se\u00e7ene\u011fi<\/strong><br \/>\nANAQ-SUP de\u011ferlendirme raporunu \u015fu adreste bulabilirsiniz: <a href=\"https:\/\/senegalndiaye.com\/wp-content\/uploads\/2020\/09\/iss-rapport_devaluation_externe-die_te_tique.pdf\" target=\"_blank\" rel=\"noopener noreferrer\">buraya t\u0131klay\u0131n<\/a><\/li>\n<li>bir <a href=\"https:\/\/senegalndiaye.com\/wp-content\/uploads\/2020\/09\/iss_rapport_devaluation_externe_agroalimentaire_1.pdf\" target=\"_blank\" rel=\"noopener noreferrer\">akreditasyon<\/a> onlar\u0131n i\u00e7in <strong>Biyoloji alan\u0131nda lisans derecesi, Tar\u0131m i\u015fletmesi se\u00e7ene\u011fi<\/strong><br \/>\nANAQ-SUP de\u011ferlendirme raporunu \u015fu adreste bulabilirsiniz: <a href=\"https:\/\/senegalndiaye.com\/wp-content\/uploads\/2020\/09\/iss_rapport_devaluation_externe_agroalimentaire_1.pdf\" target=\"_blank\" rel=\"noopener noreferrer\">buraya t\u0131klay\u0131n<\/a><\/li>\n<\/ul>\n<p>hakk\u0131nda daha fazla bilgi <strong>ISS<\/strong> ve e\u011fitim kurslar\u0131: <a href=\"https:\/\/www.iss-univ.org\/new\/\" target=\"_blank\" rel=\"noopener noreferrer\">https:\/\/www.iss-univ.org\/new\/<\/a><\/p>\n<h3>EUROMED<\/h3>\n<p><strong>EUROMED<\/strong> sahip <a href=\"https:\/\/senegalndiaye.com\/wp-content\/uploads\/2020\/09\/euromed_doctorat_pharmacie.pdf\" target=\"_blank\" rel=\"noopener noreferrer\">akreditasyon<\/a> onlar\u0131n i\u00e7in <strong>eczac\u0131l\u0131kta doktora<\/strong>.<br \/>\nANAQ-SUP de\u011ferlendirme raporunu \u015fu adreste bulabilirsiniz: <a href=\"https:\/\/senegalndiaye.com\/wp-content\/uploads\/2020\/09\/euromed_doctorat_pharmacie.pdf\" target=\"_blank\" rel=\"noopener noreferrer\">buraya t\u0131klay\u0131n<\/a><\/p>\n<p>hakk\u0131nda daha fazla bilgi <strong>EUROMED<\/strong> ve e\u011fitim kurslar\u0131: <a href=\"https:\/\/euromed.sn\/\" target=\"_blank\" rel=\"noopener noreferrer\">https:\/\/euromed.sn\/<\/a><\/p>\n<p><strong><a href=\"https:\/\/senegalndiaye.com\/tr\/les-meilleures-ecoles-de-formation-en-informatique-a-dakar\/\">En iyi bilgisayar e\u011fitimi okullar\u0131n\u0131 buraya t\u0131klayarak bulabilirsiniz.<\/a><\/strong><\/p>\n<p><strong><a href=\"https:\/\/senegalndiaye.com\/tr\/les-ecoles-de-formation-en-droit-au-senegal-reconnues-par-letat\/\">En iyi hukuk okullar\u0131n\u0131 buraya t\u0131klayarak bulabilirsiniz.<\/a><\/strong><\/p>\n<p>&nbsp;<\/p>\n<span class=\"tags-links\"><a href=\"https:\/\/senegalndiaye.com\/tr\/tag\/diplome-reconnu-par-letat-du-senegal\/\" rel=\"tag\">Senegal eyaleti taraf\u0131ndan tan\u0131nan diploma<\/a><a href=\"https:\/\/senegalndiaye.com\/tr\/tag\/ecole-de-formation-en-sante-au-senegal\/\" rel=\"tag\">Senegal&#039;de sa\u011fl\u0131k e\u011fitimi okulu<\/a><a href=\"https:\/\/senegalndiaye.com\/tr\/tag\/ecole-de-medecine-au-senegal\/\" rel=\"tag\">Senegal&#039;de t\u0131p fak\u00fcltesi<\/a><a href=\"https:\/\/senegalndiaye.com\/tr\/tag\/euromed\/\" rel=\"tag\">euromed<\/a><a href=\"https:\/\/senegalndiaye.com\/tr\/tag\/formation-en-sante\/\" rel=\"tag\">sa\u011fl\u0131k e\u011fitimi<\/a><a href=\"https:\/\/senegalndiaye.com\/tr\/tag\/institut-sante-services\/\" rel=\"tag\">sa\u011fl\u0131k hizmetleri enstit\u00fcs\u00fc<\/a><a href=\"https:\/\/senegalndiaye.com\/tr\/tag\/ipformed\/\" rel=\"tag\">ipformed<\/a><a href=\"https:\/\/senegalndiaye.com\/tr\/tag\/liste-des-ecoles-de-formation-en-sante-au-senegal\/\" rel=\"tag\">Senegal&#039;deki sa\u011fl\u0131k e\u011fitimi okullar\u0131n\u0131n listesi<\/a><\/span>","protected":false},"excerpt":{"rendered":"<p>De plus en plus d&rsquo;\u00e9coles de formation en sant\u00e9 \u00e9mergent au S\u00e9n\u00e9gal, ce qui pose d\u00e9sormais un d\u00e9fi aux nouveaux bacheliers qui cherchent \u00e0 faire un choix \u00e9clair\u00e9 parmi ces \u00e9tablissements. Ils doivent tenir compte de crit\u00e8res tels que la qualit\u00e9 de la formation et la reconnaissance par l&rsquo;\u00c9tat s\u00e9n\u00e9galais. Dans cet article, nous vous [&hellip;]<\/p>\n","protected":false},"author":8,"featured_media":23196,"comment_status":"open","ping_status":"open","sticky":false,"template":"","format":"standard","meta":{"_jetpack_memberships_contains_paid_content":false,"footnotes":""},"categories":[83,585],"tags":[478,477,487,475,480,479,476,481],"class_list":["post-23191","post","type-post","status-publish","format-standard","has-post-thumbnail","hentry","category-blog","category-formations-superieures-au-senegal","tag-diplome-reconnu-par-letat-du-senegal","tag-ecole-de-formation-en-sante-au-senegal","tag-ecole-de-medecine-au-senegal","tag-euromed","tag-formation-en-sante","tag-institut-sante-services","tag-ipformed","tag-liste-des-ecoles-de-formation-en-sante-au-senegal"],"yoast_head":"<!-- This site is optimized with the Yoast SEO plugin v27.5 - https:\/\/yoast.com\/product\/yoast-seo-wordpress\/ -->\n<title>Les \u00e9coles de formation en sant\u00e9 reconnues par l\u2019\u00e9tat du S\u00e9n\u00e9gal en 2025 &#187; Senegal Ndiaye<\/title>\n<meta name=\"description\" content=\"De plus en plus d&#039;\u00e9coles de formation en sant\u00e9 se cr\u00e9ent au S\u00e9n\u00e9gal. Il devient donc difficile pour les nouveaux bacheliers de faire un choix parmi ces \u00e9tablissements\" \/>\n<meta name=\"robots\" content=\"index, follow, max-snippet:-1, max-image-preview:large, max-video-preview:-1\" \/>\n<link rel=\"canonical\" href=\"https:\/\/senegalndiaye.com\/tr\/les-ecoles-de-formation-en-sante-reconnue-par-letat-du-senegal\/\" \/>\n<meta property=\"og:locale\" content=\"tr_TR\" \/>\n<meta property=\"og:type\" content=\"article\" \/>\n<meta property=\"og:title\" content=\"Les \u00e9coles de formation en sant\u00e9 reconnues par l\u2019\u00e9tat du S\u00e9n\u00e9gal en 2025 &#187; Senegal Ndiaye\" \/>\n<meta property=\"og:description\" content=\"De plus en plus d&#039;\u00e9coles de formation en sant\u00e9 se cr\u00e9ent au S\u00e9n\u00e9gal. Il devient donc difficile pour les nouveaux bacheliers de faire un choix parmi ces \u00e9tablissements\" \/>\n<meta property=\"og:url\" content=\"https:\/\/senegalndiaye.com\/tr\/les-ecoles-de-formation-en-sante-reconnue-par-letat-du-senegal\/\" \/>\n<meta property=\"og:site_name\" content=\"Senegal Ndiaye\" \/>\n<meta property=\"article:publisher\" content=\"https:\/\/www.facebook.com\/senegalndiaye4\/\" \/>\n<meta property=\"article:published_time\" content=\"2020-09-07T18:15:13+00:00\" \/>\n<meta property=\"article:modified_time\" content=\"2024-12-12T11:47:16+00:00\" \/>\n<meta property=\"og:image\" content=\"https:\/\/senegalndiaye.com\/wp-content\/uploads\/2020\/09\/acredite.jpg\" \/>\n\t<meta property=\"og:image:width\" content=\"500\" \/>\n\t<meta property=\"og:image:height\" content=\"500\" \/>\n\t<meta property=\"og:image:type\" content=\"image\/jpeg\" \/>\n<meta name=\"author\" content=\"Moderateur\" \/>\n<meta name=\"twitter:card\" content=\"summary_large_image\" \/>\n<meta name=\"twitter:creator\" content=\"@Senegalndiaye5\" \/>\n<meta name=\"twitter:site\" content=\"@Senegalndiaye5\" \/>\n<meta name=\"twitter:label1\" content=\"Yazan:\" \/>\n\t<meta name=\"twitter:data1\" content=\"Moderateur\" \/>\n\t<meta name=\"twitter:label2\" content=\"Tahmini okuma s\u00fcresi\" \/>\n\t<meta name=\"twitter:data2\" content=\"3 dakika\" \/>\n<script type=\"application\/ld+json\" class=\"yoast-schema-graph\">{\"@context\":\"https:\\\/\\\/schema.org\",\"@graph\":[{\"@type\":\"Article\",\"@id\":\"https:\\\/\\\/senegalndiaye.com\\\/les-ecoles-de-formation-en-sante-reconnue-par-letat-du-senegal\\\/#article\",\"isPartOf\":{\"@id\":\"https:\\\/\\\/senegalndiaye.com\\\/les-ecoles-de-formation-en-sante-reconnue-par-letat-du-senegal\\\/\"},\"author\":{\"name\":\"Moderateur\",\"@id\":\"https:\\\/\\\/senegalndiaye.com\\\/#\\\/schema\\\/person\\\/c1e0d9f50bc68102f5a7368b7c9551f5\"},\"headline\":\"Les \u00e9coles de formation en sant\u00e9 reconnues par l\u2019\u00e9tat du S\u00e9n\u00e9gal en 2025\",\"datePublished\":\"2020-09-07T18:15:13+00:00\",\"dateModified\":\"2024-12-12T11:47:16+00:00\",\"mainEntityOfPage\":{\"@id\":\"https:\\\/\\\/senegalndiaye.com\\\/les-ecoles-de-formation-en-sante-reconnue-par-letat-du-senegal\\\/\"},\"wordCount\":504,\"commentCount\":25,\"publisher\":{\"@id\":\"https:\\\/\\\/senegalndiaye.com\\\/#organization\"},\"image\":{\"@id\":\"https:\\\/\\\/senegalndiaye.com\\\/les-ecoles-de-formation-en-sante-reconnue-par-letat-du-senegal\\\/#primaryimage\"},\"thumbnailUrl\":\"https:\\\/\\\/i0.wp.com\\\/senegalndiaye.com\\\/wp-content\\\/uploads\\\/2020\\\/09\\\/acredite.jpg?fit=500%2C500&ssl=1\",\"keywords\":[\"Dipl\u00f4me reconnu par l'\u00e9tat du S\u00e9n\u00e9gal\",\"\u00e9cole de formation en sant\u00e9 au S\u00e9n\u00e9gal\",\"\u00e9cole de m\u00e9decine au S\u00e9n\u00e9gal\",\"euromed\",\"formation en sant\u00e9\",\"institut sant\u00e9 services\",\"ipformed\",\"Liste des \u00e9coles de formation en sant\u00e9 au S\u00e9n\u00e9gal\"],\"articleSection\":[\"Blog\",\"Formations sup\u00e9rieures au S\u00e9n\u00e9gal\"],\"inLanguage\":\"tr\",\"potentialAction\":[{\"@type\":\"CommentAction\",\"name\":\"Comment\",\"target\":[\"https:\\\/\\\/senegalndiaye.com\\\/les-ecoles-de-formation-en-sante-reconnue-par-letat-du-senegal\\\/#respond\"]}]},{\"@type\":\"WebPage\",\"@id\":\"https:\\\/\\\/senegalndiaye.com\\\/les-ecoles-de-formation-en-sante-reconnue-par-letat-du-senegal\\\/\",\"url\":\"https:\\\/\\\/senegalndiaye.com\\\/les-ecoles-de-formation-en-sante-reconnue-par-letat-du-senegal\\\/\",\"name\":\"Les \u00e9coles de formation en sant\u00e9 reconnues par l\u2019\u00e9tat du S\u00e9n\u00e9gal en 2025 &#187; Senegal Ndiaye\",\"isPartOf\":{\"@id\":\"https:\\\/\\\/senegalndiaye.com\\\/#website\"},\"primaryImageOfPage\":{\"@id\":\"https:\\\/\\\/senegalndiaye.com\\\/les-ecoles-de-formation-en-sante-reconnue-par-letat-du-senegal\\\/#primaryimage\"},\"image\":{\"@id\":\"https:\\\/\\\/senegalndiaye.com\\\/les-ecoles-de-formation-en-sante-reconnue-par-letat-du-senegal\\\/#primaryimage\"},\"thumbnailUrl\":\"https:\\\/\\\/i0.wp.com\\\/senegalndiaye.com\\\/wp-content\\\/uploads\\\/2020\\\/09\\\/acredite.jpg?fit=500%2C500&ssl=1\",\"datePublished\":\"2020-09-07T18:15:13+00:00\",\"dateModified\":\"2024-12-12T11:47:16+00:00\",\"description\":\"De plus en plus d'\u00e9coles de formation en sant\u00e9 se cr\u00e9ent au S\u00e9n\u00e9gal. Il devient donc difficile pour les nouveaux bacheliers de faire un choix parmi ces \u00e9tablissements\",\"breadcrumb\":{\"@id\":\"https:\\\/\\\/senegalndiaye.com\\\/les-ecoles-de-formation-en-sante-reconnue-par-letat-du-senegal\\\/#breadcrumb\"},\"inLanguage\":\"tr\",\"potentialAction\":[{\"@type\":\"ReadAction\",\"target\":[\"https:\\\/\\\/senegalndiaye.com\\\/les-ecoles-de-formation-en-sante-reconnue-par-letat-du-senegal\\\/\"]}]},{\"@type\":\"ImageObject\",\"inLanguage\":\"tr\",\"@id\":\"https:\\\/\\\/senegalndiaye.com\\\/les-ecoles-de-formation-en-sante-reconnue-par-letat-du-senegal\\\/#primaryimage\",\"url\":\"https:\\\/\\\/i0.wp.com\\\/senegalndiaye.com\\\/wp-content\\\/uploads\\\/2020\\\/09\\\/acredite.jpg?fit=500%2C500&ssl=1\",\"contentUrl\":\"https:\\\/\\\/i0.wp.com\\\/senegalndiaye.com\\\/wp-content\\\/uploads\\\/2020\\\/09\\\/acredite.jpg?fit=500%2C500&ssl=1\",\"width\":500,\"height\":500,\"caption\":\"ecole de formation en sant\u00e9 reconnue par l'etat du senegal\"},{\"@type\":\"BreadcrumbList\",\"@id\":\"https:\\\/\\\/senegalndiaye.com\\\/les-ecoles-de-formation-en-sante-reconnue-par-letat-du-senegal\\\/#breadcrumb\",\"itemListElement\":[{\"@type\":\"ListItem\",\"position\":1,\"name\":\"Accueil\",\"item\":\"https:\\\/\\\/senegalndiaye.com\\\/\"},{\"@type\":\"ListItem\",\"position\":2,\"name\":\"Les \u00e9coles de formation en sant\u00e9 reconnues par l\u2019\u00e9tat du S\u00e9n\u00e9gal en 2025\"}]},{\"@type\":\"WebSite\",\"@id\":\"https:\\\/\\\/senegalndiaye.com\\\/#website\",\"url\":\"https:\\\/\\\/senegalndiaye.com\\\/\",\"name\":\"Senegal Ndiaye\",\"description\":\"Retrouvez les meilleurs endroits du S\u00e9n\u00e9gal\",\"publisher\":{\"@id\":\"https:\\\/\\\/senegalndiaye.com\\\/#organization\"},\"potentialAction\":[{\"@type\":\"SearchAction\",\"target\":{\"@type\":\"EntryPoint\",\"urlTemplate\":\"https:\\\/\\\/senegalndiaye.com\\\/?s={search_term_string}\"},\"query-input\":{\"@type\":\"PropertyValueSpecification\",\"valueRequired\":true,\"valueName\":\"search_term_string\"}}],\"inLanguage\":\"tr\"},{\"@type\":\"Organization\",\"@id\":\"https:\\\/\\\/senegalndiaye.com\\\/#organization\",\"name\":\"Senegal Ndiaye\",\"url\":\"https:\\\/\\\/senegalndiaye.com\\\/\",\"logo\":{\"@type\":\"ImageObject\",\"inLanguage\":\"tr\",\"@id\":\"https:\\\/\\\/senegalndiaye.com\\\/#\\\/schema\\\/logo\\\/image\\\/\",\"url\":\"https:\\\/\\\/senegalndiaye.com\\\/wp-content\\\/uploads\\\/2018\\\/05\\\/senegalndiaye_logo.png\",\"contentUrl\":\"https:\\\/\\\/senegalndiaye.com\\\/wp-content\\\/uploads\\\/2018\\\/05\\\/senegalndiaye_logo.png\",\"width\":150,\"height\":106,\"caption\":\"Senegal Ndiaye\"},\"image\":{\"@id\":\"https:\\\/\\\/senegalndiaye.com\\\/#\\\/schema\\\/logo\\\/image\\\/\"},\"sameAs\":[\"https:\\\/\\\/www.facebook.com\\\/senegalndiaye4\\\/\",\"https:\\\/\\\/x.com\\\/Senegalndiaye5\",\"https:\\\/\\\/www.instagram.com\\\/senegalndiaye1\\\/\",\"https:\\\/\\\/www.linkedin.com\\\/company\\\/senegal-ndiaye\\\/\"]},{\"@type\":\"Person\",\"@id\":\"https:\\\/\\\/senegalndiaye.com\\\/#\\\/schema\\\/person\\\/c1e0d9f50bc68102f5a7368b7c9551f5\",\"name\":\"Moderateur\",\"image\":{\"@type\":\"ImageObject\",\"inLanguage\":\"tr\",\"@id\":\"https:\\\/\\\/senegalndiaye.com\\\/wp-content\\\/litespeed\\\/avatar\\\/3fb7bc779db92bd05c1837e9542df344.jpg?ver=1777309443\",\"url\":\"https:\\\/\\\/senegalndiaye.com\\\/wp-content\\\/litespeed\\\/avatar\\\/3fb7bc779db92bd05c1837e9542df344.jpg?ver=1777309443\",\"contentUrl\":\"https:\\\/\\\/senegalndiaye.com\\\/wp-content\\\/litespeed\\\/avatar\\\/3fb7bc779db92bd05c1837e9542df344.jpg?ver=1777309443\",\"caption\":\"Moderateur\"},\"url\":\"https:\\\/\\\/senegalndiaye.com\\\/tr\\\/author\\\/sndigital\\\/\"}]}<\/script>\n<!-- \/ Yoast SEO plugin. -->","yoast_head_json":{"title":"2025 y\u0131l\u0131nda Senegal eyaleti taraf\u0131ndan tan\u0131nan sa\u011fl\u0131k e\u011fitimi okullar\u0131 \u00bb Senegal Ndiaye","description":"Senegal&#039;de giderek daha fazla sa\u011fl\u0131k e\u011fitimi okulu olu\u015fturuluyor. Dolay\u0131s\u0131yla yeni mezunlar\u0131n bu kurumlar aras\u0131nda se\u00e7im yapmalar\u0131 zorla\u015fmaktad\u0131r.","robots":{"index":"index","follow":"follow","max-snippet":"max-snippet:-1","max-image-preview":"max-image-preview:large","max-video-preview":"max-video-preview:-1"},"canonical":"https:\/\/senegalndiaye.com\/tr\/les-ecoles-de-formation-en-sante-reconnue-par-letat-du-senegal\/","og_locale":"tr_TR","og_type":"article","og_title":"Les \u00e9coles de formation en sant\u00e9 reconnues par l\u2019\u00e9tat du S\u00e9n\u00e9gal en 2025 &#187; Senegal Ndiaye","og_description":"De plus en plus d'\u00e9coles de formation en sant\u00e9 se cr\u00e9ent au S\u00e9n\u00e9gal. Il devient donc difficile pour les nouveaux bacheliers de faire un choix parmi ces \u00e9tablissements","og_url":"https:\/\/senegalndiaye.com\/tr\/les-ecoles-de-formation-en-sante-reconnue-par-letat-du-senegal\/","og_site_name":"Senegal Ndiaye","article_publisher":"https:\/\/www.facebook.com\/senegalndiaye4\/","article_published_time":"2020-09-07T18:15:13+00:00","article_modified_time":"2024-12-12T11:47:16+00:00","og_image":[{"width":500,"height":500,"url":"https:\/\/senegalndiaye.com\/wp-content\/uploads\/2020\/09\/acredite.jpg","type":"image\/jpeg"}],"author":"Moderateur","twitter_card":"summary_large_image","twitter_creator":"@Senegalndiaye5","twitter_site":"@Senegalndiaye5","twitter_misc":{"Yazan:":"Moderateur","Tahmini okuma s\u00fcresi":"3 dakika"},"schema":{"@context":"https:\/\/schema.org","@graph":[{"@type":"Article","@id":"https:\/\/senegalndiaye.com\/les-ecoles-de-formation-en-sante-reconnue-par-letat-du-senegal\/#article","isPartOf":{"@id":"https:\/\/senegalndiaye.com\/les-ecoles-de-formation-en-sante-reconnue-par-letat-du-senegal\/"},"author":{"name":"Moderateur","@id":"https:\/\/senegalndiaye.com\/#\/schema\/person\/c1e0d9f50bc68102f5a7368b7c9551f5"},"headline":"Les \u00e9coles de formation en sant\u00e9 reconnues par l\u2019\u00e9tat du S\u00e9n\u00e9gal en 2025","datePublished":"2020-09-07T18:15:13+00:00","dateModified":"2024-12-12T11:47:16+00:00","mainEntityOfPage":{"@id":"https:\/\/senegalndiaye.com\/les-ecoles-de-formation-en-sante-reconnue-par-letat-du-senegal\/"},"wordCount":504,"commentCount":25,"publisher":{"@id":"https:\/\/senegalndiaye.com\/#organization"},"image":{"@id":"https:\/\/senegalndiaye.com\/les-ecoles-de-formation-en-sante-reconnue-par-letat-du-senegal\/#primaryimage"},"thumbnailUrl":"https:\/\/i0.wp.com\/senegalndiaye.com\/wp-content\/uploads\/2020\/09\/acredite.jpg?fit=500%2C500&ssl=1","keywords":["Dipl\u00f4me reconnu par l'\u00e9tat du S\u00e9n\u00e9gal","\u00e9cole de formation en sant\u00e9 au S\u00e9n\u00e9gal","\u00e9cole de m\u00e9decine au S\u00e9n\u00e9gal","euromed","formation en sant\u00e9","institut sant\u00e9 services","ipformed","Liste des \u00e9coles de formation en sant\u00e9 au S\u00e9n\u00e9gal"],"articleSection":["Blog","Formations sup\u00e9rieures au S\u00e9n\u00e9gal"],"inLanguage":"tr","potentialAction":[{"@type":"CommentAction","name":"Comment","target":["https:\/\/senegalndiaye.com\/les-ecoles-de-formation-en-sante-reconnue-par-letat-du-senegal\/#respond"]}]},{"@type":"WebPage","@id":"https:\/\/senegalndiaye.com\/les-ecoles-de-formation-en-sante-reconnue-par-letat-du-senegal\/","url":"https:\/\/senegalndiaye.com\/les-ecoles-de-formation-en-sante-reconnue-par-letat-du-senegal\/","name":"2025 y\u0131l\u0131nda Senegal eyaleti taraf\u0131ndan tan\u0131nan sa\u011fl\u0131k e\u011fitimi okullar\u0131 \u00bb Senegal Ndiaye","isPartOf":{"@id":"https:\/\/senegalndiaye.com\/#website"},"primaryImageOfPage":{"@id":"https:\/\/senegalndiaye.com\/les-ecoles-de-formation-en-sante-reconnue-par-letat-du-senegal\/#primaryimage"},"image":{"@id":"https:\/\/senegalndiaye.com\/les-ecoles-de-formation-en-sante-reconnue-par-letat-du-senegal\/#primaryimage"},"thumbnailUrl":"https:\/\/i0.wp.com\/senegalndiaye.com\/wp-content\/uploads\/2020\/09\/acredite.jpg?fit=500%2C500&ssl=1","datePublished":"2020-09-07T18:15:13+00:00","dateModified":"2024-12-12T11:47:16+00:00","description":"Senegal&#039;de giderek daha fazla sa\u011fl\u0131k e\u011fitimi okulu olu\u015fturuluyor. Dolay\u0131s\u0131yla yeni mezunlar\u0131n bu kurumlar aras\u0131nda se\u00e7im yapmalar\u0131 zorla\u015fmaktad\u0131r.","breadcrumb":{"@id":"https:\/\/senegalndiaye.com\/les-ecoles-de-formation-en-sante-reconnue-par-letat-du-senegal\/#breadcrumb"},"inLanguage":"tr","potentialAction":[{"@type":"ReadAction","target":["https:\/\/senegalndiaye.com\/les-ecoles-de-formation-en-sante-reconnue-par-letat-du-senegal\/"]}]},{"@type":"ImageObject","inLanguage":"tr","@id":"https:\/\/senegalndiaye.com\/les-ecoles-de-formation-en-sante-reconnue-par-letat-du-senegal\/#primaryimage","url":"https:\/\/i0.wp.com\/senegalndiaye.com\/wp-content\/uploads\/2020\/09\/acredite.jpg?fit=500%2C500&ssl=1","contentUrl":"https:\/\/i0.wp.com\/senegalndiaye.com\/wp-content\/uploads\/2020\/09\/acredite.jpg?fit=500%2C500&ssl=1","width":500,"height":500,"caption":"ecole de formation en sant\u00e9 reconnue par l'etat du senegal"},{"@type":"BreadcrumbList","@id":"https:\/\/senegalndiaye.com\/les-ecoles-de-formation-en-sante-reconnue-par-letat-du-senegal\/#breadcrumb","itemListElement":[{"@type":"ListItem","position":1,"name":"Accueil","item":"https:\/\/senegalndiaye.com\/"},{"@type":"ListItem","position":2,"name":"Les \u00e9coles de formation en sant\u00e9 reconnues par l\u2019\u00e9tat du S\u00e9n\u00e9gal en 2025"}]},{"@type":"WebSite","@id":"https:\/\/senegalndiaye.com\/#website","url":"https:\/\/senegalndiaye.com\/","name":"Senegal Ndiaye","description":"Senegal&#039;deki en iyi yerleri bulun","publisher":{"@id":"https:\/\/senegalndiaye.com\/#organization"},"potentialAction":[{"@type":"SearchAction","target":{"@type":"EntryPoint","urlTemplate":"https:\/\/senegalndiaye.com\/?s={search_term_string}"},"query-input":{"@type":"PropertyValueSpecification","valueRequired":true,"valueName":"search_term_string"}}],"inLanguage":"tr"},{"@type":"Organization","@id":"https:\/\/senegalndiaye.com\/#organization","name":"Senegal Ndiaye","url":"https:\/\/senegalndiaye.com\/","logo":{"@type":"ImageObject","inLanguage":"tr","@id":"https:\/\/senegalndiaye.com\/#\/schema\/logo\/image\/","url":"https:\/\/senegalndiaye.com\/wp-content\/uploads\/2018\/05\/senegalndiaye_logo.png","contentUrl":"https:\/\/senegalndiaye.com\/wp-content\/uploads\/2018\/05\/senegalndiaye_logo.png","width":150,"height":106,"caption":"Senegal Ndiaye"},"image":{"@id":"https:\/\/senegalndiaye.com\/#\/schema\/logo\/image\/"},"sameAs":["https:\/\/www.facebook.com\/senegalndiaye4\/","https:\/\/x.com\/Senegalndiaye5","https:\/\/www.instagram.com\/senegalndiaye1\/","https:\/\/www.linkedin.com\/company\/senegal-ndiaye\/"]},{"@type":"Person","@id":"https:\/\/senegalndiaye.com\/#\/schema\/person\/c1e0d9f50bc68102f5a7368b7c9551f5","name":"moderat\u00f6r","image":{"@type":"ImageObject","inLanguage":"tr","@id":"https:\/\/senegalndiaye.com\/wp-content\/litespeed\/avatar\/3fb7bc779db92bd05c1837e9542df344.jpg?ver=1777309443","url":"https:\/\/senegalndiaye.com\/wp-content\/litespeed\/avatar\/3fb7bc779db92bd05c1837e9542df344.jpg?ver=1777309443","contentUrl":"https:\/\/senegalndiaye.com\/wp-content\/litespeed\/avatar\/3fb7bc779db92bd05c1837e9542df344.jpg?ver=1777309443","caption":"Moderateur"},"url":"https:\/\/senegalndiaye.com\/tr\/author\/sndigital\/"}]}},"jetpack_featured_media_url":"https:\/\/i0.wp.com\/senegalndiaye.com\/wp-content\/uploads\/2020\/09\/acredite.jpg?fit=500%2C500&ssl=1","jetpack_sharing_enabled":true,"jetpack-related-posts":[{"id":24221,"url":"https:\/\/senegalndiaye.com\/tr\/%e2%9c%85-les-formations-dinfirmier-detat-au-senegal\/","url_meta":{"origin":23191,"position":0},"title":"\u2705 Senegal&#039;de eyalet hem\u015firesi e\u011fitimi","author":"Moderateur","date":"Haziran 20, 2021","format":false,"excerpt":"Hem\u015firelik asistanlar\u0131 rutin, \u00f6zel ve evde bak\u0131m sa\u011flar. Hastanelerin d\u00fczg\u00fcn \u00e7al\u0131\u015fmas\u0131 i\u00e7in gereklidirler. Ancak bu mesle\u011fi yasal olarak uygulamak i\u00e7in devlet diplomas\u0131 ile iki y\u0131ll\u0131k bir e\u011fitime ihtiyac\u0131n\u0131z var. Hem\u015firelik e\u011fitimi hakk\u0131nda bilmeniz gereken her \u015feyi bu yaz\u0131da \u00f6\u011frenin\u2026","rel":"","context":"&quot;Blog&quot; i\u00e7inde","block_context":{"text":"Blog","link":"https:\/\/senegalndiaye.com\/tr\/category\/blog\/"},"img":{"alt_text":"formation infirmier d'etat au senegal","src":"https:\/\/i0.wp.com\/senegalndiaye.com\/wp-content\/uploads\/2021\/06\/formation-infirmier-etat-au-senegal.jpg?fit=600%2C466&ssl=1&resize=350%2C200","width":350,"height":200,"srcset":"https:\/\/i0.wp.com\/senegalndiaye.com\/wp-content\/uploads\/2021\/06\/formation-infirmier-etat-au-senegal.jpg?fit=600%2C466&ssl=1&resize=350%2C200 1x, https:\/\/i0.wp.com\/senegalndiaye.com\/wp-content\/uploads\/2021\/06\/formation-infirmier-etat-au-senegal.jpg?fit=600%2C466&ssl=1&resize=525%2C300 1.5x"},"classes":[]},{"id":25263,"url":"https:\/\/senegalndiaye.com\/tr\/%e2%9c%85-formation-en-delegue-medical-au-senegal\/","url_meta":{"origin":23191,"position":1},"title":"\u2705 Senegal&#039;de t\u0131bbi temsilci olarak e\u011fitim","author":"Moderateur","date":"Ocak 12, 2022","format":false,"excerpt":"Bir t\u0131bbi temsilcinin rol\u00fc, bir farmas\u00f6tik laboratuvar\u0131n veya bir markan\u0131n \u00fcr\u00fcnlerini pratisyen hekimlere veya uzmanlara tan\u0131tmakt\u0131r. Sa\u011fl\u0131k alan\u0131nda ustala\u015fmal\u0131 ve iyi bir m\u00fczakereci olmal\u0131d\u0131r. Bu makalede Senegal&#039;deki t\u0131bbi temsilci e\u011fitimini ke\u015ffedin. Ne e\u011fitimi...","rel":"","context":"&quot;Blog&quot; i\u00e7inde","block_context":{"text":"Blog","link":"https:\/\/senegalndiaye.com\/tr\/category\/blog\/"},"img":{"alt_text":"formation d\u00e9l\u00e9gu\u00e9 m\u00e9dical au S\u00e9n\u00e9gal","src":"https:\/\/i0.wp.com\/senegalndiaye.com\/wp-content\/uploads\/2022\/01\/delegue-medical.jpg?fit=650%2C325&ssl=1&resize=350%2C200","width":350,"height":200,"srcset":"https:\/\/i0.wp.com\/senegalndiaye.com\/wp-content\/uploads\/2022\/01\/delegue-medical.jpg?fit=650%2C325&ssl=1&resize=350%2C200 1x, https:\/\/i0.wp.com\/senegalndiaye.com\/wp-content\/uploads\/2022\/01\/delegue-medical.jpg?fit=650%2C325&ssl=1&resize=525%2C300 1.5x"},"classes":[]},{"id":23687,"url":"https:\/\/senegalndiaye.com\/tr\/les-ecoles-de-formation-en-droit-au-senegal-reconnues-par-letat\/","url_meta":{"origin":23191,"position":2},"title":"Senegal&#039;deki hukuk e\u011fitim okullar\u0131 2023&#039;te Devlet taraf\u0131ndan tan\u0131nd\u0131","author":"Moderateur","date":"Mart 2, 2021","format":false,"excerpt":"Bu yaz\u0131da, Senegal Y\u00fcksek\u00f6\u011fretim, Ara\u015ft\u0131rma ve \u0130novasyon Ulusal Kalite G\u00fcvence Kurumu&#039;ndan (ANAQ-SUP) yetki veya akreditasyon alm\u0131\u015f farkl\u0131 hukuk fak\u00fcltelerini tan\u0131taca\u011f\u0131z. Bu farkl\u0131 kurumlar\u0131 listelemeden \u00f6nce, kurum hakk\u0131nda k\u0131sa bir a\u00e7\u0131klama...","rel":"","context":"&quot;Blog&quot; i\u00e7inde","block_context":{"text":"Blog","link":"https:\/\/senegalndiaye.com\/tr\/category\/blog\/"},"img":{"alt_text":"les ecoles de formation en droit au senegal","src":"https:\/\/i0.wp.com\/senegalndiaye.com\/wp-content\/uploads\/2021\/03\/ecoles-de-formation-en-droit.jpg?fit=600%2C400&ssl=1&resize=350%2C200","width":350,"height":200,"srcset":"https:\/\/i0.wp.com\/senegalndiaye.com\/wp-content\/uploads\/2021\/03\/ecoles-de-formation-en-droit.jpg?fit=600%2C400&ssl=1&resize=350%2C200 1x, https:\/\/i0.wp.com\/senegalndiaye.com\/wp-content\/uploads\/2021\/03\/ecoles-de-formation-en-droit.jpg?fit=600%2C400&ssl=1&resize=525%2C300 1.5x"},"classes":[]},{"id":23823,"url":"https:\/\/senegalndiaye.com\/tr\/les-ecoles-de-formations-professionnelles-au-senegal\/","url_meta":{"origin":23191,"position":3},"title":"Senegal&#039;deki mesleki e\u011fitim okullar\u0131","author":"Moderateur","date":"Nisan 7, 2021","format":false,"excerpt":"Senegal&#039;deki mesleki e\u011fitim okullar\u0131, \u00f6\u011frencilerin belirli bir alanda bilgi ve uzmanl\u0131k edinmelerine olanak tan\u0131r. Nitekim Senegal&#039;de temel ve s\u00fcrekli mesleki e\u011fitim veren d\u00fczinelerce mesleki e\u011fitim kurumu bulunmaktad\u0131r. Say\u0131lar\u0131 y\u0131llar ge\u00e7tik\u00e7e artmaya devam etmektedir.","rel":"","context":"&quot;actualit\u00e9&quot; i\u00e7inde","block_context":{"text":"actualit\u00e9","link":"https:\/\/senegalndiaye.com\/tr\/category\/actualite\/"},"img":{"alt_text":"ecole de formation professionnelle au S\u00e9n\u00e9gal","src":"https:\/\/i0.wp.com\/senegalndiaye.com\/wp-content\/uploads\/2021\/04\/formation-professionelle.jpg?fit=760%2C478&ssl=1&resize=350%2C200","width":350,"height":200,"srcset":"https:\/\/i0.wp.com\/senegalndiaye.com\/wp-content\/uploads\/2021\/04\/formation-professionelle.jpg?fit=760%2C478&ssl=1&resize=350%2C200 1x, https:\/\/i0.wp.com\/senegalndiaye.com\/wp-content\/uploads\/2021\/04\/formation-professionelle.jpg?fit=760%2C478&ssl=1&resize=525%2C300 1.5x, https:\/\/i0.wp.com\/senegalndiaye.com\/wp-content\/uploads\/2021\/04\/formation-professionelle.jpg?fit=760%2C478&ssl=1&resize=700%2C400 2x"},"classes":[]},{"id":24784,"url":"https:\/\/senegalndiaye.com\/tr\/%e2%9c%85-formation-en-qualite-hygiene-securite-environnement-au-senegal\/","url_meta":{"origin":23191,"position":4},"title":"\u2705 Senegal&#039;de kaliteli hijyen, \u00e7evre g\u00fcvenli\u011fi e\u011fitimi","author":"Moderateur","date":"Ekim 5, 2021","format":false,"excerpt":"Senegal&#039;de kalite, sa\u011fl\u0131k, g\u00fcvenlik ve \u00e7evre y\u00f6netimi alan\u0131nda bir derece almak istiyorsan\u0131z, bu m\u00fcmk\u00fcn. \u00dclkeyi terk etmeden derecenizi tamamlayabilir, ulusal ve uluslararas\u0131 alanda tan\u0131nan bir diploma alabilirsiniz. Hangi programlar\u0131 se\u00e7melisiniz? Senegal&#039;deki en iyi Kalite, Sa\u011fl\u0131k ve G\u00fcvenlik (QHSE) e\u011fitim okullar\u0131 hangileridir?","rel":"","context":"&quot;Blog&quot; i\u00e7inde","block_context":{"text":"Blog","link":"https:\/\/senegalndiaye.com\/tr\/category\/blog\/"},"img":{"alt_text":"Formation en qualit\u00e9 hygi\u00e8ne s\u00e9curit\u00e9 environnement au S\u00e9n\u00e9gal","src":"https:\/\/i0.wp.com\/senegalndiaye.com\/wp-content\/uploads\/2021\/10\/QHSE.jpg?fit=675%2C437&ssl=1&resize=350%2C200","width":350,"height":200,"srcset":"https:\/\/i0.wp.com\/senegalndiaye.com\/wp-content\/uploads\/2021\/10\/QHSE.jpg?fit=675%2C437&ssl=1&resize=350%2C200 1x, https:\/\/i0.wp.com\/senegalndiaye.com\/wp-content\/uploads\/2021\/10\/QHSE.jpg?fit=675%2C437&ssl=1&resize=525%2C300 1.5x"},"classes":[]},{"id":29863,"url":"https:\/\/senegalndiaye.com\/tr\/universites-et-ecoles-de-formation-au-senegal-le-guide-complet-pour-etudier-au-coeur-du-senegal\/","url_meta":{"origin":23191,"position":5},"title":"Senegal&#039;deki \u00fcniversiteler ve e\u011fitim okullar\u0131: Senegal&#039;in kalbinde e\u011fitim g\u00f6rmenin eksiksiz rehberi","author":"Moderateur","date":"Mart 21, 2025","format":false,"excerpt":"Bat\u0131 Afrika&#039;n\u0131n e\u011fitim merkezi Senegal, y\u00fcksek \u00f6\u011frenim ve mesleki e\u011fitim arayan \u00f6\u011frencilere \u00e7e\u015fitli se\u00e7enekler sunmaktad\u0131r. Bu kapsaml\u0131 rehber, Senegal e\u011fitim d\u00fcnyas\u0131nda yolunuzu bulman\u0131za yard\u0131mc\u0131 olacak temel ve g\u00fcvenilir bilgiler sunmaktad\u0131r. Senegal&#039;deki Devlet \u00dcniversiteleri Sistem\u2026","rel":"","context":"&quot;actualit\u00e9&quot; i\u00e7inde","block_context":{"text":"actualit\u00e9","link":"https:\/\/senegalndiaye.com\/tr\/category\/actualite\/"},"img":{"alt_text":"","src":"https:\/\/i0.wp.com\/senegalndiaye.com\/wp-content\/uploads\/2025\/03\/9b72bcbd06a64832c7b90c4914d5facbfile.jpeg?fit=439%2C220&ssl=1&resize=350%2C200","width":350,"height":200},"classes":[]}],"_links":{"self":[{"href":"https:\/\/senegalndiaye.com\/tr\/wp-json\/wp\/v2\/posts\/23191","targetHints":{"allow":["GET"]}}],"collection":[{"href":"https:\/\/senegalndiaye.com\/tr\/wp-json\/wp\/v2\/posts"}],"about":[{"href":"https:\/\/senegalndiaye.com\/tr\/wp-json\/wp\/v2\/types\/post"}],"author":[{"embeddable":true,"href":"https:\/\/senegalndiaye.com\/tr\/wp-json\/wp\/v2\/users\/8"}],"replies":[{"embeddable":true,"href":"https:\/\/senegalndiaye.com\/tr\/wp-json\/wp\/v2\/comments?post=23191"}],"version-history":[{"count":16,"href":"https:\/\/senegalndiaye.com\/tr\/wp-json\/wp\/v2\/posts\/23191\/revisions"}],"predecessor-version":[{"id":29619,"href":"https:\/\/senegalndiaye.com\/tr\/wp-json\/wp\/v2\/posts\/23191\/revisions\/29619"}],"wp:featuredmedia":[{"embeddable":true,"href":"https:\/\/senegalndiaye.com\/tr\/wp-json\/wp\/v2\/media\/23196"}],"wp:attachment":[{"href":"https:\/\/senegalndiaye.com\/tr\/wp-json\/wp\/v2\/media?parent=23191"}],"wp:term":[{"taxonomy":"category","embeddable":true,"href":"https:\/\/senegalndiaye.com\/tr\/wp-json\/wp\/v2\/categories?post=23191"},{"taxonomy":"post_tag","embeddable":true,"href":"https:\/\/senegalndiaye.com\/tr\/wp-json\/wp\/v2\/tags?post=23191"}],"curies":[{"name":"wp","href":"https:\/\/api.w.org\/{rel}","templated":true}]}}