{"id":22888,"date":"2020-08-09T19:50:59","date_gmt":"2020-08-09T19:50:59","guid":{"rendered":"https:\/\/senegalndiaye.com\/?p=22888"},"modified":"2021-02-01T12:45:36","modified_gmt":"2021-02-01T12:45:36","slug":"prix-du-samsung-a31-au-senegal","status":"publish","type":"post","link":"https:\/\/senegalndiaye.com\/tr\/prix-du-samsung-a31-au-senegal\/","title":{"rendered":"Senegal&#039;de Samsung A31 fiyat\u0131"},"content":{"rendered":"<p>Samsung galaxy A31, 2020&#039;de piyasaya s\u00fcr\u00fclen yepyeni samsung telefonudur ve a30 ve A30&#039;lar\u0131n yerini al\u0131r. Ortada bir selfie sens\u00f6r\u00fc ve telefonun arkas\u0131nda bir dikd\u00f6rtgen i\u00e7inde 4 kamera ile g\u00f6rsel olarak S20&#039;yi and\u0131ran sade ve \u015f\u0131k bir tasar\u0131ma sahip giri\u015f seviyesi bir telefon. 4 renkte mevcuttur <strong>en<\/strong> <strong>siyah<\/strong>,<span style=\"color: #ff0000;\"> k\u0131rm\u0131z\u0131<\/span>, <span style=\"color: #0000ff;\">mavi<\/span> ve beyaz.<\/p>\n<p><span class=\"alignnone\"><img data-recalc-dims=\"1\" loading=\"lazy\" decoding=\"async\" class=\"alignnone size-full wp-image-22889\" src=\"https:\/\/i0.wp.com\/senegalndiaye.com\/wp-content\/uploads\/2020\/08\/samsung-galaxy-a31.jpg?resize=720%2C450&#038;ssl=1\" alt=\"\" width=\"720\" height=\"450\" srcset=\"https:\/\/i0.wp.com\/senegalndiaye.com\/wp-content\/uploads\/2020\/08\/samsung-galaxy-a31.jpg?w=720&amp;ssl=1 720w, https:\/\/i0.wp.com\/senegalndiaye.com\/wp-content\/uploads\/2020\/08\/samsung-galaxy-a31.jpg?resize=600%2C375&amp;ssl=1 600w, https:\/\/i0.wp.com\/senegalndiaye.com\/wp-content\/uploads\/2020\/08\/samsung-galaxy-a31.jpg?resize=300%2C188&amp;ssl=1 300w, https:\/\/i0.wp.com\/senegalndiaye.com\/wp-content\/uploads\/2020\/08\/samsung-galaxy-a31.jpg?resize=400%2C250&amp;ssl=1 400w, https:\/\/i0.wp.com\/senegalndiaye.com\/wp-content\/uploads\/2020\/08\/samsung-galaxy-a31.jpg?resize=450%2C281&amp;ssl=1 450w\" sizes=\"auto, (max-width: 720px) 100vw, 720px\" \/><\/span><\/p>\n<h3>TEKN\u0130K D\u00d6K\u00dcMAN<\/h3>\n<p>Performans seviyesi, bu serideki bir telefon i\u00e7in hayal k\u0131r\u0131kl\u0131\u011f\u0131na u\u011framayacaks\u0131n\u0131z.<br \/>\n- <strong>6.4 in\u00e7 ekran<\/strong> optik parmak izi okuyuculu s\u00fcper AMOLED ve full HD+.<br \/>\n- O <strong>pil<\/strong> kapasitesi var<strong> 5000 mAh<\/strong> Bu, telefonun orta d\u00fczeyde kullan\u0131m\u0131yla kolayca 1 g\u00fcn, hatta 1 bu\u00e7uk g\u00fcn s\u00fcrebilir. Pil ayr\u0131ca 15 watt h\u0131zl\u0131 \u015farj ile uyumludur.<br \/>\n- <strong>yonga setleri<\/strong> bir <strong>sekiz \u00e7ekirdekli<\/strong>\u00a0iki kalpli <strong>2 GHz<\/strong> ve alt\u0131 kalp <strong>1.7 GHz<\/strong>. Ya\u015fayan haf\u0131za i\u00e7in <strong>4 cigabayt <\/strong>Birlikte<strong> depolamak<\/strong>\u00a0<strong>64 veya 128 GB. <\/strong>Bu da size yetmiyorsa 512 GB&#039;a kadar geni\u015fletilebilen microSDXC ba\u011flant\u0131 noktas\u0131na sahip.<strong><br \/>\n- Cihaz <\/strong>\u00f6n bir kapasiteye sahiptir<strong> 20 <\/strong><strong>megapiksel. <\/strong>Arkada 4 foto\u011fraf sens\u00f6r\u00fc vard\u0131r:<\/p>\n<ul>\n<li>ana sens\u00f6r <strong>48 megapiksel<\/strong> f\/2.0&#039;da lens a\u00e7\u0131kl\u0131\u011f\u0131 ile<\/li>\n<li>sens\u00f6r <strong>8 megapiksel<\/strong> f\/2.2&#039;de geni\u015f a\u00e7\u0131l\u0131 lens a\u00e7\u0131kl\u0131\u011f\u0131 ile<\/li>\n<li>sens\u00f6r <strong>5 megapiksel<\/strong> f\/2.2&#039;de lens a\u00e7\u0131kl\u0131\u011f\u0131 ile yak\u0131n plan foto\u011fraflar i\u00e7in<\/li>\n<li>sens\u00f6r <strong>5 megapiksel<\/strong> derinliklerin hesaplanmas\u0131na adanm\u0131\u015f<\/li>\n<\/ul>\n<h3>Senegal&#039;de A31 fiyat\u0131<\/h3>\n<p>Senegal&#039;de en iyi fiyatlar aras\u0131nda de\u011fi\u015fmektedir. <strong>145.000 ve 150.000 FCFA<\/strong> modeli i\u00e7in <strong>128 GB<\/strong>. A\u015fa\u011f\u0131da en iyi fiyatlar\u0131 ve bu telefonu nereden alaca\u011f\u0131n\u0131z\u0131 g\u00f6steren bir tablo bulabilirsiniz.<\/p>\n\n<table id=\"tablepress-39\" class=\"tablepress tablepress-id-39 tbody-has-connected-cells\">\n<thead>\n<tr class=\"row-1\">\n\t<th class=\"column-1\">Fiyat <\/th><th class=\"column-2\">sat\u0131c\u0131<\/th><th class=\"column-3\">Teknik d\u00f6k\u00fcman<\/th><th class=\"column-4\">resim samsung a31<\/th>\n<\/tr>\n<\/thead>\n<tbody class=\"row-striping row-hover\">\n<tr class=\"row-2\">\n\t<td class=\"column-1\"><strong>CFAF 145.000<\/strong><\/td><td class=\"column-2\"><u><a href=\"https:\/\/kandjietfreres.com\/boutique\/mobiles\/samsung-galasy-a31\/\" rel=\"noopener noreferrer\" target=\"_blank\">Kanji ve karde\u015fler<\/a><\/td><td rowspan=\"3\" class=\"column-3\">Ekran: 6.4 in\u00e7<br \/>\n\u0130\u015flemci: Sekiz \u00c7ekirdekli, 2GHz, 1.7GHz<br \/>\nBellek: 128GB ROM + 4GB RAM<br \/>\n\u00d6n kamera: 20MP<br \/>\nArka kamera: \u00c7oklu kameralar, 48 MP + 5 MP + 8 MP + 5 MP<br \/>\nPil: 5000mAh<br \/>\n\u0130\u015fletim Sistemi: Android<br \/>\nDi\u011fer: Parmak izi sens\u00f6r\u00fc<\/td><td rowspan=\"3\" class=\"column-4\"><img data-recalc-dims=\"1\" loading=\"lazy\" decoding=\"async\" src=\"https:\/\/i0.wp.com\/senegalndiaye.com\/wp-content\/uploads\/2020\/08\/samsung-a31-1.jpg?resize=153%2C200&#038;ssl=1\" alt=\"\" width=\"153\" height=\"200\" class=\"alignnone size-full wp-image-22892\" \/><\/td>\n<\/tr>\n<tr class=\"row-3\">\n\t<td class=\"column-1\"><strong>CFAF 148.000<\/strong><\/td><td class=\"column-2\"><u><a href=\"https:\/\/nova.sn\/telephones\/7745-samsung-galaxy-a31-dual-sim-4g-lte-128go-ram-4go.html\" rel=\"noopener noreferrer\" target=\"_blank\">Nova Dakar<\/a><\/td>\n<\/tr>\n<tr class=\"row-4\">\n\t<td class=\"column-1\"><strong>CFAF 149.900<\/strong><\/td><td class=\"column-2\"><u><a href=\"https:\/\/www.promo.sn\/boutique\/samsung-galaxy-a31-memoire-128-go-ram-4-go-ecran-6-4-pouces\/\" rel=\"noopener noreferrer\" target=\"_blank\">promosyon.sn<\/a><\/td>\n<\/tr>\n<\/tbody>\n<\/table>\n<!-- #tablepress-39 from cache -->\n<p><a href=\"https:\/\/senegalndiaye.com\/tr\/prix-des-samsung-a-dakar\/\">T\u00fcm samsung telefonlar\u0131n fiyatlar\u0131n\u0131 buraya t\u0131klayarak \u00f6\u011frenebilirsiniz.<\/a><\/p>\n<span class=\"tags-links\"><a href=\"https:\/\/senegalndiaye.com\/tr\/tag\/samsung-a31-prix\/\" rel=\"tag\">samsung a31 fiyat<\/a><\/span>","protected":false},"excerpt":{"rendered":"<p>Le samsung galaxy A31 est le tout nouveau t\u00e9l\u00e9phone samsung sortie en 2020 et qui remplace le a30 et le A30s. C\u2019est un t\u00e9l\u00e9phone d\u2019entr\u00e9e de Gamme au Design simple et \u00e9pur\u00e9 qui ressemble visuellement au S20 avec capteur selfie au centre et les 4 appareils photo dans un rectangle \u00e0 l\u2019arri\u00e8re du t\u00e9l\u00e9phone. Il [&hellip;]<\/p>\n","protected":false},"author":8,"featured_media":22889,"comment_status":"open","ping_status":"open","sticky":false,"template":"","format":"standard","meta":{"_jetpack_memberships_contains_paid_content":false,"footnotes":""},"categories":[347],"tags":[442],"class_list":["post-22888","post","type-post","status-publish","format-standard","has-post-thumbnail","hentry","category-prix","tag-samsung-a31-prix"],"yoast_head":"<!-- This site is optimized with the Yoast SEO plugin v27.5 - https:\/\/yoast.com\/product\/yoast-seo-wordpress\/ -->\n<title>Prix du Samsung A31 au S\u00e9n\u00e9gal &#187; Senegal Ndiaye<\/title>\n<meta name=\"description\" content=\"Prix du Samsung A31 au S\u00e9n\u00e9gal Le samsung A31 est le tout nouveau t\u00e9l\u00e9phone samsung sortie en 2020 et qui remplace le a30 et le A30s\" \/>\n<meta name=\"robots\" content=\"index, follow, max-snippet:-1, max-image-preview:large, max-video-preview:-1\" \/>\n<link rel=\"canonical\" href=\"https:\/\/senegalndiaye.com\/tr\/prix-du-samsung-a31-au-senegal\/\" \/>\n<meta property=\"og:locale\" content=\"tr_TR\" \/>\n<meta property=\"og:type\" content=\"article\" \/>\n<meta property=\"og:title\" content=\"Prix du Samsung A31 au S\u00e9n\u00e9gal &#187; Senegal Ndiaye\" \/>\n<meta property=\"og:description\" content=\"Prix du Samsung A31 au S\u00e9n\u00e9gal Le samsung A31 est le tout nouveau t\u00e9l\u00e9phone samsung sortie en 2020 et qui remplace le a30 et le A30s\" \/>\n<meta property=\"og:url\" content=\"https:\/\/senegalndiaye.com\/tr\/prix-du-samsung-a31-au-senegal\/\" \/>\n<meta property=\"og:site_name\" content=\"Senegal Ndiaye\" \/>\n<meta property=\"article:publisher\" content=\"https:\/\/www.facebook.com\/senegalndiaye4\/\" \/>\n<meta property=\"article:published_time\" content=\"2020-08-09T19:50:59+00:00\" \/>\n<meta property=\"article:modified_time\" content=\"2021-02-01T12:45:36+00:00\" \/>\n<meta property=\"og:image\" content=\"https:\/\/senegalndiaye.com\/wp-content\/uploads\/2020\/08\/samsung-galaxy-a31.jpg\" \/>\n\t<meta property=\"og:image:width\" content=\"720\" \/>\n\t<meta property=\"og:image:height\" content=\"450\" \/>\n\t<meta property=\"og:image:type\" content=\"image\/jpeg\" \/>\n<meta name=\"author\" content=\"Moderateur\" \/>\n<meta name=\"twitter:card\" content=\"summary_large_image\" \/>\n<meta name=\"twitter:creator\" content=\"@Senegalndiaye5\" \/>\n<meta name=\"twitter:site\" content=\"@Senegalndiaye5\" \/>\n<meta name=\"twitter:label1\" content=\"Yazan:\" \/>\n\t<meta name=\"twitter:data1\" content=\"Moderateur\" \/>\n\t<meta name=\"twitter:label2\" content=\"Tahmini okuma s\u00fcresi\" \/>\n\t<meta name=\"twitter:data2\" content=\"2 dakika\" \/>\n<script type=\"application\/ld+json\" class=\"yoast-schema-graph\">{\"@context\":\"https:\\\/\\\/schema.org\",\"@graph\":[{\"@type\":\"Article\",\"@id\":\"https:\\\/\\\/senegalndiaye.com\\\/prix-du-samsung-a31-au-senegal\\\/#article\",\"isPartOf\":{\"@id\":\"https:\\\/\\\/senegalndiaye.com\\\/prix-du-samsung-a31-au-senegal\\\/\"},\"author\":{\"name\":\"Moderateur\",\"@id\":\"https:\\\/\\\/senegalndiaye.com\\\/#\\\/schema\\\/person\\\/c1e0d9f50bc68102f5a7368b7c9551f5\"},\"headline\":\"Prix du Samsung A31 au S\u00e9n\u00e9gal\",\"datePublished\":\"2020-08-09T19:50:59+00:00\",\"dateModified\":\"2021-02-01T12:45:36+00:00\",\"mainEntityOfPage\":{\"@id\":\"https:\\\/\\\/senegalndiaye.com\\\/prix-du-samsung-a31-au-senegal\\\/\"},\"wordCount\":323,\"commentCount\":0,\"publisher\":{\"@id\":\"https:\\\/\\\/senegalndiaye.com\\\/#organization\"},\"image\":{\"@id\":\"https:\\\/\\\/senegalndiaye.com\\\/prix-du-samsung-a31-au-senegal\\\/#primaryimage\"},\"thumbnailUrl\":\"https:\\\/\\\/i0.wp.com\\\/senegalndiaye.com\\\/wp-content\\\/uploads\\\/2020\\\/08\\\/samsung-galaxy-a31.jpg?fit=720%2C450&ssl=1\",\"keywords\":[\"samsung a31 prix\"],\"articleSection\":[\"Prix\"],\"inLanguage\":\"tr\",\"potentialAction\":[{\"@type\":\"CommentAction\",\"name\":\"Comment\",\"target\":[\"https:\\\/\\\/senegalndiaye.com\\\/prix-du-samsung-a31-au-senegal\\\/#respond\"]}]},{\"@type\":\"WebPage\",\"@id\":\"https:\\\/\\\/senegalndiaye.com\\\/prix-du-samsung-a31-au-senegal\\\/\",\"url\":\"https:\\\/\\\/senegalndiaye.com\\\/prix-du-samsung-a31-au-senegal\\\/\",\"name\":\"Prix du Samsung A31 au S\u00e9n\u00e9gal &#187; Senegal Ndiaye\",\"isPartOf\":{\"@id\":\"https:\\\/\\\/senegalndiaye.com\\\/#website\"},\"primaryImageOfPage\":{\"@id\":\"https:\\\/\\\/senegalndiaye.com\\\/prix-du-samsung-a31-au-senegal\\\/#primaryimage\"},\"image\":{\"@id\":\"https:\\\/\\\/senegalndiaye.com\\\/prix-du-samsung-a31-au-senegal\\\/#primaryimage\"},\"thumbnailUrl\":\"https:\\\/\\\/i0.wp.com\\\/senegalndiaye.com\\\/wp-content\\\/uploads\\\/2020\\\/08\\\/samsung-galaxy-a31.jpg?fit=720%2C450&ssl=1\",\"datePublished\":\"2020-08-09T19:50:59+00:00\",\"dateModified\":\"2021-02-01T12:45:36+00:00\",\"description\":\"Prix du Samsung A31 au S\u00e9n\u00e9gal Le samsung A31 est le tout nouveau t\u00e9l\u00e9phone samsung sortie en 2020 et qui remplace le a30 et le A30s\",\"breadcrumb\":{\"@id\":\"https:\\\/\\\/senegalndiaye.com\\\/prix-du-samsung-a31-au-senegal\\\/#breadcrumb\"},\"inLanguage\":\"tr\",\"potentialAction\":[{\"@type\":\"ReadAction\",\"target\":[\"https:\\\/\\\/senegalndiaye.com\\\/prix-du-samsung-a31-au-senegal\\\/\"]}]},{\"@type\":\"ImageObject\",\"inLanguage\":\"tr\",\"@id\":\"https:\\\/\\\/senegalndiaye.com\\\/prix-du-samsung-a31-au-senegal\\\/#primaryimage\",\"url\":\"https:\\\/\\\/i0.wp.com\\\/senegalndiaye.com\\\/wp-content\\\/uploads\\\/2020\\\/08\\\/samsung-galaxy-a31.jpg?fit=720%2C450&ssl=1\",\"contentUrl\":\"https:\\\/\\\/i0.wp.com\\\/senegalndiaye.com\\\/wp-content\\\/uploads\\\/2020\\\/08\\\/samsung-galaxy-a31.jpg?fit=720%2C450&ssl=1\",\"width\":720,\"height\":450,\"caption\":\"prix samsung a31 senegal\"},{\"@type\":\"BreadcrumbList\",\"@id\":\"https:\\\/\\\/senegalndiaye.com\\\/prix-du-samsung-a31-au-senegal\\\/#breadcrumb\",\"itemListElement\":[{\"@type\":\"ListItem\",\"position\":1,\"name\":\"Accueil\",\"item\":\"https:\\\/\\\/senegalndiaye.com\\\/\"},{\"@type\":\"ListItem\",\"position\":2,\"name\":\"Prix du Samsung A31 au S\u00e9n\u00e9gal\"}]},{\"@type\":\"WebSite\",\"@id\":\"https:\\\/\\\/senegalndiaye.com\\\/#website\",\"url\":\"https:\\\/\\\/senegalndiaye.com\\\/\",\"name\":\"Senegal Ndiaye\",\"description\":\"Retrouvez les meilleurs endroits du S\u00e9n\u00e9gal\",\"publisher\":{\"@id\":\"https:\\\/\\\/senegalndiaye.com\\\/#organization\"},\"potentialAction\":[{\"@type\":\"SearchAction\",\"target\":{\"@type\":\"EntryPoint\",\"urlTemplate\":\"https:\\\/\\\/senegalndiaye.com\\\/?s={search_term_string}\"},\"query-input\":{\"@type\":\"PropertyValueSpecification\",\"valueRequired\":true,\"valueName\":\"search_term_string\"}}],\"inLanguage\":\"tr\"},{\"@type\":\"Organization\",\"@id\":\"https:\\\/\\\/senegalndiaye.com\\\/#organization\",\"name\":\"Senegal Ndiaye\",\"url\":\"https:\\\/\\\/senegalndiaye.com\\\/\",\"logo\":{\"@type\":\"ImageObject\",\"inLanguage\":\"tr\",\"@id\":\"https:\\\/\\\/senegalndiaye.com\\\/#\\\/schema\\\/logo\\\/image\\\/\",\"url\":\"https:\\\/\\\/senegalndiaye.com\\\/wp-content\\\/uploads\\\/2018\\\/05\\\/senegalndiaye_logo.png\",\"contentUrl\":\"https:\\\/\\\/senegalndiaye.com\\\/wp-content\\\/uploads\\\/2018\\\/05\\\/senegalndiaye_logo.png\",\"width\":150,\"height\":106,\"caption\":\"Senegal Ndiaye\"},\"image\":{\"@id\":\"https:\\\/\\\/senegalndiaye.com\\\/#\\\/schema\\\/logo\\\/image\\\/\"},\"sameAs\":[\"https:\\\/\\\/www.facebook.com\\\/senegalndiaye4\\\/\",\"https:\\\/\\\/x.com\\\/Senegalndiaye5\",\"https:\\\/\\\/www.instagram.com\\\/senegalndiaye1\\\/\",\"https:\\\/\\\/www.linkedin.com\\\/company\\\/senegal-ndiaye\\\/\"]},{\"@type\":\"Person\",\"@id\":\"https:\\\/\\\/senegalndiaye.com\\\/#\\\/schema\\\/person\\\/c1e0d9f50bc68102f5a7368b7c9551f5\",\"name\":\"Moderateur\",\"image\":{\"@type\":\"ImageObject\",\"inLanguage\":\"tr\",\"@id\":\"https:\\\/\\\/senegalndiaye.com\\\/wp-content\\\/litespeed\\\/avatar\\\/3fb7bc779db92bd05c1837e9542df344.jpg?ver=1777309443\",\"url\":\"https:\\\/\\\/senegalndiaye.com\\\/wp-content\\\/litespeed\\\/avatar\\\/3fb7bc779db92bd05c1837e9542df344.jpg?ver=1777309443\",\"contentUrl\":\"https:\\\/\\\/senegalndiaye.com\\\/wp-content\\\/litespeed\\\/avatar\\\/3fb7bc779db92bd05c1837e9542df344.jpg?ver=1777309443\",\"caption\":\"Moderateur\"},\"url\":\"https:\\\/\\\/senegalndiaye.com\\\/tr\\\/author\\\/sndigital\\\/\"}]}<\/script>\n<!-- \/ Yoast SEO plugin. -->","yoast_head_json":{"title":"Samsung A31 Senegal&#039;de Fiyat\u0131 \u00bb Senegal Ndiaye","description":"Senegal&#039;de Samsung A31 fiyat\u0131 Samsung A31, 2020&#039;de piyasaya s\u00fcr\u00fclen yepyeni samsung telefonu ve a30 ve A30&#039;lar\u0131n yerini al\u0131yor","robots":{"index":"index","follow":"follow","max-snippet":"max-snippet:-1","max-image-preview":"max-image-preview:large","max-video-preview":"max-video-preview:-1"},"canonical":"https:\/\/senegalndiaye.com\/tr\/prix-du-samsung-a31-au-senegal\/","og_locale":"tr_TR","og_type":"article","og_title":"Prix du Samsung A31 au S\u00e9n\u00e9gal &#187; Senegal Ndiaye","og_description":"Prix du Samsung A31 au S\u00e9n\u00e9gal Le samsung A31 est le tout nouveau t\u00e9l\u00e9phone samsung sortie en 2020 et qui remplace le a30 et le A30s","og_url":"https:\/\/senegalndiaye.com\/tr\/prix-du-samsung-a31-au-senegal\/","og_site_name":"Senegal Ndiaye","article_publisher":"https:\/\/www.facebook.com\/senegalndiaye4\/","article_published_time":"2020-08-09T19:50:59+00:00","article_modified_time":"2021-02-01T12:45:36+00:00","og_image":[{"width":720,"height":450,"url":"https:\/\/senegalndiaye.com\/wp-content\/uploads\/2020\/08\/samsung-galaxy-a31.jpg","type":"image\/jpeg"}],"author":"Moderateur","twitter_card":"summary_large_image","twitter_creator":"@Senegalndiaye5","twitter_site":"@Senegalndiaye5","twitter_misc":{"Yazan:":"Moderateur","Tahmini okuma s\u00fcresi":"2 dakika"},"schema":{"@context":"https:\/\/schema.org","@graph":[{"@type":"Article","@id":"https:\/\/senegalndiaye.com\/prix-du-samsung-a31-au-senegal\/#article","isPartOf":{"@id":"https:\/\/senegalndiaye.com\/prix-du-samsung-a31-au-senegal\/"},"author":{"name":"Moderateur","@id":"https:\/\/senegalndiaye.com\/#\/schema\/person\/c1e0d9f50bc68102f5a7368b7c9551f5"},"headline":"Prix du Samsung A31 au S\u00e9n\u00e9gal","datePublished":"2020-08-09T19:50:59+00:00","dateModified":"2021-02-01T12:45:36+00:00","mainEntityOfPage":{"@id":"https:\/\/senegalndiaye.com\/prix-du-samsung-a31-au-senegal\/"},"wordCount":323,"commentCount":0,"publisher":{"@id":"https:\/\/senegalndiaye.com\/#organization"},"image":{"@id":"https:\/\/senegalndiaye.com\/prix-du-samsung-a31-au-senegal\/#primaryimage"},"thumbnailUrl":"https:\/\/i0.wp.com\/senegalndiaye.com\/wp-content\/uploads\/2020\/08\/samsung-galaxy-a31.jpg?fit=720%2C450&ssl=1","keywords":["samsung a31 prix"],"articleSection":["Prix"],"inLanguage":"tr","potentialAction":[{"@type":"CommentAction","name":"Comment","target":["https:\/\/senegalndiaye.com\/prix-du-samsung-a31-au-senegal\/#respond"]}]},{"@type":"WebPage","@id":"https:\/\/senegalndiaye.com\/prix-du-samsung-a31-au-senegal\/","url":"https:\/\/senegalndiaye.com\/prix-du-samsung-a31-au-senegal\/","name":"Samsung A31 Senegal&#039;de Fiyat\u0131 \u00bb Senegal Ndiaye","isPartOf":{"@id":"https:\/\/senegalndiaye.com\/#website"},"primaryImageOfPage":{"@id":"https:\/\/senegalndiaye.com\/prix-du-samsung-a31-au-senegal\/#primaryimage"},"image":{"@id":"https:\/\/senegalndiaye.com\/prix-du-samsung-a31-au-senegal\/#primaryimage"},"thumbnailUrl":"https:\/\/i0.wp.com\/senegalndiaye.com\/wp-content\/uploads\/2020\/08\/samsung-galaxy-a31.jpg?fit=720%2C450&ssl=1","datePublished":"2020-08-09T19:50:59+00:00","dateModified":"2021-02-01T12:45:36+00:00","description":"Senegal&#039;de Samsung A31 fiyat\u0131 Samsung A31, 2020&#039;de piyasaya s\u00fcr\u00fclen yepyeni samsung telefonu ve a30 ve A30&#039;lar\u0131n yerini al\u0131yor","breadcrumb":{"@id":"https:\/\/senegalndiaye.com\/prix-du-samsung-a31-au-senegal\/#breadcrumb"},"inLanguage":"tr","potentialAction":[{"@type":"ReadAction","target":["https:\/\/senegalndiaye.com\/prix-du-samsung-a31-au-senegal\/"]}]},{"@type":"ImageObject","inLanguage":"tr","@id":"https:\/\/senegalndiaye.com\/prix-du-samsung-a31-au-senegal\/#primaryimage","url":"https:\/\/i0.wp.com\/senegalndiaye.com\/wp-content\/uploads\/2020\/08\/samsung-galaxy-a31.jpg?fit=720%2C450&ssl=1","contentUrl":"https:\/\/i0.wp.com\/senegalndiaye.com\/wp-content\/uploads\/2020\/08\/samsung-galaxy-a31.jpg?fit=720%2C450&ssl=1","width":720,"height":450,"caption":"prix samsung a31 senegal"},{"@type":"BreadcrumbList","@id":"https:\/\/senegalndiaye.com\/prix-du-samsung-a31-au-senegal\/#breadcrumb","itemListElement":[{"@type":"ListItem","position":1,"name":"Accueil","item":"https:\/\/senegalndiaye.com\/"},{"@type":"ListItem","position":2,"name":"Prix du Samsung A31 au S\u00e9n\u00e9gal"}]},{"@type":"WebSite","@id":"https:\/\/senegalndiaye.com\/#website","url":"https:\/\/senegalndiaye.com\/","name":"Senegal Ndiaye","description":"Senegal&#039;deki en iyi yerleri bulun","publisher":{"@id":"https:\/\/senegalndiaye.com\/#organization"},"potentialAction":[{"@type":"SearchAction","target":{"@type":"EntryPoint","urlTemplate":"https:\/\/senegalndiaye.com\/?s={search_term_string}"},"query-input":{"@type":"PropertyValueSpecification","valueRequired":true,"valueName":"search_term_string"}}],"inLanguage":"tr"},{"@type":"Organization","@id":"https:\/\/senegalndiaye.com\/#organization","name":"Senegal Ndiaye","url":"https:\/\/senegalndiaye.com\/","logo":{"@type":"ImageObject","inLanguage":"tr","@id":"https:\/\/senegalndiaye.com\/#\/schema\/logo\/image\/","url":"https:\/\/senegalndiaye.com\/wp-content\/uploads\/2018\/05\/senegalndiaye_logo.png","contentUrl":"https:\/\/senegalndiaye.com\/wp-content\/uploads\/2018\/05\/senegalndiaye_logo.png","width":150,"height":106,"caption":"Senegal Ndiaye"},"image":{"@id":"https:\/\/senegalndiaye.com\/#\/schema\/logo\/image\/"},"sameAs":["https:\/\/www.facebook.com\/senegalndiaye4\/","https:\/\/x.com\/Senegalndiaye5","https:\/\/www.instagram.com\/senegalndiaye1\/","https:\/\/www.linkedin.com\/company\/senegal-ndiaye\/"]},{"@type":"Person","@id":"https:\/\/senegalndiaye.com\/#\/schema\/person\/c1e0d9f50bc68102f5a7368b7c9551f5","name":"moderat\u00f6r","image":{"@type":"ImageObject","inLanguage":"tr","@id":"https:\/\/senegalndiaye.com\/wp-content\/litespeed\/avatar\/3fb7bc779db92bd05c1837e9542df344.jpg?ver=1777309443","url":"https:\/\/senegalndiaye.com\/wp-content\/litespeed\/avatar\/3fb7bc779db92bd05c1837e9542df344.jpg?ver=1777309443","contentUrl":"https:\/\/senegalndiaye.com\/wp-content\/litespeed\/avatar\/3fb7bc779db92bd05c1837e9542df344.jpg?ver=1777309443","caption":"Moderateur"},"url":"https:\/\/senegalndiaye.com\/tr\/author\/sndigital\/"}]}},"jetpack_featured_media_url":"https:\/\/i0.wp.com\/senegalndiaye.com\/wp-content\/uploads\/2020\/08\/samsung-galaxy-a31.jpg?fit=720%2C450&ssl=1","jetpack_sharing_enabled":true,"jetpack-related-posts":[{"id":23081,"url":"https:\/\/senegalndiaye.com\/tr\/prix-du-samsung-a21s-au-senegal\/","url_meta":{"origin":22888,"position":0},"title":"Senegal&#039;de Samsung A21S fiyat\u0131","author":"Moderateur","date":"A\u011fustos 16, 2020","format":false,"excerpt":"TEKN\u0130K \u00d6ZELL\u0130KLER Siyah, k\u0131rm\u0131z\u0131, mavi ve beyaz olmak \u00fczere 4 renk se\u00e7ene\u011fi mevcuttur. Performans a\u00e7\u0131s\u0131ndan, bu aral\u0131ktaki bir telefon sizi hayal k\u0131r\u0131kl\u0131\u011f\u0131na u\u011fratmayacakt\u0131r. - 1600x820 piksel \u00e7\u00f6z\u00fcn\u00fcrl\u00fc\u011fe sahip 6,5 in\u00e7 ekrana sahiptir. - Pil kapasitesi 5000\u2026","rel":"","context":"&quot;Blog&quot; i\u00e7inde","block_context":{"text":"Blog","link":"https:\/\/senegalndiaye.com\/tr\/category\/blog\/"},"img":{"alt_text":"prix samsung a21s S\u00e9n\u00e9gal","src":"https:\/\/i0.wp.com\/senegalndiaye.com\/wp-content\/uploads\/2020\/08\/a21s.jpg?fit=713%2C622&ssl=1&resize=350%2C200","width":350,"height":200,"srcset":"https:\/\/i0.wp.com\/senegalndiaye.com\/wp-content\/uploads\/2020\/08\/a21s.jpg?fit=713%2C622&ssl=1&resize=350%2C200 1x, https:\/\/i0.wp.com\/senegalndiaye.com\/wp-content\/uploads\/2020\/08\/a21s.jpg?fit=713%2C622&ssl=1&resize=525%2C300 1.5x, https:\/\/i0.wp.com\/senegalndiaye.com\/wp-content\/uploads\/2020\/08\/a21s.jpg?fit=713%2C622&ssl=1&resize=700%2C400 2x"},"classes":[]},{"id":21734,"url":"https:\/\/senegalndiaye.com\/tr\/prix-des-samsung-a-dakar\/","url_meta":{"origin":22888,"position":1},"title":"Dakar&#039;da Samsung fiyatlar\u0131","author":"Moderateur","date":"Kas\u0131m 8, 2019","format":false,"excerpt":"Telefonunuzun pil \u00f6mr\u00fcn\u00fcn daha uzun olmas\u0131n\u0131 \u00f6nemseyen biriyseniz, Samsung m\u00fckemmel bir se\u00e7im. Her biri birbirinden g\u00fc\u00e7l\u00fc ve her duruma uygun serileriyle, d\u00fcnyay\u0131 yak\u0131ndan g\u00f6rme hissi veren bir marka. \u0130\u015fte tam da bu...","rel":"","context":"&quot;Prix&quot; i\u00e7inde","block_context":{"text":"Prix","link":"https:\/\/senegalndiaye.com\/tr\/category\/prix\/"},"img":{"alt_text":"Prix des samsung \u00e0 Dakar","src":"https:\/\/i0.wp.com\/senegalndiaye.com\/wp-content\/uploads\/2019\/11\/Capture-d%E2%80%99%C3%A9cran-2019-11-08-%C3%A0-15.13.07.png?fit=425%2C519&ssl=1&resize=350%2C200","width":350,"height":200},"classes":[]},{"id":22156,"url":"https:\/\/senegalndiaye.com\/tr\/prix-des-huawei-a-dakar\/","url_meta":{"origin":22888,"position":2},"title":"Dakar&#039;da Huawei fiyatlar\u0131","author":"Carine Ramos","date":"May\u0131s 10, 2020","format":false,"excerpt":"HUAWEI, 1989 y\u0131l\u0131nda kurulan bir \u00c7in \u015firketidir. 2009 y\u0131l\u0131nda ilk Android telefonlar\u0131n\u0131 piyasaya s\u00fcrm\u00fc\u015ft\u00fcr. Uzun zamand\u0131r d\u00fc\u015f\u00fck segment bir marka olarak kabul edilen \u015firket, 2018&#039;den bu yana Samsung&#039;un ard\u0131ndan ikinci b\u00fcy\u00fck ak\u0131ll\u0131 telefon markas\u0131 haline gelerek dev Apple&#039;\u0131 taht\u0131ndan indirmi\u015ftir. O zamandan beri \u00c7inli \u00fcretici ilerlemeye devam etmi\u015ftir...","rel":"","context":"&quot;Blog&quot; i\u00e7inde","block_context":{"text":"Blog","link":"https:\/\/senegalndiaye.com\/tr\/category\/blog\/"},"img":{"alt_text":"prix huawei Dakar","src":"https:\/\/i0.wp.com\/senegalndiaye.com\/wp-content\/uploads\/2020\/05\/prix-huawei-Dakar.jpg?fit=569%2C705&ssl=1&resize=350%2C200","width":350,"height":200,"srcset":"https:\/\/i0.wp.com\/senegalndiaye.com\/wp-content\/uploads\/2020\/05\/prix-huawei-Dakar.jpg?fit=569%2C705&ssl=1&resize=350%2C200 1x, https:\/\/i0.wp.com\/senegalndiaye.com\/wp-content\/uploads\/2020\/05\/prix-huawei-Dakar.jpg?fit=569%2C705&ssl=1&resize=525%2C300 1.5x"},"classes":[]},{"id":23882,"url":"https:\/\/senegalndiaye.com\/tr\/prix-des-pizzas-a-dakar\/","url_meta":{"origin":22888,"position":3},"title":"Dakar&#039;da pizza fiyatlar\u0131","author":"Moderateur","date":"Nisan 20, 2021","format":false,"excerpt":"Merhaba \u00e7ocuklar! Sonra g\u00f6r\u00fc\u015f\u00fcr\u00fcz! Yaz geldi, g\u00fcne\u015fin, temiz havan\u0131n ve neden g\u00fczel bir dilim pizzan\u0131n tad\u0131n\u0131 \u00e7\u0131karm\u0131yoruz ki? Hepimiz bay\u0131l\u0131yoruz. Bel \u00e7evreniz i\u00e7in \u00e7ok yaz\u0131k. Kendinizi \u015f\u0131martmak varken neden fedakarl\u0131k yapas\u0131n\u0131z ki? Dakar&#039;\u0131n en iyi pizzalar\u0131n\u0131 sizin i\u00e7in se\u00e7tik...","rel":"","context":"&quot;Blog&quot; i\u00e7inde","block_context":{"text":"Blog","link":"https:\/\/senegalndiaye.com\/tr\/category\/blog\/"},"img":{"alt_text":"pizza dakar prix","src":"https:\/\/i0.wp.com\/senegalndiaye.com\/wp-content\/uploads\/2021\/04\/pizza-dakar-prix.jpg?fit=1024%2C768&ssl=1&resize=350%2C200","width":350,"height":200,"srcset":"https:\/\/i0.wp.com\/senegalndiaye.com\/wp-content\/uploads\/2021\/04\/pizza-dakar-prix.jpg?fit=1024%2C768&ssl=1&resize=350%2C200 1x, https:\/\/i0.wp.com\/senegalndiaye.com\/wp-content\/uploads\/2021\/04\/pizza-dakar-prix.jpg?fit=1024%2C768&ssl=1&resize=525%2C300 1.5x, https:\/\/i0.wp.com\/senegalndiaye.com\/wp-content\/uploads\/2021\/04\/pizza-dakar-prix.jpg?fit=1024%2C768&ssl=1&resize=700%2C400 2x"},"classes":[]},{"id":24768,"url":"https:\/\/senegalndiaye.com\/tr\/%e2%9c%85-iphone-13-pro-max-prix-en-fcfa-au-senegal\/","url_meta":{"origin":22888,"position":4},"title":"\u2705 Senegal&#039;de fcfa&#039;da iphone 13 pro max fiyat\u0131","author":"Moderateur","date":"Eyl\u00fcl 29, 2021","format":false,"excerpt":"iPhone 13 piyasaya \u00e7\u0131kt\u0131. Amerikan devi bu sefer iPhone 13 mini, iPhone 13, iPhone 13 pro ve iPhone 13 pro Max olmak \u00fczere d\u00f6rt model piyasaya s\u00fcrd\u00fc. Fiyatlar modele g\u00f6re de\u011fi\u015fiklik g\u00f6steriyor. Senegal&#039;deki iPhone 13 fiyatlar\u0131n\u0131 bu makalede ke\u015ffedin. iPhone 13 pro max fiyat\u0131...","rel":"","context":"&quot;Blog&quot; i\u00e7inde","block_context":{"text":"Blog","link":"https:\/\/senegalndiaye.com\/tr\/category\/blog\/"},"img":{"alt_text":"iphone 13 pro max prix en fcfa","src":"https:\/\/i0.wp.com\/senegalndiaye.com\/wp-content\/uploads\/2021\/09\/iphone-13-pro-max.jpg?fit=1200%2C675&ssl=1&resize=350%2C200","width":350,"height":200,"srcset":"https:\/\/i0.wp.com\/senegalndiaye.com\/wp-content\/uploads\/2021\/09\/iphone-13-pro-max.jpg?fit=1200%2C675&ssl=1&resize=350%2C200 1x, https:\/\/i0.wp.com\/senegalndiaye.com\/wp-content\/uploads\/2021\/09\/iphone-13-pro-max.jpg?fit=1200%2C675&ssl=1&resize=525%2C300 1.5x, https:\/\/i0.wp.com\/senegalndiaye.com\/wp-content\/uploads\/2021\/09\/iphone-13-pro-max.jpg?fit=1200%2C675&ssl=1&resize=700%2C400 2x, https:\/\/i0.wp.com\/senegalndiaye.com\/wp-content\/uploads\/2021\/09\/iphone-13-pro-max.jpg?fit=1200%2C675&ssl=1&resize=1050%2C600 3x"},"classes":[]},{"id":22209,"url":"https:\/\/senegalndiaye.com\/tr\/ou-trouver-du-make-up-de-qualite-a-dakar\/","url_meta":{"origin":22888,"position":5},"title":"Dakar&#039;da kaliteli makyaj nerede bulunur?","author":"Moderateur","date":"May\u0131s 13, 2020","format":false,"excerpt":"Senegal pazar\u0131, cilt tipinize uygun olmayan, kalitesiz sahte makyaj malzemeleriyle dolu. Sonu\u00e7: Merhaba alerjiler, sivilceler, ama kulland\u0131\u011f\u0131n\u0131z \u00fcr\u00fcnler kalitesizse vasat bir sonu\u00e7 da al\u0131rs\u0131n\u0131z. Daha \u00f6nce hi\u00e7 taklit etmeyi denemediyseniz elinizi kald\u0131r\u0131n...","rel":"","context":"&quot;Blog&quot; i\u00e7inde","block_context":{"text":"Blog","link":"https:\/\/senegalndiaye.com\/tr\/category\/blog\/"},"img":{"alt_text":"make up Dakar","src":"https:\/\/i0.wp.com\/senegalndiaye.com\/wp-content\/uploads\/2020\/05\/flomar.jpg?fit=900%2C755&ssl=1&resize=350%2C200","width":350,"height":200,"srcset":"https:\/\/i0.wp.com\/senegalndiaye.com\/wp-content\/uploads\/2020\/05\/flomar.jpg?fit=900%2C755&ssl=1&resize=350%2C200 1x, https:\/\/i0.wp.com\/senegalndiaye.com\/wp-content\/uploads\/2020\/05\/flomar.jpg?fit=900%2C755&ssl=1&resize=525%2C300 1.5x, https:\/\/i0.wp.com\/senegalndiaye.com\/wp-content\/uploads\/2020\/05\/flomar.jpg?fit=900%2C755&ssl=1&resize=700%2C400 2x"},"classes":[]}],"_links":{"self":[{"href":"https:\/\/senegalndiaye.com\/tr\/wp-json\/wp\/v2\/posts\/22888","targetHints":{"allow":["GET"]}}],"collection":[{"href":"https:\/\/senegalndiaye.com\/tr\/wp-json\/wp\/v2\/posts"}],"about":[{"href":"https:\/\/senegalndiaye.com\/tr\/wp-json\/wp\/v2\/types\/post"}],"author":[{"embeddable":true,"href":"https:\/\/senegalndiaye.com\/tr\/wp-json\/wp\/v2\/users\/8"}],"replies":[{"embeddable":true,"href":"https:\/\/senegalndiaye.com\/tr\/wp-json\/wp\/v2\/comments?post=22888"}],"version-history":[{"count":13,"href":"https:\/\/senegalndiaye.com\/tr\/wp-json\/wp\/v2\/posts\/22888\/revisions"}],"predecessor-version":[{"id":23575,"href":"https:\/\/senegalndiaye.com\/tr\/wp-json\/wp\/v2\/posts\/22888\/revisions\/23575"}],"wp:featuredmedia":[{"embeddable":true,"href":"https:\/\/senegalndiaye.com\/tr\/wp-json\/wp\/v2\/media\/22889"}],"wp:attachment":[{"href":"https:\/\/senegalndiaye.com\/tr\/wp-json\/wp\/v2\/media?parent=22888"}],"wp:term":[{"taxonomy":"category","embeddable":true,"href":"https:\/\/senegalndiaye.com\/tr\/wp-json\/wp\/v2\/categories?post=22888"},{"taxonomy":"post_tag","embeddable":true,"href":"https:\/\/senegalndiaye.com\/tr\/wp-json\/wp\/v2\/tags?post=22888"}],"curies":[{"name":"wp","href":"https:\/\/api.w.org\/{rel}","templated":true}]}}