{"id":29905,"date":"2025-03-29T19:00:33","date_gmt":"2025-03-29T19:00:33","guid":{"rendered":"https:\/\/senegalndiaye.com\/?p=29905"},"modified":"2025-03-29T19:00:33","modified_gmt":"2025-03-29T19:00:33","slug":"senegal-le-ministere-de-la-formation-professionnelle-lance-via-le-3fpt-un-appel-a-candidatures-pour-1200-jeunes","status":"publish","type":"post","link":"https:\/\/senegalndiaye.com\/es\/senegal-le-ministere-de-la-formation-professionnelle-lance-via-le-3fpt-un-appel-a-candidatures-pour-1200-jeunes\/","title":{"rendered":"Senegal: El Ministerio de Formaci\u00f3n Profesional lanza una convocatoria para 1.200 j\u00f3venes a trav\u00e9s del 3FPT"},"content":{"rendered":"<div id=\"model-response-message-contentr_081c0ce9c3231f0a\" class=\"markdown markdown-main-panel\" dir=\"ltr\">\n<p data-sourcepos=\"1:1-1:394\">El Fondo de Financiaci\u00f3n de la Formaci\u00f3n Profesional y T\u00e9cnica (3FPT) lanza una convocatoria de candidaturas para la selecci\u00f3n de 1.200 j\u00f3venes de las regiones de Diourbel, Ziguinchor, S\u00e9dhiou y Kolda. Estas formaciones, que conducen a certificados de especializaci\u00f3n profesional, se inscriben en el marco del proyecto PFPE, cuyo objetivo es mejorar el sistema de formaci\u00f3n profesional en Senegal.<\/p>\n<p data-sourcepos=\"3:1-3:30\"><strong>Objetivos del proyecto PFPE:<\/strong><\/p>\n<ul data-sourcepos=\"5:1-8:0\">\n<li data-sourcepos=\"5:1-5:88\">Mejorar las condiciones marco para un sistema de formaci\u00f3n profesional eficaz.<\/li>\n<li data-sourcepos=\"6:1-6:63\">Fortalecer la colaboraci\u00f3n entre escuelas y empresas.<\/li>\n<li data-sourcepos=\"7:1-8:0\">Ofrecer formaci\u00f3n adaptada a las necesidades del mercado laboral.<\/li>\n<\/ul>\n<p data-sourcepos=\"9:1-9:18\"><strong>P\u00fablico objetivo:<\/strong><\/p>\n<ul data-sourcepos=\"11:1-16:0\">\n<li data-sourcepos=\"11:1-11:51\">J\u00f3venes en busca de cualificaciones profesionales.<\/li>\n<li data-sourcepos=\"12:1-12:27\">Habitantes de las daaras.<\/li>\n<li data-sourcepos=\"13:1-13:42\">Personas en situaciones vulnerables.<\/li>\n<li data-sourcepos=\"14:1-14:43\">J\u00f3venes de zonas fronterizas y rurales.<\/li>\n<li data-sourcepos=\"15:1-16:0\">Madres j\u00f3venes.<\/li>\n<\/ul>\n<p data-sourcepos=\"17:1-17:29\"><strong>Procedimientos de registro:<\/strong><\/p>\n<ul data-sourcepos=\"19:1-21:0\">\n<li data-sourcepos=\"19:1-19:51\">Periodo de inscripci\u00f3n: Del 15 al 27 de enero de 2025.<\/li>\n<li data-sourcepos=\"20:1-21:0\">Lugar de inscripci\u00f3n: Centros de Empleo y Emprendimiento de J\u00f3venes y Mujeres (PEE\/JF) de las regiones interesadas.<\/li>\n<\/ul>\n<p data-sourcepos=\"22:1-22:22\"><strong>Documentos requeridos:<\/strong><\/p>\n<ul data-sourcepos=\"24:1-26:0\">\n<li data-sourcepos=\"24:1-24:59\">Documento Nacional de Identidad (DNI) o certificado de nacimiento.<\/li>\n<li data-sourcepos=\"25:1-26:0\">Prueba de vulnerabilidad (certificado de defunci\u00f3n de los padres, tarjeta de igualdad de oportunidades, etc.), si corresponde.<\/li>\n<\/ul>\n<p data-sourcepos=\"27:1-27:34\"><strong>Informaci\u00f3n adicional:<\/strong><\/p>\n<ul data-sourcepos=\"29:1-29:140\">\n<li data-sourcepos=\"29:1-29:140\">Para m\u00e1s detalles, se aconseja contactar directamente con el PEE\/JF de las regiones implicadas o consultar el sitio web del 3FPT.<\/li>\n<\/ul>\n<\/div>","protected":false},"excerpt":{"rendered":"<p>Le Fonds de Financement de la Formation Professionnelle et Technique (3FPT) lance un appel \u00e0 candidatures pour la s\u00e9lection de 1200 jeunes issus des r\u00e9gions de Diourbel, Ziguinchor, S\u00e9dhiou et Kolda. Ces formations, d\u00e9bouchant sur des certificats professionnels de sp\u00e9cialisation, s&rsquo;inscrivent dans le cadre du projet PFPE, visant \u00e0 am\u00e9liorer le syst\u00e8me de formation professionnelle [&hellip;]<\/p>\n","protected":false},"author":8,"featured_media":29904,"comment_status":"open","ping_status":"open","sticky":false,"template":"","format":"standard","meta":{"_jetpack_memberships_contains_paid_content":false,"footnotes":""},"categories":[459,585],"tags":[],"class_list":["post-29905","post","type-post","status-publish","format-standard","has-post-thumbnail","hentry","category-actualite","category-formations-superieures-au-senegal"],"yoast_head":"<!-- This site is optimized with the Yoast SEO plugin v27.5 - https:\/\/yoast.com\/product\/yoast-seo-wordpress\/ -->\n<title>S\u00e9n\u00e9gal : le Minist\u00e8re de la Formation Professionnelle lance via le 3FPT un appel \u00e0 candidatures pour 1200 jeunes &#187; Senegal Ndiaye<\/title>\n<meta name=\"robots\" content=\"index, follow, max-snippet:-1, max-image-preview:large, max-video-preview:-1\" \/>\n<link rel=\"canonical\" href=\"https:\/\/senegalndiaye.com\/es\/senegal-le-ministere-de-la-formation-professionnelle-lance-via-le-3fpt-un-appel-a-candidatures-pour-1200-jeunes\/\" \/>\n<meta property=\"og:locale\" content=\"es_ES\" \/>\n<meta property=\"og:type\" content=\"article\" \/>\n<meta property=\"og:title\" content=\"S\u00e9n\u00e9gal : le Minist\u00e8re de la Formation Professionnelle lance via le 3FPT un appel \u00e0 candidatures pour 1200 jeunes &#187; Senegal Ndiaye\" \/>\n<meta property=\"og:description\" content=\"Le Fonds de Financement de la Formation Professionnelle et Technique (3FPT) lance un appel \u00e0 candidatures pour la s\u00e9lection de 1200 jeunes issus des r\u00e9gions de Diourbel, Ziguinchor, S\u00e9dhiou et Kolda. Ces formations, d\u00e9bouchant sur des certificats professionnels de sp\u00e9cialisation, s&rsquo;inscrivent dans le cadre du projet PFPE, visant \u00e0 am\u00e9liorer le syst\u00e8me de formation professionnelle [&hellip;]\" \/>\n<meta property=\"og:url\" content=\"https:\/\/senegalndiaye.com\/es\/senegal-le-ministere-de-la-formation-professionnelle-lance-via-le-3fpt-un-appel-a-candidatures-pour-1200-jeunes\/\" \/>\n<meta property=\"og:site_name\" content=\"Senegal Ndiaye\" \/>\n<meta property=\"article:publisher\" content=\"https:\/\/www.facebook.com\/senegalndiaye4\/\" \/>\n<meta property=\"article:published_time\" content=\"2025-03-29T19:00:33+00:00\" \/>\n<meta property=\"og:image\" content=\"https:\/\/senegalndiaye.com\/wp-content\/uploads\/2025\/03\/1372c10a764c83c2e0ae1d6e5b546b77file.jpeg\" \/>\n\t<meta property=\"og:image:width\" content=\"800\" \/>\n\t<meta property=\"og:image:height\" content=\"450\" \/>\n\t<meta property=\"og:image:type\" content=\"image\/jpeg\" \/>\n<meta name=\"author\" content=\"Moderateur\" \/>\n<meta name=\"twitter:card\" content=\"summary_large_image\" \/>\n<meta name=\"twitter:creator\" content=\"@Senegalndiaye5\" \/>\n<meta name=\"twitter:site\" content=\"@Senegalndiaye5\" \/>\n<meta name=\"twitter:label1\" content=\"Escrito por\" \/>\n\t<meta name=\"twitter:data1\" content=\"Moderateur\" \/>\n\t<meta name=\"twitter:label2\" content=\"Tiempo de lectura\" \/>\n\t<meta name=\"twitter:data2\" content=\"2 minutos\" \/>\n<script type=\"application\/ld+json\" class=\"yoast-schema-graph\">{\"@context\":\"https:\\\/\\\/schema.org\",\"@graph\":[{\"@type\":\"Article\",\"@id\":\"https:\\\/\\\/senegalndiaye.com\\\/senegal-le-ministere-de-la-formation-professionnelle-lance-via-le-3fpt-un-appel-a-candidatures-pour-1200-jeunes\\\/#article\",\"isPartOf\":{\"@id\":\"https:\\\/\\\/senegalndiaye.com\\\/senegal-le-ministere-de-la-formation-professionnelle-lance-via-le-3fpt-un-appel-a-candidatures-pour-1200-jeunes\\\/\"},\"author\":{\"name\":\"Moderateur\",\"@id\":\"https:\\\/\\\/senegalndiaye.com\\\/#\\\/schema\\\/person\\\/c1e0d9f50bc68102f5a7368b7c9551f5\"},\"headline\":\"S\u00e9n\u00e9gal : le Minist\u00e8re de la Formation Professionnelle lance via le 3FPT un appel \u00e0 candidatures pour 1200 jeunes\",\"datePublished\":\"2025-03-29T19:00:33+00:00\",\"mainEntityOfPage\":{\"@id\":\"https:\\\/\\\/senegalndiaye.com\\\/senegal-le-ministere-de-la-formation-professionnelle-lance-via-le-3fpt-un-appel-a-candidatures-pour-1200-jeunes\\\/\"},\"wordCount\":243,\"commentCount\":0,\"publisher\":{\"@id\":\"https:\\\/\\\/senegalndiaye.com\\\/#organization\"},\"image\":{\"@id\":\"https:\\\/\\\/senegalndiaye.com\\\/senegal-le-ministere-de-la-formation-professionnelle-lance-via-le-3fpt-un-appel-a-candidatures-pour-1200-jeunes\\\/#primaryimage\"},\"thumbnailUrl\":\"https:\\\/\\\/i0.wp.com\\\/senegalndiaye.com\\\/wp-content\\\/uploads\\\/2025\\\/03\\\/1372c10a764c83c2e0ae1d6e5b546b77file.jpeg?fit=800%2C450&ssl=1\",\"articleSection\":[\"actualit\u00e9\",\"Formations sup\u00e9rieures au S\u00e9n\u00e9gal\"],\"inLanguage\":\"es\",\"potentialAction\":[{\"@type\":\"CommentAction\",\"name\":\"Comment\",\"target\":[\"https:\\\/\\\/senegalndiaye.com\\\/senegal-le-ministere-de-la-formation-professionnelle-lance-via-le-3fpt-un-appel-a-candidatures-pour-1200-jeunes\\\/#respond\"]}]},{\"@type\":\"WebPage\",\"@id\":\"https:\\\/\\\/senegalndiaye.com\\\/senegal-le-ministere-de-la-formation-professionnelle-lance-via-le-3fpt-un-appel-a-candidatures-pour-1200-jeunes\\\/\",\"url\":\"https:\\\/\\\/senegalndiaye.com\\\/senegal-le-ministere-de-la-formation-professionnelle-lance-via-le-3fpt-un-appel-a-candidatures-pour-1200-jeunes\\\/\",\"name\":\"S\u00e9n\u00e9gal : le Minist\u00e8re de la Formation Professionnelle lance via le 3FPT un appel \u00e0 candidatures pour 1200 jeunes &#187; Senegal Ndiaye\",\"isPartOf\":{\"@id\":\"https:\\\/\\\/senegalndiaye.com\\\/#website\"},\"primaryImageOfPage\":{\"@id\":\"https:\\\/\\\/senegalndiaye.com\\\/senegal-le-ministere-de-la-formation-professionnelle-lance-via-le-3fpt-un-appel-a-candidatures-pour-1200-jeunes\\\/#primaryimage\"},\"image\":{\"@id\":\"https:\\\/\\\/senegalndiaye.com\\\/senegal-le-ministere-de-la-formation-professionnelle-lance-via-le-3fpt-un-appel-a-candidatures-pour-1200-jeunes\\\/#primaryimage\"},\"thumbnailUrl\":\"https:\\\/\\\/i0.wp.com\\\/senegalndiaye.com\\\/wp-content\\\/uploads\\\/2025\\\/03\\\/1372c10a764c83c2e0ae1d6e5b546b77file.jpeg?fit=800%2C450&ssl=1\",\"datePublished\":\"2025-03-29T19:00:33+00:00\",\"breadcrumb\":{\"@id\":\"https:\\\/\\\/senegalndiaye.com\\\/senegal-le-ministere-de-la-formation-professionnelle-lance-via-le-3fpt-un-appel-a-candidatures-pour-1200-jeunes\\\/#breadcrumb\"},\"inLanguage\":\"es\",\"potentialAction\":[{\"@type\":\"ReadAction\",\"target\":[\"https:\\\/\\\/senegalndiaye.com\\\/senegal-le-ministere-de-la-formation-professionnelle-lance-via-le-3fpt-un-appel-a-candidatures-pour-1200-jeunes\\\/\"]}]},{\"@type\":\"ImageObject\",\"inLanguage\":\"es\",\"@id\":\"https:\\\/\\\/senegalndiaye.com\\\/senegal-le-ministere-de-la-formation-professionnelle-lance-via-le-3fpt-un-appel-a-candidatures-pour-1200-jeunes\\\/#primaryimage\",\"url\":\"https:\\\/\\\/i0.wp.com\\\/senegalndiaye.com\\\/wp-content\\\/uploads\\\/2025\\\/03\\\/1372c10a764c83c2e0ae1d6e5b546b77file.jpeg?fit=800%2C450&ssl=1\",\"contentUrl\":\"https:\\\/\\\/i0.wp.com\\\/senegalndiaye.com\\\/wp-content\\\/uploads\\\/2025\\\/03\\\/1372c10a764c83c2e0ae1d6e5b546b77file.jpeg?fit=800%2C450&ssl=1\",\"width\":800,\"height\":450},{\"@type\":\"BreadcrumbList\",\"@id\":\"https:\\\/\\\/senegalndiaye.com\\\/senegal-le-ministere-de-la-formation-professionnelle-lance-via-le-3fpt-un-appel-a-candidatures-pour-1200-jeunes\\\/#breadcrumb\",\"itemListElement\":[{\"@type\":\"ListItem\",\"position\":1,\"name\":\"Accueil\",\"item\":\"https:\\\/\\\/senegalndiaye.com\\\/\"},{\"@type\":\"ListItem\",\"position\":2,\"name\":\"S\u00e9n\u00e9gal : le Minist\u00e8re de la Formation Professionnelle lance via le 3FPT un appel \u00e0 candidatures pour 1200 jeunes\"}]},{\"@type\":\"WebSite\",\"@id\":\"https:\\\/\\\/senegalndiaye.com\\\/#website\",\"url\":\"https:\\\/\\\/senegalndiaye.com\\\/\",\"name\":\"Senegal Ndiaye\",\"description\":\"Retrouvez les meilleurs endroits du S\u00e9n\u00e9gal\",\"publisher\":{\"@id\":\"https:\\\/\\\/senegalndiaye.com\\\/#organization\"},\"potentialAction\":[{\"@type\":\"SearchAction\",\"target\":{\"@type\":\"EntryPoint\",\"urlTemplate\":\"https:\\\/\\\/senegalndiaye.com\\\/?s={search_term_string}\"},\"query-input\":{\"@type\":\"PropertyValueSpecification\",\"valueRequired\":true,\"valueName\":\"search_term_string\"}}],\"inLanguage\":\"es\"},{\"@type\":\"Organization\",\"@id\":\"https:\\\/\\\/senegalndiaye.com\\\/#organization\",\"name\":\"Senegal Ndiaye\",\"url\":\"https:\\\/\\\/senegalndiaye.com\\\/\",\"logo\":{\"@type\":\"ImageObject\",\"inLanguage\":\"es\",\"@id\":\"https:\\\/\\\/senegalndiaye.com\\\/#\\\/schema\\\/logo\\\/image\\\/\",\"url\":\"https:\\\/\\\/senegalndiaye.com\\\/wp-content\\\/uploads\\\/2018\\\/05\\\/senegalndiaye_logo.png\",\"contentUrl\":\"https:\\\/\\\/senegalndiaye.com\\\/wp-content\\\/uploads\\\/2018\\\/05\\\/senegalndiaye_logo.png\",\"width\":150,\"height\":106,\"caption\":\"Senegal Ndiaye\"},\"image\":{\"@id\":\"https:\\\/\\\/senegalndiaye.com\\\/#\\\/schema\\\/logo\\\/image\\\/\"},\"sameAs\":[\"https:\\\/\\\/www.facebook.com\\\/senegalndiaye4\\\/\",\"https:\\\/\\\/x.com\\\/Senegalndiaye5\",\"https:\\\/\\\/www.instagram.com\\\/senegalndiaye1\\\/\",\"https:\\\/\\\/www.linkedin.com\\\/company\\\/senegal-ndiaye\\\/\"]},{\"@type\":\"Person\",\"@id\":\"https:\\\/\\\/senegalndiaye.com\\\/#\\\/schema\\\/person\\\/c1e0d9f50bc68102f5a7368b7c9551f5\",\"name\":\"Moderateur\",\"image\":{\"@type\":\"ImageObject\",\"inLanguage\":\"es\",\"@id\":\"https:\\\/\\\/senegalndiaye.com\\\/wp-content\\\/litespeed\\\/avatar\\\/3fb7bc779db92bd05c1837e9542df344.jpg?ver=1777309443\",\"url\":\"https:\\\/\\\/senegalndiaye.com\\\/wp-content\\\/litespeed\\\/avatar\\\/3fb7bc779db92bd05c1837e9542df344.jpg?ver=1777309443\",\"contentUrl\":\"https:\\\/\\\/senegalndiaye.com\\\/wp-content\\\/litespeed\\\/avatar\\\/3fb7bc779db92bd05c1837e9542df344.jpg?ver=1777309443\",\"caption\":\"Moderateur\"},\"url\":\"https:\\\/\\\/senegalndiaye.com\\\/es\\\/author\\\/sndigital\\\/\"}]}<\/script>\n<!-- \/ Yoast SEO plugin. -->","yoast_head_json":{"title":"Senegal: El Ministerio de Formaci\u00f3n Profesional lanza una convocatoria para 1.200 j\u00f3venes a trav\u00e9s del 3FPT \u00bb Senegal Ndiaye","robots":{"index":"index","follow":"follow","max-snippet":"max-snippet:-1","max-image-preview":"max-image-preview:large","max-video-preview":"max-video-preview:-1"},"canonical":"https:\/\/senegalndiaye.com\/es\/senegal-le-ministere-de-la-formation-professionnelle-lance-via-le-3fpt-un-appel-a-candidatures-pour-1200-jeunes\/","og_locale":"es_ES","og_type":"article","og_title":"S\u00e9n\u00e9gal : le Minist\u00e8re de la Formation Professionnelle lance via le 3FPT un appel \u00e0 candidatures pour 1200 jeunes &#187; Senegal Ndiaye","og_description":"Le Fonds de Financement de la Formation Professionnelle et Technique (3FPT) lance un appel \u00e0 candidatures pour la s\u00e9lection de 1200 jeunes issus des r\u00e9gions de Diourbel, Ziguinchor, S\u00e9dhiou et Kolda. Ces formations, d\u00e9bouchant sur des certificats professionnels de sp\u00e9cialisation, s&rsquo;inscrivent dans le cadre du projet PFPE, visant \u00e0 am\u00e9liorer le syst\u00e8me de formation professionnelle [&hellip;]","og_url":"https:\/\/senegalndiaye.com\/es\/senegal-le-ministere-de-la-formation-professionnelle-lance-via-le-3fpt-un-appel-a-candidatures-pour-1200-jeunes\/","og_site_name":"Senegal Ndiaye","article_publisher":"https:\/\/www.facebook.com\/senegalndiaye4\/","article_published_time":"2025-03-29T19:00:33+00:00","og_image":[{"width":800,"height":450,"url":"https:\/\/senegalndiaye.com\/wp-content\/uploads\/2025\/03\/1372c10a764c83c2e0ae1d6e5b546b77file.jpeg","type":"image\/jpeg"}],"author":"Moderateur","twitter_card":"summary_large_image","twitter_creator":"@Senegalndiaye5","twitter_site":"@Senegalndiaye5","twitter_misc":{"Escrito por":"Moderateur","Tiempo de lectura":"2 minutos"},"schema":{"@context":"https:\/\/schema.org","@graph":[{"@type":"Article","@id":"https:\/\/senegalndiaye.com\/senegal-le-ministere-de-la-formation-professionnelle-lance-via-le-3fpt-un-appel-a-candidatures-pour-1200-jeunes\/#article","isPartOf":{"@id":"https:\/\/senegalndiaye.com\/senegal-le-ministere-de-la-formation-professionnelle-lance-via-le-3fpt-un-appel-a-candidatures-pour-1200-jeunes\/"},"author":{"name":"Moderateur","@id":"https:\/\/senegalndiaye.com\/#\/schema\/person\/c1e0d9f50bc68102f5a7368b7c9551f5"},"headline":"S\u00e9n\u00e9gal : le Minist\u00e8re de la Formation Professionnelle lance via le 3FPT un appel \u00e0 candidatures pour 1200 jeunes","datePublished":"2025-03-29T19:00:33+00:00","mainEntityOfPage":{"@id":"https:\/\/senegalndiaye.com\/senegal-le-ministere-de-la-formation-professionnelle-lance-via-le-3fpt-un-appel-a-candidatures-pour-1200-jeunes\/"},"wordCount":243,"commentCount":0,"publisher":{"@id":"https:\/\/senegalndiaye.com\/#organization"},"image":{"@id":"https:\/\/senegalndiaye.com\/senegal-le-ministere-de-la-formation-professionnelle-lance-via-le-3fpt-un-appel-a-candidatures-pour-1200-jeunes\/#primaryimage"},"thumbnailUrl":"https:\/\/i0.wp.com\/senegalndiaye.com\/wp-content\/uploads\/2025\/03\/1372c10a764c83c2e0ae1d6e5b546b77file.jpeg?fit=800%2C450&ssl=1","articleSection":["actualit\u00e9","Formations sup\u00e9rieures au S\u00e9n\u00e9gal"],"inLanguage":"es","potentialAction":[{"@type":"CommentAction","name":"Comment","target":["https:\/\/senegalndiaye.com\/senegal-le-ministere-de-la-formation-professionnelle-lance-via-le-3fpt-un-appel-a-candidatures-pour-1200-jeunes\/#respond"]}]},{"@type":"WebPage","@id":"https:\/\/senegalndiaye.com\/senegal-le-ministere-de-la-formation-professionnelle-lance-via-le-3fpt-un-appel-a-candidatures-pour-1200-jeunes\/","url":"https:\/\/senegalndiaye.com\/senegal-le-ministere-de-la-formation-professionnelle-lance-via-le-3fpt-un-appel-a-candidatures-pour-1200-jeunes\/","name":"Senegal: El Ministerio de Formaci\u00f3n Profesional lanza una convocatoria para 1.200 j\u00f3venes a trav\u00e9s del 3FPT \u00bb Senegal Ndiaye","isPartOf":{"@id":"https:\/\/senegalndiaye.com\/#website"},"primaryImageOfPage":{"@id":"https:\/\/senegalndiaye.com\/senegal-le-ministere-de-la-formation-professionnelle-lance-via-le-3fpt-un-appel-a-candidatures-pour-1200-jeunes\/#primaryimage"},"image":{"@id":"https:\/\/senegalndiaye.com\/senegal-le-ministere-de-la-formation-professionnelle-lance-via-le-3fpt-un-appel-a-candidatures-pour-1200-jeunes\/#primaryimage"},"thumbnailUrl":"https:\/\/i0.wp.com\/senegalndiaye.com\/wp-content\/uploads\/2025\/03\/1372c10a764c83c2e0ae1d6e5b546b77file.jpeg?fit=800%2C450&ssl=1","datePublished":"2025-03-29T19:00:33+00:00","breadcrumb":{"@id":"https:\/\/senegalndiaye.com\/senegal-le-ministere-de-la-formation-professionnelle-lance-via-le-3fpt-un-appel-a-candidatures-pour-1200-jeunes\/#breadcrumb"},"inLanguage":"es","potentialAction":[{"@type":"ReadAction","target":["https:\/\/senegalndiaye.com\/senegal-le-ministere-de-la-formation-professionnelle-lance-via-le-3fpt-un-appel-a-candidatures-pour-1200-jeunes\/"]}]},{"@type":"ImageObject","inLanguage":"es","@id":"https:\/\/senegalndiaye.com\/senegal-le-ministere-de-la-formation-professionnelle-lance-via-le-3fpt-un-appel-a-candidatures-pour-1200-jeunes\/#primaryimage","url":"https:\/\/i0.wp.com\/senegalndiaye.com\/wp-content\/uploads\/2025\/03\/1372c10a764c83c2e0ae1d6e5b546b77file.jpeg?fit=800%2C450&ssl=1","contentUrl":"https:\/\/i0.wp.com\/senegalndiaye.com\/wp-content\/uploads\/2025\/03\/1372c10a764c83c2e0ae1d6e5b546b77file.jpeg?fit=800%2C450&ssl=1","width":800,"height":450},{"@type":"BreadcrumbList","@id":"https:\/\/senegalndiaye.com\/senegal-le-ministere-de-la-formation-professionnelle-lance-via-le-3fpt-un-appel-a-candidatures-pour-1200-jeunes\/#breadcrumb","itemListElement":[{"@type":"ListItem","position":1,"name":"Accueil","item":"https:\/\/senegalndiaye.com\/"},{"@type":"ListItem","position":2,"name":"S\u00e9n\u00e9gal : le Minist\u00e8re de la Formation Professionnelle lance via le 3FPT un appel \u00e0 candidatures pour 1200 jeunes"}]},{"@type":"WebSite","@id":"https:\/\/senegalndiaye.com\/#website","url":"https:\/\/senegalndiaye.com\/","name":"senegal ndiaye","description":"Encuentra los mejores lugares en Senegal","publisher":{"@id":"https:\/\/senegalndiaye.com\/#organization"},"potentialAction":[{"@type":"SearchAction","target":{"@type":"EntryPoint","urlTemplate":"https:\/\/senegalndiaye.com\/?s={search_term_string}"},"query-input":{"@type":"PropertyValueSpecification","valueRequired":true,"valueName":"search_term_string"}}],"inLanguage":"es"},{"@type":"Organization","@id":"https:\/\/senegalndiaye.com\/#organization","name":"senegal ndiaye","url":"https:\/\/senegalndiaye.com\/","logo":{"@type":"ImageObject","inLanguage":"es","@id":"https:\/\/senegalndiaye.com\/#\/schema\/logo\/image\/","url":"https:\/\/senegalndiaye.com\/wp-content\/uploads\/2018\/05\/senegalndiaye_logo.png","contentUrl":"https:\/\/senegalndiaye.com\/wp-content\/uploads\/2018\/05\/senegalndiaye_logo.png","width":150,"height":106,"caption":"Senegal Ndiaye"},"image":{"@id":"https:\/\/senegalndiaye.com\/#\/schema\/logo\/image\/"},"sameAs":["https:\/\/www.facebook.com\/senegalndiaye4\/","https:\/\/x.com\/Senegalndiaye5","https:\/\/www.instagram.com\/senegalndiaye1\/","https:\/\/www.linkedin.com\/company\/senegal-ndiaye\/"]},{"@type":"Person","@id":"https:\/\/senegalndiaye.com\/#\/schema\/person\/c1e0d9f50bc68102f5a7368b7c9551f5","name":"Moderador","image":{"@type":"ImageObject","inLanguage":"es","@id":"https:\/\/senegalndiaye.com\/wp-content\/litespeed\/avatar\/3fb7bc779db92bd05c1837e9542df344.jpg?ver=1777309443","url":"https:\/\/senegalndiaye.com\/wp-content\/litespeed\/avatar\/3fb7bc779db92bd05c1837e9542df344.jpg?ver=1777309443","contentUrl":"https:\/\/senegalndiaye.com\/wp-content\/litespeed\/avatar\/3fb7bc779db92bd05c1837e9542df344.jpg?ver=1777309443","caption":"Moderateur"},"url":"https:\/\/senegalndiaye.com\/es\/author\/sndigital\/"}]}},"jetpack_featured_media_url":"https:\/\/i0.wp.com\/senegalndiaye.com\/wp-content\/uploads\/2025\/03\/1372c10a764c83c2e0ae1d6e5b546b77file.jpeg?fit=800%2C450&ssl=1","jetpack_sharing_enabled":true,"jetpack-related-posts":[{"id":23412,"url":"https:\/\/senegalndiaye.com\/es\/les-formations-en-informatique-sans-le-bac-et-gratuites-a-dakar\/","url_meta":{"origin":29905,"position":0},"title":"Formaci\u00f3n en inform\u00e1tica sin el bachillerato y gratis en Dakar","author":"Moderateur","date":"diciembre 4, 2020","format":false,"excerpt":"\u00bfNo te suena \u00c9cole 42, Simplon o WebForce3? \u00bfVerdad? Sin embargo, estos tres nombres tienen m\u00e1s en com\u00fan de lo que sugieren. Las tres son escuelas de formaci\u00f3n; imparten formaci\u00f3n inform\u00e1tica; los estudiantes se grad\u00faan con las habilidades necesarias para...","rel":"","context":"En \u00abBlog\u00bb","block_context":{"text":"Blog","link":"https:\/\/senegalndiaye.com\/es\/category\/blog\/"},"img":{"alt_text":"formation informatique sans bac dakar","src":"https:\/\/i0.wp.com\/senegalndiaye.com\/wp-content\/uploads\/2020\/12\/formation.jpg?fit=450%2C300&ssl=1&resize=350%2C200","width":350,"height":200},"classes":[]},{"id":24036,"url":"https:\/\/senegalndiaye.com\/es\/les-formations-en-cybersecurite-au-senegal\/","url_meta":{"origin":29905,"position":1},"title":"Formaci\u00f3n en ciberseguridad en Senegal","author":"Moderateur","date":"mayo 26, 2021","format":false,"excerpt":"Las medidas para combatir los ciberataques evolucionan constantemente. Las organizaciones buscan cada vez m\u00e1s expertos para proteger la informaci\u00f3n y garantizar la sostenibilidad de sus sistemas de TI. La formaci\u00f3n en seguridad inform\u00e1tica ofrece ahora la oportunidad de conseguir un empleo estable y bien remunerado. Descubra en este art\u00edculo...","rel":"","context":"En \u00abBlog\u00bb","block_context":{"text":"Blog","link":"https:\/\/senegalndiaye.com\/es\/category\/blog\/"},"img":{"alt_text":"formation en cybers\u00e9curit\u00e9 s\u00e9n\u00e9gal","src":"https:\/\/i0.wp.com\/senegalndiaye.com\/wp-content\/uploads\/2021\/05\/formation-en-cybersecurite-senegal.jpg?fit=557%2C280&ssl=1&resize=350%2C200","width":350,"height":200,"srcset":"https:\/\/i0.wp.com\/senegalndiaye.com\/wp-content\/uploads\/2021\/05\/formation-en-cybersecurite-senegal.jpg?fit=557%2C280&ssl=1&resize=350%2C200 1x, https:\/\/i0.wp.com\/senegalndiaye.com\/wp-content\/uploads\/2021\/05\/formation-en-cybersecurite-senegal.jpg?fit=557%2C280&ssl=1&resize=525%2C300 1.5x"},"classes":[]},{"id":29881,"url":"https:\/\/senegalndiaye.com\/es\/education-et-formation-au-senegal-une-nouvelle-dynamique-en-marche\/","url_meta":{"origin":29905,"position":2},"title":"Educaci\u00f3n y formaci\u00f3n en Senegal: una nueva din\u00e1mica en marcha","author":"Moderateur","date":"marzo 24, 2025","format":false,"excerpt":"Senegal est\u00e1 inmerso en una profunda transformaci\u00f3n de su sistema educativo, marcada por una serie de ambiciosas reformas destinadas a mejorar la calidad de la ense\u00f1anza, el acceso a la educaci\u00f3n y la adecuaci\u00f3n de la formaci\u00f3n a las necesidades del mercado laboral. Esta din\u00e1mica, si bien enfrenta desaf\u00edos persistentes,\u2026","rel":"","context":"En \u00abactualit\u00e9\u00bb","block_context":{"text":"actualit\u00e9","link":"https:\/\/senegalndiaye.com\/es\/category\/actualite\/"},"img":{"alt_text":"","src":"https:\/\/i0.wp.com\/senegalndiaye.com\/wp-content\/uploads\/2025\/03\/6cd940ab6bd7c1f17adba597e923196dfile.png?fit=1200%2C1000&ssl=1&resize=350%2C200","width":350,"height":200,"srcset":"https:\/\/i0.wp.com\/senegalndiaye.com\/wp-content\/uploads\/2025\/03\/6cd940ab6bd7c1f17adba597e923196dfile.png?fit=1200%2C1000&ssl=1&resize=350%2C200 1x, https:\/\/i0.wp.com\/senegalndiaye.com\/wp-content\/uploads\/2025\/03\/6cd940ab6bd7c1f17adba597e923196dfile.png?fit=1200%2C1000&ssl=1&resize=525%2C300 1.5x, https:\/\/i0.wp.com\/senegalndiaye.com\/wp-content\/uploads\/2025\/03\/6cd940ab6bd7c1f17adba597e923196dfile.png?fit=1200%2C1000&ssl=1&resize=700%2C400 2x, https:\/\/i0.wp.com\/senegalndiaye.com\/wp-content\/uploads\/2025\/03\/6cd940ab6bd7c1f17adba597e923196dfile.png?fit=1200%2C1000&ssl=1&resize=1050%2C600 3x"},"classes":[]},{"id":28161,"url":"https:\/\/senegalndiaye.com\/es\/%e2%9c%85-formation-gratuite-en-ligne-au-senegal-avec-certificat\/","url_meta":{"origin":29905,"position":3},"title":"\u2705 Formaci\u00f3n online gratuita en Senegal con certificado","author":"Moderateur","date":"junio 10, 2023","format":false,"excerpt":"En el contexto actual de r\u00e1pida evoluci\u00f3n tecnol\u00f3gica y la creciente importancia del aprendizaje en l\u00ednea, Senegal ha tomado medidas significativas para ofrecer formaci\u00f3n en l\u00ednea gratuita a su poblaci\u00f3n. Esta iniciativa busca que un mayor n\u00famero de personas, independientemente de su...","rel":"","context":"En \u00abBlog\u00bb","block_context":{"text":"Blog","link":"https:\/\/senegalndiaye.com\/es\/category\/blog\/"},"img":{"alt_text":"Formation gratuite en ligne au S\u00e9n\u00e9gal","src":"https:\/\/i0.wp.com\/senegalndiaye.com\/wp-content\/uploads\/2023\/06\/formation-en-ligne.png?fit=823%2C549&ssl=1&resize=350%2C200","width":350,"height":200,"srcset":"https:\/\/i0.wp.com\/senegalndiaye.com\/wp-content\/uploads\/2023\/06\/formation-en-ligne.png?fit=823%2C549&ssl=1&resize=350%2C200 1x, https:\/\/i0.wp.com\/senegalndiaye.com\/wp-content\/uploads\/2023\/06\/formation-en-ligne.png?fit=823%2C549&ssl=1&resize=525%2C300 1.5x, https:\/\/i0.wp.com\/senegalndiaye.com\/wp-content\/uploads\/2023\/06\/formation-en-ligne.png?fit=823%2C549&ssl=1&resize=700%2C400 2x"},"classes":[]},{"id":24784,"url":"https:\/\/senegalndiaye.com\/es\/%e2%9c%85-formation-en-qualite-hygiene-securite-environnement-au-senegal\/","url_meta":{"origin":29905,"position":4},"title":"\u2705 Capacitaci\u00f3n en higiene de calidad, seguridad ambiental en Senegal","author":"Moderateur","date":"octubre 5, 2021","format":false,"excerpt":"Si quieres obtener un t\u00edtulo en gesti\u00f3n de calidad, salud, seguridad y medio ambiente en Senegal, es posible. Puedes completar tu carrera sin salir del pa\u00eds y obtener un diploma con reconocimiento nacional e internacional. \u00bfQu\u00e9 cursos deber\u00edas elegir? \u00bfCu\u00e1les son las mejores escuelas de formaci\u00f3n en QHSE en Senegal?","rel":"","context":"En \u00abBlog\u00bb","block_context":{"text":"Blog","link":"https:\/\/senegalndiaye.com\/es\/category\/blog\/"},"img":{"alt_text":"Formation en qualit\u00e9 hygi\u00e8ne s\u00e9curit\u00e9 environnement au S\u00e9n\u00e9gal","src":"https:\/\/i0.wp.com\/senegalndiaye.com\/wp-content\/uploads\/2021\/10\/QHSE.jpg?fit=675%2C437&ssl=1&resize=350%2C200","width":350,"height":200,"srcset":"https:\/\/i0.wp.com\/senegalndiaye.com\/wp-content\/uploads\/2021\/10\/QHSE.jpg?fit=675%2C437&ssl=1&resize=350%2C200 1x, https:\/\/i0.wp.com\/senegalndiaye.com\/wp-content\/uploads\/2021\/10\/QHSE.jpg?fit=675%2C437&ssl=1&resize=525%2C300 1.5x"},"classes":[]},{"id":23946,"url":"https:\/\/senegalndiaye.com\/es\/les-offres-de-formations-gratuites-au-senegal-2021\/","url_meta":{"origin":29905,"position":5},"title":"Ofertas de formaci\u00f3n gratuita en Senegal 2021","author":"Moderateur","date":"mayo 4, 2021","format":false,"excerpt":"\u00bfBuscas formaci\u00f3n completamente gratuita en una escuela que te proporcione un diploma profesional reconocido por el Estado? Hay docenas de ellas en Senegal. Su oferta abarca pr\u00e1cticamente todas las \u00e1reas de la educaci\u00f3n. Adem\u00e1s, se puede acceder a ellas mediante ex\u00e1menes o...","rel":"","context":"En \u00abactualit\u00e9\u00bb","block_context":{"text":"actualit\u00e9","link":"https:\/\/senegalndiaye.com\/es\/category\/actualite\/"},"img":{"alt_text":"offre de formation gratuite au S\u00e9n\u00e9gal 2021","src":"https:\/\/i0.wp.com\/senegalndiaye.com\/wp-content\/uploads\/2021\/05\/formation-2021.jpg?fit=849%2C566&ssl=1&resize=350%2C200","width":350,"height":200,"srcset":"https:\/\/i0.wp.com\/senegalndiaye.com\/wp-content\/uploads\/2021\/05\/formation-2021.jpg?fit=849%2C566&ssl=1&resize=350%2C200 1x, https:\/\/i0.wp.com\/senegalndiaye.com\/wp-content\/uploads\/2021\/05\/formation-2021.jpg?fit=849%2C566&ssl=1&resize=525%2C300 1.5x, https:\/\/i0.wp.com\/senegalndiaye.com\/wp-content\/uploads\/2021\/05\/formation-2021.jpg?fit=849%2C566&ssl=1&resize=700%2C400 2x"},"classes":[]}],"_links":{"self":[{"href":"https:\/\/senegalndiaye.com\/es\/wp-json\/wp\/v2\/posts\/29905","targetHints":{"allow":["GET"]}}],"collection":[{"href":"https:\/\/senegalndiaye.com\/es\/wp-json\/wp\/v2\/posts"}],"about":[{"href":"https:\/\/senegalndiaye.com\/es\/wp-json\/wp\/v2\/types\/post"}],"author":[{"embeddable":true,"href":"https:\/\/senegalndiaye.com\/es\/wp-json\/wp\/v2\/users\/8"}],"replies":[{"embeddable":true,"href":"https:\/\/senegalndiaye.com\/es\/wp-json\/wp\/v2\/comments?post=29905"}],"version-history":[{"count":1,"href":"https:\/\/senegalndiaye.com\/es\/wp-json\/wp\/v2\/posts\/29905\/revisions"}],"predecessor-version":[{"id":29907,"href":"https:\/\/senegalndiaye.com\/es\/wp-json\/wp\/v2\/posts\/29905\/revisions\/29907"}],"wp:featuredmedia":[{"embeddable":true,"href":"https:\/\/senegalndiaye.com\/es\/wp-json\/wp\/v2\/media\/29904"}],"wp:attachment":[{"href":"https:\/\/senegalndiaye.com\/es\/wp-json\/wp\/v2\/media?parent=29905"}],"wp:term":[{"taxonomy":"category","embeddable":true,"href":"https:\/\/senegalndiaye.com\/es\/wp-json\/wp\/v2\/categories?post=29905"},{"taxonomy":"post_tag","embeddable":true,"href":"https:\/\/senegalndiaye.com\/es\/wp-json\/wp\/v2\/tags?post=29905"}],"curies":[{"name":"gracias","href":"https:\/\/api.w.org\/{rel}","templated":true}]}}