{"id":29903,"date":"2025-03-29T19:02:24","date_gmt":"2025-03-29T19:02:24","guid":{"rendered":"https:\/\/senegalndiaye.com\/?p=29903"},"modified":"2025-03-29T19:02:24","modified_gmt":"2025-03-29T19:02:24","slug":"enseignement-superieur-ousmane-sonko-devoile-des-changements-majeurs-pour-les-etudiants","status":"publish","type":"post","link":"https:\/\/senegalndiaye.com\/es\/enseignement-superieur-ousmane-sonko-devoile-des-changements-majeurs-pour-les-etudiants\/","title":{"rendered":"Educaci\u00f3n superior: Ousmane Sonko revela importantes cambios para los estudiantes"},"content":{"rendered":"<div id=\"model-response-message-contentr_4472e1d8f0f9885d\" class=\"markdown markdown-main-panel\" dir=\"ltr\">\n<p data-sourcepos=\"1:1-1:366\">El Primer Ministro Ousmane Sonko present\u00f3, durante su declaraci\u00f3n pol\u00edtica general del 27 de diciembre de 2024, un conjunto de ambiciosas reformas para modernizar la educaci\u00f3n superior en Senegal. Una de las medidas clave es la implementaci\u00f3n de una pol\u00edtica de desarrollo de pr\u00e1cticas para todos los estudiantes, orientada a fortalecer su integraci\u00f3n profesional.<\/p>\n<p data-sourcepos=\"3:1-3:66\"><strong>Objetivo: fortalecer la integraci\u00f3n profesional de los estudiantes<\/strong><\/p>\n<p data-sourcepos=\"5:1-5:247\">El gobierno quiere ofrecer a todos los estudiantes la oportunidad de adquirir experiencia profesional pr\u00e1ctica durante sus estudios. Esta medida pretende facilitar su transici\u00f3n al mercado laboral y mejorar su empleabilidad.<\/p>\n<p data-sourcepos=\"7:1-7:57\"><strong>Un nuevo modelo econ\u00f3mico para financiar las pr\u00e1cticas<\/strong><\/p>\n<p data-sourcepos=\"9:1-9:216\">La implementaci\u00f3n de esta pol\u00edtica de pasant\u00edas representa una inversi\u00f3n importante. Para garantizar su viabilidad financiera, el gobierno planea implementar un nuevo modelo econ\u00f3mico educativo, basado en:<\/p>\n<ul data-sourcepos=\"11:1-14:0\">\n<li data-sourcepos=\"11:1-11:106\">Asociaci\u00f3n p\u00fablico-privada: implicaci\u00f3n de las empresas en la financiaci\u00f3n y supervisi\u00f3n de las pr\u00e1cticas.<\/li>\n<li data-sourcepos=\"12:1-12:123\">Financiamiento basado en resultados: asignaci\u00f3n de recursos en funci\u00f3n de los resultados alcanzados por las instituciones.<\/li>\n<li data-sourcepos=\"13:1-14:0\">Autonom\u00eda financiera de las instituciones: dar m\u00e1s margen de maniobra a las universidades y centros de educaci\u00f3n superior.<\/li>\n<\/ul>\n<p data-sourcepos=\"15:1-15:52\"><strong>Integraci\u00f3n de pr\u00e1cticas en becas<\/strong><\/p>\n<p data-sourcepos=\"17:1-17:225\">Se reformar\u00e1n las becas para incluir un componente de pr\u00e1cticas profesionales. Esto proporcionar\u00e1 apoyo financiero a los estudiantes durante su per\u00edodo de pasant\u00eda y los alentar\u00e1 a aprovechar estas oportunidades.<\/p>\n<p data-sourcepos=\"19:1-19:55\"><strong>En resumen, las principales medidas anunciadas son:<\/strong><\/p>\n<ul data-sourcepos=\"21:1-24:0\">\n<li data-sourcepos=\"21:1-21:84\">Implementaci\u00f3n de una pol\u00edtica de desarrollo de pr\u00e1cticas para todos los estudiantes.<\/li>\n<li data-sourcepos=\"22:1-22:76\">Creaci\u00f3n de un nuevo modelo econ\u00f3mico educativo para financiar pr\u00e1cticas profesionales.<\/li>\n<li data-sourcepos=\"23:1-24:0\">Integraci\u00f3n de pr\u00e1cticas en becas.<\/li>\n<\/ul>\n<p data-sourcepos=\"25:1-25:142\">Esta ambiciosa reforma pretende modernizar la educaci\u00f3n superior en Senegal y mejorar la integraci\u00f3n profesional de los j\u00f3venes graduados.<\/p>\n<\/div>","protected":false},"excerpt":{"rendered":"<p>Le Premier ministre Ousmane Sonko a pr\u00e9sent\u00e9, lors de sa d\u00e9claration de politique g\u00e9n\u00e9rale du 27 d\u00e9cembre 2024, un ensemble de r\u00e9formes ambitieuses pour moderniser l&rsquo;enseignement sup\u00e9rieur au S\u00e9n\u00e9gal. L&rsquo;une des mesures phares est la mise en place d&rsquo;une politique de d\u00e9veloppement des stages pour tous les \u00e9tudiants, visant \u00e0 renforcer leur insertion professionnelle. Objectif [&hellip;]<\/p>\n","protected":false},"author":8,"featured_media":29902,"comment_status":"open","ping_status":"open","sticky":false,"template":"","format":"standard","meta":{"_jetpack_memberships_contains_paid_content":false,"footnotes":""},"categories":[459,585],"tags":[],"class_list":["post-29903","post","type-post","status-publish","format-standard","has-post-thumbnail","hentry","category-actualite","category-formations-superieures-au-senegal"],"yoast_head":"<!-- This site is optimized with the Yoast SEO plugin v27.5 - https:\/\/yoast.com\/product\/yoast-seo-wordpress\/ -->\n<title>Enseignement sup\u00e9rieur : Ousmane Sonko d\u00e9voile des changements majeurs pour les \u00e9tudiants &#187; Senegal Ndiaye<\/title>\n<meta name=\"robots\" content=\"index, follow, max-snippet:-1, max-image-preview:large, max-video-preview:-1\" \/>\n<link rel=\"canonical\" href=\"https:\/\/senegalndiaye.com\/es\/enseignement-superieur-ousmane-sonko-devoile-des-changements-majeurs-pour-les-etudiants\/\" \/>\n<meta property=\"og:locale\" content=\"es_ES\" \/>\n<meta property=\"og:type\" content=\"article\" \/>\n<meta property=\"og:title\" content=\"Enseignement sup\u00e9rieur : Ousmane Sonko d\u00e9voile des changements majeurs pour les \u00e9tudiants &#187; Senegal Ndiaye\" \/>\n<meta property=\"og:description\" content=\"Le Premier ministre Ousmane Sonko a pr\u00e9sent\u00e9, lors de sa d\u00e9claration de politique g\u00e9n\u00e9rale du 27 d\u00e9cembre 2024, un ensemble de r\u00e9formes ambitieuses pour moderniser l&rsquo;enseignement sup\u00e9rieur au S\u00e9n\u00e9gal. L&rsquo;une des mesures phares est la mise en place d&rsquo;une politique de d\u00e9veloppement des stages pour tous les \u00e9tudiants, visant \u00e0 renforcer leur insertion professionnelle. Objectif [&hellip;]\" \/>\n<meta property=\"og:url\" content=\"https:\/\/senegalndiaye.com\/es\/enseignement-superieur-ousmane-sonko-devoile-des-changements-majeurs-pour-les-etudiants\/\" \/>\n<meta property=\"og:site_name\" content=\"Senegal Ndiaye\" \/>\n<meta property=\"article:publisher\" content=\"https:\/\/www.facebook.com\/senegalndiaye4\/\" \/>\n<meta property=\"article:published_time\" content=\"2025-03-29T19:02:24+00:00\" \/>\n<meta property=\"og:image\" content=\"https:\/\/senegalndiaye.com\/wp-content\/uploads\/2025\/03\/4c37b18b08b7726de9c2e5e9ab5bea28file.jpeg\" \/>\n\t<meta property=\"og:image:width\" content=\"1211\" \/>\n\t<meta property=\"og:image:height\" content=\"592\" \/>\n\t<meta property=\"og:image:type\" content=\"image\/jpeg\" \/>\n<meta name=\"author\" content=\"Moderateur\" \/>\n<meta name=\"twitter:card\" content=\"summary_large_image\" \/>\n<meta name=\"twitter:creator\" content=\"@Senegalndiaye5\" \/>\n<meta name=\"twitter:site\" content=\"@Senegalndiaye5\" \/>\n<meta name=\"twitter:label1\" content=\"Escrito por\" \/>\n\t<meta name=\"twitter:data1\" content=\"Moderateur\" \/>\n\t<meta name=\"twitter:label2\" content=\"Tiempo de lectura\" \/>\n\t<meta name=\"twitter:data2\" content=\"2 minutos\" \/>\n<script type=\"application\/ld+json\" class=\"yoast-schema-graph\">{\"@context\":\"https:\\\/\\\/schema.org\",\"@graph\":[{\"@type\":\"Article\",\"@id\":\"https:\\\/\\\/senegalndiaye.com\\\/enseignement-superieur-ousmane-sonko-devoile-des-changements-majeurs-pour-les-etudiants\\\/#article\",\"isPartOf\":{\"@id\":\"https:\\\/\\\/senegalndiaye.com\\\/enseignement-superieur-ousmane-sonko-devoile-des-changements-majeurs-pour-les-etudiants\\\/\"},\"author\":{\"name\":\"Moderateur\",\"@id\":\"https:\\\/\\\/senegalndiaye.com\\\/#\\\/schema\\\/person\\\/c1e0d9f50bc68102f5a7368b7c9551f5\"},\"headline\":\"Enseignement sup\u00e9rieur : Ousmane Sonko d\u00e9voile des changements majeurs pour les \u00e9tudiants\",\"datePublished\":\"2025-03-29T19:02:24+00:00\",\"mainEntityOfPage\":{\"@id\":\"https:\\\/\\\/senegalndiaye.com\\\/enseignement-superieur-ousmane-sonko-devoile-des-changements-majeurs-pour-les-etudiants\\\/\"},\"wordCount\":335,\"commentCount\":0,\"publisher\":{\"@id\":\"https:\\\/\\\/senegalndiaye.com\\\/#organization\"},\"image\":{\"@id\":\"https:\\\/\\\/senegalndiaye.com\\\/enseignement-superieur-ousmane-sonko-devoile-des-changements-majeurs-pour-les-etudiants\\\/#primaryimage\"},\"thumbnailUrl\":\"https:\\\/\\\/i0.wp.com\\\/senegalndiaye.com\\\/wp-content\\\/uploads\\\/2025\\\/03\\\/4c37b18b08b7726de9c2e5e9ab5bea28file.jpeg?fit=1211%2C592&ssl=1\",\"articleSection\":[\"actualit\u00e9\",\"Formations sup\u00e9rieures au S\u00e9n\u00e9gal\"],\"inLanguage\":\"es\",\"potentialAction\":[{\"@type\":\"CommentAction\",\"name\":\"Comment\",\"target\":[\"https:\\\/\\\/senegalndiaye.com\\\/enseignement-superieur-ousmane-sonko-devoile-des-changements-majeurs-pour-les-etudiants\\\/#respond\"]}]},{\"@type\":\"WebPage\",\"@id\":\"https:\\\/\\\/senegalndiaye.com\\\/enseignement-superieur-ousmane-sonko-devoile-des-changements-majeurs-pour-les-etudiants\\\/\",\"url\":\"https:\\\/\\\/senegalndiaye.com\\\/enseignement-superieur-ousmane-sonko-devoile-des-changements-majeurs-pour-les-etudiants\\\/\",\"name\":\"Enseignement sup\u00e9rieur : Ousmane Sonko d\u00e9voile des changements majeurs pour les \u00e9tudiants &#187; Senegal Ndiaye\",\"isPartOf\":{\"@id\":\"https:\\\/\\\/senegalndiaye.com\\\/#website\"},\"primaryImageOfPage\":{\"@id\":\"https:\\\/\\\/senegalndiaye.com\\\/enseignement-superieur-ousmane-sonko-devoile-des-changements-majeurs-pour-les-etudiants\\\/#primaryimage\"},\"image\":{\"@id\":\"https:\\\/\\\/senegalndiaye.com\\\/enseignement-superieur-ousmane-sonko-devoile-des-changements-majeurs-pour-les-etudiants\\\/#primaryimage\"},\"thumbnailUrl\":\"https:\\\/\\\/i0.wp.com\\\/senegalndiaye.com\\\/wp-content\\\/uploads\\\/2025\\\/03\\\/4c37b18b08b7726de9c2e5e9ab5bea28file.jpeg?fit=1211%2C592&ssl=1\",\"datePublished\":\"2025-03-29T19:02:24+00:00\",\"breadcrumb\":{\"@id\":\"https:\\\/\\\/senegalndiaye.com\\\/enseignement-superieur-ousmane-sonko-devoile-des-changements-majeurs-pour-les-etudiants\\\/#breadcrumb\"},\"inLanguage\":\"es\",\"potentialAction\":[{\"@type\":\"ReadAction\",\"target\":[\"https:\\\/\\\/senegalndiaye.com\\\/enseignement-superieur-ousmane-sonko-devoile-des-changements-majeurs-pour-les-etudiants\\\/\"]}]},{\"@type\":\"ImageObject\",\"inLanguage\":\"es\",\"@id\":\"https:\\\/\\\/senegalndiaye.com\\\/enseignement-superieur-ousmane-sonko-devoile-des-changements-majeurs-pour-les-etudiants\\\/#primaryimage\",\"url\":\"https:\\\/\\\/i0.wp.com\\\/senegalndiaye.com\\\/wp-content\\\/uploads\\\/2025\\\/03\\\/4c37b18b08b7726de9c2e5e9ab5bea28file.jpeg?fit=1211%2C592&ssl=1\",\"contentUrl\":\"https:\\\/\\\/i0.wp.com\\\/senegalndiaye.com\\\/wp-content\\\/uploads\\\/2025\\\/03\\\/4c37b18b08b7726de9c2e5e9ab5bea28file.jpeg?fit=1211%2C592&ssl=1\",\"width\":1211,\"height\":592},{\"@type\":\"BreadcrumbList\",\"@id\":\"https:\\\/\\\/senegalndiaye.com\\\/enseignement-superieur-ousmane-sonko-devoile-des-changements-majeurs-pour-les-etudiants\\\/#breadcrumb\",\"itemListElement\":[{\"@type\":\"ListItem\",\"position\":1,\"name\":\"Accueil\",\"item\":\"https:\\\/\\\/senegalndiaye.com\\\/\"},{\"@type\":\"ListItem\",\"position\":2,\"name\":\"Enseignement sup\u00e9rieur : Ousmane Sonko d\u00e9voile des changements majeurs pour les \u00e9tudiants\"}]},{\"@type\":\"WebSite\",\"@id\":\"https:\\\/\\\/senegalndiaye.com\\\/#website\",\"url\":\"https:\\\/\\\/senegalndiaye.com\\\/\",\"name\":\"Senegal Ndiaye\",\"description\":\"Retrouvez les meilleurs endroits du S\u00e9n\u00e9gal\",\"publisher\":{\"@id\":\"https:\\\/\\\/senegalndiaye.com\\\/#organization\"},\"potentialAction\":[{\"@type\":\"SearchAction\",\"target\":{\"@type\":\"EntryPoint\",\"urlTemplate\":\"https:\\\/\\\/senegalndiaye.com\\\/?s={search_term_string}\"},\"query-input\":{\"@type\":\"PropertyValueSpecification\",\"valueRequired\":true,\"valueName\":\"search_term_string\"}}],\"inLanguage\":\"es\"},{\"@type\":\"Organization\",\"@id\":\"https:\\\/\\\/senegalndiaye.com\\\/#organization\",\"name\":\"Senegal Ndiaye\",\"url\":\"https:\\\/\\\/senegalndiaye.com\\\/\",\"logo\":{\"@type\":\"ImageObject\",\"inLanguage\":\"es\",\"@id\":\"https:\\\/\\\/senegalndiaye.com\\\/#\\\/schema\\\/logo\\\/image\\\/\",\"url\":\"https:\\\/\\\/senegalndiaye.com\\\/wp-content\\\/uploads\\\/2018\\\/05\\\/senegalndiaye_logo.png\",\"contentUrl\":\"https:\\\/\\\/senegalndiaye.com\\\/wp-content\\\/uploads\\\/2018\\\/05\\\/senegalndiaye_logo.png\",\"width\":150,\"height\":106,\"caption\":\"Senegal Ndiaye\"},\"image\":{\"@id\":\"https:\\\/\\\/senegalndiaye.com\\\/#\\\/schema\\\/logo\\\/image\\\/\"},\"sameAs\":[\"https:\\\/\\\/www.facebook.com\\\/senegalndiaye4\\\/\",\"https:\\\/\\\/x.com\\\/Senegalndiaye5\",\"https:\\\/\\\/www.instagram.com\\\/senegalndiaye1\\\/\",\"https:\\\/\\\/www.linkedin.com\\\/company\\\/senegal-ndiaye\\\/\"]},{\"@type\":\"Person\",\"@id\":\"https:\\\/\\\/senegalndiaye.com\\\/#\\\/schema\\\/person\\\/c1e0d9f50bc68102f5a7368b7c9551f5\",\"name\":\"Moderateur\",\"image\":{\"@type\":\"ImageObject\",\"inLanguage\":\"es\",\"@id\":\"https:\\\/\\\/senegalndiaye.com\\\/wp-content\\\/litespeed\\\/avatar\\\/3fb7bc779db92bd05c1837e9542df344.jpg?ver=1777309443\",\"url\":\"https:\\\/\\\/senegalndiaye.com\\\/wp-content\\\/litespeed\\\/avatar\\\/3fb7bc779db92bd05c1837e9542df344.jpg?ver=1777309443\",\"contentUrl\":\"https:\\\/\\\/senegalndiaye.com\\\/wp-content\\\/litespeed\\\/avatar\\\/3fb7bc779db92bd05c1837e9542df344.jpg?ver=1777309443\",\"caption\":\"Moderateur\"},\"url\":\"https:\\\/\\\/senegalndiaye.com\\\/es\\\/author\\\/sndigital\\\/\"}]}<\/script>\n<!-- \/ Yoast SEO plugin. -->","yoast_head_json":{"title":"Educaci\u00f3n superior: Ousmane Sonko anuncia importantes cambios para los estudiantes \u00bb Senegal Ndiaye","robots":{"index":"index","follow":"follow","max-snippet":"max-snippet:-1","max-image-preview":"max-image-preview:large","max-video-preview":"max-video-preview:-1"},"canonical":"https:\/\/senegalndiaye.com\/es\/enseignement-superieur-ousmane-sonko-devoile-des-changements-majeurs-pour-les-etudiants\/","og_locale":"es_ES","og_type":"article","og_title":"Enseignement sup\u00e9rieur : Ousmane Sonko d\u00e9voile des changements majeurs pour les \u00e9tudiants &#187; Senegal Ndiaye","og_description":"Le Premier ministre Ousmane Sonko a pr\u00e9sent\u00e9, lors de sa d\u00e9claration de politique g\u00e9n\u00e9rale du 27 d\u00e9cembre 2024, un ensemble de r\u00e9formes ambitieuses pour moderniser l&rsquo;enseignement sup\u00e9rieur au S\u00e9n\u00e9gal. L&rsquo;une des mesures phares est la mise en place d&rsquo;une politique de d\u00e9veloppement des stages pour tous les \u00e9tudiants, visant \u00e0 renforcer leur insertion professionnelle. Objectif [&hellip;]","og_url":"https:\/\/senegalndiaye.com\/es\/enseignement-superieur-ousmane-sonko-devoile-des-changements-majeurs-pour-les-etudiants\/","og_site_name":"Senegal Ndiaye","article_publisher":"https:\/\/www.facebook.com\/senegalndiaye4\/","article_published_time":"2025-03-29T19:02:24+00:00","og_image":[{"width":1211,"height":592,"url":"https:\/\/senegalndiaye.com\/wp-content\/uploads\/2025\/03\/4c37b18b08b7726de9c2e5e9ab5bea28file.jpeg","type":"image\/jpeg"}],"author":"Moderateur","twitter_card":"summary_large_image","twitter_creator":"@Senegalndiaye5","twitter_site":"@Senegalndiaye5","twitter_misc":{"Escrito por":"Moderateur","Tiempo de lectura":"2 minutos"},"schema":{"@context":"https:\/\/schema.org","@graph":[{"@type":"Article","@id":"https:\/\/senegalndiaye.com\/enseignement-superieur-ousmane-sonko-devoile-des-changements-majeurs-pour-les-etudiants\/#article","isPartOf":{"@id":"https:\/\/senegalndiaye.com\/enseignement-superieur-ousmane-sonko-devoile-des-changements-majeurs-pour-les-etudiants\/"},"author":{"name":"Moderateur","@id":"https:\/\/senegalndiaye.com\/#\/schema\/person\/c1e0d9f50bc68102f5a7368b7c9551f5"},"headline":"Enseignement sup\u00e9rieur : Ousmane Sonko d\u00e9voile des changements majeurs pour les \u00e9tudiants","datePublished":"2025-03-29T19:02:24+00:00","mainEntityOfPage":{"@id":"https:\/\/senegalndiaye.com\/enseignement-superieur-ousmane-sonko-devoile-des-changements-majeurs-pour-les-etudiants\/"},"wordCount":335,"commentCount":0,"publisher":{"@id":"https:\/\/senegalndiaye.com\/#organization"},"image":{"@id":"https:\/\/senegalndiaye.com\/enseignement-superieur-ousmane-sonko-devoile-des-changements-majeurs-pour-les-etudiants\/#primaryimage"},"thumbnailUrl":"https:\/\/i0.wp.com\/senegalndiaye.com\/wp-content\/uploads\/2025\/03\/4c37b18b08b7726de9c2e5e9ab5bea28file.jpeg?fit=1211%2C592&ssl=1","articleSection":["actualit\u00e9","Formations sup\u00e9rieures au S\u00e9n\u00e9gal"],"inLanguage":"es","potentialAction":[{"@type":"CommentAction","name":"Comment","target":["https:\/\/senegalndiaye.com\/enseignement-superieur-ousmane-sonko-devoile-des-changements-majeurs-pour-les-etudiants\/#respond"]}]},{"@type":"WebPage","@id":"https:\/\/senegalndiaye.com\/enseignement-superieur-ousmane-sonko-devoile-des-changements-majeurs-pour-les-etudiants\/","url":"https:\/\/senegalndiaye.com\/enseignement-superieur-ousmane-sonko-devoile-des-changements-majeurs-pour-les-etudiants\/","name":"Educaci\u00f3n superior: Ousmane Sonko anuncia importantes cambios para los estudiantes \u00bb Senegal Ndiaye","isPartOf":{"@id":"https:\/\/senegalndiaye.com\/#website"},"primaryImageOfPage":{"@id":"https:\/\/senegalndiaye.com\/enseignement-superieur-ousmane-sonko-devoile-des-changements-majeurs-pour-les-etudiants\/#primaryimage"},"image":{"@id":"https:\/\/senegalndiaye.com\/enseignement-superieur-ousmane-sonko-devoile-des-changements-majeurs-pour-les-etudiants\/#primaryimage"},"thumbnailUrl":"https:\/\/i0.wp.com\/senegalndiaye.com\/wp-content\/uploads\/2025\/03\/4c37b18b08b7726de9c2e5e9ab5bea28file.jpeg?fit=1211%2C592&ssl=1","datePublished":"2025-03-29T19:02:24+00:00","breadcrumb":{"@id":"https:\/\/senegalndiaye.com\/enseignement-superieur-ousmane-sonko-devoile-des-changements-majeurs-pour-les-etudiants\/#breadcrumb"},"inLanguage":"es","potentialAction":[{"@type":"ReadAction","target":["https:\/\/senegalndiaye.com\/enseignement-superieur-ousmane-sonko-devoile-des-changements-majeurs-pour-les-etudiants\/"]}]},{"@type":"ImageObject","inLanguage":"es","@id":"https:\/\/senegalndiaye.com\/enseignement-superieur-ousmane-sonko-devoile-des-changements-majeurs-pour-les-etudiants\/#primaryimage","url":"https:\/\/i0.wp.com\/senegalndiaye.com\/wp-content\/uploads\/2025\/03\/4c37b18b08b7726de9c2e5e9ab5bea28file.jpeg?fit=1211%2C592&ssl=1","contentUrl":"https:\/\/i0.wp.com\/senegalndiaye.com\/wp-content\/uploads\/2025\/03\/4c37b18b08b7726de9c2e5e9ab5bea28file.jpeg?fit=1211%2C592&ssl=1","width":1211,"height":592},{"@type":"BreadcrumbList","@id":"https:\/\/senegalndiaye.com\/enseignement-superieur-ousmane-sonko-devoile-des-changements-majeurs-pour-les-etudiants\/#breadcrumb","itemListElement":[{"@type":"ListItem","position":1,"name":"Accueil","item":"https:\/\/senegalndiaye.com\/"},{"@type":"ListItem","position":2,"name":"Enseignement sup\u00e9rieur : Ousmane Sonko d\u00e9voile des changements majeurs pour les \u00e9tudiants"}]},{"@type":"WebSite","@id":"https:\/\/senegalndiaye.com\/#website","url":"https:\/\/senegalndiaye.com\/","name":"senegal ndiaye","description":"Encuentra los mejores lugares en Senegal","publisher":{"@id":"https:\/\/senegalndiaye.com\/#organization"},"potentialAction":[{"@type":"SearchAction","target":{"@type":"EntryPoint","urlTemplate":"https:\/\/senegalndiaye.com\/?s={search_term_string}"},"query-input":{"@type":"PropertyValueSpecification","valueRequired":true,"valueName":"search_term_string"}}],"inLanguage":"es"},{"@type":"Organization","@id":"https:\/\/senegalndiaye.com\/#organization","name":"senegal ndiaye","url":"https:\/\/senegalndiaye.com\/","logo":{"@type":"ImageObject","inLanguage":"es","@id":"https:\/\/senegalndiaye.com\/#\/schema\/logo\/image\/","url":"https:\/\/senegalndiaye.com\/wp-content\/uploads\/2018\/05\/senegalndiaye_logo.png","contentUrl":"https:\/\/senegalndiaye.com\/wp-content\/uploads\/2018\/05\/senegalndiaye_logo.png","width":150,"height":106,"caption":"Senegal Ndiaye"},"image":{"@id":"https:\/\/senegalndiaye.com\/#\/schema\/logo\/image\/"},"sameAs":["https:\/\/www.facebook.com\/senegalndiaye4\/","https:\/\/x.com\/Senegalndiaye5","https:\/\/www.instagram.com\/senegalndiaye1\/","https:\/\/www.linkedin.com\/company\/senegal-ndiaye\/"]},{"@type":"Person","@id":"https:\/\/senegalndiaye.com\/#\/schema\/person\/c1e0d9f50bc68102f5a7368b7c9551f5","name":"Moderador","image":{"@type":"ImageObject","inLanguage":"es","@id":"https:\/\/senegalndiaye.com\/wp-content\/litespeed\/avatar\/3fb7bc779db92bd05c1837e9542df344.jpg?ver=1777309443","url":"https:\/\/senegalndiaye.com\/wp-content\/litespeed\/avatar\/3fb7bc779db92bd05c1837e9542df344.jpg?ver=1777309443","contentUrl":"https:\/\/senegalndiaye.com\/wp-content\/litespeed\/avatar\/3fb7bc779db92bd05c1837e9542df344.jpg?ver=1777309443","caption":"Moderateur"},"url":"https:\/\/senegalndiaye.com\/es\/author\/sndigital\/"}]}},"jetpack_featured_media_url":"https:\/\/i0.wp.com\/senegalndiaye.com\/wp-content\/uploads\/2025\/03\/4c37b18b08b7726de9c2e5e9ab5bea28file.jpeg?fit=1211%2C592&ssl=1","jetpack_sharing_enabled":true,"jetpack-related-posts":[{"id":29745,"url":"https:\/\/senegalndiaye.com\/es\/reussites-inspirantes-les-avis-des-anciens-etudiants-alumnis-des-grandes-ecoles-du-senegal\/","url_meta":{"origin":29903,"position":0},"title":"Historias de \u00e9xito inspiradoras: rese\u00f1as de antiguos alumnos de las Grandes \u00c9coles de Senegal \u00bb","author":"Moderateur","date":"enero 23, 2025","format":false,"excerpt":"Opiniones de exalumnos sobre las Grandes \u00c9coles Sup\u00e9rieures de Senegal. Senegal es reconocido por la calidad de su educaci\u00f3n superior, que atrae a estudiantes de diversos or\u00edgenes. Los testimonios de exalumnos de las grandes \u00e9coles de Senegal ofrecen una valiosa perspectiva de sus experiencias acad\u00e9micas y profesionales. ESTM Dakar Ndeye Fatou, graduada en\u2026","rel":"","context":"En \u00abFormations sup\u00e9rieures au S\u00e9n\u00e9gal\u00bb","block_context":{"text":"Formations sup\u00e9rieures au S\u00e9n\u00e9gal","link":"https:\/\/senegalndiaye.com\/es\/category\/formations-superieures-au-senegal\/"},"img":{"alt_text":"","src":"https:\/\/i0.wp.com\/senegalndiaye.com\/wp-content\/uploads\/2025\/01\/alumni.jpg?fit=1024%2C784&ssl=1&resize=350%2C200","width":350,"height":200,"srcset":"https:\/\/i0.wp.com\/senegalndiaye.com\/wp-content\/uploads\/2025\/01\/alumni.jpg?fit=1024%2C784&ssl=1&resize=350%2C200 1x, https:\/\/i0.wp.com\/senegalndiaye.com\/wp-content\/uploads\/2025\/01\/alumni.jpg?fit=1024%2C784&ssl=1&resize=525%2C300 1.5x, https:\/\/i0.wp.com\/senegalndiaye.com\/wp-content\/uploads\/2025\/01\/alumni.jpg?fit=1024%2C784&ssl=1&resize=700%2C400 2x"},"classes":[]},{"id":29863,"url":"https:\/\/senegalndiaye.com\/es\/universites-et-ecoles-de-formation-au-senegal-le-guide-complet-pour-etudier-au-coeur-du-senegal\/","url_meta":{"origin":29903,"position":1},"title":"Universidades y centros de formaci\u00f3n en Senegal: La gu\u00eda completa para estudiar en el coraz\u00f3n de Senegal","author":"Moderateur","date":"marzo 21, 2025","format":false,"excerpt":"Senegal, un centro educativo en \u00c1frica Occidental, ofrece diversas opciones para estudiantes que buscan educaci\u00f3n superior y formaci\u00f3n profesional. Esta gu\u00eda completa proporciona informaci\u00f3n esencial y fiable para ayudarle a explorar el panorama educativo senegal\u00e9s. Universidades p\u00fablicas en Senegal. El sistema\u2026","rel":"","context":"En \u00abactualit\u00e9\u00bb","block_context":{"text":"actualit\u00e9","link":"https:\/\/senegalndiaye.com\/es\/category\/actualite\/"},"img":{"alt_text":"","src":"https:\/\/i0.wp.com\/senegalndiaye.com\/wp-content\/uploads\/2025\/03\/9b72bcbd06a64832c7b90c4914d5facbfile.jpeg?fit=439%2C220&ssl=1&resize=350%2C200","width":350,"height":200},"classes":[]},{"id":25407,"url":"https:\/\/senegalndiaye.com\/es\/%e2%9c%85-les-meilleures-ecoles-de-formations-en-gestion-au-senegal\/","url_meta":{"origin":29903,"position":2},"title":"\u2705 Las mejores escuelas de formaci\u00f3n en gesti\u00f3n de Senegal","author":"Moderateur","date":"marzo 4, 2022","format":false,"excerpt":"Senegal cuenta con numerosas escuelas de gesti\u00f3n. Estas se clasifican en escuelas de negocios y administraci\u00f3n. Forman profesionales en econom\u00eda, finanzas, gesti\u00f3n y administraci\u00f3n. Descubra las mejores escuelas de gesti\u00f3n en Senegal en este art\u00edculo. Las mejores escuelas de gesti\u00f3n en\u2026","rel":"","context":"En \u00abBlog\u00bb","block_context":{"text":"Blog","link":"https:\/\/senegalndiaye.com\/es\/category\/blog\/"},"img":{"alt_text":"\u00e9cole en gestion dakar","src":"https:\/\/i0.wp.com\/senegalndiaye.com\/wp-content\/uploads\/2022\/03\/ecole-de-gestion.jpg?fit=758%2C505&ssl=1&resize=350%2C200","width":350,"height":200,"srcset":"https:\/\/i0.wp.com\/senegalndiaye.com\/wp-content\/uploads\/2022\/03\/ecole-de-gestion.jpg?fit=758%2C505&ssl=1&resize=350%2C200 1x, https:\/\/i0.wp.com\/senegalndiaye.com\/wp-content\/uploads\/2022\/03\/ecole-de-gestion.jpg?fit=758%2C505&ssl=1&resize=525%2C300 1.5x, https:\/\/i0.wp.com\/senegalndiaye.com\/wp-content\/uploads\/2022\/03\/ecole-de-gestion.jpg?fit=758%2C505&ssl=1&resize=700%2C400 2x"},"classes":[]},{"id":28357,"url":"https:\/\/senegalndiaye.com\/es\/%e2%9c%85-les-formations-en-design-dinterieur-au-senegal\/","url_meta":{"origin":29903,"position":3},"title":"\u2705 Formaci\u00f3n en dise\u00f1o de interiores en Senegal en 2024","author":"Moderateur","date":"julio 13, 2023","format":false,"excerpt":"El dise\u00f1o de interiores es un campo en constante evoluci\u00f3n que desempe\u00f1a un papel fundamental en la creaci\u00f3n de espacios funcionales, est\u00e9ticos e inspiradores. En Senegal, el inter\u00e9s por el dise\u00f1o de interiores est\u00e1 creciendo, y cada vez m\u00e1s personas buscan formaci\u00f3n profesional en este campo para transformar\u2026","rel":"","context":"En \u00abBlog\u00bb","block_context":{"text":"Blog","link":"https:\/\/senegalndiaye.com\/es\/category\/blog\/"},"img":{"alt_text":"formation en design d'int\u00e9rieur senegal","src":"https:\/\/i0.wp.com\/senegalndiaye.com\/wp-content\/uploads\/2023\/07\/design-interieur-sn.jpeg?fit=700%2C464&ssl=1&resize=350%2C200","width":350,"height":200,"srcset":"https:\/\/i0.wp.com\/senegalndiaye.com\/wp-content\/uploads\/2023\/07\/design-interieur-sn.jpeg?fit=700%2C464&ssl=1&resize=350%2C200 1x, https:\/\/i0.wp.com\/senegalndiaye.com\/wp-content\/uploads\/2023\/07\/design-interieur-sn.jpeg?fit=700%2C464&ssl=1&resize=525%2C300 1.5x, https:\/\/i0.wp.com\/senegalndiaye.com\/wp-content\/uploads\/2023\/07\/design-interieur-sn.jpeg?fit=700%2C464&ssl=1&resize=700%2C400 2x"},"classes":[]},{"id":30156,"url":"https:\/\/senegalndiaye.com\/es\/cout-moyen-dune-formation-superieure-a-dakar-prive-et-public-guide-2025\/","url_meta":{"origin":29903,"position":4},"title":"Costo promedio de la educaci\u00f3n superior en Dakar (privada y p\u00fablica) \u2013 Gu\u00eda 2025","author":"Moderateur","date":"julio 23, 2025","format":false,"excerpt":"Dakar es el coraz\u00f3n de la educaci\u00f3n superior en Senegal y ofrece una amplia gama de programas p\u00fablicos y privados. Los costos var\u00edan considerablemente seg\u00fan la instituci\u00f3n, el programa y el nivel de estudio. Este art\u00edculo optimizado para SEO te ayuda a comprender el costo promedio de la educaci\u00f3n superior en Dakar.","rel":"","context":"En \u00abBlog\u00bb","block_context":{"text":"Blog","link":"https:\/\/senegalndiaye.com\/es\/category\/blog\/"},"img":{"alt_text":"","src":"https:\/\/i0.wp.com\/senegalndiaye.com\/wp-content\/uploads\/2025\/07\/cout-des-etudes-Senegal.png?fit=1024%2C1024&ssl=1&resize=350%2C200","width":350,"height":200,"srcset":"https:\/\/i0.wp.com\/senegalndiaye.com\/wp-content\/uploads\/2025\/07\/cout-des-etudes-Senegal.png?fit=1024%2C1024&ssl=1&resize=350%2C200 1x, https:\/\/i0.wp.com\/senegalndiaye.com\/wp-content\/uploads\/2025\/07\/cout-des-etudes-Senegal.png?fit=1024%2C1024&ssl=1&resize=525%2C300 1.5x, https:\/\/i0.wp.com\/senegalndiaye.com\/wp-content\/uploads\/2025\/07\/cout-des-etudes-Senegal.png?fit=1024%2C1024&ssl=1&resize=700%2C400 2x"},"classes":[]},{"id":29620,"url":"https:\/\/senegalndiaye.com\/es\/quelles-sont-les-filieres-de-formation-a-ucao-au-senegal\/","url_meta":{"origin":29903,"position":5},"title":"\u00bfCu\u00e1les son los cursos de formaci\u00f3n en la UCAO en Senegal?","author":"Moderateur","date":"diciembre 12, 2024","format":false,"excerpt":"Cursos ofrecidos en la UCAO Dakar. La Universidad Cat\u00f3lica de \u00c1frica Occidental (UCAO) - Universidad Saint Michel (UUSM) en Dakar es una instituci\u00f3n l\u00edder para estudiantes que buscan una formaci\u00f3n de calidad. Ubicada en un entorno propicio para el aprendizaje, la UCAO ofrece una amplia gama de cursos adaptados a...","rel":"","context":"En \u00abFormations sup\u00e9rieures au S\u00e9n\u00e9gal\u00bb","block_context":{"text":"Formations sup\u00e9rieures au S\u00e9n\u00e9gal","link":"https:\/\/senegalndiaye.com\/es\/category\/formations-superieures-au-senegal\/"},"img":{"alt_text":"","src":"https:\/\/i0.wp.com\/senegalndiaye.com\/wp-content\/uploads\/2024\/12\/ucao.png?fit=550%2C550&ssl=1&resize=350%2C200","width":350,"height":200,"srcset":"https:\/\/i0.wp.com\/senegalndiaye.com\/wp-content\/uploads\/2024\/12\/ucao.png?fit=550%2C550&ssl=1&resize=350%2C200 1x, https:\/\/i0.wp.com\/senegalndiaye.com\/wp-content\/uploads\/2024\/12\/ucao.png?fit=550%2C550&ssl=1&resize=525%2C300 1.5x"},"classes":[]}],"_links":{"self":[{"href":"https:\/\/senegalndiaye.com\/es\/wp-json\/wp\/v2\/posts\/29903","targetHints":{"allow":["GET"]}}],"collection":[{"href":"https:\/\/senegalndiaye.com\/es\/wp-json\/wp\/v2\/posts"}],"about":[{"href":"https:\/\/senegalndiaye.com\/es\/wp-json\/wp\/v2\/types\/post"}],"author":[{"embeddable":true,"href":"https:\/\/senegalndiaye.com\/es\/wp-json\/wp\/v2\/users\/8"}],"replies":[{"embeddable":true,"href":"https:\/\/senegalndiaye.com\/es\/wp-json\/wp\/v2\/comments?post=29903"}],"version-history":[{"count":1,"href":"https:\/\/senegalndiaye.com\/es\/wp-json\/wp\/v2\/posts\/29903\/revisions"}],"predecessor-version":[{"id":29908,"href":"https:\/\/senegalndiaye.com\/es\/wp-json\/wp\/v2\/posts\/29903\/revisions\/29908"}],"wp:featuredmedia":[{"embeddable":true,"href":"https:\/\/senegalndiaye.com\/es\/wp-json\/wp\/v2\/media\/29902"}],"wp:attachment":[{"href":"https:\/\/senegalndiaye.com\/es\/wp-json\/wp\/v2\/media?parent=29903"}],"wp:term":[{"taxonomy":"category","embeddable":true,"href":"https:\/\/senegalndiaye.com\/es\/wp-json\/wp\/v2\/categories?post=29903"},{"taxonomy":"post_tag","embeddable":true,"href":"https:\/\/senegalndiaye.com\/es\/wp-json\/wp\/v2\/tags?post=29903"}],"curies":[{"name":"gracias","href":"https:\/\/api.w.org\/{rel}","templated":true}]}}