{"id":29539,"date":"2024-12-06T11:49:53","date_gmt":"2024-12-06T11:49:53","guid":{"rendered":"https:\/\/senegalndiaye.com\/?p=29539"},"modified":"2024-12-06T11:53:27","modified_gmt":"2024-12-06T11:53:27","slug":"analyse-du-combat-ama-balde-vs-franc-favori-force-faiblesse-date","status":"publish","type":"post","link":"https:\/\/senegalndiaye.com\/es\/analyse-du-combat-ama-balde-vs-franc-favori-force-faiblesse-date\/","title":{"rendered":"An\u00e1lisis de la pelea Ama Balde vs Franc \u2013 Favorito, fortaleza, debilidad, fecha"},"content":{"rendered":"<p>El enfrentamiento entre <strong>Franco<\/strong> y <strong>Ama Balde<\/strong> ser\u00e1 un evento importante en el mundo de la lucha libre senegalesa, que enfrentar\u00e1 a dos luchadores en la cima de su juego. Su choque resaltar\u00e1 marcadas diferencias en su estilo de lucha, estrategia y fortalezas. Aqu\u00ed hay un an\u00e1lisis en profundidad basado en sus respectivas actuaciones.<\/p>\n<div class=\"tiled-gallery type-rectangular tiled-gallery-unresized\" data-original-width=\"1050\" data-carousel-extra='null' itemscope itemtype=\"http:\/\/schema.org\/ImageGallery\" > <div class=\"gallery-row\" style=\"width: 1050px; height: 784px;\" data-original-width=\"1050\" data-original-height=\"784\" > <div class=\"gallery-group images-1\" style=\"width: 526px; height: 784px;\" data-original-width=\"526\" data-original-height=\"784\" > <div class=\"tiled-gallery-item tiled-gallery-item-large\" itemprop=\"associatedMedia\" itemscope itemtype=\"http:\/\/schema.org\/ImageObject\"> <a href=\"https:\/\/senegalndiaye.com\/es\/analyse-du-combat-ama-balde-vs-franc-favori-force-faiblesse-date\/fiche-franc\/\" border=\"0\" itemprop=\"url\"> <meta itemprop=\"width\" content=\"522\"> <meta itemprop=\"height\" content=\"780\"> <img decoding=\"async\" class=\"\" data-attachment-id=\"29541\" data-orig-file=\"https:\/\/senegalndiaye.com\/wp-content\/uploads\/2024\/12\/fiche-Franc.png\" data-orig-size=\"590,881\" data-comments-opened=\"1\" data-image-meta=\"{&quot;aperture&quot;:&quot;0&quot;,&quot;credit&quot;:&quot;&quot;,&quot;camera&quot;:&quot;&quot;,&quot;caption&quot;:&quot;&quot;,&quot;created_timestamp&quot;:&quot;0&quot;,&quot;copyright&quot;:&quot;&quot;,&quot;focal_length&quot;:&quot;0&quot;,&quot;iso&quot;:&quot;0&quot;,&quot;shutter_speed&quot;:&quot;0&quot;,&quot;title&quot;:&quot;&quot;,&quot;orientation&quot;:&quot;0&quot;}\" data-image-title=\"fiche Franc\" data-image-description=\"&lt;p&gt;Fiche lutteur Franc &#8211; D\u00e9cembre 2024&lt;\/p&gt; \" data-medium-file=\"https:\/\/i0.wp.com\/senegalndiaye.com\/wp-content\/uploads\/2024\/12\/fiche-Franc.png?fit=201%2C300&#038;ssl=1\" data-large-file=\"https:\/\/i0.wp.com\/senegalndiaye.com\/wp-content\/uploads\/2024\/12\/fiche-Franc.png?fit=590%2C881&#038;ssl=1\" src=\"https:\/\/i0.wp.com\/senegalndiaye.com\/wp-content\/uploads\/2024\/12\/fiche-Franc.png?w=522&#038;h=780&#038;ssl=1\" srcset=\"https:\/\/i0.wp.com\/senegalndiaye.com\/wp-content\/uploads\/2024\/12\/fiche-Franc.png?w=590&amp;ssl=1 590w, https:\/\/i0.wp.com\/senegalndiaye.com\/wp-content\/uploads\/2024\/12\/fiche-Franc.png?resize=201%2C300&amp;ssl=1 201w, https:\/\/i0.wp.com\/senegalndiaye.com\/wp-content\/uploads\/2024\/12\/fiche-Franc.png?resize=8%2C12&amp;ssl=1 8w, https:\/\/i0.wp.com\/senegalndiaye.com\/wp-content\/uploads\/2024\/12\/fiche-Franc.png?resize=450%2C672&amp;ssl=1 450w, https:\/\/i0.wp.com\/senegalndiaye.com\/wp-content\/uploads\/2024\/12\/fiche-Franc.png?resize=536%2C800&amp;ssl=1 536w\" width=\"522\" height=\"780\" loading=\"lazy\" data-original-width=\"522\" data-original-height=\"780\" itemprop=\"http:\/\/schema.org\/image\" title=\"Hoja de francos\" alt=\"Fiche lutteur Franc\" style=\"width: 522px; height: 780px;\" \/> <\/a> <\/div> <\/div> <!-- close group --> <div class=\"gallery-group images-1\" style=\"width: 524px; height: 784px;\" data-original-width=\"524\" data-original-height=\"784\" > <div class=\"tiled-gallery-item tiled-gallery-item-large\" itemprop=\"associatedMedia\" itemscope itemtype=\"http:\/\/schema.org\/ImageObject\"> <a href=\"https:\/\/senegalndiaye.com\/es\/analyse-du-combat-ama-balde-vs-franc-favori-force-faiblesse-date\/fiche-ama-balde\/\" border=\"0\" itemprop=\"url\"> <meta itemprop=\"width\" content=\"520\"> <meta itemprop=\"height\" content=\"780\"> <img decoding=\"async\" class=\"\" data-attachment-id=\"29540\" data-orig-file=\"https:\/\/senegalndiaye.com\/wp-content\/uploads\/2024\/12\/Fiche-ama-balde.png\" data-orig-size=\"591,886\" data-comments-opened=\"1\" data-image-meta=\"{&quot;aperture&quot;:&quot;0&quot;,&quot;credit&quot;:&quot;&quot;,&quot;camera&quot;:&quot;&quot;,&quot;caption&quot;:&quot;&quot;,&quot;created_timestamp&quot;:&quot;0&quot;,&quot;copyright&quot;:&quot;&quot;,&quot;focal_length&quot;:&quot;0&quot;,&quot;iso&quot;:&quot;0&quot;,&quot;shutter_speed&quot;:&quot;0&quot;,&quot;title&quot;:&quot;&quot;,&quot;orientation&quot;:&quot;0&quot;}\" data-image-title=\"Fiche ama balde\" data-image-description=\"&lt;p&gt;Fiche lutteur Ama Balde &#8211; D\u00e9cembre 2024&lt;\/p&gt; \" data-medium-file=\"https:\/\/i0.wp.com\/senegalndiaye.com\/wp-content\/uploads\/2024\/12\/Fiche-ama-balde.png?fit=200%2C300&#038;ssl=1\" data-large-file=\"https:\/\/i0.wp.com\/senegalndiaye.com\/wp-content\/uploads\/2024\/12\/Fiche-ama-balde.png?fit=591%2C886&#038;ssl=1\" src=\"https:\/\/i0.wp.com\/senegalndiaye.com\/wp-content\/uploads\/2024\/12\/Fiche-ama-balde.png?w=520&#038;h=780&#038;ssl=1\" srcset=\"https:\/\/i0.wp.com\/senegalndiaye.com\/wp-content\/uploads\/2024\/12\/Fiche-ama-balde.png?w=591&amp;ssl=1 591w, https:\/\/i0.wp.com\/senegalndiaye.com\/wp-content\/uploads\/2024\/12\/Fiche-ama-balde.png?resize=200%2C300&amp;ssl=1 200w, https:\/\/i0.wp.com\/senegalndiaye.com\/wp-content\/uploads\/2024\/12\/Fiche-ama-balde.png?resize=8%2C12&amp;ssl=1 8w, https:\/\/i0.wp.com\/senegalndiaye.com\/wp-content\/uploads\/2024\/12\/Fiche-ama-balde.png?resize=450%2C675&amp;ssl=1 450w, https:\/\/i0.wp.com\/senegalndiaye.com\/wp-content\/uploads\/2024\/12\/Fiche-ama-balde.png?resize=534%2C800&amp;ssl=1 534w\" width=\"520\" height=\"780\" loading=\"lazy\" data-original-width=\"520\" data-original-height=\"780\" itemprop=\"http:\/\/schema.org\/image\" title=\"Ama balde sheet\" alt=\"Fiche lutteur Ama balde\" style=\"width: 520px; height: 780px;\" \/> <\/a> <\/div> <\/div> <!-- close group --> <\/div> <!-- close row --> <\/div>\n<h4><strong>Fecha de la pelea Ama balde vs FRANC<\/strong><\/h4>\n<p>La pelea tendr\u00e1 lugar el\u00a0<strong>16 de febrero de 2025<\/strong>, una fecha ahora grabada en la mente de los fan\u00e1ticos de la lucha libre. Este enfrentamiento es un verdadero evento nacional, que atrae la atenci\u00f3n de los aficionados y los medios de comunicaci\u00f3n. Los partidarios de ambos bandos ya se est\u00e1n organizando para hacer de este d\u00eda una celebraci\u00f3n \u00fanica, marcada por eventos culturales y canciones de apoyo.<\/p>\n<p>&nbsp;<\/p>\n<h4><strong>An\u00e1lisis de habilidades<\/strong><\/h4>\n<table>\n<thead>\n<tr>\n<th><strong>Habilidad<\/strong><\/th>\n<th><strong>Ama Balde<\/strong><\/th>\n<th><strong>Franco<\/strong><\/th>\n<th><strong>An\u00e1lisis comparativo<\/strong><\/th>\n<\/tr>\n<\/thead>\n<tbody>\n<tr>\n<td><strong>Lucha<\/strong><\/td>\n<td>8\/10<\/td>\n<td>9\/10<\/td>\n<td>Franc domina ligeramente en la lucha pura, una ventaja crucial para las fases de agarre y control.<\/td>\n<\/tr>\n<tr>\n<td><strong>Boxeo<\/strong><\/td>\n<td>8\/10<\/td>\n<td>8,5\/10<\/td>\n<td>Franc muestra un mejor control en las fases en las que los golpes se vuelven decisivos.<\/td>\n<\/tr>\n<tr>\n<td><strong>Fuerza<\/strong><\/td>\n<td>9\/10<\/td>\n<td>9\/10<\/td>\n<td>Los dos luchadores est\u00e1n igualados en este aspecto, lo que promete un duelo muy f\u00edsico.<\/td>\n<\/tr>\n<tr>\n<td><strong>T\u00e1ctico<\/strong><\/td>\n<td>8\/10<\/td>\n<td>9\/10<\/td>\n<td>El enfoque met\u00f3dico de Franc podr\u00eda ser una ventaja estrat\u00e9gica frente a la agresividad de Ama Bald\u00e9.<\/td>\n<\/tr>\n<tr>\n<td><strong>M\u00edstico<\/strong><\/td>\n<td>9\/10<\/td>\n<td>8\/10<\/td>\n<td>Ama Bald\u00e9 destaca en este aspecto simb\u00f3lico, un importante activo psicol\u00f3gico.<\/td>\n<\/tr>\n<\/tbody>\n<\/table>\n<h4><strong>Fortalezas y estilos de lucha.<\/strong><\/h4>\n<ul>\n<li><strong>Ama Balde<\/strong> : Conocido por su <strong>estilo ofensivo agresivo<\/strong>, conf\u00eda en ataques poderosos y continuos para agotar a sus oponentes. Su carisma y aura m\u00edstica son factores que galvanizan a sus seguidores y pueden darle una ventaja psicol\u00f3gica.<\/li>\n<li><strong>Franco<\/strong> : Con un <strong>estilo ofensivo m\u00e1s equilibrado<\/strong>Franc combina una gran fortaleza f\u00edsica con una inteligencia t\u00e1ctica que le permite explotar las debilidades de sus oponentes. Su t\u00e9cnica de lucha es particularmente formidable.<\/li>\n<\/ul>\n<h4><strong>Puntos clave del duelo<\/strong><\/h4>\n<ol>\n<li><strong>Lucha cercana<\/strong> : Frank, con sus superiores habilidades de lucha, podr\u00eda dominar en las fases de clinch, donde el control y la t\u00e9cnica son primordiales.<\/li>\n<li><strong>El impacto psicol\u00f3gico<\/strong> : Ama Bald\u00e9, gracias a su misticismo y su estilo explosivo, pudo desestabilizar a Franc desde los primeros momentos de la pelea.<\/li>\n<li><strong>Gesti\u00f3n de la resistencia<\/strong> : El estilo agresivo de Ama Bald\u00e9 podr\u00eda ponerlo en desventaja si no logra rematar r\u00e1pido. Frank, m\u00e1s met\u00f3dico, pod\u00eda confiar en la paciencia para sacar ventaja.<\/li>\n<\/ol>\n<h4>Resultados de los 2 luchadores<\/h4>\n<p>Las actuaciones pasadas de ambos luchadores a\u00f1aden a\u00fan m\u00e1s sabor a este encuentro. Franc muestra un historial inmaculado con\u00a0<strong>13 peleas por 13 victorias<\/strong>, un perfecto ejemplo de coherencia y eficiencia. Por su parte, Ama Bald\u00e9 no se queda fuera con un r\u00e9cord de\u00a0<strong>17 peleas, 14 victorias y 3 derrotas<\/strong>, demostrando una s\u00f3lida experiencia contra adversarios variados y formidables. Esta lista sit\u00faa a los dos luchadores entre las figuras imprescindibles de la lucha senegalesa.<\/p>\n<h4><strong>Posibles escenarios<\/strong><\/h4>\n<ul>\n<li><strong>Victoria para Ama Bald\u00e9<\/strong> : Un ataque r\u00e1pido y bien colocado, combinado con su impacto m\u00edstico, podr\u00eda permitirle obtener una ventaja temprana y desestabilizar a Franc.<\/li>\n<li><strong>la victoria de franco<\/strong> : Al neutralizar la agresividad de Ama Bald\u00e9 con t\u00e1cticas reflexivas y un dominio superior de la lucha libre, Franc podr\u00eda tomar el control de la pelea y terminarla a su favor.<\/li>\n<\/ul>\n<h4><strong>Pron\u00f3stico<\/strong><\/h4>\n<p>Este duelo promete ser tan estrat\u00e9gico como f\u00edsico, con fuerzas equilibradas y estilos contrastantes. Franc podr\u00eda tener una ligera ventaja gracias a su planteamiento t\u00e1ctico y a su t\u00e9cnica, pero Ama Bald\u00e9 sigue siendo un rival impredecible y formidable, capaz de cambiar la situaci\u00f3n en cualquier momento. Una cosa es segura: esta pelea ser\u00e1 memorable para los aficionados a la lucha senegalesa.<\/p>\n<p>\u00a1Que gane el mejor!<\/p>","protected":false},"excerpt":{"rendered":"<p>La confrontation\u00a0 entre Franc et Ama Bald\u00e9 sera un \u00e9v\u00e9nement majeur dans le monde de la lutte s\u00e9n\u00e9galaise, opposant deux combattants au sommet de leur art. Leur affrontement mettra en lumi\u00e8re des diff\u00e9rences marqu\u00e9es dans leur style de combat, leur strat\u00e9gie et leurs forces. Voici une analyse approfondie bas\u00e9e sur leurs performances respectives. Date du [&hellip;]<\/p>\n","protected":false},"author":8,"featured_media":29541,"comment_status":"open","ping_status":"open","sticky":false,"template":"","format":"standard","meta":{"_jetpack_memberships_contains_paid_content":false,"footnotes":""},"categories":[586],"tags":[],"class_list":["post-29539","post","type-post","status-publish","format-standard","has-post-thumbnail","hentry","category-lutte-senegalaise"],"yoast_head":"<!-- This site is optimized with the Yoast SEO plugin v27.5 - https:\/\/yoast.com\/product\/yoast-seo-wordpress\/ -->\n<title>Analyse du combat Ama Balde vs Franc - Favori, force, faiblesse, date &#187; Senegal Ndiaye<\/title>\n<meta name=\"robots\" content=\"index, follow, max-snippet:-1, max-image-preview:large, max-video-preview:-1\" \/>\n<link rel=\"canonical\" href=\"https:\/\/senegalndiaye.com\/es\/analyse-du-combat-ama-balde-vs-franc-favori-force-faiblesse-date\/\" \/>\n<meta property=\"og:locale\" content=\"es_ES\" \/>\n<meta property=\"og:type\" content=\"article\" \/>\n<meta property=\"og:title\" content=\"Analyse du combat Ama Balde vs Franc - Favori, force, faiblesse, date &#187; Senegal Ndiaye\" \/>\n<meta property=\"og:description\" content=\"La confrontation\u00a0 entre Franc et Ama Bald\u00e9 sera un \u00e9v\u00e9nement majeur dans le monde de la lutte s\u00e9n\u00e9galaise, opposant deux combattants au sommet de leur art. Leur affrontement mettra en lumi\u00e8re des diff\u00e9rences marqu\u00e9es dans leur style de combat, leur strat\u00e9gie et leurs forces. Voici une analyse approfondie bas\u00e9e sur leurs performances respectives. Date du [&hellip;]\" \/>\n<meta property=\"og:url\" content=\"https:\/\/senegalndiaye.com\/es\/analyse-du-combat-ama-balde-vs-franc-favori-force-faiblesse-date\/\" \/>\n<meta property=\"og:site_name\" content=\"Senegal Ndiaye\" \/>\n<meta property=\"article:publisher\" content=\"https:\/\/www.facebook.com\/senegalndiaye4\/\" \/>\n<meta property=\"article:published_time\" content=\"2024-12-06T11:49:53+00:00\" \/>\n<meta property=\"article:modified_time\" content=\"2024-12-06T11:53:27+00:00\" \/>\n<meta property=\"og:image\" content=\"https:\/\/senegalndiaye.com\/wp-content\/uploads\/2024\/12\/fiche-Franc.png\" \/>\n\t<meta property=\"og:image:width\" content=\"590\" \/>\n\t<meta property=\"og:image:height\" content=\"881\" \/>\n\t<meta property=\"og:image:type\" content=\"image\/png\" \/>\n<meta name=\"author\" content=\"Moderateur\" \/>\n<meta name=\"twitter:card\" content=\"summary_large_image\" \/>\n<meta name=\"twitter:creator\" content=\"@Senegalndiaye5\" \/>\n<meta name=\"twitter:site\" content=\"@Senegalndiaye5\" \/>\n<meta name=\"twitter:label1\" content=\"Escrito por\" \/>\n\t<meta name=\"twitter:data1\" content=\"Moderateur\" \/>\n\t<meta name=\"twitter:label2\" content=\"Tiempo de lectura\" \/>\n\t<meta name=\"twitter:data2\" content=\"4 minutos\" \/>\n<script type=\"application\/ld+json\" class=\"yoast-schema-graph\">{\"@context\":\"https:\\\/\\\/schema.org\",\"@graph\":[{\"@type\":\"Article\",\"@id\":\"https:\\\/\\\/senegalndiaye.com\\\/analyse-du-combat-ama-balde-vs-franc-favori-force-faiblesse-date\\\/#article\",\"isPartOf\":{\"@id\":\"https:\\\/\\\/senegalndiaye.com\\\/analyse-du-combat-ama-balde-vs-franc-favori-force-faiblesse-date\\\/\"},\"author\":{\"name\":\"Moderateur\",\"@id\":\"https:\\\/\\\/senegalndiaye.com\\\/#\\\/schema\\\/person\\\/c1e0d9f50bc68102f5a7368b7c9551f5\"},\"headline\":\"Analyse du combat Ama Balde vs Franc &#8211; Favori, force, faiblesse, date\",\"datePublished\":\"2024-12-06T11:49:53+00:00\",\"dateModified\":\"2024-12-06T11:53:27+00:00\",\"mainEntityOfPage\":{\"@id\":\"https:\\\/\\\/senegalndiaye.com\\\/analyse-du-combat-ama-balde-vs-franc-favori-force-faiblesse-date\\\/\"},\"wordCount\":663,\"commentCount\":0,\"publisher\":{\"@id\":\"https:\\\/\\\/senegalndiaye.com\\\/#organization\"},\"image\":{\"@id\":\"https:\\\/\\\/senegalndiaye.com\\\/analyse-du-combat-ama-balde-vs-franc-favori-force-faiblesse-date\\\/#primaryimage\"},\"thumbnailUrl\":\"https:\\\/\\\/i0.wp.com\\\/senegalndiaye.com\\\/wp-content\\\/uploads\\\/2024\\\/12\\\/fiche-Franc.png?fit=590%2C881&ssl=1\",\"articleSection\":[\"Lutte s\u00e9n\u00e9galaise\"],\"inLanguage\":\"es\",\"potentialAction\":[{\"@type\":\"CommentAction\",\"name\":\"Comment\",\"target\":[\"https:\\\/\\\/senegalndiaye.com\\\/analyse-du-combat-ama-balde-vs-franc-favori-force-faiblesse-date\\\/#respond\"]}]},{\"@type\":\"WebPage\",\"@id\":\"https:\\\/\\\/senegalndiaye.com\\\/analyse-du-combat-ama-balde-vs-franc-favori-force-faiblesse-date\\\/\",\"url\":\"https:\\\/\\\/senegalndiaye.com\\\/analyse-du-combat-ama-balde-vs-franc-favori-force-faiblesse-date\\\/\",\"name\":\"Analyse du combat Ama Balde vs Franc - Favori, force, faiblesse, date &#187; Senegal Ndiaye\",\"isPartOf\":{\"@id\":\"https:\\\/\\\/senegalndiaye.com\\\/#website\"},\"primaryImageOfPage\":{\"@id\":\"https:\\\/\\\/senegalndiaye.com\\\/analyse-du-combat-ama-balde-vs-franc-favori-force-faiblesse-date\\\/#primaryimage\"},\"image\":{\"@id\":\"https:\\\/\\\/senegalndiaye.com\\\/analyse-du-combat-ama-balde-vs-franc-favori-force-faiblesse-date\\\/#primaryimage\"},\"thumbnailUrl\":\"https:\\\/\\\/i0.wp.com\\\/senegalndiaye.com\\\/wp-content\\\/uploads\\\/2024\\\/12\\\/fiche-Franc.png?fit=590%2C881&ssl=1\",\"datePublished\":\"2024-12-06T11:49:53+00:00\",\"dateModified\":\"2024-12-06T11:53:27+00:00\",\"breadcrumb\":{\"@id\":\"https:\\\/\\\/senegalndiaye.com\\\/analyse-du-combat-ama-balde-vs-franc-favori-force-faiblesse-date\\\/#breadcrumb\"},\"inLanguage\":\"es\",\"potentialAction\":[{\"@type\":\"ReadAction\",\"target\":[\"https:\\\/\\\/senegalndiaye.com\\\/analyse-du-combat-ama-balde-vs-franc-favori-force-faiblesse-date\\\/\"]}]},{\"@type\":\"ImageObject\",\"inLanguage\":\"es\",\"@id\":\"https:\\\/\\\/senegalndiaye.com\\\/analyse-du-combat-ama-balde-vs-franc-favori-force-faiblesse-date\\\/#primaryimage\",\"url\":\"https:\\\/\\\/i0.wp.com\\\/senegalndiaye.com\\\/wp-content\\\/uploads\\\/2024\\\/12\\\/fiche-Franc.png?fit=590%2C881&ssl=1\",\"contentUrl\":\"https:\\\/\\\/i0.wp.com\\\/senegalndiaye.com\\\/wp-content\\\/uploads\\\/2024\\\/12\\\/fiche-Franc.png?fit=590%2C881&ssl=1\",\"width\":590,\"height\":881,\"caption\":\"Fiche lutteur Franc\"},{\"@type\":\"BreadcrumbList\",\"@id\":\"https:\\\/\\\/senegalndiaye.com\\\/analyse-du-combat-ama-balde-vs-franc-favori-force-faiblesse-date\\\/#breadcrumb\",\"itemListElement\":[{\"@type\":\"ListItem\",\"position\":1,\"name\":\"Accueil\",\"item\":\"https:\\\/\\\/senegalndiaye.com\\\/\"},{\"@type\":\"ListItem\",\"position\":2,\"name\":\"Analyse du combat Ama Balde vs Franc &#8211; Favori, force, faiblesse, date\"}]},{\"@type\":\"WebSite\",\"@id\":\"https:\\\/\\\/senegalndiaye.com\\\/#website\",\"url\":\"https:\\\/\\\/senegalndiaye.com\\\/\",\"name\":\"Senegal Ndiaye\",\"description\":\"Retrouvez les meilleurs endroits du S\u00e9n\u00e9gal\",\"publisher\":{\"@id\":\"https:\\\/\\\/senegalndiaye.com\\\/#organization\"},\"potentialAction\":[{\"@type\":\"SearchAction\",\"target\":{\"@type\":\"EntryPoint\",\"urlTemplate\":\"https:\\\/\\\/senegalndiaye.com\\\/?s={search_term_string}\"},\"query-input\":{\"@type\":\"PropertyValueSpecification\",\"valueRequired\":true,\"valueName\":\"search_term_string\"}}],\"inLanguage\":\"es\"},{\"@type\":\"Organization\",\"@id\":\"https:\\\/\\\/senegalndiaye.com\\\/#organization\",\"name\":\"Senegal Ndiaye\",\"url\":\"https:\\\/\\\/senegalndiaye.com\\\/\",\"logo\":{\"@type\":\"ImageObject\",\"inLanguage\":\"es\",\"@id\":\"https:\\\/\\\/senegalndiaye.com\\\/#\\\/schema\\\/logo\\\/image\\\/\",\"url\":\"https:\\\/\\\/senegalndiaye.com\\\/wp-content\\\/uploads\\\/2018\\\/05\\\/senegalndiaye_logo.png\",\"contentUrl\":\"https:\\\/\\\/senegalndiaye.com\\\/wp-content\\\/uploads\\\/2018\\\/05\\\/senegalndiaye_logo.png\",\"width\":150,\"height\":106,\"caption\":\"Senegal Ndiaye\"},\"image\":{\"@id\":\"https:\\\/\\\/senegalndiaye.com\\\/#\\\/schema\\\/logo\\\/image\\\/\"},\"sameAs\":[\"https:\\\/\\\/www.facebook.com\\\/senegalndiaye4\\\/\",\"https:\\\/\\\/x.com\\\/Senegalndiaye5\",\"https:\\\/\\\/www.instagram.com\\\/senegalndiaye1\\\/\",\"https:\\\/\\\/www.linkedin.com\\\/company\\\/senegal-ndiaye\\\/\"]},{\"@type\":\"Person\",\"@id\":\"https:\\\/\\\/senegalndiaye.com\\\/#\\\/schema\\\/person\\\/c1e0d9f50bc68102f5a7368b7c9551f5\",\"name\":\"Moderateur\",\"image\":{\"@type\":\"ImageObject\",\"inLanguage\":\"es\",\"@id\":\"https:\\\/\\\/senegalndiaye.com\\\/wp-content\\\/litespeed\\\/avatar\\\/3fb7bc779db92bd05c1837e9542df344.jpg?ver=1777309443\",\"url\":\"https:\\\/\\\/senegalndiaye.com\\\/wp-content\\\/litespeed\\\/avatar\\\/3fb7bc779db92bd05c1837e9542df344.jpg?ver=1777309443\",\"contentUrl\":\"https:\\\/\\\/senegalndiaye.com\\\/wp-content\\\/litespeed\\\/avatar\\\/3fb7bc779db92bd05c1837e9542df344.jpg?ver=1777309443\",\"caption\":\"Moderateur\"},\"url\":\"https:\\\/\\\/senegalndiaye.com\\\/es\\\/author\\\/sndigital\\\/\"}]}<\/script>\n<!-- \/ Yoast SEO plugin. -->","yoast_head_json":{"title":"An\u00e1lisis de la pelea Ama Balde vs Franc - Favorito, fuerza, debilidad, fecha \u00bb Senegal Ndiaye","robots":{"index":"index","follow":"follow","max-snippet":"max-snippet:-1","max-image-preview":"max-image-preview:large","max-video-preview":"max-video-preview:-1"},"canonical":"https:\/\/senegalndiaye.com\/es\/analyse-du-combat-ama-balde-vs-franc-favori-force-faiblesse-date\/","og_locale":"es_ES","og_type":"article","og_title":"Analyse du combat Ama Balde vs Franc - Favori, force, faiblesse, date &#187; Senegal Ndiaye","og_description":"La confrontation\u00a0 entre Franc et Ama Bald\u00e9 sera un \u00e9v\u00e9nement majeur dans le monde de la lutte s\u00e9n\u00e9galaise, opposant deux combattants au sommet de leur art. Leur affrontement mettra en lumi\u00e8re des diff\u00e9rences marqu\u00e9es dans leur style de combat, leur strat\u00e9gie et leurs forces. Voici une analyse approfondie bas\u00e9e sur leurs performances respectives. Date du [&hellip;]","og_url":"https:\/\/senegalndiaye.com\/es\/analyse-du-combat-ama-balde-vs-franc-favori-force-faiblesse-date\/","og_site_name":"Senegal Ndiaye","article_publisher":"https:\/\/www.facebook.com\/senegalndiaye4\/","article_published_time":"2024-12-06T11:49:53+00:00","article_modified_time":"2024-12-06T11:53:27+00:00","og_image":[{"width":590,"height":881,"url":"https:\/\/senegalndiaye.com\/wp-content\/uploads\/2024\/12\/fiche-Franc.png","type":"image\/png"}],"author":"Moderateur","twitter_card":"summary_large_image","twitter_creator":"@Senegalndiaye5","twitter_site":"@Senegalndiaye5","twitter_misc":{"Escrito por":"Moderateur","Tiempo de lectura":"4 minutos"},"schema":{"@context":"https:\/\/schema.org","@graph":[{"@type":"Article","@id":"https:\/\/senegalndiaye.com\/analyse-du-combat-ama-balde-vs-franc-favori-force-faiblesse-date\/#article","isPartOf":{"@id":"https:\/\/senegalndiaye.com\/analyse-du-combat-ama-balde-vs-franc-favori-force-faiblesse-date\/"},"author":{"name":"Moderateur","@id":"https:\/\/senegalndiaye.com\/#\/schema\/person\/c1e0d9f50bc68102f5a7368b7c9551f5"},"headline":"Analyse du combat Ama Balde vs Franc &#8211; Favori, force, faiblesse, date","datePublished":"2024-12-06T11:49:53+00:00","dateModified":"2024-12-06T11:53:27+00:00","mainEntityOfPage":{"@id":"https:\/\/senegalndiaye.com\/analyse-du-combat-ama-balde-vs-franc-favori-force-faiblesse-date\/"},"wordCount":663,"commentCount":0,"publisher":{"@id":"https:\/\/senegalndiaye.com\/#organization"},"image":{"@id":"https:\/\/senegalndiaye.com\/analyse-du-combat-ama-balde-vs-franc-favori-force-faiblesse-date\/#primaryimage"},"thumbnailUrl":"https:\/\/i0.wp.com\/senegalndiaye.com\/wp-content\/uploads\/2024\/12\/fiche-Franc.png?fit=590%2C881&ssl=1","articleSection":["Lutte s\u00e9n\u00e9galaise"],"inLanguage":"es","potentialAction":[{"@type":"CommentAction","name":"Comment","target":["https:\/\/senegalndiaye.com\/analyse-du-combat-ama-balde-vs-franc-favori-force-faiblesse-date\/#respond"]}]},{"@type":"WebPage","@id":"https:\/\/senegalndiaye.com\/analyse-du-combat-ama-balde-vs-franc-favori-force-faiblesse-date\/","url":"https:\/\/senegalndiaye.com\/analyse-du-combat-ama-balde-vs-franc-favori-force-faiblesse-date\/","name":"An\u00e1lisis de la pelea Ama Balde vs Franc - Favorito, fuerza, debilidad, fecha \u00bb Senegal Ndiaye","isPartOf":{"@id":"https:\/\/senegalndiaye.com\/#website"},"primaryImageOfPage":{"@id":"https:\/\/senegalndiaye.com\/analyse-du-combat-ama-balde-vs-franc-favori-force-faiblesse-date\/#primaryimage"},"image":{"@id":"https:\/\/senegalndiaye.com\/analyse-du-combat-ama-balde-vs-franc-favori-force-faiblesse-date\/#primaryimage"},"thumbnailUrl":"https:\/\/i0.wp.com\/senegalndiaye.com\/wp-content\/uploads\/2024\/12\/fiche-Franc.png?fit=590%2C881&ssl=1","datePublished":"2024-12-06T11:49:53+00:00","dateModified":"2024-12-06T11:53:27+00:00","breadcrumb":{"@id":"https:\/\/senegalndiaye.com\/analyse-du-combat-ama-balde-vs-franc-favori-force-faiblesse-date\/#breadcrumb"},"inLanguage":"es","potentialAction":[{"@type":"ReadAction","target":["https:\/\/senegalndiaye.com\/analyse-du-combat-ama-balde-vs-franc-favori-force-faiblesse-date\/"]}]},{"@type":"ImageObject","inLanguage":"es","@id":"https:\/\/senegalndiaye.com\/analyse-du-combat-ama-balde-vs-franc-favori-force-faiblesse-date\/#primaryimage","url":"https:\/\/i0.wp.com\/senegalndiaye.com\/wp-content\/uploads\/2024\/12\/fiche-Franc.png?fit=590%2C881&ssl=1","contentUrl":"https:\/\/i0.wp.com\/senegalndiaye.com\/wp-content\/uploads\/2024\/12\/fiche-Franc.png?fit=590%2C881&ssl=1","width":590,"height":881,"caption":"Fiche lutteur Franc"},{"@type":"BreadcrumbList","@id":"https:\/\/senegalndiaye.com\/analyse-du-combat-ama-balde-vs-franc-favori-force-faiblesse-date\/#breadcrumb","itemListElement":[{"@type":"ListItem","position":1,"name":"Accueil","item":"https:\/\/senegalndiaye.com\/"},{"@type":"ListItem","position":2,"name":"Analyse du combat Ama Balde vs Franc &#8211; Favori, force, faiblesse, date"}]},{"@type":"WebSite","@id":"https:\/\/senegalndiaye.com\/#website","url":"https:\/\/senegalndiaye.com\/","name":"senegal ndiaye","description":"Encuentra los mejores lugares en Senegal","publisher":{"@id":"https:\/\/senegalndiaye.com\/#organization"},"potentialAction":[{"@type":"SearchAction","target":{"@type":"EntryPoint","urlTemplate":"https:\/\/senegalndiaye.com\/?s={search_term_string}"},"query-input":{"@type":"PropertyValueSpecification","valueRequired":true,"valueName":"search_term_string"}}],"inLanguage":"es"},{"@type":"Organization","@id":"https:\/\/senegalndiaye.com\/#organization","name":"senegal ndiaye","url":"https:\/\/senegalndiaye.com\/","logo":{"@type":"ImageObject","inLanguage":"es","@id":"https:\/\/senegalndiaye.com\/#\/schema\/logo\/image\/","url":"https:\/\/senegalndiaye.com\/wp-content\/uploads\/2018\/05\/senegalndiaye_logo.png","contentUrl":"https:\/\/senegalndiaye.com\/wp-content\/uploads\/2018\/05\/senegalndiaye_logo.png","width":150,"height":106,"caption":"Senegal Ndiaye"},"image":{"@id":"https:\/\/senegalndiaye.com\/#\/schema\/logo\/image\/"},"sameAs":["https:\/\/www.facebook.com\/senegalndiaye4\/","https:\/\/x.com\/Senegalndiaye5","https:\/\/www.instagram.com\/senegalndiaye1\/","https:\/\/www.linkedin.com\/company\/senegal-ndiaye\/"]},{"@type":"Person","@id":"https:\/\/senegalndiaye.com\/#\/schema\/person\/c1e0d9f50bc68102f5a7368b7c9551f5","name":"Moderador","image":{"@type":"ImageObject","inLanguage":"es","@id":"https:\/\/senegalndiaye.com\/wp-content\/litespeed\/avatar\/3fb7bc779db92bd05c1837e9542df344.jpg?ver=1777309443","url":"https:\/\/senegalndiaye.com\/wp-content\/litespeed\/avatar\/3fb7bc779db92bd05c1837e9542df344.jpg?ver=1777309443","contentUrl":"https:\/\/senegalndiaye.com\/wp-content\/litespeed\/avatar\/3fb7bc779db92bd05c1837e9542df344.jpg?ver=1777309443","caption":"Moderateur"},"url":"https:\/\/senegalndiaye.com\/es\/author\/sndigital\/"}]}},"jetpack_featured_media_url":"https:\/\/i0.wp.com\/senegalndiaye.com\/wp-content\/uploads\/2024\/12\/fiche-Franc.png?fit=590%2C881&ssl=1","jetpack_sharing_enabled":true,"jetpack-related-posts":[{"id":24305,"url":"https:\/\/senegalndiaye.com\/es\/%e2%9c%85-programme-de-la-lutte-senegalaise-en-2021\/","url_meta":{"origin":29539,"position":0},"title":"\u2705 Programa de lucha senegalesa en 2021 \u2013 2022","author":"Moderateur","date":"julio 12, 2021","format":false,"excerpt":"Tras un a\u00f1o de descanso debido a la pandemia del coronavirus, la lucha libre senegalesa regresa con nuevas fechas. De hecho, figuras prometedoras como Gaston, Luc Nicola\u00ef y Thialis han protagonizado combates tit\u00e1nicos como Balla Gaye vs. Bombardier y Ama Bald\u00e9 vs. Modou Lo. No te pierdas ninguno...","rel":"","context":"En \u00abBlog\u00bb","block_context":{"text":"Blog","link":"https:\/\/senegalndiaye.com\/es\/category\/blog\/"},"img":{"alt_text":"lutte senegalaise programme 2021","src":"https:\/\/i0.wp.com\/senegalndiaye.com\/wp-content\/uploads\/2021\/07\/lutte-senegalaise-programme.jpg?fit=1024%2C609&ssl=1&resize=350%2C200","width":350,"height":200,"srcset":"https:\/\/i0.wp.com\/senegalndiaye.com\/wp-content\/uploads\/2021\/07\/lutte-senegalaise-programme.jpg?fit=1024%2C609&ssl=1&resize=350%2C200 1x, https:\/\/i0.wp.com\/senegalndiaye.com\/wp-content\/uploads\/2021\/07\/lutte-senegalaise-programme.jpg?fit=1024%2C609&ssl=1&resize=525%2C300 1.5x, https:\/\/i0.wp.com\/senegalndiaye.com\/wp-content\/uploads\/2021\/07\/lutte-senegalaise-programme.jpg?fit=1024%2C609&ssl=1&resize=700%2C400 2x"},"classes":[]},{"id":29563,"url":"https:\/\/senegalndiaye.com\/es\/analyse-du-combat-gris-bordeaux-vs-zarco-favori-pronostique-force-faiblesse-date\/","url_meta":{"origin":29539,"position":1},"title":"An\u00e1lisis de la pelea Bordeaux Grey vs Zarco \u2013 Favorito, predicci\u00f3n, fuerza, debilidad, fecha","author":"Moderateur","date":"diciembre 8, 2024","format":false,"excerpt":"El combate entre Gris Bordeaux y Zarco, programado para el 12 de enero de 2025, promete ser un duelo cautivador que enfrentar\u00e1 la experiencia y la t\u00e9cnica con la potencia y la determinaci\u00f3n. Ambos luchadores, conocidos por su estilo ofensivo, ya est\u00e1n generando entusiasmo entre los aficionados senegaleses a la lucha libre. Aqu\u00ed tienes\u2026","rel":"","context":"En \u00abLutte s\u00e9n\u00e9galaise\u00bb","block_context":{"text":"Lutte s\u00e9n\u00e9galaise","link":"https:\/\/senegalndiaye.com\/es\/category\/lutte-senegalaise\/"},"img":{"alt_text":"Fiche Zarco","src":"https:\/\/i0.wp.com\/senegalndiaye.com\/wp-content\/uploads\/2024\/12\/fiche-zarco.png?fit=591%2C882&ssl=1&resize=350%2C200","width":350,"height":200,"srcset":"https:\/\/i0.wp.com\/senegalndiaye.com\/wp-content\/uploads\/2024\/12\/fiche-zarco.png?fit=591%2C882&ssl=1&resize=350%2C200 1x, https:\/\/i0.wp.com\/senegalndiaye.com\/wp-content\/uploads\/2024\/12\/fiche-zarco.png?fit=591%2C882&ssl=1&resize=525%2C300 1.5x"},"classes":[]},{"id":29605,"url":"https:\/\/senegalndiaye.com\/es\/analyse-du-combat-fils-de-balla-vs-diene-kaire-favori-pronostique-force-faiblesse-date\/","url_meta":{"origin":29539,"position":2},"title":"An\u00e1lisis de la pelea Son de Balla vs Di\u00e8ne Kair\u00e9 \u2013 Favorito, predicci\u00f3n, fuerza, debilidad, fecha","author":"Moderateur","date":"diciembre 11, 2024","format":false,"excerpt":"El combate entre Fils de Balla y Di\u00e8ne Kair\u00e9, el 12 de enero de 2025, promete ser un acontecimiento importante en el mundo de la lucha libre senegalesa. A juzgar por las especificaciones t\u00e9cnicas de ambos oponentes, este choque se perfila como un choque entre dos estilos ofensivos, donde cada detalle ser\u00e1 decisivo...","rel":"","context":"En \u00abLutte s\u00e9n\u00e9galaise\u00bb","block_context":{"text":"Lutte s\u00e9n\u00e9galaise","link":"https:\/\/senegalndiaye.com\/es\/category\/lutte-senegalaise\/"},"img":{"alt_text":"","src":"https:\/\/i0.wp.com\/senegalndiaye.com\/wp-content\/uploads\/2024\/12\/fiche-fils-de-balla.png?fit=591%2C883&ssl=1&resize=350%2C200","width":350,"height":200,"srcset":"https:\/\/i0.wp.com\/senegalndiaye.com\/wp-content\/uploads\/2024\/12\/fiche-fils-de-balla.png?fit=591%2C883&ssl=1&resize=350%2C200 1x, https:\/\/i0.wp.com\/senegalndiaye.com\/wp-content\/uploads\/2024\/12\/fiche-fils-de-balla.png?fit=591%2C883&ssl=1&resize=525%2C300 1.5x"},"classes":[]},{"id":29571,"url":"https:\/\/senegalndiaye.com\/es\/analyse-du-combat-forza-vs-general-malika-favori-pronostique-force-faiblesse-date\/","url_meta":{"origin":29539,"position":3},"title":"An\u00e1lisis de la pelea Forza vs General Malika \u2013 Favorito, predicci\u00f3n, fuerza, debilidad, fecha","author":"Moderateur","date":"diciembre 9, 2024","format":false,"excerpt":"El esperado combate entre Forza y General Malika, programado para el 1 de enero de 2025, promete ser emocionante. Este duelo presenta a dos luchadores con estilos ofensivos, impresionantes atributos f\u00edsicos y estrategias bien desarrolladas. Si bien ambos luchadores comparten habilidades y experiencia similares\u2026","rel":"","context":"En \u00abLutte s\u00e9n\u00e9galaise\u00bb","block_context":{"text":"Lutte s\u00e9n\u00e9galaise","link":"https:\/\/senegalndiaye.com\/es\/category\/lutte-senegalaise\/"},"img":{"alt_text":"","src":"https:\/\/i0.wp.com\/senegalndiaye.com\/wp-content\/uploads\/2024\/12\/fiche-forza.png?fit=591%2C886&ssl=1&resize=350%2C200","width":350,"height":200,"srcset":"https:\/\/i0.wp.com\/senegalndiaye.com\/wp-content\/uploads\/2024\/12\/fiche-forza.png?fit=591%2C886&ssl=1&resize=350%2C200 1x, https:\/\/i0.wp.com\/senegalndiaye.com\/wp-content\/uploads\/2024\/12\/fiche-forza.png?fit=591%2C886&ssl=1&resize=525%2C300 1.5x"},"classes":[]},{"id":29520,"url":"https:\/\/senegalndiaye.com\/es\/analyse-du-combat-boy-niang-2-vs-reug-reug-favoris-force-faiblesse-date\/","url_meta":{"origin":29539,"position":4},"title":"An\u00e1lisis de la pelea Boy Niang 2 vs Reug reug \u2013 Favorito, fuerza, debilidad, fecha","author":"Moderateur","date":"diciembre 5, 2024","format":false,"excerpt":"El combate entre Boy Niang 2 y Reug Reug ser\u00e1 un choque tit\u00e1nico en la arena de la lucha libre senegalesa, a celebrarse el 1 de enero de 2025, enfrentando dos estilos, estrategias y personalidades muy distintos. Bas\u00e1ndonos en sus respectivos r\u00e9cords, aqu\u00ed presentamos un an\u00e1lisis completo de las fortalezas y debilidades de ambos...","rel":"","context":"En \u00abLutte s\u00e9n\u00e9galaise\u00bb","block_context":{"text":"Lutte s\u00e9n\u00e9galaise","link":"https:\/\/senegalndiaye.com\/es\/category\/lutte-senegalaise\/"},"img":{"alt_text":"Fiche reug reug","src":"https:\/\/i0.wp.com\/senegalndiaye.com\/wp-content\/uploads\/2024\/12\/Reug-reug.png?fit=591%2C882&ssl=1&resize=350%2C200","width":350,"height":200,"srcset":"https:\/\/i0.wp.com\/senegalndiaye.com\/wp-content\/uploads\/2024\/12\/Reug-reug.png?fit=591%2C882&ssl=1&resize=350%2C200 1x, https:\/\/i0.wp.com\/senegalndiaye.com\/wp-content\/uploads\/2024\/12\/Reug-reug.png?fit=591%2C882&ssl=1&resize=525%2C300 1.5x"},"classes":[]},{"id":24998,"url":"https:\/\/senegalndiaye.com\/es\/%e2%9c%85-concours-dentree-au-centre-de-formation-artisanale-de-dakar\/","url_meta":{"origin":29539,"position":5},"title":"\u2705 Examen de ingreso al centro de formaci\u00f3n artesanal en Dakar","author":"Moderateur","date":"noviembre 10, 2021","format":false,"excerpt":"El examen de admisi\u00f3n al Centro de Formaci\u00f3n Artesanal de Dakar te prepara para el Certificado de Aptitud Profesional en Artesan\u00eda. Su objetivo es ayudarte a desarrollar tus habilidades y obtener un diploma reconocido en tu campo. Encontrar\u00e1s los tr\u00e1mites en este art\u00edculo. Los cursos de formaci\u00f3n que se ofrecen para el examen de admisi\u00f3n a\u2026","rel":"","context":"En \u00abBlog\u00bb","block_context":{"text":"Blog","link":"https:\/\/senegalndiaye.com\/es\/category\/blog\/"},"img":{"alt_text":"concours centre de formation artisanale","src":"https:\/\/i0.wp.com\/senegalndiaye.com\/wp-content\/uploads\/2021\/11\/formation-artisanale.jpg?fit=800%2C450&ssl=1&resize=350%2C200","width":350,"height":200,"srcset":"https:\/\/i0.wp.com\/senegalndiaye.com\/wp-content\/uploads\/2021\/11\/formation-artisanale.jpg?fit=800%2C450&ssl=1&resize=350%2C200 1x, https:\/\/i0.wp.com\/senegalndiaye.com\/wp-content\/uploads\/2021\/11\/formation-artisanale.jpg?fit=800%2C450&ssl=1&resize=525%2C300 1.5x, https:\/\/i0.wp.com\/senegalndiaye.com\/wp-content\/uploads\/2021\/11\/formation-artisanale.jpg?fit=800%2C450&ssl=1&resize=700%2C400 2x"},"classes":[]}],"_links":{"self":[{"href":"https:\/\/senegalndiaye.com\/es\/wp-json\/wp\/v2\/posts\/29539","targetHints":{"allow":["GET"]}}],"collection":[{"href":"https:\/\/senegalndiaye.com\/es\/wp-json\/wp\/v2\/posts"}],"about":[{"href":"https:\/\/senegalndiaye.com\/es\/wp-json\/wp\/v2\/types\/post"}],"author":[{"embeddable":true,"href":"https:\/\/senegalndiaye.com\/es\/wp-json\/wp\/v2\/users\/8"}],"replies":[{"embeddable":true,"href":"https:\/\/senegalndiaye.com\/es\/wp-json\/wp\/v2\/comments?post=29539"}],"version-history":[{"count":4,"href":"https:\/\/senegalndiaye.com\/es\/wp-json\/wp\/v2\/posts\/29539\/revisions"}],"predecessor-version":[{"id":29544,"href":"https:\/\/senegalndiaye.com\/es\/wp-json\/wp\/v2\/posts\/29539\/revisions\/29544"}],"wp:featuredmedia":[{"embeddable":true,"href":"https:\/\/senegalndiaye.com\/es\/wp-json\/wp\/v2\/media\/29541"}],"wp:attachment":[{"href":"https:\/\/senegalndiaye.com\/es\/wp-json\/wp\/v2\/media?parent=29539"}],"wp:term":[{"taxonomy":"category","embeddable":true,"href":"https:\/\/senegalndiaye.com\/es\/wp-json\/wp\/v2\/categories?post=29539"},{"taxonomy":"post_tag","embeddable":true,"href":"https:\/\/senegalndiaye.com\/es\/wp-json\/wp\/v2\/tags?post=29539"}],"curies":[{"name":"gracias","href":"https:\/\/api.w.org\/{rel}","templated":true}]}}