{"id":25671,"date":"2022-05-30T10:50:30","date_gmt":"2022-05-30T10:50:30","guid":{"rendered":"https:\/\/senegalndiaye.com\/?p=25671"},"modified":"2023-03-03T10:54:02","modified_gmt":"2023-03-03T10:54:02","slug":"%e2%9c%85-prix-du-loyer-au-senegal","status":"publish","type":"post","link":"https:\/\/senegalndiaye.com\/es\/%e2%9c%85-prix-du-loyer-au-senegal\/","title":{"rendered":"\u2705 Precio de alquiler en Senegal"},"content":{"rendered":"<p>Alquilar puede ser costoso en el pa\u00eds de Teranga si buscas el centro. Adem\u00e1s, los precios pueden variar dependiendo de varios par\u00e1metros. En este art\u00edculo vamos a recorrer el pa\u00eds para mostrarte las <strong>precio de alquiler en Senegal<\/strong>. Quieres saber m\u00e1s ? Hacemos balance en este art\u00edculo.<\/p>\n<p><strong>El precio del alquiler fijado por el Estado en Senegal<\/strong><\/p>\n<p><span class=\"alignnone\"><img data-recalc-dims=\"1\" loading=\"lazy\" decoding=\"async\" class=\"alignnone size-full wp-image-27583\" src=\"https:\/\/i0.wp.com\/senegalndiaye.com\/wp-content\/uploads\/2022\/05\/1677763700459.jpg?resize=1050%2C1460&#038;ssl=1\" alt=\"\" width=\"1050\" height=\"1460\" srcset=\"https:\/\/i0.wp.com\/senegalndiaye.com\/wp-content\/uploads\/2022\/05\/1677763700459.jpg?w=1080&amp;ssl=1 1080w, https:\/\/i0.wp.com\/senegalndiaye.com\/wp-content\/uploads\/2022\/05\/1677763700459.jpg?resize=216%2C300&amp;ssl=1 216w, https:\/\/i0.wp.com\/senegalndiaye.com\/wp-content\/uploads\/2022\/05\/1677763700459.jpg?resize=736%2C1024&amp;ssl=1 736w, https:\/\/i0.wp.com\/senegalndiaye.com\/wp-content\/uploads\/2022\/05\/1677763700459.jpg?resize=768%2C1068&amp;ssl=1 768w, https:\/\/i0.wp.com\/senegalndiaye.com\/wp-content\/uploads\/2022\/05\/1677763700459.jpg?resize=9%2C12&amp;ssl=1 9w, https:\/\/i0.wp.com\/senegalndiaye.com\/wp-content\/uploads\/2022\/05\/1677763700459.jpg?resize=450%2C626&amp;ssl=1 450w, https:\/\/i0.wp.com\/senegalndiaye.com\/wp-content\/uploads\/2022\/05\/1677763700459.jpg?resize=575%2C800&amp;ssl=1 575w, https:\/\/i0.wp.com\/senegalndiaye.com\/wp-content\/uploads\/2022\/05\/1677763700459.jpg?resize=600%2C834&amp;ssl=1 600w\" sizes=\"auto, (max-width: 1050px) 100vw, 1050px\" \/><\/span><\/p>\n<p><span class=\"alignnone\"><img data-recalc-dims=\"1\" loading=\"lazy\" decoding=\"async\" class=\"alignnone size-large wp-image-27596\" src=\"https:\/\/i0.wp.com\/senegalndiaye.com\/wp-content\/uploads\/2022\/05\/1677840545070.jpg?resize=1024%2C1024&#038;ssl=1\" alt=\"\" width=\"1024\" height=\"1024\" srcset=\"https:\/\/i0.wp.com\/senegalndiaye.com\/wp-content\/uploads\/2022\/05\/1677840545070.jpg?w=1024&amp;ssl=1 1024w, https:\/\/i0.wp.com\/senegalndiaye.com\/wp-content\/uploads\/2022\/05\/1677840545070.jpg?resize=300%2C300&amp;ssl=1 300w, https:\/\/i0.wp.com\/senegalndiaye.com\/wp-content\/uploads\/2022\/05\/1677840545070.jpg?resize=150%2C150&amp;ssl=1 150w, https:\/\/i0.wp.com\/senegalndiaye.com\/wp-content\/uploads\/2022\/05\/1677840545070.jpg?resize=768%2C768&amp;ssl=1 768w, https:\/\/i0.wp.com\/senegalndiaye.com\/wp-content\/uploads\/2022\/05\/1677840545070.jpg?resize=12%2C12&amp;ssl=1 12w, https:\/\/i0.wp.com\/senegalndiaye.com\/wp-content\/uploads\/2022\/05\/1677840545070.jpg?resize=450%2C450&amp;ssl=1 450w, https:\/\/i0.wp.com\/senegalndiaye.com\/wp-content\/uploads\/2022\/05\/1677840545070.jpg?resize=800%2C800&amp;ssl=1 800w, https:\/\/i0.wp.com\/senegalndiaye.com\/wp-content\/uploads\/2022\/05\/1677840545070.jpg?resize=600%2C600&amp;ssl=1 600w, https:\/\/i0.wp.com\/senegalndiaye.com\/wp-content\/uploads\/2022\/05\/1677840545070.jpg?resize=100%2C100&amp;ssl=1 100w\" sizes=\"auto, (max-width: 1024px) 100vw, 1024px\" \/> <img data-recalc-dims=\"1\" loading=\"lazy\" decoding=\"async\" class=\"alignnone size-full wp-image-27597\" src=\"https:\/\/i0.wp.com\/senegalndiaye.com\/wp-content\/uploads\/2022\/05\/1677840545062.jpg?resize=1024%2C1023&#038;ssl=1\" alt=\"\" width=\"1024\" height=\"1023\" srcset=\"https:\/\/i0.wp.com\/senegalndiaye.com\/wp-content\/uploads\/2022\/05\/1677840545062.jpg?w=1024&amp;ssl=1 1024w, https:\/\/i0.wp.com\/senegalndiaye.com\/wp-content\/uploads\/2022\/05\/1677840545062.jpg?resize=300%2C300&amp;ssl=1 300w, https:\/\/i0.wp.com\/senegalndiaye.com\/wp-content\/uploads\/2022\/05\/1677840545062.jpg?resize=150%2C150&amp;ssl=1 150w, https:\/\/i0.wp.com\/senegalndiaye.com\/wp-content\/uploads\/2022\/05\/1677840545062.jpg?resize=768%2C767&amp;ssl=1 768w, https:\/\/i0.wp.com\/senegalndiaye.com\/wp-content\/uploads\/2022\/05\/1677840545062.jpg?resize=12%2C12&amp;ssl=1 12w, https:\/\/i0.wp.com\/senegalndiaye.com\/wp-content\/uploads\/2022\/05\/1677840545062.jpg?resize=450%2C450&amp;ssl=1 450w, https:\/\/i0.wp.com\/senegalndiaye.com\/wp-content\/uploads\/2022\/05\/1677840545062.jpg?resize=801%2C800&amp;ssl=1 801w, https:\/\/i0.wp.com\/senegalndiaye.com\/wp-content\/uploads\/2022\/05\/1677840545062.jpg?resize=600%2C599&amp;ssl=1 600w, https:\/\/i0.wp.com\/senegalndiaye.com\/wp-content\/uploads\/2022\/05\/1677840545062.jpg?resize=100%2C100&amp;ssl=1 100w\" sizes=\"auto, (max-width: 1024px) 100vw, 1024px\" \/> <img data-recalc-dims=\"1\" loading=\"lazy\" decoding=\"async\" class=\"alignnone size-full wp-image-27598\" src=\"https:\/\/i0.wp.com\/senegalndiaye.com\/wp-content\/uploads\/2022\/05\/1677840545043.jpg?resize=1023%2C1024&#038;ssl=1\" alt=\"\" width=\"1023\" height=\"1024\" srcset=\"https:\/\/i0.wp.com\/senegalndiaye.com\/wp-content\/uploads\/2022\/05\/1677840545043.jpg?w=1023&amp;ssl=1 1023w, https:\/\/i0.wp.com\/senegalndiaye.com\/wp-content\/uploads\/2022\/05\/1677840545043.jpg?resize=300%2C300&amp;ssl=1 300w, https:\/\/i0.wp.com\/senegalndiaye.com\/wp-content\/uploads\/2022\/05\/1677840545043.jpg?resize=150%2C150&amp;ssl=1 150w, https:\/\/i0.wp.com\/senegalndiaye.com\/wp-content\/uploads\/2022\/05\/1677840545043.jpg?resize=768%2C769&amp;ssl=1 768w, https:\/\/i0.wp.com\/senegalndiaye.com\/wp-content\/uploads\/2022\/05\/1677840545043.jpg?resize=12%2C12&amp;ssl=1 12w, https:\/\/i0.wp.com\/senegalndiaye.com\/wp-content\/uploads\/2022\/05\/1677840545043.jpg?resize=450%2C450&amp;ssl=1 450w, https:\/\/i0.wp.com\/senegalndiaye.com\/wp-content\/uploads\/2022\/05\/1677840545043.jpg?resize=799%2C800&amp;ssl=1 799w, https:\/\/i0.wp.com\/senegalndiaye.com\/wp-content\/uploads\/2022\/05\/1677840545043.jpg?resize=600%2C601&amp;ssl=1 600w, https:\/\/i0.wp.com\/senegalndiaye.com\/wp-content\/uploads\/2022\/05\/1677840545043.jpg?resize=100%2C100&amp;ssl=1 100w\" sizes=\"auto, (max-width: 1023px) 100vw, 1023px\" \/> <img data-recalc-dims=\"1\" loading=\"lazy\" decoding=\"async\" class=\"alignnone size-full wp-image-27599\" src=\"https:\/\/i0.wp.com\/senegalndiaye.com\/wp-content\/uploads\/2022\/05\/1677840545033.jpg?resize=1024%2C1023&#038;ssl=1\" alt=\"\" width=\"1024\" height=\"1023\" srcset=\"https:\/\/i0.wp.com\/senegalndiaye.com\/wp-content\/uploads\/2022\/05\/1677840545033.jpg?w=1024&amp;ssl=1 1024w, https:\/\/i0.wp.com\/senegalndiaye.com\/wp-content\/uploads\/2022\/05\/1677840545033.jpg?resize=300%2C300&amp;ssl=1 300w, https:\/\/i0.wp.com\/senegalndiaye.com\/wp-content\/uploads\/2022\/05\/1677840545033.jpg?resize=150%2C150&amp;ssl=1 150w, https:\/\/i0.wp.com\/senegalndiaye.com\/wp-content\/uploads\/2022\/05\/1677840545033.jpg?resize=768%2C767&amp;ssl=1 768w, https:\/\/i0.wp.com\/senegalndiaye.com\/wp-content\/uploads\/2022\/05\/1677840545033.jpg?resize=12%2C12&amp;ssl=1 12w, https:\/\/i0.wp.com\/senegalndiaye.com\/wp-content\/uploads\/2022\/05\/1677840545033.jpg?resize=450%2C450&amp;ssl=1 450w, https:\/\/i0.wp.com\/senegalndiaye.com\/wp-content\/uploads\/2022\/05\/1677840545033.jpg?resize=801%2C800&amp;ssl=1 801w, https:\/\/i0.wp.com\/senegalndiaye.com\/wp-content\/uploads\/2022\/05\/1677840545033.jpg?resize=600%2C599&amp;ssl=1 600w, https:\/\/i0.wp.com\/senegalndiaye.com\/wp-content\/uploads\/2022\/05\/1677840545033.jpg?resize=100%2C100&amp;ssl=1 100w\" sizes=\"auto, (max-width: 1024px) 100vw, 1024px\" \/><\/span><\/p>\n<p>El gobierno ha aprobado una ley sobre la reducci\u00f3n del precio del alquiler en Senegal para superficies que no se calculan seg\u00fan la superficie corregida. Esta ley tiene como objetivo reducir los precios de los alquileres, con el fin de hacerlos m\u00e1s asequibles para las personas que los necesitan.<\/p>\n<p>La ley se aplica a todo tipo de locales alquilados y establece que:<\/p>\n<ul>\n<li>Los alquileres inferiores a 300.000 CFA deben reducirse en 15 %.<\/li>\n<li>Aquellas entre 300.000 CFA y 500.000 CFA deben reducirse en 10 %.<\/li>\n<li>Los alquileres superiores a 500.000 F CFA deben reducirse en 5 %.<\/li>\n<\/ul>\n<p>Toda persona que infrinja esta ley estar\u00e1 sujeta a la sanci\u00f3n prevista por el <strong>Ley N\u00b0 81 del 21 al 25 de junio de 1981<\/strong> suprimiendo el aumento il\u00edcito en el alquiler de locales para uso residencial.<\/p>\n<p><strong>Precio de alquiler en Dakar<\/strong><\/p>\n<p>En Dakar, los precios de alquiler dependen del barrio. De hecho, son m\u00e1s caros en el centro de la ciudad que en las zonas periurbanas y urbanas. Esto se explica por la accesibilidad y cercan\u00eda a determinadas infraestructuras como hospitales, colegios y supermercados.<\/p>\n<p><strong>Precio de alquiler en el centro de la ciudad<\/strong><\/p>\n<p>Si est\u00e1 buscando un apartamento en Dakar, prep\u00e1rese para pagar mucho dinero. La situaci\u00f3n de la vivienda en la ciudad es cada vez m\u00e1s dif\u00edcil. Cada vez es m\u00e1s raro encontrar una casa que se pueda alquilar. Si encuentra uno, tendr\u00e1 que pagar una fortuna para alquilarlo por mes.<\/p>\n<p><strong>El precio de un apartamento fuera del centro de la ciudad.<\/strong><\/p>\n<p>El alquiler de habitaciones en zonas urbanas y periurbanas es menos costoso. De hecho, puedes tener un apartamento entre <strong>180.000 francos CFA<\/strong> para <strong>750.000 francos CFA.<\/strong> Esto depender\u00e1 de la ubicaci\u00f3n, accesibilidad y estado del edificio.<\/p>\n<p>Si est\u00e1 buscando un apartamento, hay una serie de cosas a considerar. Primero, \u00bfen qu\u00e9 tipo de vecindario quieres vivir?<\/p>\n<p>En caso de que quieras algo un poco m\u00e1s barato, pero lo suficientemente cerca, tendr\u00e1s que pagar entre <strong>200.000 francos CFA <\/strong>y <strong>750,000 FCFA por mes<\/strong>.<\/p>\n<p><strong>Alquiler en otras regiones de Senegal<\/strong><\/p>\n<p>El precio del alquiler es m\u00e1s bajo en otras regiones. De hecho, puede alquilar f\u00e1cilmente un apartamento a precios asequibles. Sin embargo, algunas regiones son m\u00e1s caras que otras debido a su proximidad al mar y su nivel de vida.<\/p>\n<ul>\n<li><strong>Precios de alquiler en Senegal: regi\u00f3n de Mbour<\/strong><\/li>\n<\/ul>\n<p>Mbour es un popular destino tur\u00edstico en Senegal. Los apartamentos no lo son. Por ejemplo, en Mbour Sud, puede obtener un apartamento de dos dormitorios con ba\u00f1o y aseo para <strong>110.000 francos CFA.<\/strong><\/p>\n<p>\u00a1Tambi\u00e9n es el lugar ideal para establecerse! Si quieres vivir en un piso con jard\u00edn y terraza, puedes encontrar uno desde <strong>200.000 francos CFA<\/strong>.<\/p>\n<ul>\n<li><strong>Thies<\/strong><\/li>\n<\/ul>\n<p>Thi\u00e8s est\u00e1 a pocos kil\u00f3metros de Dakar. El alquiler no es caro. De hecho, puede tener una villa con 3 dormitorios, una sala de estar y un ba\u00f1o para <strong>135.000 francos CFA<\/strong> por mes.<\/p>\n<p>La ciudad es conocida por sus hermosas plazas p\u00fablicas, que son perfectas para familias de vacaciones o para aquellos que buscan relajarse. Tambi\u00e9n es conocida por sus mercados donde puedes comprar todo lo que necesitas.<\/p>\n<ul>\n<li><strong>San Luis<\/strong><\/li>\n<\/ul>\n<p>Si buscas un piso amueblado, est\u00e1s de enhorabuena. La antigua capital de Senegal es famosa por su estilo colonial y su historia, y tambi\u00e9n es un gran lugar para encontrar casas F6 amuebladas en alquiler en <strong>250.000 francos CFA <\/strong>por mes.<\/p>\n<p>Es una peque\u00f1a ciudad rodeada por el oc\u00e9ano, lo que significa que los precios de alquiler a veces suben. Pero todav\u00eda puedes encontrar grandes ofertas en apartamentos amueblados cerca de la playa.<\/p>\n<ul>\n<li><strong>Ziguinchor<\/strong><\/li>\n<\/ul>\n<p>La ciudad est\u00e1 situada en el sur de Senegal en Casamance. El alquiler no es caro y puedes disponer de grandes espacios a precios asequibles. Puedes alquilar una villa de 5 habitaciones en <strong>200.000 francos CFA<\/strong>.<\/p>\n<p>Si quieres relajarte o aprender m\u00e1s sobre este pa\u00eds, este es el mejor lugar para ti. Tambi\u00e9n puedes disfrutar de sus playas, que se caracterizan por su belleza natural y limpieza.<\/p>\n<p>\u00a1Pues aqu\u00ed est\u00e1 el precio del alquiler en Senegal! Ahora tienes toda la informaci\u00f3n que necesitas para encontrar un nuevo apartamento. La cantidad de opciones en Dakar puede ser abrumadora, pero si sabe d\u00f3nde buscar y qu\u00e9 preguntar, es m\u00e1s f\u00e1cil de lo que piensa.<\/p>\n<p><strong>\u00a0<\/strong><\/p>\n<p><strong>\u00a0\u00a0\u00a0\u00a0\u00a0\u00a0\u00a0\u00a0\u00a0\u00a0\u00a0\u00a0\u00a0\u00a0\u00a0\u00a0\u00a0\u00a0\u00a0\u00a0\u00a0\u00a0\u00a0\u00a0\u00a0\u00a0\u00a0\u00a0\u00a0\u00a0\u00a0\u00a0\u00a0\u00a0\u00a0\u00a0\u00a0\u00a0\u00a0\u00a0\u00a0\u00a0\u00a0\u00a0\u00a0\u00a0\u00a0\u00a0\u00a0\u00a0\u00a0\u00a0\u00a0\u00a0\u00a0\u00a0\u00a0\u00a0\u00a0\u00a0\u00a0\u00a0\u00a0\u00a0\u00a0\u00a0\u00a0\u00a0\u00a0\u00a0\u00a0\u00a0\u00a0\u00a0\u00a0\u00a0\u00a0\u00a0\u00a0\u00a0\u00a0\u00a0\u00a0\u00a0\u00a0\u00a0\u00a0\u00a0\u00a0\u00a0\u00a0\u00a0\u00a0\u00a0 \u00a0\u00a0\u00a0\u00a0\u00a0\u00a0\u00a0\u00a0\u00a0\u00a0\u00a0 <\/strong><\/p>","protected":false},"excerpt":{"rendered":"<p>La location peut \u00eatre ch\u00e8re au pays de la Teranga si vous cherchez en centre-ville. En outre, les prix peuvent varier selon divers param\u00e8tres. Dans cet article, nous allons faire le tour du pays pour vous montrer le prix du loyer au S\u00e9n\u00e9gal. Envie d\u2019en savoir plus ? Nous faisons le point dans cet article. [&hellip;]<\/p>\n","protected":false},"author":8,"featured_media":25672,"comment_status":"open","ping_status":"open","sticky":false,"template":"","format":"standard","meta":{"_jetpack_memberships_contains_paid_content":false,"footnotes":""},"categories":[83],"tags":[],"class_list":["post-25671","post","type-post","status-publish","format-standard","has-post-thumbnail","hentry","category-blog"],"yoast_head":"<!-- This site is optimized with the Yoast SEO plugin v27.5 - https:\/\/yoast.com\/product\/yoast-seo-wordpress\/ -->\n<title>\u2705 Prix du loyer au S\u00e9n\u00e9gal &#187; Senegal Ndiaye<\/title>\n<meta name=\"robots\" content=\"index, follow, max-snippet:-1, max-image-preview:large, max-video-preview:-1\" \/>\n<link rel=\"canonical\" href=\"https:\/\/senegalndiaye.com\/es\/\u2705-prix-du-loyer-au-senegal\/\" \/>\n<meta property=\"og:locale\" content=\"es_ES\" \/>\n<meta property=\"og:type\" content=\"article\" \/>\n<meta property=\"og:title\" content=\"\u2705 Prix du loyer au S\u00e9n\u00e9gal &#187; Senegal Ndiaye\" \/>\n<meta property=\"og:description\" content=\"La location peut \u00eatre ch\u00e8re au pays de la Teranga si vous cherchez en centre-ville. En outre, les prix peuvent varier selon divers param\u00e8tres. Dans cet article, nous allons faire le tour du pays pour vous montrer le prix du loyer au S\u00e9n\u00e9gal. Envie d\u2019en savoir plus ? Nous faisons le point dans cet article. [&hellip;]\" \/>\n<meta property=\"og:url\" content=\"https:\/\/senegalndiaye.com\/es\/\u2705-prix-du-loyer-au-senegal\/\" \/>\n<meta property=\"og:site_name\" content=\"Senegal Ndiaye\" \/>\n<meta property=\"article:publisher\" content=\"https:\/\/www.facebook.com\/senegalndiaye4\/\" \/>\n<meta property=\"article:published_time\" content=\"2022-05-30T10:50:30+00:00\" \/>\n<meta property=\"article:modified_time\" content=\"2023-03-03T10:54:02+00:00\" \/>\n<meta property=\"og:image\" content=\"https:\/\/senegalndiaye.com\/wp-content\/uploads\/2022\/05\/prix-loyer-senegal.jpg\" \/>\n\t<meta property=\"og:image:width\" content=\"897\" \/>\n\t<meta property=\"og:image:height\" content=\"505\" \/>\n\t<meta property=\"og:image:type\" content=\"image\/jpeg\" \/>\n<meta name=\"author\" content=\"Moderateur\" \/>\n<meta name=\"twitter:card\" content=\"summary_large_image\" \/>\n<meta name=\"twitter:creator\" content=\"@Senegalndiaye5\" \/>\n<meta name=\"twitter:site\" content=\"@Senegalndiaye5\" \/>\n<meta name=\"twitter:label1\" content=\"Escrito por\" \/>\n\t<meta name=\"twitter:data1\" content=\"Moderateur\" \/>\n\t<meta name=\"twitter:label2\" content=\"Tiempo de lectura\" \/>\n\t<meta name=\"twitter:data2\" content=\"6 minutos\" \/>\n<script type=\"application\/ld+json\" class=\"yoast-schema-graph\">{\"@context\":\"https:\\\/\\\/schema.org\",\"@graph\":[{\"@type\":\"Article\",\"@id\":\"https:\\\/\\\/senegalndiaye.com\\\/%e2%9c%85-prix-du-loyer-au-senegal\\\/#article\",\"isPartOf\":{\"@id\":\"https:\\\/\\\/senegalndiaye.com\\\/%e2%9c%85-prix-du-loyer-au-senegal\\\/\"},\"author\":{\"name\":\"Moderateur\",\"@id\":\"https:\\\/\\\/senegalndiaye.com\\\/#\\\/schema\\\/person\\\/c1e0d9f50bc68102f5a7368b7c9551f5\"},\"headline\":\"\u2705 Prix du loyer au S\u00e9n\u00e9gal\",\"datePublished\":\"2022-05-30T10:50:30+00:00\",\"dateModified\":\"2023-03-03T10:54:02+00:00\",\"mainEntityOfPage\":{\"@id\":\"https:\\\/\\\/senegalndiaye.com\\\/%e2%9c%85-prix-du-loyer-au-senegal\\\/\"},\"wordCount\":872,\"commentCount\":1,\"publisher\":{\"@id\":\"https:\\\/\\\/senegalndiaye.com\\\/#organization\"},\"image\":{\"@id\":\"https:\\\/\\\/senegalndiaye.com\\\/%e2%9c%85-prix-du-loyer-au-senegal\\\/#primaryimage\"},\"thumbnailUrl\":\"https:\\\/\\\/i0.wp.com\\\/senegalndiaye.com\\\/wp-content\\\/uploads\\\/2022\\\/05\\\/prix-loyer-senegal.jpg?fit=897%2C505&ssl=1\",\"articleSection\":[\"Blog\"],\"inLanguage\":\"es\",\"potentialAction\":[{\"@type\":\"CommentAction\",\"name\":\"Comment\",\"target\":[\"https:\\\/\\\/senegalndiaye.com\\\/%e2%9c%85-prix-du-loyer-au-senegal\\\/#respond\"]}]},{\"@type\":\"WebPage\",\"@id\":\"https:\\\/\\\/senegalndiaye.com\\\/%e2%9c%85-prix-du-loyer-au-senegal\\\/\",\"url\":\"https:\\\/\\\/senegalndiaye.com\\\/%e2%9c%85-prix-du-loyer-au-senegal\\\/\",\"name\":\"\u2705 Prix du loyer au S\u00e9n\u00e9gal &#187; Senegal Ndiaye\",\"isPartOf\":{\"@id\":\"https:\\\/\\\/senegalndiaye.com\\\/#website\"},\"primaryImageOfPage\":{\"@id\":\"https:\\\/\\\/senegalndiaye.com\\\/%e2%9c%85-prix-du-loyer-au-senegal\\\/#primaryimage\"},\"image\":{\"@id\":\"https:\\\/\\\/senegalndiaye.com\\\/%e2%9c%85-prix-du-loyer-au-senegal\\\/#primaryimage\"},\"thumbnailUrl\":\"https:\\\/\\\/i0.wp.com\\\/senegalndiaye.com\\\/wp-content\\\/uploads\\\/2022\\\/05\\\/prix-loyer-senegal.jpg?fit=897%2C505&ssl=1\",\"datePublished\":\"2022-05-30T10:50:30+00:00\",\"dateModified\":\"2023-03-03T10:54:02+00:00\",\"breadcrumb\":{\"@id\":\"https:\\\/\\\/senegalndiaye.com\\\/%e2%9c%85-prix-du-loyer-au-senegal\\\/#breadcrumb\"},\"inLanguage\":\"es\",\"potentialAction\":[{\"@type\":\"ReadAction\",\"target\":[\"https:\\\/\\\/senegalndiaye.com\\\/%e2%9c%85-prix-du-loyer-au-senegal\\\/\"]}]},{\"@type\":\"ImageObject\",\"inLanguage\":\"es\",\"@id\":\"https:\\\/\\\/senegalndiaye.com\\\/%e2%9c%85-prix-du-loyer-au-senegal\\\/#primaryimage\",\"url\":\"https:\\\/\\\/i0.wp.com\\\/senegalndiaye.com\\\/wp-content\\\/uploads\\\/2022\\\/05\\\/prix-loyer-senegal.jpg?fit=897%2C505&ssl=1\",\"contentUrl\":\"https:\\\/\\\/i0.wp.com\\\/senegalndiaye.com\\\/wp-content\\\/uploads\\\/2022\\\/05\\\/prix-loyer-senegal.jpg?fit=897%2C505&ssl=1\",\"width\":897,\"height\":505,\"caption\":\"prix loyer senegal\"},{\"@type\":\"BreadcrumbList\",\"@id\":\"https:\\\/\\\/senegalndiaye.com\\\/%e2%9c%85-prix-du-loyer-au-senegal\\\/#breadcrumb\",\"itemListElement\":[{\"@type\":\"ListItem\",\"position\":1,\"name\":\"Accueil\",\"item\":\"https:\\\/\\\/senegalndiaye.com\\\/\"},{\"@type\":\"ListItem\",\"position\":2,\"name\":\"\u2705 Prix du loyer au S\u00e9n\u00e9gal\"}]},{\"@type\":\"WebSite\",\"@id\":\"https:\\\/\\\/senegalndiaye.com\\\/#website\",\"url\":\"https:\\\/\\\/senegalndiaye.com\\\/\",\"name\":\"Senegal Ndiaye\",\"description\":\"Retrouvez les meilleurs endroits du S\u00e9n\u00e9gal\",\"publisher\":{\"@id\":\"https:\\\/\\\/senegalndiaye.com\\\/#organization\"},\"potentialAction\":[{\"@type\":\"SearchAction\",\"target\":{\"@type\":\"EntryPoint\",\"urlTemplate\":\"https:\\\/\\\/senegalndiaye.com\\\/?s={search_term_string}\"},\"query-input\":{\"@type\":\"PropertyValueSpecification\",\"valueRequired\":true,\"valueName\":\"search_term_string\"}}],\"inLanguage\":\"es\"},{\"@type\":\"Organization\",\"@id\":\"https:\\\/\\\/senegalndiaye.com\\\/#organization\",\"name\":\"Senegal Ndiaye\",\"url\":\"https:\\\/\\\/senegalndiaye.com\\\/\",\"logo\":{\"@type\":\"ImageObject\",\"inLanguage\":\"es\",\"@id\":\"https:\\\/\\\/senegalndiaye.com\\\/#\\\/schema\\\/logo\\\/image\\\/\",\"url\":\"https:\\\/\\\/senegalndiaye.com\\\/wp-content\\\/uploads\\\/2018\\\/05\\\/senegalndiaye_logo.png\",\"contentUrl\":\"https:\\\/\\\/senegalndiaye.com\\\/wp-content\\\/uploads\\\/2018\\\/05\\\/senegalndiaye_logo.png\",\"width\":150,\"height\":106,\"caption\":\"Senegal Ndiaye\"},\"image\":{\"@id\":\"https:\\\/\\\/senegalndiaye.com\\\/#\\\/schema\\\/logo\\\/image\\\/\"},\"sameAs\":[\"https:\\\/\\\/www.facebook.com\\\/senegalndiaye4\\\/\",\"https:\\\/\\\/x.com\\\/Senegalndiaye5\",\"https:\\\/\\\/www.instagram.com\\\/senegalndiaye1\\\/\",\"https:\\\/\\\/www.linkedin.com\\\/company\\\/senegal-ndiaye\\\/\"]},{\"@type\":\"Person\",\"@id\":\"https:\\\/\\\/senegalndiaye.com\\\/#\\\/schema\\\/person\\\/c1e0d9f50bc68102f5a7368b7c9551f5\",\"name\":\"Moderateur\",\"image\":{\"@type\":\"ImageObject\",\"inLanguage\":\"es\",\"@id\":\"https:\\\/\\\/senegalndiaye.com\\\/wp-content\\\/litespeed\\\/avatar\\\/3fb7bc779db92bd05c1837e9542df344.jpg?ver=1777309443\",\"url\":\"https:\\\/\\\/senegalndiaye.com\\\/wp-content\\\/litespeed\\\/avatar\\\/3fb7bc779db92bd05c1837e9542df344.jpg?ver=1777309443\",\"contentUrl\":\"https:\\\/\\\/senegalndiaye.com\\\/wp-content\\\/litespeed\\\/avatar\\\/3fb7bc779db92bd05c1837e9542df344.jpg?ver=1777309443\",\"caption\":\"Moderateur\"},\"url\":\"https:\\\/\\\/senegalndiaye.com\\\/es\\\/author\\\/sndigital\\\/\"}]}<\/script>\n<!-- \/ Yoast SEO plugin. -->","yoast_head_json":{"title":"\u2705 Precios de alquiler en Senegal \u00bb Senegal Ndiaye","robots":{"index":"index","follow":"follow","max-snippet":"max-snippet:-1","max-image-preview":"max-image-preview:large","max-video-preview":"max-video-preview:-1"},"canonical":"https:\/\/senegalndiaye.com\/es\/\u2705-prix-du-loyer-au-senegal\/","og_locale":"es_ES","og_type":"article","og_title":"\u2705 Prix du loyer au S\u00e9n\u00e9gal &#187; Senegal Ndiaye","og_description":"La location peut \u00eatre ch\u00e8re au pays de la Teranga si vous cherchez en centre-ville. En outre, les prix peuvent varier selon divers param\u00e8tres. Dans cet article, nous allons faire le tour du pays pour vous montrer le prix du loyer au S\u00e9n\u00e9gal. Envie d\u2019en savoir plus ? Nous faisons le point dans cet article. [&hellip;]","og_url":"https:\/\/senegalndiaye.com\/es\/\u2705-prix-du-loyer-au-senegal\/","og_site_name":"Senegal Ndiaye","article_publisher":"https:\/\/www.facebook.com\/senegalndiaye4\/","article_published_time":"2022-05-30T10:50:30+00:00","article_modified_time":"2023-03-03T10:54:02+00:00","og_image":[{"width":897,"height":505,"url":"https:\/\/senegalndiaye.com\/wp-content\/uploads\/2022\/05\/prix-loyer-senegal.jpg","type":"image\/jpeg"}],"author":"Moderateur","twitter_card":"summary_large_image","twitter_creator":"@Senegalndiaye5","twitter_site":"@Senegalndiaye5","twitter_misc":{"Escrito por":"Moderateur","Tiempo de lectura":"6 minutos"},"schema":{"@context":"https:\/\/schema.org","@graph":[{"@type":"Article","@id":"https:\/\/senegalndiaye.com\/%e2%9c%85-prix-du-loyer-au-senegal\/#article","isPartOf":{"@id":"https:\/\/senegalndiaye.com\/%e2%9c%85-prix-du-loyer-au-senegal\/"},"author":{"name":"Moderateur","@id":"https:\/\/senegalndiaye.com\/#\/schema\/person\/c1e0d9f50bc68102f5a7368b7c9551f5"},"headline":"\u2705 Prix du loyer au S\u00e9n\u00e9gal","datePublished":"2022-05-30T10:50:30+00:00","dateModified":"2023-03-03T10:54:02+00:00","mainEntityOfPage":{"@id":"https:\/\/senegalndiaye.com\/%e2%9c%85-prix-du-loyer-au-senegal\/"},"wordCount":872,"commentCount":1,"publisher":{"@id":"https:\/\/senegalndiaye.com\/#organization"},"image":{"@id":"https:\/\/senegalndiaye.com\/%e2%9c%85-prix-du-loyer-au-senegal\/#primaryimage"},"thumbnailUrl":"https:\/\/i0.wp.com\/senegalndiaye.com\/wp-content\/uploads\/2022\/05\/prix-loyer-senegal.jpg?fit=897%2C505&ssl=1","articleSection":["Blog"],"inLanguage":"es","potentialAction":[{"@type":"CommentAction","name":"Comment","target":["https:\/\/senegalndiaye.com\/%e2%9c%85-prix-du-loyer-au-senegal\/#respond"]}]},{"@type":"WebPage","@id":"https:\/\/senegalndiaye.com\/%e2%9c%85-prix-du-loyer-au-senegal\/","url":"https:\/\/senegalndiaye.com\/%e2%9c%85-prix-du-loyer-au-senegal\/","name":"\u2705 Precios de alquiler en Senegal \u00bb Senegal Ndiaye","isPartOf":{"@id":"https:\/\/senegalndiaye.com\/#website"},"primaryImageOfPage":{"@id":"https:\/\/senegalndiaye.com\/%e2%9c%85-prix-du-loyer-au-senegal\/#primaryimage"},"image":{"@id":"https:\/\/senegalndiaye.com\/%e2%9c%85-prix-du-loyer-au-senegal\/#primaryimage"},"thumbnailUrl":"https:\/\/i0.wp.com\/senegalndiaye.com\/wp-content\/uploads\/2022\/05\/prix-loyer-senegal.jpg?fit=897%2C505&ssl=1","datePublished":"2022-05-30T10:50:30+00:00","dateModified":"2023-03-03T10:54:02+00:00","breadcrumb":{"@id":"https:\/\/senegalndiaye.com\/%e2%9c%85-prix-du-loyer-au-senegal\/#breadcrumb"},"inLanguage":"es","potentialAction":[{"@type":"ReadAction","target":["https:\/\/senegalndiaye.com\/%e2%9c%85-prix-du-loyer-au-senegal\/"]}]},{"@type":"ImageObject","inLanguage":"es","@id":"https:\/\/senegalndiaye.com\/%e2%9c%85-prix-du-loyer-au-senegal\/#primaryimage","url":"https:\/\/i0.wp.com\/senegalndiaye.com\/wp-content\/uploads\/2022\/05\/prix-loyer-senegal.jpg?fit=897%2C505&ssl=1","contentUrl":"https:\/\/i0.wp.com\/senegalndiaye.com\/wp-content\/uploads\/2022\/05\/prix-loyer-senegal.jpg?fit=897%2C505&ssl=1","width":897,"height":505,"caption":"prix loyer senegal"},{"@type":"BreadcrumbList","@id":"https:\/\/senegalndiaye.com\/%e2%9c%85-prix-du-loyer-au-senegal\/#breadcrumb","itemListElement":[{"@type":"ListItem","position":1,"name":"Accueil","item":"https:\/\/senegalndiaye.com\/"},{"@type":"ListItem","position":2,"name":"\u2705 Prix du loyer au S\u00e9n\u00e9gal"}]},{"@type":"WebSite","@id":"https:\/\/senegalndiaye.com\/#website","url":"https:\/\/senegalndiaye.com\/","name":"senegal ndiaye","description":"Encuentra los mejores lugares en Senegal","publisher":{"@id":"https:\/\/senegalndiaye.com\/#organization"},"potentialAction":[{"@type":"SearchAction","target":{"@type":"EntryPoint","urlTemplate":"https:\/\/senegalndiaye.com\/?s={search_term_string}"},"query-input":{"@type":"PropertyValueSpecification","valueRequired":true,"valueName":"search_term_string"}}],"inLanguage":"es"},{"@type":"Organization","@id":"https:\/\/senegalndiaye.com\/#organization","name":"senegal ndiaye","url":"https:\/\/senegalndiaye.com\/","logo":{"@type":"ImageObject","inLanguage":"es","@id":"https:\/\/senegalndiaye.com\/#\/schema\/logo\/image\/","url":"https:\/\/senegalndiaye.com\/wp-content\/uploads\/2018\/05\/senegalndiaye_logo.png","contentUrl":"https:\/\/senegalndiaye.com\/wp-content\/uploads\/2018\/05\/senegalndiaye_logo.png","width":150,"height":106,"caption":"Senegal Ndiaye"},"image":{"@id":"https:\/\/senegalndiaye.com\/#\/schema\/logo\/image\/"},"sameAs":["https:\/\/www.facebook.com\/senegalndiaye4\/","https:\/\/x.com\/Senegalndiaye5","https:\/\/www.instagram.com\/senegalndiaye1\/","https:\/\/www.linkedin.com\/company\/senegal-ndiaye\/"]},{"@type":"Person","@id":"https:\/\/senegalndiaye.com\/#\/schema\/person\/c1e0d9f50bc68102f5a7368b7c9551f5","name":"Moderador","image":{"@type":"ImageObject","inLanguage":"es","@id":"https:\/\/senegalndiaye.com\/wp-content\/litespeed\/avatar\/3fb7bc779db92bd05c1837e9542df344.jpg?ver=1777309443","url":"https:\/\/senegalndiaye.com\/wp-content\/litespeed\/avatar\/3fb7bc779db92bd05c1837e9542df344.jpg?ver=1777309443","contentUrl":"https:\/\/senegalndiaye.com\/wp-content\/litespeed\/avatar\/3fb7bc779db92bd05c1837e9542df344.jpg?ver=1777309443","caption":"Moderateur"},"url":"https:\/\/senegalndiaye.com\/es\/author\/sndigital\/"}]}},"jetpack_featured_media_url":"https:\/\/i0.wp.com\/senegalndiaye.com\/wp-content\/uploads\/2022\/05\/prix-loyer-senegal.jpg?fit=897%2C505&ssl=1","jetpack_sharing_enabled":true,"jetpack-related-posts":[{"id":23807,"url":"https:\/\/senegalndiaye.com\/es\/cout-des-etudes-au-senegal\/","url_meta":{"origin":25671,"position":0},"title":"Costo de estudios en Senegal \u2705","author":"Moderateur","date":"abril 3, 2021","format":false,"excerpt":"Senegal es uno de los pa\u00edses africanos que ofrece la mejor educaci\u00f3n universitaria con t\u00edtulos reconocidos internacionalmente. Sin embargo, esta educaci\u00f3n, aunque gratuita en las universidades y escuelas p\u00fablicas, requiere matr\u00edcula. De hecho, el coste de estudiar en Senegal incluye matr\u00edcula, alojamiento, etc.","rel":"","context":"En \u00abBlog\u00bb","block_context":{"text":"Blog","link":"https:\/\/senegalndiaye.com\/es\/category\/blog\/"},"img":{"alt_text":"co\u00fbt des \u00e9tudes au s\u00e9n\u00e9gal","src":"https:\/\/i0.wp.com\/senegalndiaye.com\/wp-content\/uploads\/2021\/04\/cout-des-etudes-au-senegal.jpg?fit=688%2C514&ssl=1&resize=350%2C200","width":350,"height":200,"srcset":"https:\/\/i0.wp.com\/senegalndiaye.com\/wp-content\/uploads\/2021\/04\/cout-des-etudes-au-senegal.jpg?fit=688%2C514&ssl=1&resize=350%2C200 1x, https:\/\/i0.wp.com\/senegalndiaye.com\/wp-content\/uploads\/2021\/04\/cout-des-etudes-au-senegal.jpg?fit=688%2C514&ssl=1&resize=525%2C300 1.5x"},"classes":[]},{"id":26504,"url":"https:\/\/senegalndiaye.com\/es\/%e2%9c%85-location-engin-chantier-materiel-de-construction-au-senegal\/","url_meta":{"origin":25671,"position":1},"title":"\u2705 Alquiler de maquinaria de construcci\u00f3n y equipos de construcci\u00f3n en Senegal","author":"Moderateur","date":"agosto 14, 2022","format":false,"excerpt":"Si tiene una obra en construcci\u00f3n, alquilar materiales de construcci\u00f3n en Senegal es la mejor soluci\u00f3n. Esto incluye la maquinaria, los veh\u00edculos y el equipo de seguridad necesarios para garantizar el buen funcionamiento del proyecto. El precio suele estar incluido en los costes de construcci\u00f3n. Para alquilar estas m\u00e1quinas,\u2026","rel":"","context":"En \u00abBlog\u00bb","block_context":{"text":"Blog","link":"https:\/\/senegalndiaye.com\/es\/category\/blog\/"},"img":{"alt_text":"location engin de chantier s\u00e9n\u00e9gal","src":"https:\/\/i0.wp.com\/senegalndiaye.com\/wp-content\/uploads\/2022\/08\/engin-de-chantier.jpg?fit=1080%2C675&ssl=1&resize=350%2C200","width":350,"height":200,"srcset":"https:\/\/i0.wp.com\/senegalndiaye.com\/wp-content\/uploads\/2022\/08\/engin-de-chantier.jpg?fit=1080%2C675&ssl=1&resize=350%2C200 1x, https:\/\/i0.wp.com\/senegalndiaye.com\/wp-content\/uploads\/2022\/08\/engin-de-chantier.jpg?fit=1080%2C675&ssl=1&resize=525%2C300 1.5x, https:\/\/i0.wp.com\/senegalndiaye.com\/wp-content\/uploads\/2022\/08\/engin-de-chantier.jpg?fit=1080%2C675&ssl=1&resize=700%2C400 2x, https:\/\/i0.wp.com\/senegalndiaye.com\/wp-content\/uploads\/2022\/08\/engin-de-chantier.jpg?fit=1080%2C675&ssl=1&resize=1050%2C600 3x"},"classes":[]},{"id":26542,"url":"https:\/\/senegalndiaye.com\/es\/%e2%9c%85-prix-de-la-location-de-bache-a-dakar\/","url_meta":{"origin":25671,"position":2},"title":"\u2705 Precio de alquiler de lonas en Dakar","author":"Moderateur","date":"agosto 28, 2022","format":false,"excerpt":"Si buscas alquilar una lona en Dakar, lo m\u00e1s importante es saber las tarifas. Estas dependen de varios factores: el tama\u00f1o que desees y el evento que organices. Encontrar\u00e1s varias empresas en Senegal que alquilan lonas en Dakar. \u00bfCu\u00e1l es el precio?","rel":"","context":"En \u00abBlog\u00bb","block_context":{"text":"Blog","link":"https:\/\/senegalndiaye.com\/es\/category\/blog\/"},"img":{"alt_text":"prix location bache dakar","src":"https:\/\/i0.wp.com\/senegalndiaye.com\/wp-content\/uploads\/2022\/08\/bache.jpg?fit=1000%2C800&ssl=1&resize=350%2C200","width":350,"height":200,"srcset":"https:\/\/i0.wp.com\/senegalndiaye.com\/wp-content\/uploads\/2022\/08\/bache.jpg?fit=1000%2C800&ssl=1&resize=350%2C200 1x, https:\/\/i0.wp.com\/senegalndiaye.com\/wp-content\/uploads\/2022\/08\/bache.jpg?fit=1000%2C800&ssl=1&resize=525%2C300 1.5x, https:\/\/i0.wp.com\/senegalndiaye.com\/wp-content\/uploads\/2022\/08\/bache.jpg?fit=1000%2C800&ssl=1&resize=700%2C400 2x"},"classes":[]},{"id":27977,"url":"https:\/\/senegalndiaye.com\/es\/%e2%9c%85-brume-victoria-secret-prix-au-senegal\/","url_meta":{"origin":25671,"position":3},"title":"\u2705 Precio de Victoria Secret Mist en Dakar Senegal","author":"Moderateur","date":"mayo 11, 2023","format":false,"excerpt":"Las brumas de Victoria&#039;s Secret son apreciadas desde hace mucho tiempo por sus delicadas fragancias y su atractivo empaque. En Senegal, estos populares productos de belleza se han convertido en un imprescindible para las mujeres que buscan una fragancia elegante. Sin embargo, es fundamental conocer sus precios y d\u00f3nde encontrarlos\u2026","rel":"","context":"En \u00abBlog\u00bb","block_context":{"text":"Blog","link":"https:\/\/senegalndiaye.com\/es\/category\/blog\/"},"img":{"alt_text":"Victoria Secret prix S\u00e9n\u00e9gal","src":"https:\/\/i0.wp.com\/senegalndiaye.com\/wp-content\/uploads\/2023\/05\/victoria-secret.jpg?fit=1024%2C1024&ssl=1&resize=350%2C200","width":350,"height":200,"srcset":"https:\/\/i0.wp.com\/senegalndiaye.com\/wp-content\/uploads\/2023\/05\/victoria-secret.jpg?fit=1024%2C1024&ssl=1&resize=350%2C200 1x, https:\/\/i0.wp.com\/senegalndiaye.com\/wp-content\/uploads\/2023\/05\/victoria-secret.jpg?fit=1024%2C1024&ssl=1&resize=525%2C300 1.5x, https:\/\/i0.wp.com\/senegalndiaye.com\/wp-content\/uploads\/2023\/05\/victoria-secret.jpg?fit=1024%2C1024&ssl=1&resize=700%2C400 2x"},"classes":[]},{"id":24768,"url":"https:\/\/senegalndiaye.com\/es\/%e2%9c%85-iphone-13-pro-max-prix-en-fcfa-au-senegal\/","url_meta":{"origin":25671,"position":4},"title":"\u2705 iphone 13 pro max precio en fcfa en Senegal","author":"Moderateur","date":"septiembre 29, 2021","format":false,"excerpt":"El iPhone 13 ya est\u00e1 disponible. El gigante estadounidense ha lanzado cuatro modelos: el iPhone 13 mini, el iPhone 13, el iPhone 13 pro y el iPhone 13 pro Max. Los precios var\u00edan seg\u00fan el modelo. Descubre los precios del iPhone 13 en Senegal en este art\u00edculo. Precio del iPhone 13 pro max en\u2026","rel":"","context":"En \u00abBlog\u00bb","block_context":{"text":"Blog","link":"https:\/\/senegalndiaye.com\/es\/category\/blog\/"},"img":{"alt_text":"iphone 13 pro max prix en fcfa","src":"https:\/\/i0.wp.com\/senegalndiaye.com\/wp-content\/uploads\/2021\/09\/iphone-13-pro-max.jpg?fit=1200%2C675&ssl=1&resize=350%2C200","width":350,"height":200,"srcset":"https:\/\/i0.wp.com\/senegalndiaye.com\/wp-content\/uploads\/2021\/09\/iphone-13-pro-max.jpg?fit=1200%2C675&ssl=1&resize=350%2C200 1x, https:\/\/i0.wp.com\/senegalndiaye.com\/wp-content\/uploads\/2021\/09\/iphone-13-pro-max.jpg?fit=1200%2C675&ssl=1&resize=525%2C300 1.5x, https:\/\/i0.wp.com\/senegalndiaye.com\/wp-content\/uploads\/2021\/09\/iphone-13-pro-max.jpg?fit=1200%2C675&ssl=1&resize=700%2C400 2x, https:\/\/i0.wp.com\/senegalndiaye.com\/wp-content\/uploads\/2021\/09\/iphone-13-pro-max.jpg?fit=1200%2C675&ssl=1&resize=1050%2C600 3x"},"classes":[]},{"id":27839,"url":"https:\/\/senegalndiaye.com\/es\/prix-des-proteines-au-senegal-whey-proteine\/","url_meta":{"origin":25671,"position":5},"title":"Precios de la prote\u00edna en Senegal \u2013 Prote\u00edna de suero","author":"Moderateur","date":"abril 14, 2023","format":false,"excerpt":"Los productos de prote\u00edna en polvo son cada vez m\u00e1s comunes en las tiendas de nutrici\u00f3n y gimnasios de Senegal. Se han convertido en un suplemento diet\u00e9tico popular entre los atletas y quienes buscan aumentar su ingesta energ\u00e9tica.","rel":"","context":"En \u00abBlog\u00bb","block_context":{"text":"Blog","link":"https:\/\/senegalndiaye.com\/es\/category\/blog\/"},"img":{"alt_text":"Prix des prot\u00e9ines au S\u00e9n\u00e9gal","src":"https:\/\/i0.wp.com\/senegalndiaye.com\/wp-content\/uploads\/2023\/04\/327780988_835278294232398_6957439759061788036_n.jpg?fit=1080%2C1080&ssl=1&resize=350%2C200","width":350,"height":200,"srcset":"https:\/\/i0.wp.com\/senegalndiaye.com\/wp-content\/uploads\/2023\/04\/327780988_835278294232398_6957439759061788036_n.jpg?fit=1080%2C1080&ssl=1&resize=350%2C200 1x, https:\/\/i0.wp.com\/senegalndiaye.com\/wp-content\/uploads\/2023\/04\/327780988_835278294232398_6957439759061788036_n.jpg?fit=1080%2C1080&ssl=1&resize=525%2C300 1.5x, https:\/\/i0.wp.com\/senegalndiaye.com\/wp-content\/uploads\/2023\/04\/327780988_835278294232398_6957439759061788036_n.jpg?fit=1080%2C1080&ssl=1&resize=700%2C400 2x, https:\/\/i0.wp.com\/senegalndiaye.com\/wp-content\/uploads\/2023\/04\/327780988_835278294232398_6957439759061788036_n.jpg?fit=1080%2C1080&ssl=1&resize=1050%2C600 3x"},"classes":[]}],"_links":{"self":[{"href":"https:\/\/senegalndiaye.com\/es\/wp-json\/wp\/v2\/posts\/25671","targetHints":{"allow":["GET"]}}],"collection":[{"href":"https:\/\/senegalndiaye.com\/es\/wp-json\/wp\/v2\/posts"}],"about":[{"href":"https:\/\/senegalndiaye.com\/es\/wp-json\/wp\/v2\/types\/post"}],"author":[{"embeddable":true,"href":"https:\/\/senegalndiaye.com\/es\/wp-json\/wp\/v2\/users\/8"}],"replies":[{"embeddable":true,"href":"https:\/\/senegalndiaye.com\/es\/wp-json\/wp\/v2\/comments?post=25671"}],"version-history":[{"count":5,"href":"https:\/\/senegalndiaye.com\/es\/wp-json\/wp\/v2\/posts\/25671\/revisions"}],"predecessor-version":[{"id":27600,"href":"https:\/\/senegalndiaye.com\/es\/wp-json\/wp\/v2\/posts\/25671\/revisions\/27600"}],"wp:featuredmedia":[{"embeddable":true,"href":"https:\/\/senegalndiaye.com\/es\/wp-json\/wp\/v2\/media\/25672"}],"wp:attachment":[{"href":"https:\/\/senegalndiaye.com\/es\/wp-json\/wp\/v2\/media?parent=25671"}],"wp:term":[{"taxonomy":"category","embeddable":true,"href":"https:\/\/senegalndiaye.com\/es\/wp-json\/wp\/v2\/categories?post=25671"},{"taxonomy":"post_tag","embeddable":true,"href":"https:\/\/senegalndiaye.com\/es\/wp-json\/wp\/v2\/tags?post=25671"}],"curies":[{"name":"gracias","href":"https:\/\/api.w.org\/{rel}","templated":true}]}}