{"id":24795,"date":"2021-10-13T20:50:44","date_gmt":"2021-10-13T20:50:44","guid":{"rendered":"https:\/\/senegalndiaye.com\/?p=24795"},"modified":"2024-12-06T13:49:04","modified_gmt":"2024-12-06T13:49:04","slug":"%e2%9c%85-formations-accelerees-en-infographie-a-dakar","status":"publish","type":"post","link":"https:\/\/senegalndiaye.com\/es\/%e2%9c%85-formations-accelerees-en-infographie-a-dakar\/","title":{"rendered":"\u2705 Capacitaci\u00f3n acelerada en infograf\u00eda en Dakar"},"content":{"rendered":"<p>Les <strong>formations acc\u00e9l\u00e9r\u00e9es en infographie \u00e0 Dakar<\/strong> permettent de cr\u00e9er, d\u2019exploiter, de traiter des images par ordinateur \u00e0 travers divers logiciels. Aujourd\u2019hui, avec l\u2019\u00e8re du mark\u00e9ting, les entreprises ont de plus en plus besoin d\u2019infographes pour promouvoir leurs marques. Comment faire une formation de courte dur\u00e9e en infographie\u2009? Nous faisons le point dans cet article.<\/p>\n<h3><strong>Quels sont les objectifs des formations acc\u00e9l\u00e9r\u00e9es en infographie \u00e0 Dakar<\/strong><strong>\u2009<\/strong><strong>? <\/strong><\/h3>\n<p>L\u2019objectif des formations acc\u00e9l\u00e9r\u00e9es en infographie \u00e0 Dakar est de permettre aux \u00e9tudiants d\u2019appr\u00e9hender les diff\u00e9rents aspects du graphisme. En effet, cela se passe par des cours pratiques \u00e0 travers divers logiciels tels que Photoshop, Illustrator, etc. Par ailleurs, certains formateurs proposent un apprentissage de courte dur\u00e9e plus approfondi avec l\u2019infographie des effets sp\u00e9ciaux et web designer.<\/p>\n<h3><strong>Les \u00e9coles qui proposent des formations acc\u00e9l\u00e9r\u00e9es en infographie \u00e0 Dakar\u00a0<\/strong><\/h3>\n<p>Les \u00e9coles qui proposent des formations acc\u00e9l\u00e9r\u00e9es en infographie \u00e0 Dakar sont nombreuses. En effet, vous les trouverez partout \u00e0 Dakar. Parmi ces \u00e9coles, nous pouvons citer\u00a0:<\/p>\n<h3><strong>UP\u2019tech<\/strong><\/h3>\n<p>Elle offre trois modules de formations, dont Illustrator, Photoshop, InDesign. En effet, \u00e0 travers le logiciel Photoshop, elle dispense des cours ax\u00e9s sur le traitement d\u2019images, Illustrator des cours sur les dessins vectoriels, et InDesign sur la mise en page.<\/p>\n<h3><strong>L\u2019inscription chez UP\u2019TECH\u00a0<\/strong><\/h3>\n<p>Elle donne l\u2019opportunit\u00e9 aux candidats de faire une inscription avec des cours pr\u00e9sentiels en groupe ou individuel. Les cours pr\u00e9sentiels en groupe sont organis\u00e9s par l\u2019\u00e9cole. En effet, le nombreux ne d\u00e9passe pas 8\u00a0candidats. L\u2019emploi du temps est d\u00e9fini par l\u2019administration. Par contre, vous pouvez choisir de faire la formation en individuel dans ce cas, vous serez libre de choisir vos heures de cours. Les inscriptions se font sur l\u2019adresse <a href=\"http:\/\/www.uptechformation.com\">www.uptechformation.com<\/a>.<\/p>\n<h3><strong>Les tarifs de la formation <\/strong><\/h3>\n<p>Les tarifs d\u00e9pendent du type d\u2019inscription et des formations choisies. En effet, pour la formation en groupe le prix s\u2019\u00e9l\u00e8ve \u00e0 75\u2009000\u00a0F CFA soit 20\u2009000\u00a0F CFA par module. En outre, la formation individuelle s\u2019\u00e9l\u00e8ve \u00e0 180\u2009000\u00a0F CFA soit 60\u2009000 par module.<\/p>\n<h3><strong>Comment se d\u00e9roulent les cours \u00e0 UP\u2019TECH<\/strong><strong>\u2009<\/strong><strong>? <\/strong><\/h3>\n<p>Les cours se d\u00e9roulent en pr\u00e9sentiels. En outre, tout inscrit doit respecter le port de masque et la distanciation. Not\u00e9 aussi que vous devez disposer d\u2019un ordinateur. En outre, les logiciels seront fournis par l\u2019\u00e9cole sans frais suppl\u00e9mentaires.<\/p>\n<h3><strong>Formations acc\u00e9l\u00e9r\u00e9es en infographie \u00e0 Dakar\u00a0: Futuris formations <\/strong><\/h3>\n<p>Elle propose une formation en infographie bas\u00e9e sur la PAO (publication assist\u00e9e par ordinateur). Elle dispense des cours sur les techniques de mis en page graphique, de montage de photo, de dessins vectoriels, mais aussi de montages et de cr\u00e9ation de logos.<\/p>\n<h3><strong>Qui peut faire la formation<\/strong><strong>\u2009<\/strong><strong>?<\/strong><\/h3>\n<p>Cette formation est destin\u00e9e aux professionnels et particuliers qui d\u00e9sirent se former en infographie. L\u2019unique condition est d\u2019avoir des comp\u00e9tences basiques en informatique.<\/p>\n<h3><strong>Le programme <\/strong><\/h3>\n<p>La formation en infographie chez Futuris est 100\u00a0% pratique. Elle se fait \u00e0 travers divers logiciels dont\u00a0:<\/p>\n<ul>\n<li>Pr\u00e9presse &#8211; PAO qui assure l\u2019apprentissage de mises en pages de fa\u00e7on professionnelle<\/li>\n<li>Photoshop qui permettra aux apprenants d\u2019apprendre la retouche et le traitement d\u2019image<\/li>\n<li>Et enfin Illustrator\u00a0qui sera l\u2019outil d\u2019apprentissage principal pour apprendre le dessin vectoriel<\/li>\n<\/ul>\n<h3><strong>Les horaires \u00a0<\/strong><\/h3>\n<p>Vous pouvez faire la formation en cours du jour r\u00e9partie sur 120\u00a0heures ou en cours du soir qui se fait en 60\u00a0heures.<\/p>\n<h3><strong>L\u2019inscription\u00a0 \u00a0<\/strong><\/h3>\n<p>Les inscriptions se font sur place. L\u2019\u00e9cole se trouve au 62 rue Carnot premier \u00e9tage \u00e0 Ponty, Dakar.<\/p>\n<h3><strong>Les d\u00e9bouch\u00e9s <\/strong><\/h3>\n<p>Les formations acc\u00e9l\u00e9r\u00e9es en infographie \u00e0 Dakar donnent de nombreux d\u00e9bouch\u00e9s dans le march\u00e9 du travail. En effet, si vous \u00eates titulaire d\u2019un dipl\u00f4me en infographie vous pouvez travailler dans les soci\u00e9t\u00e9s multim\u00e9dias, agence de communication ou publicitaire. Vous pouvez travailler aussi dans les secteurs comme\u00a0:<\/p>\n<ul>\n<li>La presse<\/li>\n<li>Le cin\u00e9ma<\/li>\n<li>Les agences digitales<\/li>\n<li>Les agences d\u2019infographie<\/li>\n<\/ul>\n<p>Les formations acc\u00e9l\u00e9r\u00e9es en infographie \u00e0 Dakar permettent d\u2019avoir des comp\u00e9tences beaucoup demand\u00e9es au S\u00e9n\u00e9gal en un laps de temps. En outre, c\u2019est un m\u00e9tier qui paye bien.<\/p>\n<div>\n<div dir=\"auto\">LANCEMENT de la premi\u00e8re session de WORKSHOPS en conception graphique !<\/div>\n<\/div>\n<div>\n<div dir=\"auto\">\/\/ DEVENEZ UN\u00b7E PROFESSIONNEL\u00b7LE DU GRAPHISME \/\/<\/div>\n<\/div>\n<div>\n<div dir=\"auto\">\u00c9tudiant\u00b7es, jeunes dipl\u00f4m\u00e9\u00b7es en arts graphiques et passionn\u00e9\u00b7es du m\u00e9tier, affinez votre regard graphique, r\u00e9v\u00e9lez votre potentiel cr\u00e9atif et ma\u00eetrisez la discipline !<\/div>\n<\/div>\n<div>\n<div dir=\"auto\">Du 30 octobre au 21 novembre 2021 \u00e0 la Galerie\u00a0<a href=\"https:\/\/www.facebook.com\/LomanArtGallery\/?__cft__[0]=AZXko_gYru_yhk4PlHKmA4pT4Z5i2jTiJi-YHZlVDOT__hX3vNE2JmCPABBtPGi03scymGeT8Jv_KgfBnos2doqoEy0vvzdQKzkrKwNorFldvI-e9kNYJ7s2XxqKxFnYn-ZxvKiyLkqQPYK1W2GDk32Wa3JqjF1zdbAQOybQVQiw8zydekP4zR3S8CJv8fDvqR4&amp;__tn__=kK-R\" target=\"_blank\" rel=\"noopener noreferrer\">Loman Art<\/a><\/div>\n<div dir=\"auto\">Toutes les informations et inscriptions c&rsquo;est ici :\u00a0<a href=\"https:\/\/www.sandraderichs.com\/about-4?fbclid=IwAR0US7OOBAN0TeEwpHmWJCudxrY0U2pqqlGUB90FRVAZ5_YonepvqPjWf1Q\" target=\"_blank\" rel=\"noopener noreferrer\">https:\/\/www.sandraderichs.com\/about-4<\/a><\/div>\n<div dir=\"auto\">ou\u00a0<a href=\"mailto:contact@sandraderichs.com\" rel=\"noreferrer\">contact@sandraderichs.com<\/a><\/div>\n<\/div>\n<div>\n<div dir=\"auto\"><span class=\"alignnone\"><img data-recalc-dims=\"1\" loading=\"lazy\" decoding=\"async\" class=\"alignnone size-full wp-image-24827\" src=\"https:\/\/i0.wp.com\/senegalndiaye.com\/wp-content\/uploads\/2021\/10\/Flyer-Workshops-SD-Loman-Art-011021-DEF.jpg?resize=700%2C993&#038;ssl=1\" alt=\"\" width=\"700\" height=\"993\" srcset=\"https:\/\/i0.wp.com\/senegalndiaye.com\/wp-content\/uploads\/2021\/10\/Flyer-Workshops-SD-Loman-Art-011021-DEF.jpg?w=700&amp;ssl=1 700w, https:\/\/i0.wp.com\/senegalndiaye.com\/wp-content\/uploads\/2021\/10\/Flyer-Workshops-SD-Loman-Art-011021-DEF.jpg?resize=600%2C851&amp;ssl=1 600w, https:\/\/i0.wp.com\/senegalndiaye.com\/wp-content\/uploads\/2021\/10\/Flyer-Workshops-SD-Loman-Art-011021-DEF.jpg?resize=211%2C300&amp;ssl=1 211w, https:\/\/i0.wp.com\/senegalndiaye.com\/wp-content\/uploads\/2021\/10\/Flyer-Workshops-SD-Loman-Art-011021-DEF.jpg?resize=450%2C638&amp;ssl=1 450w, https:\/\/i0.wp.com\/senegalndiaye.com\/wp-content\/uploads\/2021\/10\/Flyer-Workshops-SD-Loman-Art-011021-DEF.jpg?resize=564%2C800&amp;ssl=1 564w\" sizes=\"auto, (max-width: 700px) 100vw, 700px\" \/><\/span><\/div>\n<\/div>\n","protected":false},"excerpt":{"rendered":"<p>Les formations acc\u00e9l\u00e9r\u00e9es en infographie \u00e0 Dakar permettent de cr\u00e9er, d\u2019exploiter, de traiter des images par ordinateur \u00e0 travers divers logiciels. Aujourd\u2019hui, avec l\u2019\u00e8re du mark\u00e9ting, les entreprises ont de plus en plus besoin d\u2019infographes pour promouvoir leurs marques. Comment faire une formation de courte dur\u00e9e en infographie\u2009? Nous faisons le point dans cet article. [&hellip;]<\/p>\n","protected":false},"author":8,"featured_media":24796,"comment_status":"open","ping_status":"open","sticky":false,"template":"","format":"standard","meta":{"_jetpack_memberships_contains_paid_content":false,"footnotes":""},"categories":[83,585],"tags":[],"class_list":["post-24795","post","type-post","status-publish","format-standard","has-post-thumbnail","hentry","category-blog","category-formations-superieures-au-senegal"],"yoast_head":"<!-- This site is optimized with the Yoast SEO plugin v27.5 - https:\/\/yoast.com\/product\/yoast-seo-wordpress\/ -->\n<title>\u2705 Formations acc\u00e9l\u00e9r\u00e9es en infographie \u00e0 Dakar &#187; Senegal Ndiaye<\/title>\n<meta name=\"description\" content=\"Comment faire une formation de courte dur\u00e9e en infographie\u2009? Nous faisons le point dans cet article.\" \/>\n<meta name=\"robots\" content=\"index, follow, max-snippet:-1, max-image-preview:large, max-video-preview:-1\" \/>\n<link rel=\"canonical\" href=\"https:\/\/senegalndiaye.com\/es\/\u2705-formations-accelerees-en-infographie-a-dakar\/\" \/>\n<meta property=\"og:locale\" content=\"es_ES\" \/>\n<meta property=\"og:type\" content=\"article\" \/>\n<meta property=\"og:title\" content=\"\u2705 Formations acc\u00e9l\u00e9r\u00e9es en infographie \u00e0 Dakar &#187; Senegal Ndiaye\" \/>\n<meta property=\"og:description\" content=\"Comment faire une formation de courte dur\u00e9e en infographie\u2009? Nous faisons le point dans cet article.\" \/>\n<meta property=\"og:url\" content=\"https:\/\/senegalndiaye.com\/es\/\u2705-formations-accelerees-en-infographie-a-dakar\/\" \/>\n<meta property=\"og:site_name\" content=\"Senegal Ndiaye\" \/>\n<meta property=\"article:publisher\" content=\"https:\/\/www.facebook.com\/senegalndiaye4\/\" \/>\n<meta property=\"article:published_time\" content=\"2021-10-13T20:50:44+00:00\" \/>\n<meta property=\"article:modified_time\" content=\"2024-12-06T13:49:04+00:00\" \/>\n<meta property=\"og:image\" content=\"https:\/\/senegalndiaye.com\/wp-content\/uploads\/2021\/10\/formation-en-infographie.png\" \/>\n\t<meta property=\"og:image:width\" content=\"656\" \/>\n\t<meta property=\"og:image:height\" content=\"339\" \/>\n\t<meta property=\"og:image:type\" content=\"image\/png\" \/>\n<meta name=\"author\" content=\"Moderateur\" \/>\n<meta name=\"twitter:card\" content=\"summary_large_image\" \/>\n<meta name=\"twitter:creator\" content=\"@Senegalndiaye5\" \/>\n<meta name=\"twitter:site\" content=\"@Senegalndiaye5\" \/>\n<meta name=\"twitter:label1\" content=\"Escrito por\" \/>\n\t<meta name=\"twitter:data1\" content=\"Moderateur\" \/>\n\t<meta name=\"twitter:label2\" content=\"Tiempo de lectura\" \/>\n\t<meta name=\"twitter:data2\" content=\"4 minutos\" \/>\n<script type=\"application\/ld+json\" class=\"yoast-schema-graph\">{\"@context\":\"https:\\\/\\\/schema.org\",\"@graph\":[{\"@type\":\"Article\",\"@id\":\"https:\\\/\\\/senegalndiaye.com\\\/%e2%9c%85-formations-accelerees-en-infographie-a-dakar\\\/#article\",\"isPartOf\":{\"@id\":\"https:\\\/\\\/senegalndiaye.com\\\/%e2%9c%85-formations-accelerees-en-infographie-a-dakar\\\/\"},\"author\":{\"name\":\"Moderateur\",\"@id\":\"https:\\\/\\\/senegalndiaye.com\\\/#\\\/schema\\\/person\\\/c1e0d9f50bc68102f5a7368b7c9551f5\"},\"headline\":\"\u2705 Formations acc\u00e9l\u00e9r\u00e9es en infographie \u00e0 Dakar\",\"datePublished\":\"2021-10-13T20:50:44+00:00\",\"dateModified\":\"2024-12-06T13:49:04+00:00\",\"mainEntityOfPage\":{\"@id\":\"https:\\\/\\\/senegalndiaye.com\\\/%e2%9c%85-formations-accelerees-en-infographie-a-dakar\\\/\"},\"wordCount\":797,\"commentCount\":0,\"publisher\":{\"@id\":\"https:\\\/\\\/senegalndiaye.com\\\/#organization\"},\"image\":{\"@id\":\"https:\\\/\\\/senegalndiaye.com\\\/%e2%9c%85-formations-accelerees-en-infographie-a-dakar\\\/#primaryimage\"},\"thumbnailUrl\":\"https:\\\/\\\/i0.wp.com\\\/senegalndiaye.com\\\/wp-content\\\/uploads\\\/2021\\\/10\\\/formation-en-infographie.png?fit=656%2C339&ssl=1\",\"articleSection\":[\"Blog\",\"Formations sup\u00e9rieures au S\u00e9n\u00e9gal\"],\"inLanguage\":\"es\",\"potentialAction\":[{\"@type\":\"CommentAction\",\"name\":\"Comment\",\"target\":[\"https:\\\/\\\/senegalndiaye.com\\\/%e2%9c%85-formations-accelerees-en-infographie-a-dakar\\\/#respond\"]}]},{\"@type\":\"WebPage\",\"@id\":\"https:\\\/\\\/senegalndiaye.com\\\/%e2%9c%85-formations-accelerees-en-infographie-a-dakar\\\/\",\"url\":\"https:\\\/\\\/senegalndiaye.com\\\/%e2%9c%85-formations-accelerees-en-infographie-a-dakar\\\/\",\"name\":\"\u2705 Formations acc\u00e9l\u00e9r\u00e9es en infographie \u00e0 Dakar &#187; Senegal Ndiaye\",\"isPartOf\":{\"@id\":\"https:\\\/\\\/senegalndiaye.com\\\/#website\"},\"primaryImageOfPage\":{\"@id\":\"https:\\\/\\\/senegalndiaye.com\\\/%e2%9c%85-formations-accelerees-en-infographie-a-dakar\\\/#primaryimage\"},\"image\":{\"@id\":\"https:\\\/\\\/senegalndiaye.com\\\/%e2%9c%85-formations-accelerees-en-infographie-a-dakar\\\/#primaryimage\"},\"thumbnailUrl\":\"https:\\\/\\\/i0.wp.com\\\/senegalndiaye.com\\\/wp-content\\\/uploads\\\/2021\\\/10\\\/formation-en-infographie.png?fit=656%2C339&ssl=1\",\"datePublished\":\"2021-10-13T20:50:44+00:00\",\"dateModified\":\"2024-12-06T13:49:04+00:00\",\"description\":\"Comment faire une formation de courte dur\u00e9e en infographie\u2009? Nous faisons le point dans cet article.\",\"breadcrumb\":{\"@id\":\"https:\\\/\\\/senegalndiaye.com\\\/%e2%9c%85-formations-accelerees-en-infographie-a-dakar\\\/#breadcrumb\"},\"inLanguage\":\"es\",\"potentialAction\":[{\"@type\":\"ReadAction\",\"target\":[\"https:\\\/\\\/senegalndiaye.com\\\/%e2%9c%85-formations-accelerees-en-infographie-a-dakar\\\/\"]}]},{\"@type\":\"ImageObject\",\"inLanguage\":\"es\",\"@id\":\"https:\\\/\\\/senegalndiaye.com\\\/%e2%9c%85-formations-accelerees-en-infographie-a-dakar\\\/#primaryimage\",\"url\":\"https:\\\/\\\/i0.wp.com\\\/senegalndiaye.com\\\/wp-content\\\/uploads\\\/2021\\\/10\\\/formation-en-infographie.png?fit=656%2C339&ssl=1\",\"contentUrl\":\"https:\\\/\\\/i0.wp.com\\\/senegalndiaye.com\\\/wp-content\\\/uploads\\\/2021\\\/10\\\/formation-en-infographie.png?fit=656%2C339&ssl=1\",\"width\":656,\"height\":339},{\"@type\":\"BreadcrumbList\",\"@id\":\"https:\\\/\\\/senegalndiaye.com\\\/%e2%9c%85-formations-accelerees-en-infographie-a-dakar\\\/#breadcrumb\",\"itemListElement\":[{\"@type\":\"ListItem\",\"position\":1,\"name\":\"Accueil\",\"item\":\"https:\\\/\\\/senegalndiaye.com\\\/\"},{\"@type\":\"ListItem\",\"position\":2,\"name\":\"\u2705 Formations acc\u00e9l\u00e9r\u00e9es en infographie \u00e0 Dakar\"}]},{\"@type\":\"WebSite\",\"@id\":\"https:\\\/\\\/senegalndiaye.com\\\/#website\",\"url\":\"https:\\\/\\\/senegalndiaye.com\\\/\",\"name\":\"Senegal Ndiaye\",\"description\":\"Retrouvez les meilleurs endroits du S\u00e9n\u00e9gal\",\"publisher\":{\"@id\":\"https:\\\/\\\/senegalndiaye.com\\\/#organization\"},\"potentialAction\":[{\"@type\":\"SearchAction\",\"target\":{\"@type\":\"EntryPoint\",\"urlTemplate\":\"https:\\\/\\\/senegalndiaye.com\\\/?s={search_term_string}\"},\"query-input\":{\"@type\":\"PropertyValueSpecification\",\"valueRequired\":true,\"valueName\":\"search_term_string\"}}],\"inLanguage\":\"es\"},{\"@type\":\"Organization\",\"@id\":\"https:\\\/\\\/senegalndiaye.com\\\/#organization\",\"name\":\"Senegal Ndiaye\",\"url\":\"https:\\\/\\\/senegalndiaye.com\\\/\",\"logo\":{\"@type\":\"ImageObject\",\"inLanguage\":\"es\",\"@id\":\"https:\\\/\\\/senegalndiaye.com\\\/#\\\/schema\\\/logo\\\/image\\\/\",\"url\":\"https:\\\/\\\/senegalndiaye.com\\\/wp-content\\\/uploads\\\/2018\\\/05\\\/senegalndiaye_logo.png\",\"contentUrl\":\"https:\\\/\\\/senegalndiaye.com\\\/wp-content\\\/uploads\\\/2018\\\/05\\\/senegalndiaye_logo.png\",\"width\":150,\"height\":106,\"caption\":\"Senegal Ndiaye\"},\"image\":{\"@id\":\"https:\\\/\\\/senegalndiaye.com\\\/#\\\/schema\\\/logo\\\/image\\\/\"},\"sameAs\":[\"https:\\\/\\\/www.facebook.com\\\/senegalndiaye4\\\/\",\"https:\\\/\\\/x.com\\\/Senegalndiaye5\",\"https:\\\/\\\/www.instagram.com\\\/senegalndiaye1\\\/\",\"https:\\\/\\\/www.linkedin.com\\\/company\\\/senegal-ndiaye\\\/\"]},{\"@type\":\"Person\",\"@id\":\"https:\\\/\\\/senegalndiaye.com\\\/#\\\/schema\\\/person\\\/c1e0d9f50bc68102f5a7368b7c9551f5\",\"name\":\"Moderateur\",\"image\":{\"@type\":\"ImageObject\",\"inLanguage\":\"es\",\"@id\":\"https:\\\/\\\/senegalndiaye.com\\\/wp-content\\\/litespeed\\\/avatar\\\/3fb7bc779db92bd05c1837e9542df344.jpg?ver=1777309443\",\"url\":\"https:\\\/\\\/senegalndiaye.com\\\/wp-content\\\/litespeed\\\/avatar\\\/3fb7bc779db92bd05c1837e9542df344.jpg?ver=1777309443\",\"contentUrl\":\"https:\\\/\\\/senegalndiaye.com\\\/wp-content\\\/litespeed\\\/avatar\\\/3fb7bc779db92bd05c1837e9542df344.jpg?ver=1777309443\",\"caption\":\"Moderateur\"},\"url\":\"https:\\\/\\\/senegalndiaye.com\\\/es\\\/author\\\/sndigital\\\/\"}]}<\/script>\n<!-- \/ Yoast SEO plugin. -->","yoast_head_json":{"title":"\u2705 Formaci\u00f3n acelerada en infograf\u00eda en Dakar \u00bb Senegal Ndiaye","description":"\u00bfC\u00f3mo hacer un curso corto de infograf\u00eda? Hacemos balance en este art\u00edculo.","robots":{"index":"index","follow":"follow","max-snippet":"max-snippet:-1","max-image-preview":"max-image-preview:large","max-video-preview":"max-video-preview:-1"},"canonical":"https:\/\/senegalndiaye.com\/es\/\u2705-formations-accelerees-en-infographie-a-dakar\/","og_locale":"es_ES","og_type":"article","og_title":"\u2705 Formations acc\u00e9l\u00e9r\u00e9es en infographie \u00e0 Dakar &#187; Senegal Ndiaye","og_description":"Comment faire une formation de courte dur\u00e9e en infographie\u2009? Nous faisons le point dans cet article.","og_url":"https:\/\/senegalndiaye.com\/es\/\u2705-formations-accelerees-en-infographie-a-dakar\/","og_site_name":"Senegal Ndiaye","article_publisher":"https:\/\/www.facebook.com\/senegalndiaye4\/","article_published_time":"2021-10-13T20:50:44+00:00","article_modified_time":"2024-12-06T13:49:04+00:00","og_image":[{"width":656,"height":339,"url":"https:\/\/senegalndiaye.com\/wp-content\/uploads\/2021\/10\/formation-en-infographie.png","type":"image\/png"}],"author":"Moderateur","twitter_card":"summary_large_image","twitter_creator":"@Senegalndiaye5","twitter_site":"@Senegalndiaye5","twitter_misc":{"Escrito por":"Moderateur","Tiempo de lectura":"4 minutos"},"schema":{"@context":"https:\/\/schema.org","@graph":[{"@type":"Article","@id":"https:\/\/senegalndiaye.com\/%e2%9c%85-formations-accelerees-en-infographie-a-dakar\/#article","isPartOf":{"@id":"https:\/\/senegalndiaye.com\/%e2%9c%85-formations-accelerees-en-infographie-a-dakar\/"},"author":{"name":"Moderateur","@id":"https:\/\/senegalndiaye.com\/#\/schema\/person\/c1e0d9f50bc68102f5a7368b7c9551f5"},"headline":"\u2705 Formations acc\u00e9l\u00e9r\u00e9es en infographie \u00e0 Dakar","datePublished":"2021-10-13T20:50:44+00:00","dateModified":"2024-12-06T13:49:04+00:00","mainEntityOfPage":{"@id":"https:\/\/senegalndiaye.com\/%e2%9c%85-formations-accelerees-en-infographie-a-dakar\/"},"wordCount":797,"commentCount":0,"publisher":{"@id":"https:\/\/senegalndiaye.com\/#organization"},"image":{"@id":"https:\/\/senegalndiaye.com\/%e2%9c%85-formations-accelerees-en-infographie-a-dakar\/#primaryimage"},"thumbnailUrl":"https:\/\/i0.wp.com\/senegalndiaye.com\/wp-content\/uploads\/2021\/10\/formation-en-infographie.png?fit=656%2C339&ssl=1","articleSection":["Blog","Formations sup\u00e9rieures au S\u00e9n\u00e9gal"],"inLanguage":"es","potentialAction":[{"@type":"CommentAction","name":"Comment","target":["https:\/\/senegalndiaye.com\/%e2%9c%85-formations-accelerees-en-infographie-a-dakar\/#respond"]}]},{"@type":"WebPage","@id":"https:\/\/senegalndiaye.com\/%e2%9c%85-formations-accelerees-en-infographie-a-dakar\/","url":"https:\/\/senegalndiaye.com\/%e2%9c%85-formations-accelerees-en-infographie-a-dakar\/","name":"\u2705 Formaci\u00f3n acelerada en infograf\u00eda en Dakar \u00bb Senegal Ndiaye","isPartOf":{"@id":"https:\/\/senegalndiaye.com\/#website"},"primaryImageOfPage":{"@id":"https:\/\/senegalndiaye.com\/%e2%9c%85-formations-accelerees-en-infographie-a-dakar\/#primaryimage"},"image":{"@id":"https:\/\/senegalndiaye.com\/%e2%9c%85-formations-accelerees-en-infographie-a-dakar\/#primaryimage"},"thumbnailUrl":"https:\/\/i0.wp.com\/senegalndiaye.com\/wp-content\/uploads\/2021\/10\/formation-en-infographie.png?fit=656%2C339&ssl=1","datePublished":"2021-10-13T20:50:44+00:00","dateModified":"2024-12-06T13:49:04+00:00","description":"\u00bfC\u00f3mo hacer un curso corto de infograf\u00eda? Hacemos balance en este art\u00edculo.","breadcrumb":{"@id":"https:\/\/senegalndiaye.com\/%e2%9c%85-formations-accelerees-en-infographie-a-dakar\/#breadcrumb"},"inLanguage":"es","potentialAction":[{"@type":"ReadAction","target":["https:\/\/senegalndiaye.com\/%e2%9c%85-formations-accelerees-en-infographie-a-dakar\/"]}]},{"@type":"ImageObject","inLanguage":"es","@id":"https:\/\/senegalndiaye.com\/%e2%9c%85-formations-accelerees-en-infographie-a-dakar\/#primaryimage","url":"https:\/\/i0.wp.com\/senegalndiaye.com\/wp-content\/uploads\/2021\/10\/formation-en-infographie.png?fit=656%2C339&ssl=1","contentUrl":"https:\/\/i0.wp.com\/senegalndiaye.com\/wp-content\/uploads\/2021\/10\/formation-en-infographie.png?fit=656%2C339&ssl=1","width":656,"height":339},{"@type":"BreadcrumbList","@id":"https:\/\/senegalndiaye.com\/%e2%9c%85-formations-accelerees-en-infographie-a-dakar\/#breadcrumb","itemListElement":[{"@type":"ListItem","position":1,"name":"Accueil","item":"https:\/\/senegalndiaye.com\/"},{"@type":"ListItem","position":2,"name":"\u2705 Formations acc\u00e9l\u00e9r\u00e9es en infographie \u00e0 Dakar"}]},{"@type":"WebSite","@id":"https:\/\/senegalndiaye.com\/#website","url":"https:\/\/senegalndiaye.com\/","name":"senegal ndiaye","description":"Encuentra los mejores lugares en Senegal","publisher":{"@id":"https:\/\/senegalndiaye.com\/#organization"},"potentialAction":[{"@type":"SearchAction","target":{"@type":"EntryPoint","urlTemplate":"https:\/\/senegalndiaye.com\/?s={search_term_string}"},"query-input":{"@type":"PropertyValueSpecification","valueRequired":true,"valueName":"search_term_string"}}],"inLanguage":"es"},{"@type":"Organization","@id":"https:\/\/senegalndiaye.com\/#organization","name":"senegal ndiaye","url":"https:\/\/senegalndiaye.com\/","logo":{"@type":"ImageObject","inLanguage":"es","@id":"https:\/\/senegalndiaye.com\/#\/schema\/logo\/image\/","url":"https:\/\/senegalndiaye.com\/wp-content\/uploads\/2018\/05\/senegalndiaye_logo.png","contentUrl":"https:\/\/senegalndiaye.com\/wp-content\/uploads\/2018\/05\/senegalndiaye_logo.png","width":150,"height":106,"caption":"Senegal Ndiaye"},"image":{"@id":"https:\/\/senegalndiaye.com\/#\/schema\/logo\/image\/"},"sameAs":["https:\/\/www.facebook.com\/senegalndiaye4\/","https:\/\/x.com\/Senegalndiaye5","https:\/\/www.instagram.com\/senegalndiaye1\/","https:\/\/www.linkedin.com\/company\/senegal-ndiaye\/"]},{"@type":"Person","@id":"https:\/\/senegalndiaye.com\/#\/schema\/person\/c1e0d9f50bc68102f5a7368b7c9551f5","name":"Moderador","image":{"@type":"ImageObject","inLanguage":"es","@id":"https:\/\/senegalndiaye.com\/wp-content\/litespeed\/avatar\/3fb7bc779db92bd05c1837e9542df344.jpg?ver=1777309443","url":"https:\/\/senegalndiaye.com\/wp-content\/litespeed\/avatar\/3fb7bc779db92bd05c1837e9542df344.jpg?ver=1777309443","contentUrl":"https:\/\/senegalndiaye.com\/wp-content\/litespeed\/avatar\/3fb7bc779db92bd05c1837e9542df344.jpg?ver=1777309443","caption":"Moderateur"},"url":"https:\/\/senegalndiaye.com\/es\/author\/sndigital\/"}]}},"jetpack_featured_media_url":"https:\/\/i0.wp.com\/senegalndiaye.com\/wp-content\/uploads\/2021\/10\/formation-en-infographie.png?fit=656%2C339&ssl=1","jetpack_sharing_enabled":true,"jetpack-related-posts":[{"id":28361,"url":"https:\/\/senegalndiaye.com\/es\/%e2%9c%85-les-formations-en-infographie-a-dakar\/","url_meta":{"origin":24795,"position":0},"title":"\u2705 Formaci\u00f3n en infograf\u00eda en Dakar","author":"Moderateur","date":"julio 13, 2023","format":false,"excerpt":"La infograf\u00eda se ha convertido en una herramienta esencial en nuestro cambiante mundo digital. Combina las artes visuales, la tecnolog\u00eda y la comunicaci\u00f3n para crear im\u00e1genes, ilustraciones, animaciones y dise\u00f1os gr\u00e1ficos impactantes que captan la atenci\u00f3n del p\u00fablico. En Dakar, la creciente demanda de profesionales cualificados en\u2026","rel":"","context":"En \u00abBlog\u00bb","block_context":{"text":"Blog","link":"https:\/\/senegalndiaye.com\/es\/category\/blog\/"},"img":{"alt_text":"formation en infographie \u00e0 Dakar","src":"https:\/\/i0.wp.com\/senegalndiaye.com\/wp-content\/uploads\/2023\/07\/infographie.jpg?fit=700%2C400&ssl=1&resize=350%2C200","width":350,"height":200,"srcset":"https:\/\/i0.wp.com\/senegalndiaye.com\/wp-content\/uploads\/2023\/07\/infographie.jpg?fit=700%2C400&ssl=1&resize=350%2C200 1x, https:\/\/i0.wp.com\/senegalndiaye.com\/wp-content\/uploads\/2023\/07\/infographie.jpg?fit=700%2C400&ssl=1&resize=525%2C300 1.5x, https:\/\/i0.wp.com\/senegalndiaye.com\/wp-content\/uploads\/2023\/07\/infographie.jpg?fit=700%2C400&ssl=1&resize=700%2C400 2x"},"classes":[]},{"id":24504,"url":"https:\/\/senegalndiaye.com\/es\/%e2%9c%85-prix-des-formations-en-bureautique-a-dakar\/","url_meta":{"origin":24795,"position":1},"title":"\u2705 Precio de la formaci\u00f3n en ofim\u00e1tica en Dakar","author":"Moderateur","date":"agosto 10, 2021","format":false,"excerpt":"Esta formaci\u00f3n permite a las futuras secretarias, recepcionistas o asistentes ejecutivas aprender a utilizar diversos programas de software de oficina. Tiene varias opciones para completarla. Puede elegir entre formaci\u00f3n a corto y largo plazo. Descubra toda la informaci\u00f3n necesaria en este art\u00edculo...","rel":"","context":"En \u00abBlog\u00bb","block_context":{"text":"Blog","link":"https:\/\/senegalndiaye.com\/es\/category\/blog\/"},"img":{"alt_text":"Formation bureautique prix","src":"https:\/\/i0.wp.com\/senegalndiaye.com\/wp-content\/uploads\/2021\/08\/formation-bureautique-prix.png?fit=1200%2C676&ssl=1&resize=350%2C200","width":350,"height":200,"srcset":"https:\/\/i0.wp.com\/senegalndiaye.com\/wp-content\/uploads\/2021\/08\/formation-bureautique-prix.png?fit=1200%2C676&ssl=1&resize=350%2C200 1x, https:\/\/i0.wp.com\/senegalndiaye.com\/wp-content\/uploads\/2021\/08\/formation-bureautique-prix.png?fit=1200%2C676&ssl=1&resize=525%2C300 1.5x, https:\/\/i0.wp.com\/senegalndiaye.com\/wp-content\/uploads\/2021\/08\/formation-bureautique-prix.png?fit=1200%2C676&ssl=1&resize=700%2C400 2x, https:\/\/i0.wp.com\/senegalndiaye.com\/wp-content\/uploads\/2021\/08\/formation-bureautique-prix.png?fit=1200%2C676&ssl=1&resize=1050%2C600 3x"},"classes":[]},{"id":25594,"url":"https:\/\/senegalndiaye.com\/es\/%e2%9c%85-les-formations-accelerees-en-informatique-a-dakar\/","url_meta":{"origin":24795,"position":2},"title":"\u2705 Capacitaci\u00f3n inform\u00e1tica acelerada en Dakar","author":"Moderateur","date":"mayo 6, 2022","format":false,"excerpt":"La formaci\u00f3n acelerada en TI en Dakar te brinda la oportunidad de adquirir habilidades operativas r\u00e1pidamente. El campo es amplio, pero puedes encontrar tu pasi\u00f3n, lo que te permitir\u00e1 hacer realidad tus sue\u00f1os y ganarte la vida. \u00bfQuieres saber m\u00e1s? Lee este art\u00edculo.","rel":"","context":"En \u00abBlog\u00bb","block_context":{"text":"Blog","link":"https:\/\/senegalndiaye.com\/es\/category\/blog\/"},"img":{"alt_text":"","src":"https:\/\/i0.wp.com\/senegalndiaye.com\/wp-content\/uploads\/2022\/05\/formation-accelere.webp?fit=300%2C300&ssl=1&resize=350%2C200","width":350,"height":200},"classes":[]},{"id":25331,"url":"https:\/\/senegalndiaye.com\/es\/%e2%9c%85-formations-accelerees-en-caissier-au-senegal\/","url_meta":{"origin":24795,"position":3},"title":"\u2705 Capacitaci\u00f3n acelerada de cajeros en Senegal","author":"Moderateur","date":"febrero 4, 2022","format":false,"excerpt":"Como cajero, tu funci\u00f3n ser\u00e1 cobrar el efectivo y registrarlo seg\u00fan las t\u00e9cnicas contables. Puedes trabajar en boutiques, tiendas, supermercados y casas de cambio. Descubre en este art\u00edculo los cursos acelerados de formaci\u00f3n para cajeros en Senegal. Requisitos para\u2026","rel":"","context":"En \u00abBlog\u00bb","block_context":{"text":"Blog","link":"https:\/\/senegalndiaye.com\/es\/category\/blog\/"},"img":{"alt_text":"formation caissier senegal","src":"https:\/\/i0.wp.com\/senegalndiaye.com\/wp-content\/uploads\/2022\/02\/caisse.jpg?fit=626%2C417&ssl=1&resize=350%2C200","width":350,"height":200,"srcset":"https:\/\/i0.wp.com\/senegalndiaye.com\/wp-content\/uploads\/2022\/02\/caisse.jpg?fit=626%2C417&ssl=1&resize=350%2C200 1x, https:\/\/i0.wp.com\/senegalndiaye.com\/wp-content\/uploads\/2022\/02\/caisse.jpg?fit=626%2C417&ssl=1&resize=525%2C300 1.5x"},"classes":[]},{"id":29577,"url":"https:\/\/senegalndiaye.com\/es\/quelles-sont-les-filieres-de-formation-a-isi-dakar\/","url_meta":{"origin":24795,"position":4},"title":"\u00bfCu\u00e1les son los cursos de formaci\u00f3n en ISI Dakar?","author":"Moderateur","date":"diciembre 9, 2024","format":false,"excerpt":"El Instituto Superior de Inform\u00e1tica (ISI Dakar) es una instituci\u00f3n reconocida por su experiencia en TI y tecnolog\u00eda. Lleva m\u00e1s de 27 a\u00f1os formando directivos cualificados, adaptados a las crecientes necesidades del mercado laboral, con diplomas acreditados por el Ministerio de Educaci\u00f3n Superior y validados por ANAQ-Sup. Aqu\u00ed encontrar\u00e1...","rel":"","context":"En \u00abFormations sup\u00e9rieures au S\u00e9n\u00e9gal\u00bb","block_context":{"text":"Formations sup\u00e9rieures au S\u00e9n\u00e9gal","link":"https:\/\/senegalndiaye.com\/es\/category\/formations-superieures-au-senegal\/"},"img":{"alt_text":"Quelles sont les fili\u00e8res de formation \u00e0 ISI Dakar ?","src":"https:\/\/i0.wp.com\/senegalndiaye.com\/wp-content\/uploads\/2024\/12\/isi-dakar-scaled.jpg?fit=1200%2C714&ssl=1&resize=350%2C200","width":350,"height":200,"srcset":"https:\/\/i0.wp.com\/senegalndiaye.com\/wp-content\/uploads\/2024\/12\/isi-dakar-scaled.jpg?fit=1200%2C714&ssl=1&resize=350%2C200 1x, https:\/\/i0.wp.com\/senegalndiaye.com\/wp-content\/uploads\/2024\/12\/isi-dakar-scaled.jpg?fit=1200%2C714&ssl=1&resize=525%2C300 1.5x, https:\/\/i0.wp.com\/senegalndiaye.com\/wp-content\/uploads\/2024\/12\/isi-dakar-scaled.jpg?fit=1200%2C714&ssl=1&resize=700%2C400 2x, https:\/\/i0.wp.com\/senegalndiaye.com\/wp-content\/uploads\/2024\/12\/isi-dakar-scaled.jpg?fit=1200%2C714&ssl=1&resize=1050%2C600 3x"},"classes":[]},{"id":24857,"url":"https:\/\/senegalndiaye.com\/es\/%e2%9c%85-formations-en-design-graphique-au-senegal\/","url_meta":{"origin":24795,"position":5},"title":"\u2705 Formaci\u00f3n en dise\u00f1o gr\u00e1fico en Senegal","author":"Moderateur","date":"octubre 19, 2021","format":false,"excerpt":"Quieres convertirte en dise\u00f1ador gr\u00e1fico. Hoy en d\u00eda, la formaci\u00f3n es esencial para ejercer esta profesi\u00f3n. Te permitir\u00e1 aprender y certificarte en el sector. Pero \u00bfqu\u00e9 carrera deber\u00edas elegir? \u00bfA qu\u00e9 escuela de formaci\u00f3n deber\u00edas asistir? \u00bfY qu\u00e9 carrera deber\u00edas seguir al finalizar tu formaci\u00f3n?","rel":"","context":"En \u00abBlog\u00bb","block_context":{"text":"Blog","link":"https:\/\/senegalndiaye.com\/es\/category\/blog\/"},"img":{"alt_text":"Formation design graphique S\u00e9n\u00e9gal","src":"https:\/\/i0.wp.com\/senegalndiaye.com\/wp-content\/uploads\/2021\/10\/formation-design.png?fit=1200%2C771&ssl=1&resize=350%2C200","width":350,"height":200,"srcset":"https:\/\/i0.wp.com\/senegalndiaye.com\/wp-content\/uploads\/2021\/10\/formation-design.png?fit=1200%2C771&ssl=1&resize=350%2C200 1x, https:\/\/i0.wp.com\/senegalndiaye.com\/wp-content\/uploads\/2021\/10\/formation-design.png?fit=1200%2C771&ssl=1&resize=525%2C300 1.5x, https:\/\/i0.wp.com\/senegalndiaye.com\/wp-content\/uploads\/2021\/10\/formation-design.png?fit=1200%2C771&ssl=1&resize=700%2C400 2x, https:\/\/i0.wp.com\/senegalndiaye.com\/wp-content\/uploads\/2021\/10\/formation-design.png?fit=1200%2C771&ssl=1&resize=1050%2C600 3x"},"classes":[]}],"_links":{"self":[{"href":"https:\/\/senegalndiaye.com\/es\/wp-json\/wp\/v2\/posts\/24795","targetHints":{"allow":["GET"]}}],"collection":[{"href":"https:\/\/senegalndiaye.com\/es\/wp-json\/wp\/v2\/posts"}],"about":[{"href":"https:\/\/senegalndiaye.com\/es\/wp-json\/wp\/v2\/types\/post"}],"author":[{"embeddable":true,"href":"https:\/\/senegalndiaye.com\/es\/wp-json\/wp\/v2\/users\/8"}],"replies":[{"embeddable":true,"href":"https:\/\/senegalndiaye.com\/es\/wp-json\/wp\/v2\/comments?post=24795"}],"version-history":[{"count":5,"href":"https:\/\/senegalndiaye.com\/es\/wp-json\/wp\/v2\/posts\/24795\/revisions"}],"predecessor-version":[{"id":24828,"href":"https:\/\/senegalndiaye.com\/es\/wp-json\/wp\/v2\/posts\/24795\/revisions\/24828"}],"wp:featuredmedia":[{"embeddable":true,"href":"https:\/\/senegalndiaye.com\/es\/wp-json\/wp\/v2\/media\/24796"}],"wp:attachment":[{"href":"https:\/\/senegalndiaye.com\/es\/wp-json\/wp\/v2\/media?parent=24795"}],"wp:term":[{"taxonomy":"category","embeddable":true,"href":"https:\/\/senegalndiaye.com\/es\/wp-json\/wp\/v2\/categories?post=24795"},{"taxonomy":"post_tag","embeddable":true,"href":"https:\/\/senegalndiaye.com\/es\/wp-json\/wp\/v2\/tags?post=24795"}],"curies":[{"name":"gracias","href":"https:\/\/api.w.org\/{rel}","templated":true}]}}