{"id":24504,"date":"2021-08-10T13:56:56","date_gmt":"2021-08-10T13:56:56","guid":{"rendered":"https:\/\/senegalndiaye.com\/?p=24504"},"modified":"2021-08-10T13:57:25","modified_gmt":"2021-08-10T13:57:25","slug":"%e2%9c%85-prix-des-formations-en-bureautique-a-dakar","status":"publish","type":"post","link":"https:\/\/senegalndiaye.com\/es\/%e2%9c%85-prix-des-formations-en-bureautique-a-dakar\/","title":{"rendered":"\u2705 Precio de la formaci\u00f3n en ofim\u00e1tica en Dakar"},"content":{"rendered":"<p>La formaci\u00f3n permite a la futura secretaria, azafata o asistente ejecutiva aprender a utilizar los distintos software ofim\u00e1ticos. Para hacer el entrenamiento, tienes varias opciones. De hecho, puede hacerlo a corto o largo plazo. Descubre en este art\u00edculo toda la informaci\u00f3n necesaria sobre la <strong>formaci\u00f3n en ofim\u00e1tica en Dakar<\/strong>.<\/p>\n<h3><strong>Formaci\u00f3n en ofim\u00e1tica en Dakar <\/strong><\/h3>\n<p>Los cursos de ofim\u00e1tica introducen a los estudiantes en el uso de herramientas ofim\u00e1ticas. De hecho, la mayor parte del aprendizaje gira en torno al paquete de Microsoft Office (Word, Excel, PowerPoint). Al final de la capacitaci\u00f3n, el estudiante podr\u00e1 realizar procesamiento de textos, contenido asistido por Windows y hojas de c\u00e1lculo.<\/p>\n<p>Hay cursos de capacitaci\u00f3n de oficina a largo plazo que se pueden hacer en universidades privadas con un diploma al final. Y formaci\u00f3n de corta duraci\u00f3n organizada en forma de seminario por escuelas de formaci\u00f3n o profesionales que finaliza con un certificado de \u00e9xito.<\/p>\n<p><script async src=\"https:\/\/pagead2.googlesyndication.com\/pagead\/js\/adsbygoogle.js?client=ca-pub-2317662529110026\" crossorigin=\"anonymous\"><\/script><br \/>\n<ins class=\"adsbygoogle\" style=\"display: block; text-align: center;\" data-ad-layout=\"in-article\" data-ad-format=\"fluid\" data-ad-client=\"ca-pub-2317662529110026\" data-ad-slot=\"8210013961\"><\/ins><br \/>\n<script>\n     (adsbygoogle = window.adsbygoogle || []).push({});\n<\/script><\/p>\n<h3><strong>Qui\u00e9n puede hacer una formaci\u00f3n en ofim\u00e1tica en Dakar<\/strong>\u00a0<strong>?<\/strong><\/h3>\n<p>La mayor parte de la capacitaci\u00f3n en automatizaci\u00f3n de oficinas es accesible sin un diploma. Sin embargo, algunos entrenadores requieren el BFEM. Adem\u00e1s, para hacer el BTS en ofim\u00e1tica es necesario el bachillerato. Sin embargo, en las escuelas de quesos en ofim\u00e1tica de Dakar, la admisi\u00f3n se hace por estudio de expedientes.<\/p>\n<h3><strong>Escuelas de formaci\u00f3n en oficina \u00a0\u00a0\u00a0<\/strong><\/h3>\n<p>Las escuelas de formaci\u00f3n ofrecen una certificaci\u00f3n en ofim\u00e1tica o un diploma. Adem\u00e1s, los cursos permiten a profesionales o particulares tener competencias en la materia en cursos presenciales o en l\u00ednea.<\/p>\n<h3><strong>ESNT (Escuela Superior de Nuevas Tecnolog\u00edas) <\/strong><\/h3>\n<p>Ofrece formaci\u00f3n BTS en secretariado y ofim\u00e1tica. De hecho, la formaci\u00f3n permite a los estudiantes aprender los m\u00f3dulos esenciales de secretar\u00eda y las herramientas de automatizaci\u00f3n de oficinas. Adem\u00e1s, el diploma que se otorga al final es un t\u00edtulo de t\u00e9cnico superior reconocido por el Estado. La formaci\u00f3n tambi\u00e9n incluye unas pr\u00e1cticas obligatorias de 30 a 45 d\u00edas en una empresa.<\/p>\n<h4>El precio de la formaci\u00f3n<\/h4>\n<p>La formaci\u00f3n cuesta 300.000 francos CFA al a\u00f1o. En efecto, este \u00faltimo se despacha en dos, la inscripci\u00f3n que se fija en 75.000 F CFA y las mensualidades que ascienden a 225.000 F CFA.<\/p>\n<h4><strong>registro<\/strong><\/h4>\n<p>El registro para la secretar\u00eda BTS y ofim\u00e1tica en ESNT se realiza en l\u00ednea. De hecho, puede enviar su solicitud a trav\u00e9s de esta direcci\u00f3n web: <a href=\"http:\/\/www.esntdakar.com\">www.esntdakar.com<\/a>.<\/p>\n<h3><strong>CEFAS Dakar <\/strong><\/h3>\n<p>Ofrece formaci\u00f3n en secretariado y ofim\u00e1tica, nivel de maestr\u00eda. Adem\u00e1s, esta formaci\u00f3n permite a los alumnos dominar las t\u00e9cnicas modernas de automatizaci\u00f3n de oficinas. Su formaci\u00f3n de maestr\u00eda dura 2 a\u00f1os con un diploma al final.<\/p>\n<p>El costo de la capacitaci\u00f3n es de 300.000 francos CFA por a\u00f1o. Sin embargo, para registrarse vaya al sitio web <a href=\"http:\/\/www.e-cefas.com\">www.e-cefas.com<\/a>.<\/p>\n<h3><strong>Formaci\u00f3n acelerada en ofim\u00e1tica en Dakar <\/strong><\/h3>\n<p>La formaci\u00f3n en ofim\u00e1tica en Dakar suele impartirse en cursos acelerados. De hecho, estos \u00faltimos permiten a las personas y profesionales que deseen fortalecer sus conocimientos en el campo r\u00e1pidamente.<\/p>\n<h4><strong>Ejemplo de formaci\u00f3n acelerada en ofim\u00e1tica en Dakar <\/strong><\/h4>\n<h4><strong>Dakar\u00a0<\/strong><\/h4>\n<p>ISERTI ofrece formaci\u00f3n acelerada en ofim\u00e1tica. De hecho, la formaci\u00f3n se centra en el entorno de Windows, Word, PowerPoint, Publisher y Excel. Adem\u00e1s, ella est\u00e1 en 100% pr\u00e1ctica. Al final de la formaci\u00f3n, el alumno recibir\u00e1 un certificado de aprovechamiento.<\/p>\n<h4><strong>el archivo de la aplicaci\u00f3n \u00a0<\/strong><\/h4>\n<p>El expediente de la solicitud est\u00e1 compuesto por:<\/p>\n<ul>\n<li>Dos fotos de pasaporte <strong>\u00a0<\/strong><\/li>\n<li>un curr\u00edculum<\/li>\n<li>Una fotocopia de DNI<\/li>\n<li>Y una tasa de solicitud de 50.000 francos CFA<\/li>\n<\/ul>\n<p>Para enviar su solicitud, visite el sitio <a href=\"http:\/\/www.iserti.com\">www.iserti.es<\/a>.<\/p>\n<h3><strong>Oportunidades de formaci\u00f3n en ofim\u00e1tica en Dakar <\/strong><\/h3>\n<p>La certificaci\u00f3n o diploma en ofim\u00e1tica prepara para trabajos de secretariado y ofim\u00e1tica. Adem\u00e1s, tras la formaci\u00f3n, podr\u00e1s ocupar estos diferentes puestos en la empresa.<\/p>\n<ul>\n<li>Secretaria<\/li>\n<li>Asistente de direcci\u00f3n<\/li>\n<li>Recepcionista<\/li>\n<\/ul>\n<p>Hay dos tipos de formaci\u00f3n en ofim\u00e1tica en Dakar. De hecho, los cursos se pueden hacer a largo plazo oa corto plazo. Dependiendo de tu tipo de formaci\u00f3n, ser\u00e1s certificado o graduado. Adem\u00e1s, tambi\u00e9n tenga en cuenta que la formaci\u00f3n acelerada es m\u00e1s barata.<\/p>\n<h3>Encuentra todos nuestros art\u00edculos en nuestra <a href=\"https:\/\/senegalndiaye.com\/es\/blog\/\">Blog<\/a><\/h3>","protected":false},"excerpt":{"rendered":"<p>La formation permet au futur secr\u00e9taire, h\u00f4tesse ou assistant de direction d\u2019apprendre \u00e0 se servir des diff\u00e9rents logiciels bureautiques. Pour faire la formation, vous avez plusieurs choix. En effet, vous pouvez le faire dans la courte dur\u00e9e ou dans la longue dur\u00e9e. D\u00e9couvrez dans cet article toutes les informations n\u00e9cessaires sur les formations bureautiques \u00e0 [&hellip;]<\/p>\n","protected":false},"author":8,"featured_media":24505,"comment_status":"open","ping_status":"open","sticky":false,"template":"","format":"standard","meta":{"_jetpack_memberships_contains_paid_content":false,"footnotes":""},"categories":[83],"tags":[],"class_list":["post-24504","post","type-post","status-publish","format-standard","has-post-thumbnail","hentry","category-blog"],"yoast_head":"<!-- This site is optimized with the Yoast SEO plugin v27.5 - https:\/\/yoast.com\/product\/yoast-seo-wordpress\/ -->\n<title>\u2705 Prix des formations en bureautique \u00e0 Dakar &#187; Senegal Ndiaye<\/title>\n<meta name=\"description\" content=\"D\u00e9couvrez dans cet article toutes les informations n\u00e9cessaires sur les formations bureautiques \u00e0 Dakar.\u00a0\" \/>\n<meta name=\"robots\" content=\"index, follow, max-snippet:-1, max-image-preview:large, max-video-preview:-1\" \/>\n<link rel=\"canonical\" href=\"https:\/\/senegalndiaye.com\/es\/\u2705-prix-des-formations-en-bureautique-a-dakar\/\" \/>\n<meta property=\"og:locale\" content=\"es_ES\" \/>\n<meta property=\"og:type\" content=\"article\" \/>\n<meta property=\"og:title\" content=\"\u2705 Prix des formations en bureautique \u00e0 Dakar &#187; Senegal Ndiaye\" \/>\n<meta property=\"og:description\" content=\"D\u00e9couvrez dans cet article toutes les informations n\u00e9cessaires sur les formations bureautiques \u00e0 Dakar.\u00a0\" \/>\n<meta property=\"og:url\" content=\"https:\/\/senegalndiaye.com\/es\/\u2705-prix-des-formations-en-bureautique-a-dakar\/\" \/>\n<meta property=\"og:site_name\" content=\"Senegal Ndiaye\" \/>\n<meta property=\"article:publisher\" content=\"https:\/\/www.facebook.com\/senegalndiaye4\/\" \/>\n<meta property=\"article:published_time\" content=\"2021-08-10T13:56:56+00:00\" \/>\n<meta property=\"article:modified_time\" content=\"2021-08-10T13:57:25+00:00\" \/>\n<meta property=\"og:image\" content=\"https:\/\/senegalndiaye.com\/wp-content\/uploads\/2021\/08\/formation-bureautique-prix.png\" \/>\n\t<meta property=\"og:image:width\" content=\"1256\" \/>\n\t<meta property=\"og:image:height\" content=\"708\" \/>\n\t<meta property=\"og:image:type\" content=\"image\/png\" \/>\n<meta name=\"author\" content=\"Moderateur\" \/>\n<meta name=\"twitter:card\" content=\"summary_large_image\" \/>\n<meta name=\"twitter:creator\" content=\"@Senegalndiaye5\" \/>\n<meta name=\"twitter:site\" content=\"@Senegalndiaye5\" \/>\n<meta name=\"twitter:label1\" content=\"Escrito por\" \/>\n\t<meta name=\"twitter:data1\" content=\"Moderateur\" \/>\n\t<meta name=\"twitter:label2\" content=\"Tiempo de lectura\" \/>\n\t<meta name=\"twitter:data2\" content=\"3 minutos\" \/>\n<script type=\"application\/ld+json\" class=\"yoast-schema-graph\">{\"@context\":\"https:\\\/\\\/schema.org\",\"@graph\":[{\"@type\":\"Article\",\"@id\":\"https:\\\/\\\/senegalndiaye.com\\\/%e2%9c%85-prix-des-formations-en-bureautique-a-dakar\\\/#article\",\"isPartOf\":{\"@id\":\"https:\\\/\\\/senegalndiaye.com\\\/%e2%9c%85-prix-des-formations-en-bureautique-a-dakar\\\/\"},\"author\":{\"name\":\"Moderateur\",\"@id\":\"https:\\\/\\\/senegalndiaye.com\\\/#\\\/schema\\\/person\\\/c1e0d9f50bc68102f5a7368b7c9551f5\"},\"headline\":\"\u2705 Prix des formations en bureautique \u00e0 Dakar\",\"datePublished\":\"2021-08-10T13:56:56+00:00\",\"dateModified\":\"2021-08-10T13:57:25+00:00\",\"mainEntityOfPage\":{\"@id\":\"https:\\\/\\\/senegalndiaye.com\\\/%e2%9c%85-prix-des-formations-en-bureautique-a-dakar\\\/\"},\"wordCount\":727,\"commentCount\":0,\"publisher\":{\"@id\":\"https:\\\/\\\/senegalndiaye.com\\\/#organization\"},\"image\":{\"@id\":\"https:\\\/\\\/senegalndiaye.com\\\/%e2%9c%85-prix-des-formations-en-bureautique-a-dakar\\\/#primaryimage\"},\"thumbnailUrl\":\"https:\\\/\\\/i0.wp.com\\\/senegalndiaye.com\\\/wp-content\\\/uploads\\\/2021\\\/08\\\/formation-bureautique-prix.png?fit=1256%2C708&ssl=1\",\"articleSection\":[\"Blog\"],\"inLanguage\":\"es\",\"potentialAction\":[{\"@type\":\"CommentAction\",\"name\":\"Comment\",\"target\":[\"https:\\\/\\\/senegalndiaye.com\\\/%e2%9c%85-prix-des-formations-en-bureautique-a-dakar\\\/#respond\"]}]},{\"@type\":\"WebPage\",\"@id\":\"https:\\\/\\\/senegalndiaye.com\\\/%e2%9c%85-prix-des-formations-en-bureautique-a-dakar\\\/\",\"url\":\"https:\\\/\\\/senegalndiaye.com\\\/%e2%9c%85-prix-des-formations-en-bureautique-a-dakar\\\/\",\"name\":\"\u2705 Prix des formations en bureautique \u00e0 Dakar &#187; Senegal Ndiaye\",\"isPartOf\":{\"@id\":\"https:\\\/\\\/senegalndiaye.com\\\/#website\"},\"primaryImageOfPage\":{\"@id\":\"https:\\\/\\\/senegalndiaye.com\\\/%e2%9c%85-prix-des-formations-en-bureautique-a-dakar\\\/#primaryimage\"},\"image\":{\"@id\":\"https:\\\/\\\/senegalndiaye.com\\\/%e2%9c%85-prix-des-formations-en-bureautique-a-dakar\\\/#primaryimage\"},\"thumbnailUrl\":\"https:\\\/\\\/i0.wp.com\\\/senegalndiaye.com\\\/wp-content\\\/uploads\\\/2021\\\/08\\\/formation-bureautique-prix.png?fit=1256%2C708&ssl=1\",\"datePublished\":\"2021-08-10T13:56:56+00:00\",\"dateModified\":\"2021-08-10T13:57:25+00:00\",\"description\":\"D\u00e9couvrez dans cet article toutes les informations n\u00e9cessaires sur les formations bureautiques \u00e0 Dakar.\u00a0\",\"breadcrumb\":{\"@id\":\"https:\\\/\\\/senegalndiaye.com\\\/%e2%9c%85-prix-des-formations-en-bureautique-a-dakar\\\/#breadcrumb\"},\"inLanguage\":\"es\",\"potentialAction\":[{\"@type\":\"ReadAction\",\"target\":[\"https:\\\/\\\/senegalndiaye.com\\\/%e2%9c%85-prix-des-formations-en-bureautique-a-dakar\\\/\"]}]},{\"@type\":\"ImageObject\",\"inLanguage\":\"es\",\"@id\":\"https:\\\/\\\/senegalndiaye.com\\\/%e2%9c%85-prix-des-formations-en-bureautique-a-dakar\\\/#primaryimage\",\"url\":\"https:\\\/\\\/i0.wp.com\\\/senegalndiaye.com\\\/wp-content\\\/uploads\\\/2021\\\/08\\\/formation-bureautique-prix.png?fit=1256%2C708&ssl=1\",\"contentUrl\":\"https:\\\/\\\/i0.wp.com\\\/senegalndiaye.com\\\/wp-content\\\/uploads\\\/2021\\\/08\\\/formation-bureautique-prix.png?fit=1256%2C708&ssl=1\",\"width\":1256,\"height\":708,\"caption\":\"Formation bureautique prix\"},{\"@type\":\"BreadcrumbList\",\"@id\":\"https:\\\/\\\/senegalndiaye.com\\\/%e2%9c%85-prix-des-formations-en-bureautique-a-dakar\\\/#breadcrumb\",\"itemListElement\":[{\"@type\":\"ListItem\",\"position\":1,\"name\":\"Accueil\",\"item\":\"https:\\\/\\\/senegalndiaye.com\\\/\"},{\"@type\":\"ListItem\",\"position\":2,\"name\":\"\u2705 Prix des formations en bureautique \u00e0 Dakar\"}]},{\"@type\":\"WebSite\",\"@id\":\"https:\\\/\\\/senegalndiaye.com\\\/#website\",\"url\":\"https:\\\/\\\/senegalndiaye.com\\\/\",\"name\":\"Senegal Ndiaye\",\"description\":\"Retrouvez les meilleurs endroits du S\u00e9n\u00e9gal\",\"publisher\":{\"@id\":\"https:\\\/\\\/senegalndiaye.com\\\/#organization\"},\"potentialAction\":[{\"@type\":\"SearchAction\",\"target\":{\"@type\":\"EntryPoint\",\"urlTemplate\":\"https:\\\/\\\/senegalndiaye.com\\\/?s={search_term_string}\"},\"query-input\":{\"@type\":\"PropertyValueSpecification\",\"valueRequired\":true,\"valueName\":\"search_term_string\"}}],\"inLanguage\":\"es\"},{\"@type\":\"Organization\",\"@id\":\"https:\\\/\\\/senegalndiaye.com\\\/#organization\",\"name\":\"Senegal Ndiaye\",\"url\":\"https:\\\/\\\/senegalndiaye.com\\\/\",\"logo\":{\"@type\":\"ImageObject\",\"inLanguage\":\"es\",\"@id\":\"https:\\\/\\\/senegalndiaye.com\\\/#\\\/schema\\\/logo\\\/image\\\/\",\"url\":\"https:\\\/\\\/senegalndiaye.com\\\/wp-content\\\/uploads\\\/2018\\\/05\\\/senegalndiaye_logo.png\",\"contentUrl\":\"https:\\\/\\\/senegalndiaye.com\\\/wp-content\\\/uploads\\\/2018\\\/05\\\/senegalndiaye_logo.png\",\"width\":150,\"height\":106,\"caption\":\"Senegal Ndiaye\"},\"image\":{\"@id\":\"https:\\\/\\\/senegalndiaye.com\\\/#\\\/schema\\\/logo\\\/image\\\/\"},\"sameAs\":[\"https:\\\/\\\/www.facebook.com\\\/senegalndiaye4\\\/\",\"https:\\\/\\\/x.com\\\/Senegalndiaye5\",\"https:\\\/\\\/www.instagram.com\\\/senegalndiaye1\\\/\",\"https:\\\/\\\/www.linkedin.com\\\/company\\\/senegal-ndiaye\\\/\"]},{\"@type\":\"Person\",\"@id\":\"https:\\\/\\\/senegalndiaye.com\\\/#\\\/schema\\\/person\\\/c1e0d9f50bc68102f5a7368b7c9551f5\",\"name\":\"Moderateur\",\"image\":{\"@type\":\"ImageObject\",\"inLanguage\":\"es\",\"@id\":\"https:\\\/\\\/senegalndiaye.com\\\/wp-content\\\/litespeed\\\/avatar\\\/3fb7bc779db92bd05c1837e9542df344.jpg?ver=1777309443\",\"url\":\"https:\\\/\\\/senegalndiaye.com\\\/wp-content\\\/litespeed\\\/avatar\\\/3fb7bc779db92bd05c1837e9542df344.jpg?ver=1777309443\",\"contentUrl\":\"https:\\\/\\\/senegalndiaye.com\\\/wp-content\\\/litespeed\\\/avatar\\\/3fb7bc779db92bd05c1837e9542df344.jpg?ver=1777309443\",\"caption\":\"Moderateur\"},\"url\":\"https:\\\/\\\/senegalndiaye.com\\\/es\\\/author\\\/sndigital\\\/\"}]}<\/script>\n<!-- \/ Yoast SEO plugin. -->","yoast_head_json":{"title":"\u2705 Precios de formaci\u00f3n en ofim\u00e1tica en Dakar \u00bb Senegal Ndiaye","description":"Descubre en este art\u00edculo toda la informaci\u00f3n necesaria sobre la formaci\u00f3n en ofim\u00e1tica en Dakar.\u00a0","robots":{"index":"index","follow":"follow","max-snippet":"max-snippet:-1","max-image-preview":"max-image-preview:large","max-video-preview":"max-video-preview:-1"},"canonical":"https:\/\/senegalndiaye.com\/es\/\u2705-prix-des-formations-en-bureautique-a-dakar\/","og_locale":"es_ES","og_type":"article","og_title":"\u2705 Prix des formations en bureautique \u00e0 Dakar &#187; Senegal Ndiaye","og_description":"D\u00e9couvrez dans cet article toutes les informations n\u00e9cessaires sur les formations bureautiques \u00e0 Dakar.\u00a0","og_url":"https:\/\/senegalndiaye.com\/es\/\u2705-prix-des-formations-en-bureautique-a-dakar\/","og_site_name":"Senegal Ndiaye","article_publisher":"https:\/\/www.facebook.com\/senegalndiaye4\/","article_published_time":"2021-08-10T13:56:56+00:00","article_modified_time":"2021-08-10T13:57:25+00:00","og_image":[{"width":1256,"height":708,"url":"https:\/\/senegalndiaye.com\/wp-content\/uploads\/2021\/08\/formation-bureautique-prix.png","type":"image\/png"}],"author":"Moderateur","twitter_card":"summary_large_image","twitter_creator":"@Senegalndiaye5","twitter_site":"@Senegalndiaye5","twitter_misc":{"Escrito por":"Moderateur","Tiempo de lectura":"3 minutos"},"schema":{"@context":"https:\/\/schema.org","@graph":[{"@type":"Article","@id":"https:\/\/senegalndiaye.com\/%e2%9c%85-prix-des-formations-en-bureautique-a-dakar\/#article","isPartOf":{"@id":"https:\/\/senegalndiaye.com\/%e2%9c%85-prix-des-formations-en-bureautique-a-dakar\/"},"author":{"name":"Moderateur","@id":"https:\/\/senegalndiaye.com\/#\/schema\/person\/c1e0d9f50bc68102f5a7368b7c9551f5"},"headline":"\u2705 Prix des formations en bureautique \u00e0 Dakar","datePublished":"2021-08-10T13:56:56+00:00","dateModified":"2021-08-10T13:57:25+00:00","mainEntityOfPage":{"@id":"https:\/\/senegalndiaye.com\/%e2%9c%85-prix-des-formations-en-bureautique-a-dakar\/"},"wordCount":727,"commentCount":0,"publisher":{"@id":"https:\/\/senegalndiaye.com\/#organization"},"image":{"@id":"https:\/\/senegalndiaye.com\/%e2%9c%85-prix-des-formations-en-bureautique-a-dakar\/#primaryimage"},"thumbnailUrl":"https:\/\/i0.wp.com\/senegalndiaye.com\/wp-content\/uploads\/2021\/08\/formation-bureautique-prix.png?fit=1256%2C708&ssl=1","articleSection":["Blog"],"inLanguage":"es","potentialAction":[{"@type":"CommentAction","name":"Comment","target":["https:\/\/senegalndiaye.com\/%e2%9c%85-prix-des-formations-en-bureautique-a-dakar\/#respond"]}]},{"@type":"WebPage","@id":"https:\/\/senegalndiaye.com\/%e2%9c%85-prix-des-formations-en-bureautique-a-dakar\/","url":"https:\/\/senegalndiaye.com\/%e2%9c%85-prix-des-formations-en-bureautique-a-dakar\/","name":"\u2705 Precios de formaci\u00f3n en ofim\u00e1tica en Dakar \u00bb Senegal Ndiaye","isPartOf":{"@id":"https:\/\/senegalndiaye.com\/#website"},"primaryImageOfPage":{"@id":"https:\/\/senegalndiaye.com\/%e2%9c%85-prix-des-formations-en-bureautique-a-dakar\/#primaryimage"},"image":{"@id":"https:\/\/senegalndiaye.com\/%e2%9c%85-prix-des-formations-en-bureautique-a-dakar\/#primaryimage"},"thumbnailUrl":"https:\/\/i0.wp.com\/senegalndiaye.com\/wp-content\/uploads\/2021\/08\/formation-bureautique-prix.png?fit=1256%2C708&ssl=1","datePublished":"2021-08-10T13:56:56+00:00","dateModified":"2021-08-10T13:57:25+00:00","description":"Descubre en este art\u00edculo toda la informaci\u00f3n necesaria sobre la formaci\u00f3n en ofim\u00e1tica en Dakar.\u00a0","breadcrumb":{"@id":"https:\/\/senegalndiaye.com\/%e2%9c%85-prix-des-formations-en-bureautique-a-dakar\/#breadcrumb"},"inLanguage":"es","potentialAction":[{"@type":"ReadAction","target":["https:\/\/senegalndiaye.com\/%e2%9c%85-prix-des-formations-en-bureautique-a-dakar\/"]}]},{"@type":"ImageObject","inLanguage":"es","@id":"https:\/\/senegalndiaye.com\/%e2%9c%85-prix-des-formations-en-bureautique-a-dakar\/#primaryimage","url":"https:\/\/i0.wp.com\/senegalndiaye.com\/wp-content\/uploads\/2021\/08\/formation-bureautique-prix.png?fit=1256%2C708&ssl=1","contentUrl":"https:\/\/i0.wp.com\/senegalndiaye.com\/wp-content\/uploads\/2021\/08\/formation-bureautique-prix.png?fit=1256%2C708&ssl=1","width":1256,"height":708,"caption":"Formation bureautique prix"},{"@type":"BreadcrumbList","@id":"https:\/\/senegalndiaye.com\/%e2%9c%85-prix-des-formations-en-bureautique-a-dakar\/#breadcrumb","itemListElement":[{"@type":"ListItem","position":1,"name":"Accueil","item":"https:\/\/senegalndiaye.com\/"},{"@type":"ListItem","position":2,"name":"\u2705 Prix des formations en bureautique \u00e0 Dakar"}]},{"@type":"WebSite","@id":"https:\/\/senegalndiaye.com\/#website","url":"https:\/\/senegalndiaye.com\/","name":"senegal ndiaye","description":"Encuentra los mejores lugares en Senegal","publisher":{"@id":"https:\/\/senegalndiaye.com\/#organization"},"potentialAction":[{"@type":"SearchAction","target":{"@type":"EntryPoint","urlTemplate":"https:\/\/senegalndiaye.com\/?s={search_term_string}"},"query-input":{"@type":"PropertyValueSpecification","valueRequired":true,"valueName":"search_term_string"}}],"inLanguage":"es"},{"@type":"Organization","@id":"https:\/\/senegalndiaye.com\/#organization","name":"senegal ndiaye","url":"https:\/\/senegalndiaye.com\/","logo":{"@type":"ImageObject","inLanguage":"es","@id":"https:\/\/senegalndiaye.com\/#\/schema\/logo\/image\/","url":"https:\/\/senegalndiaye.com\/wp-content\/uploads\/2018\/05\/senegalndiaye_logo.png","contentUrl":"https:\/\/senegalndiaye.com\/wp-content\/uploads\/2018\/05\/senegalndiaye_logo.png","width":150,"height":106,"caption":"Senegal Ndiaye"},"image":{"@id":"https:\/\/senegalndiaye.com\/#\/schema\/logo\/image\/"},"sameAs":["https:\/\/www.facebook.com\/senegalndiaye4\/","https:\/\/x.com\/Senegalndiaye5","https:\/\/www.instagram.com\/senegalndiaye1\/","https:\/\/www.linkedin.com\/company\/senegal-ndiaye\/"]},{"@type":"Person","@id":"https:\/\/senegalndiaye.com\/#\/schema\/person\/c1e0d9f50bc68102f5a7368b7c9551f5","name":"Moderador","image":{"@type":"ImageObject","inLanguage":"es","@id":"https:\/\/senegalndiaye.com\/wp-content\/litespeed\/avatar\/3fb7bc779db92bd05c1837e9542df344.jpg?ver=1777309443","url":"https:\/\/senegalndiaye.com\/wp-content\/litespeed\/avatar\/3fb7bc779db92bd05c1837e9542df344.jpg?ver=1777309443","contentUrl":"https:\/\/senegalndiaye.com\/wp-content\/litespeed\/avatar\/3fb7bc779db92bd05c1837e9542df344.jpg?ver=1777309443","caption":"Moderateur"},"url":"https:\/\/senegalndiaye.com\/es\/author\/sndigital\/"}]}},"jetpack_featured_media_url":"https:\/\/i0.wp.com\/senegalndiaye.com\/wp-content\/uploads\/2021\/08\/formation-bureautique-prix.png?fit=1256%2C708&ssl=1","jetpack_sharing_enabled":true,"jetpack-related-posts":[{"id":24456,"url":"https:\/\/senegalndiaye.com\/es\/%e2%9c%85-formation-courte-duree-en-informatique-dakar\/","url_meta":{"origin":24504,"position":0},"title":"\u2705 Formaci\u00f3n inform\u00e1tica de corta duraci\u00f3n en Dakar","author":"Moderateur","date":"agosto 2, 2021","format":false,"excerpt":"La TI es un sector en auge que est\u00e1 contratando. Las empresas necesitan profesionales de TI para gestionar sus negocios tanto interna como externamente. Pero para aprovechar estas oportunidades laborales, necesitar\u00e1s completar un programa de formaci\u00f3n de corta o larga duraci\u00f3n en el campo. T\u00fa...","rel":"","context":"En \u00abBlog\u00bb","block_context":{"text":"Blog","link":"https:\/\/senegalndiaye.com\/es\/category\/blog\/"},"img":{"alt_text":"formation courte dur\u00e9e en informatique \u00e0 Dakar","src":"https:\/\/i0.wp.com\/senegalndiaye.com\/wp-content\/uploads\/2021\/08\/formation-courte-duree.png?fit=640%2C400&ssl=1&resize=350%2C200","width":350,"height":200,"srcset":"https:\/\/i0.wp.com\/senegalndiaye.com\/wp-content\/uploads\/2021\/08\/formation-courte-duree.png?fit=640%2C400&ssl=1&resize=350%2C200 1x, https:\/\/i0.wp.com\/senegalndiaye.com\/wp-content\/uploads\/2021\/08\/formation-courte-duree.png?fit=640%2C400&ssl=1&resize=525%2C300 1.5x"},"classes":[]},{"id":25594,"url":"https:\/\/senegalndiaye.com\/es\/%e2%9c%85-les-formations-accelerees-en-informatique-a-dakar\/","url_meta":{"origin":24504,"position":1},"title":"\u2705 Capacitaci\u00f3n inform\u00e1tica acelerada en Dakar","author":"Moderateur","date":"mayo 6, 2022","format":false,"excerpt":"La formaci\u00f3n acelerada en TI en Dakar te brinda la oportunidad de adquirir habilidades operativas r\u00e1pidamente. El campo es amplio, pero puedes encontrar tu pasi\u00f3n, lo que te permitir\u00e1 hacer realidad tus sue\u00f1os y ganarte la vida. \u00bfQuieres saber m\u00e1s? Lee este art\u00edculo.","rel":"","context":"En \u00abBlog\u00bb","block_context":{"text":"Blog","link":"https:\/\/senegalndiaye.com\/es\/category\/blog\/"},"img":{"alt_text":"","src":"https:\/\/i0.wp.com\/senegalndiaye.com\/wp-content\/uploads\/2022\/05\/formation-accelere.webp?fit=300%2C300&ssl=1&resize=350%2C200","width":350,"height":200},"classes":[]},{"id":24334,"url":"https:\/\/senegalndiaye.com\/es\/%e2%9c%85-formation-au-senegal-niveau-bfem-2021\/","url_meta":{"origin":24504,"position":2},"title":"\u2705 Formaci\u00f3n en Senegal nivel BFEM \u2013 2024","author":"Moderateur","date":"julio 16, 2021","format":false,"excerpt":"Formaci\u00f3n de nivel BFEM en Senegal. Ahora es posible cursar una formaci\u00f3n de nivel BFEM en Senegal. Los estudiantes con un diploma de secundaria pueden formarse en diversos campos. De hecho, est\u00e1n abiertos a las \u00e1reas de salud, agricultura e incluso industria. Aqu\u00ed tienes...","rel":"","context":"En \u00abBlog\u00bb","block_context":{"text":"Blog","link":"https:\/\/senegalndiaye.com\/es\/category\/blog\/"},"img":{"alt_text":"formation niveau bfem au s\u00e9n\u00e9gal","src":"https:\/\/i0.wp.com\/senegalndiaye.com\/wp-content\/uploads\/2021\/07\/formation-niveau-bfem-senegal.jpg?fit=849%2C566&ssl=1&resize=350%2C200","width":350,"height":200,"srcset":"https:\/\/i0.wp.com\/senegalndiaye.com\/wp-content\/uploads\/2021\/07\/formation-niveau-bfem-senegal.jpg?fit=849%2C566&ssl=1&resize=350%2C200 1x, https:\/\/i0.wp.com\/senegalndiaye.com\/wp-content\/uploads\/2021\/07\/formation-niveau-bfem-senegal.jpg?fit=849%2C566&ssl=1&resize=525%2C300 1.5x, https:\/\/i0.wp.com\/senegalndiaye.com\/wp-content\/uploads\/2021\/07\/formation-niveau-bfem-senegal.jpg?fit=849%2C566&ssl=1&resize=700%2C400 2x"},"classes":[]},{"id":24790,"url":"https:\/\/senegalndiaye.com\/es\/%e2%9c%85-formation-en-energie-renouvelable-au-senegal\/","url_meta":{"origin":24504,"position":3},"title":"\u2705 Formaci\u00f3n en energ\u00edas renovables en Senegal","author":"Moderateur","date":"octubre 5, 2021","format":false,"excerpt":"Las energ\u00edas renovables son fundamentales para el desarrollo sostenible. Hoy en d\u00eda, el sector est\u00e1 en auge y requiere especialistas capacitados capaces de afrontar los retos. \u00bfTe interesa esta carrera? Descubre en este art\u00edculo toda la informaci\u00f3n que necesitas sobre la formaci\u00f3n en energ\u00edas renovables en Dakar. El\u2026","rel":"","context":"En \u00abBlog\u00bb","block_context":{"text":"Blog","link":"https:\/\/senegalndiaye.com\/es\/category\/blog\/"},"img":{"alt_text":"Formation en \u00e9nergie renouvelable au S\u00e9n\u00e9gal","src":"https:\/\/i0.wp.com\/senegalndiaye.com\/wp-content\/uploads\/2021\/10\/formation-energie-renouvelable.jpg?fit=1000%2C750&ssl=1&resize=350%2C200","width":350,"height":200,"srcset":"https:\/\/i0.wp.com\/senegalndiaye.com\/wp-content\/uploads\/2021\/10\/formation-energie-renouvelable.jpg?fit=1000%2C750&ssl=1&resize=350%2C200 1x, https:\/\/i0.wp.com\/senegalndiaye.com\/wp-content\/uploads\/2021\/10\/formation-energie-renouvelable.jpg?fit=1000%2C750&ssl=1&resize=525%2C300 1.5x, https:\/\/i0.wp.com\/senegalndiaye.com\/wp-content\/uploads\/2021\/10\/formation-energie-renouvelable.jpg?fit=1000%2C750&ssl=1&resize=700%2C400 2x"},"classes":[]},{"id":24384,"url":"https:\/\/senegalndiaye.com\/es\/%e2%9c%85-formation-en-anglais-a-dakar\/","url_meta":{"origin":24504,"position":4},"title":"\u2705 Entrenamiento de ingl\u00e9s en Dakar","author":"Moderateur","date":"julio 23, 2021","format":false,"excerpt":"Hoy en d\u00eda, dominar el ingl\u00e9s es esencial, independientemente del sector. De hecho, si aspiras a ser profesional de TI o incluso gerente de ventas, debes tener conocimientos de ingl\u00e9s. Adem\u00e1s, es un idioma hablado en m\u00e1s de 80 pa\u00edses. Descubre en este art\u00edculo los cursos de formaci\u00f3n...","rel":"","context":"En \u00abBlog\u00bb","block_context":{"text":"Blog","link":"https:\/\/senegalndiaye.com\/es\/category\/blog\/"},"img":{"alt_text":"formation en anglais a dakar","src":"https:\/\/i0.wp.com\/senegalndiaye.com\/wp-content\/uploads\/2021\/07\/formation-en-anglais-a-dakar.jpg?fit=512%2C362&ssl=1&resize=350%2C200","width":350,"height":200},"classes":[]},{"id":23823,"url":"https:\/\/senegalndiaye.com\/es\/les-ecoles-de-formations-professionnelles-au-senegal\/","url_meta":{"origin":24504,"position":5},"title":"Escuelas de formaci\u00f3n profesional en Senegal","author":"Moderateur","date":"abril 7, 2021","format":false,"excerpt":"Las escuelas de formaci\u00f3n profesional en Senegal permiten a los estudiantes adquirir conocimientos y experiencia en un campo espec\u00edfico. De hecho, existen decenas de institutos de formaci\u00f3n profesional en Senegal que ofrecen formaci\u00f3n profesional inicial y continua. Su n\u00famero sigue creciendo con los a\u00f1os.","rel":"","context":"En \u00abactualit\u00e9\u00bb","block_context":{"text":"actualit\u00e9","link":"https:\/\/senegalndiaye.com\/es\/category\/actualite\/"},"img":{"alt_text":"ecole de formation professionnelle au S\u00e9n\u00e9gal","src":"https:\/\/i0.wp.com\/senegalndiaye.com\/wp-content\/uploads\/2021\/04\/formation-professionelle.jpg?fit=760%2C478&ssl=1&resize=350%2C200","width":350,"height":200,"srcset":"https:\/\/i0.wp.com\/senegalndiaye.com\/wp-content\/uploads\/2021\/04\/formation-professionelle.jpg?fit=760%2C478&ssl=1&resize=350%2C200 1x, https:\/\/i0.wp.com\/senegalndiaye.com\/wp-content\/uploads\/2021\/04\/formation-professionelle.jpg?fit=760%2C478&ssl=1&resize=525%2C300 1.5x, https:\/\/i0.wp.com\/senegalndiaye.com\/wp-content\/uploads\/2021\/04\/formation-professionelle.jpg?fit=760%2C478&ssl=1&resize=700%2C400 2x"},"classes":[]}],"_links":{"self":[{"href":"https:\/\/senegalndiaye.com\/es\/wp-json\/wp\/v2\/posts\/24504","targetHints":{"allow":["GET"]}}],"collection":[{"href":"https:\/\/senegalndiaye.com\/es\/wp-json\/wp\/v2\/posts"}],"about":[{"href":"https:\/\/senegalndiaye.com\/es\/wp-json\/wp\/v2\/types\/post"}],"author":[{"embeddable":true,"href":"https:\/\/senegalndiaye.com\/es\/wp-json\/wp\/v2\/users\/8"}],"replies":[{"embeddable":true,"href":"https:\/\/senegalndiaye.com\/es\/wp-json\/wp\/v2\/comments?post=24504"}],"version-history":[{"count":2,"href":"https:\/\/senegalndiaye.com\/es\/wp-json\/wp\/v2\/posts\/24504\/revisions"}],"predecessor-version":[{"id":24507,"href":"https:\/\/senegalndiaye.com\/es\/wp-json\/wp\/v2\/posts\/24504\/revisions\/24507"}],"wp:featuredmedia":[{"embeddable":true,"href":"https:\/\/senegalndiaye.com\/es\/wp-json\/wp\/v2\/media\/24505"}],"wp:attachment":[{"href":"https:\/\/senegalndiaye.com\/es\/wp-json\/wp\/v2\/media?parent=24504"}],"wp:term":[{"taxonomy":"category","embeddable":true,"href":"https:\/\/senegalndiaye.com\/es\/wp-json\/wp\/v2\/categories?post=24504"},{"taxonomy":"post_tag","embeddable":true,"href":"https:\/\/senegalndiaye.com\/es\/wp-json\/wp\/v2\/tags?post=24504"}],"curies":[{"name":"gracias","href":"https:\/\/api.w.org\/{rel}","templated":true}]}}