{"id":24305,"date":"2021-07-12T21:00:09","date_gmt":"2021-07-12T21:00:09","guid":{"rendered":"https:\/\/senegalndiaye.com\/?p=24305"},"modified":"2022-03-08T10:07:14","modified_gmt":"2022-03-08T10:07:14","slug":"%e2%9c%85-programme-de-la-lutte-senegalaise-en-2021","status":"publish","type":"post","link":"https:\/\/senegalndiaye.com\/es\/%e2%9c%85-programme-de-la-lutte-senegalaise-en-2021\/","title":{"rendered":"\u2705 Programa de lucha senegalesa en 2021 \u2013 2022"},"content":{"rendered":"<p>Con un a\u00f1o en blanco por la pandemia del coronavirus, la lucha libre senegalesa regresa con fechas in\u00e9ditas. De hecho, prometedores como Gaston, Luc Nicola\u00ef y Thialis han empatado peleas tit\u00e1nicas como Balla Gaye vs Bombardier o Ama Bald\u00e9 vs Modou Lo. No te pierdas ninguna pelea, aqu\u00ed <strong>el programa de lucha senegalesa en 2022<\/strong>.<\/p>\n<h3>Calendario de lucha senegalesa 2021 \u2013 2022<\/h3>\n\n<table id=\"tablepress-43\" class=\"tablepress tablepress-id-43\">\n<thead>\n<tr class=\"row-1\">\n\t<th class=\"column-1\">peleas<\/th><th class=\"column-2\">fechas<\/th>\n<\/tr>\n<\/thead>\n<tbody class=\"row-striping row-hover\">\n<tr class=\"row-2\">\n\t<td class=\"column-1\"><b>Frank contra Forza<\/td><td class=\"column-2\"><b>2 de octubre de 2022 <\/td>\n<\/tr>\n<tr class=\"row-3\">\n\t<td class=\"column-1\"><b>Balla Gaye contra Grey Boy Niang 2<\/td><td class=\"column-2\"><b>1 de enero de 2023<\/td>\n<\/tr>\n<tr class=\"row-4\">\n\t<td class=\"column-1\"><b>Sa thies vs Reug reug<\/td><td class=\"column-2\"><b>05 marzo 2023 <\/td>\n<\/tr>\n<\/tbody>\n<\/table>\n<!-- #tablepress-43 from cache -->\n<p><script async src=\"https:\/\/pagead2.googlesyndication.com\/pagead\/js\/adsbygoogle.js\"><\/script><br \/>\n<ins class=\"adsbygoogle\" style=\"display: block; text-align: center;\" data-ad-layout=\"in-article\" data-ad-format=\"fluid\" data-ad-client=\"ca-pub-2317662529110026\" data-ad-slot=\"8210013961\"><\/ins><br \/>\n<script>\n     (adsbygoogle = window.adsbygoogle || []).push({});\n<\/script><\/p>\n<p><strong>Boy Niang 2 vs Tapha Tine el 19 de diciembre de 2021<\/strong><\/p>\n<p>Tapha Tine, el gigante de Baol que lleva mucho tiempo sin luchar, se enfrentar\u00e1 a Boy Niang 2. Una oportunidad perfecta para que el hijo de De Gaulle borre esos malos recuerdos de la arena. De hecho, perdi\u00f3 contra Lac de Guiers 2 en <strong>julio 2019<\/strong> lo que le hab\u00eda hecho perder muchos puntos. Es una pelea estrat\u00e9gica. De hecho, los dos hombres luchar\u00e1n con la esperanza de mantener su lugar en las grandes ligas.<\/p>\n<p><strong>Balla Gaye 2 vs Bombardier el 1 de enero de 2022. \u00a0\u00a0\u00a0\u00a0\u00a0<\/strong><\/p>\n<p>Este mes de julio promete en cuanto a combates de lucha libre se refiere. De hecho, Gaston Mbengue gan\u00f3 la segunda pelea entre Balla Gaye 2 y Bombardier, un choque y venganza entre los dos hombres. Recordemos que su \u00faltima pelea en junio de 2014 termin\u00f3 con una victoria para B52. Entonces, una oportunidad para Bombardier de reafirmar su tama\u00f1o sobre el le\u00f3n de Gu\u00e9diawaye y una oportunidad para Balla Gaye de vengar la afrenta.<\/p>\n<p><strong>Gouy Gui vs Reug Reug, 20 de febrero de 2022<\/strong><\/p>\n<p>Finalmente, se formaliza la pelea entre los dos hombres. Tendr\u00e1 lugar en el Estadio Nacional. Reug Reug hab\u00eda dejado Senegal para dedicarse a las MMA. Esta pelea ser\u00e1 un regreso a casa para \u00e9l. Gouy Gui, por su parte, sali\u00f3 victorioso de su combate con Siteu. \u00bfReafirmar\u00e1 su supremac\u00eda?<\/p>\n<p>El programa de lucha libre senegalesa en 2021 promete eventos sin precedentes. Mantente pegado a nuestra p\u00e1gina para no perderte ninguna informaci\u00f3n.<\/p>\n<h4>Encuentra todos nuestros art\u00edculos en nuestra <a href=\"https:\/\/senegalndiaye.com\/es\/blog\/\">Blog<\/a><\/h4>\n<span class=\"tags-links\"><a href=\"https:\/\/senegalndiaye.com\/es\/tag\/balla-gaye-2-vs-bombardier-date\/\" rel=\"tag\">balla gaye 2 vs bomba de fecha<\/a><a href=\"https:\/\/senegalndiaye.com\/es\/tag\/boy-niang-2-vs-tapha-tine-date\/\" rel=\"tag\">chico niang 2 vs tapha tine fecha<\/a><a href=\"https:\/\/senegalndiaye.com\/es\/tag\/calendrier-lutte-senegalaise-2021\/\" rel=\"tag\">Calendario de lucha senegalesa 2021<\/a><a href=\"https:\/\/senegalndiaye.com\/es\/tag\/combat-de-lutte-senegal-2021\/\" rel=\"tag\">pelea de lucha senegal 2021<\/a><a href=\"https:\/\/senegalndiaye.com\/es\/tag\/modou-lo-vs-ama-balde-date\/\" rel=\"tag\">modou lo vs ama calvo fecha<\/a><a href=\"https:\/\/senegalndiaye.com\/es\/tag\/siteu-papa-sow-date\/\" rel=\"tag\">siteu papi puerca fecha<\/a><\/span>","protected":false},"excerpt":{"rendered":"<p>Avec une ann\u00e9e blanche \u00e0 cause de la pand\u00e9mie du coronavirus la lutte s\u00e9n\u00e9galaise revient avec des dates in\u00e9dites. En effet, les prometteurs tels que Gaston, Luc Nicola\u00ef et Thialis ont ficel\u00e9 des combats de titans\u00a0comme Balla Gaye vs Bombardier ou encore Ama Bald\u00e9 vs Modou Lo. Ne ratez aucun combat, voici le programme de [&hellip;]<\/p>\n","protected":false},"author":8,"featured_media":24310,"comment_status":"open","ping_status":"open","sticky":false,"template":"","format":"standard","meta":{"_jetpack_memberships_contains_paid_content":false,"footnotes":""},"categories":[83],"tags":[521,523,520,530,524,522],"class_list":["post-24305","post","type-post","status-publish","format-standard","has-post-thumbnail","hentry","category-blog","tag-balla-gaye-2-vs-bombardier-date","tag-boy-niang-2-vs-tapha-tine-date","tag-calendrier-lutte-senegalaise-2021","tag-combat-de-lutte-senegal-2021","tag-modou-lo-vs-ama-balde-date","tag-siteu-papa-sow-date"],"yoast_head":"<!-- This site is optimized with the Yoast SEO plugin v27.5 - https:\/\/yoast.com\/product\/yoast-seo-wordpress\/ -->\n<title>\u2705 Programme de la lutte s\u00e9n\u00e9galaise en 2021 - 2022 &#187; Senegal Ndiaye<\/title>\n<meta name=\"description\" content=\"Ne ratez aucun combat, voici le programme de la lutte s\u00e9n\u00e9galaise en 2021.\" \/>\n<meta name=\"robots\" content=\"index, follow, max-snippet:-1, max-image-preview:large, max-video-preview:-1\" \/>\n<link rel=\"canonical\" href=\"https:\/\/senegalndiaye.com\/es\/\u2705-programme-de-la-lutte-senegalaise-en-2021\/\" \/>\n<meta property=\"og:locale\" content=\"es_ES\" \/>\n<meta property=\"og:type\" content=\"article\" \/>\n<meta property=\"og:title\" content=\"\u2705 Programme de la lutte s\u00e9n\u00e9galaise en 2021 - 2022 &#187; Senegal Ndiaye\" \/>\n<meta property=\"og:description\" content=\"Ne ratez aucun combat, voici le programme de la lutte s\u00e9n\u00e9galaise en 2021.\" \/>\n<meta property=\"og:url\" content=\"https:\/\/senegalndiaye.com\/es\/\u2705-programme-de-la-lutte-senegalaise-en-2021\/\" \/>\n<meta property=\"og:site_name\" content=\"Senegal Ndiaye\" \/>\n<meta property=\"article:publisher\" content=\"https:\/\/www.facebook.com\/senegalndiaye4\/\" \/>\n<meta property=\"article:published_time\" content=\"2021-07-12T21:00:09+00:00\" \/>\n<meta property=\"article:modified_time\" content=\"2022-03-08T10:07:14+00:00\" \/>\n<meta property=\"og:image\" content=\"https:\/\/senegalndiaye.com\/wp-content\/uploads\/2021\/07\/lutte-senegalaise-programme.jpg\" \/>\n\t<meta property=\"og:image:width\" content=\"1024\" \/>\n\t<meta property=\"og:image:height\" content=\"609\" \/>\n\t<meta property=\"og:image:type\" content=\"image\/jpeg\" \/>\n<meta name=\"author\" content=\"Moderateur\" \/>\n<meta name=\"twitter:card\" content=\"summary_large_image\" \/>\n<meta name=\"twitter:creator\" content=\"@Senegalndiaye5\" \/>\n<meta name=\"twitter:site\" content=\"@Senegalndiaye5\" \/>\n<meta name=\"twitter:label1\" content=\"Escrito por\" \/>\n\t<meta name=\"twitter:data1\" content=\"Moderateur\" \/>\n\t<meta name=\"twitter:label2\" content=\"Tiempo de lectura\" \/>\n\t<meta name=\"twitter:data2\" content=\"2 minutos\" \/>\n<script type=\"application\/ld+json\" class=\"yoast-schema-graph\">{\"@context\":\"https:\\\/\\\/schema.org\",\"@graph\":[{\"@type\":\"Article\",\"@id\":\"https:\\\/\\\/senegalndiaye.com\\\/%e2%9c%85-programme-de-la-lutte-senegalaise-en-2021\\\/#article\",\"isPartOf\":{\"@id\":\"https:\\\/\\\/senegalndiaye.com\\\/%e2%9c%85-programme-de-la-lutte-senegalaise-en-2021\\\/\"},\"author\":{\"name\":\"Moderateur\",\"@id\":\"https:\\\/\\\/senegalndiaye.com\\\/#\\\/schema\\\/person\\\/c1e0d9f50bc68102f5a7368b7c9551f5\"},\"headline\":\"\u2705 Programme de la lutte s\u00e9n\u00e9galaise en 2021 &#8211; 2022\",\"datePublished\":\"2021-07-12T21:00:09+00:00\",\"dateModified\":\"2022-03-08T10:07:14+00:00\",\"mainEntityOfPage\":{\"@id\":\"https:\\\/\\\/senegalndiaye.com\\\/%e2%9c%85-programme-de-la-lutte-senegalaise-en-2021\\\/\"},\"wordCount\":348,\"commentCount\":6,\"publisher\":{\"@id\":\"https:\\\/\\\/senegalndiaye.com\\\/#organization\"},\"image\":{\"@id\":\"https:\\\/\\\/senegalndiaye.com\\\/%e2%9c%85-programme-de-la-lutte-senegalaise-en-2021\\\/#primaryimage\"},\"thumbnailUrl\":\"https:\\\/\\\/i0.wp.com\\\/senegalndiaye.com\\\/wp-content\\\/uploads\\\/2021\\\/07\\\/lutte-senegalaise-programme.jpg?fit=1024%2C609&ssl=1\",\"keywords\":[\"balla gaye 2 vs bombardier date\",\"boy niang 2 vs tapha tine date\",\"calendrier lutte s\u00e9n\u00e9galaise 2021\",\"combat de lutte s\u00e9n\u00e9gal 2021\",\"modou lo vs ama bald\u00e9 date\",\"siteu papa sow date\"],\"articleSection\":[\"Blog\"],\"inLanguage\":\"es\",\"potentialAction\":[{\"@type\":\"CommentAction\",\"name\":\"Comment\",\"target\":[\"https:\\\/\\\/senegalndiaye.com\\\/%e2%9c%85-programme-de-la-lutte-senegalaise-en-2021\\\/#respond\"]}]},{\"@type\":\"WebPage\",\"@id\":\"https:\\\/\\\/senegalndiaye.com\\\/%e2%9c%85-programme-de-la-lutte-senegalaise-en-2021\\\/\",\"url\":\"https:\\\/\\\/senegalndiaye.com\\\/%e2%9c%85-programme-de-la-lutte-senegalaise-en-2021\\\/\",\"name\":\"\u2705 Programme de la lutte s\u00e9n\u00e9galaise en 2021 - 2022 &#187; Senegal Ndiaye\",\"isPartOf\":{\"@id\":\"https:\\\/\\\/senegalndiaye.com\\\/#website\"},\"primaryImageOfPage\":{\"@id\":\"https:\\\/\\\/senegalndiaye.com\\\/%e2%9c%85-programme-de-la-lutte-senegalaise-en-2021\\\/#primaryimage\"},\"image\":{\"@id\":\"https:\\\/\\\/senegalndiaye.com\\\/%e2%9c%85-programme-de-la-lutte-senegalaise-en-2021\\\/#primaryimage\"},\"thumbnailUrl\":\"https:\\\/\\\/i0.wp.com\\\/senegalndiaye.com\\\/wp-content\\\/uploads\\\/2021\\\/07\\\/lutte-senegalaise-programme.jpg?fit=1024%2C609&ssl=1\",\"datePublished\":\"2021-07-12T21:00:09+00:00\",\"dateModified\":\"2022-03-08T10:07:14+00:00\",\"description\":\"Ne ratez aucun combat, voici le programme de la lutte s\u00e9n\u00e9galaise en 2021.\",\"breadcrumb\":{\"@id\":\"https:\\\/\\\/senegalndiaye.com\\\/%e2%9c%85-programme-de-la-lutte-senegalaise-en-2021\\\/#breadcrumb\"},\"inLanguage\":\"es\",\"potentialAction\":[{\"@type\":\"ReadAction\",\"target\":[\"https:\\\/\\\/senegalndiaye.com\\\/%e2%9c%85-programme-de-la-lutte-senegalaise-en-2021\\\/\"]}]},{\"@type\":\"ImageObject\",\"inLanguage\":\"es\",\"@id\":\"https:\\\/\\\/senegalndiaye.com\\\/%e2%9c%85-programme-de-la-lutte-senegalaise-en-2021\\\/#primaryimage\",\"url\":\"https:\\\/\\\/i0.wp.com\\\/senegalndiaye.com\\\/wp-content\\\/uploads\\\/2021\\\/07\\\/lutte-senegalaise-programme.jpg?fit=1024%2C609&ssl=1\",\"contentUrl\":\"https:\\\/\\\/i0.wp.com\\\/senegalndiaye.com\\\/wp-content\\\/uploads\\\/2021\\\/07\\\/lutte-senegalaise-programme.jpg?fit=1024%2C609&ssl=1\",\"width\":1024,\"height\":609,\"caption\":\"lutte senegalaise programme 2021\"},{\"@type\":\"BreadcrumbList\",\"@id\":\"https:\\\/\\\/senegalndiaye.com\\\/%e2%9c%85-programme-de-la-lutte-senegalaise-en-2021\\\/#breadcrumb\",\"itemListElement\":[{\"@type\":\"ListItem\",\"position\":1,\"name\":\"Accueil\",\"item\":\"https:\\\/\\\/senegalndiaye.com\\\/\"},{\"@type\":\"ListItem\",\"position\":2,\"name\":\"\u2705 Programme de la lutte s\u00e9n\u00e9galaise en 2021 &#8211; 2022\"}]},{\"@type\":\"WebSite\",\"@id\":\"https:\\\/\\\/senegalndiaye.com\\\/#website\",\"url\":\"https:\\\/\\\/senegalndiaye.com\\\/\",\"name\":\"Senegal Ndiaye\",\"description\":\"Retrouvez les meilleurs endroits du S\u00e9n\u00e9gal\",\"publisher\":{\"@id\":\"https:\\\/\\\/senegalndiaye.com\\\/#organization\"},\"potentialAction\":[{\"@type\":\"SearchAction\",\"target\":{\"@type\":\"EntryPoint\",\"urlTemplate\":\"https:\\\/\\\/senegalndiaye.com\\\/?s={search_term_string}\"},\"query-input\":{\"@type\":\"PropertyValueSpecification\",\"valueRequired\":true,\"valueName\":\"search_term_string\"}}],\"inLanguage\":\"es\"},{\"@type\":\"Organization\",\"@id\":\"https:\\\/\\\/senegalndiaye.com\\\/#organization\",\"name\":\"Senegal Ndiaye\",\"url\":\"https:\\\/\\\/senegalndiaye.com\\\/\",\"logo\":{\"@type\":\"ImageObject\",\"inLanguage\":\"es\",\"@id\":\"https:\\\/\\\/senegalndiaye.com\\\/#\\\/schema\\\/logo\\\/image\\\/\",\"url\":\"https:\\\/\\\/senegalndiaye.com\\\/wp-content\\\/uploads\\\/2018\\\/05\\\/senegalndiaye_logo.png\",\"contentUrl\":\"https:\\\/\\\/senegalndiaye.com\\\/wp-content\\\/uploads\\\/2018\\\/05\\\/senegalndiaye_logo.png\",\"width\":150,\"height\":106,\"caption\":\"Senegal Ndiaye\"},\"image\":{\"@id\":\"https:\\\/\\\/senegalndiaye.com\\\/#\\\/schema\\\/logo\\\/image\\\/\"},\"sameAs\":[\"https:\\\/\\\/www.facebook.com\\\/senegalndiaye4\\\/\",\"https:\\\/\\\/x.com\\\/Senegalndiaye5\",\"https:\\\/\\\/www.instagram.com\\\/senegalndiaye1\\\/\",\"https:\\\/\\\/www.linkedin.com\\\/company\\\/senegal-ndiaye\\\/\"]},{\"@type\":\"Person\",\"@id\":\"https:\\\/\\\/senegalndiaye.com\\\/#\\\/schema\\\/person\\\/c1e0d9f50bc68102f5a7368b7c9551f5\",\"name\":\"Moderateur\",\"image\":{\"@type\":\"ImageObject\",\"inLanguage\":\"es\",\"@id\":\"https:\\\/\\\/senegalndiaye.com\\\/wp-content\\\/litespeed\\\/avatar\\\/3fb7bc779db92bd05c1837e9542df344.jpg?ver=1777309443\",\"url\":\"https:\\\/\\\/senegalndiaye.com\\\/wp-content\\\/litespeed\\\/avatar\\\/3fb7bc779db92bd05c1837e9542df344.jpg?ver=1777309443\",\"contentUrl\":\"https:\\\/\\\/senegalndiaye.com\\\/wp-content\\\/litespeed\\\/avatar\\\/3fb7bc779db92bd05c1837e9542df344.jpg?ver=1777309443\",\"caption\":\"Moderateur\"},\"url\":\"https:\\\/\\\/senegalndiaye.com\\\/es\\\/author\\\/sndigital\\\/\"}]}<\/script>\n<!-- \/ Yoast SEO plugin. -->","yoast_head_json":{"title":"\u2705 Programa de lucha libre senegalesa 2021-2022 \u00bb Senegal Ndiaye","description":"No te pierdas ning\u00fan combate, aqu\u00ed tienes el programa de lucha libre senegalesa en 2021.","robots":{"index":"index","follow":"follow","max-snippet":"max-snippet:-1","max-image-preview":"max-image-preview:large","max-video-preview":"max-video-preview:-1"},"canonical":"https:\/\/senegalndiaye.com\/es\/\u2705-programme-de-la-lutte-senegalaise-en-2021\/","og_locale":"es_ES","og_type":"article","og_title":"\u2705 Programme de la lutte s\u00e9n\u00e9galaise en 2021 - 2022 &#187; Senegal Ndiaye","og_description":"Ne ratez aucun combat, voici le programme de la lutte s\u00e9n\u00e9galaise en 2021.","og_url":"https:\/\/senegalndiaye.com\/es\/\u2705-programme-de-la-lutte-senegalaise-en-2021\/","og_site_name":"Senegal Ndiaye","article_publisher":"https:\/\/www.facebook.com\/senegalndiaye4\/","article_published_time":"2021-07-12T21:00:09+00:00","article_modified_time":"2022-03-08T10:07:14+00:00","og_image":[{"width":1024,"height":609,"url":"https:\/\/senegalndiaye.com\/wp-content\/uploads\/2021\/07\/lutte-senegalaise-programme.jpg","type":"image\/jpeg"}],"author":"Moderateur","twitter_card":"summary_large_image","twitter_creator":"@Senegalndiaye5","twitter_site":"@Senegalndiaye5","twitter_misc":{"Escrito por":"Moderateur","Tiempo de lectura":"2 minutos"},"schema":{"@context":"https:\/\/schema.org","@graph":[{"@type":"Article","@id":"https:\/\/senegalndiaye.com\/%e2%9c%85-programme-de-la-lutte-senegalaise-en-2021\/#article","isPartOf":{"@id":"https:\/\/senegalndiaye.com\/%e2%9c%85-programme-de-la-lutte-senegalaise-en-2021\/"},"author":{"name":"Moderateur","@id":"https:\/\/senegalndiaye.com\/#\/schema\/person\/c1e0d9f50bc68102f5a7368b7c9551f5"},"headline":"\u2705 Programme de la lutte s\u00e9n\u00e9galaise en 2021 &#8211; 2022","datePublished":"2021-07-12T21:00:09+00:00","dateModified":"2022-03-08T10:07:14+00:00","mainEntityOfPage":{"@id":"https:\/\/senegalndiaye.com\/%e2%9c%85-programme-de-la-lutte-senegalaise-en-2021\/"},"wordCount":348,"commentCount":6,"publisher":{"@id":"https:\/\/senegalndiaye.com\/#organization"},"image":{"@id":"https:\/\/senegalndiaye.com\/%e2%9c%85-programme-de-la-lutte-senegalaise-en-2021\/#primaryimage"},"thumbnailUrl":"https:\/\/i0.wp.com\/senegalndiaye.com\/wp-content\/uploads\/2021\/07\/lutte-senegalaise-programme.jpg?fit=1024%2C609&ssl=1","keywords":["balla gaye 2 vs bombardier date","boy niang 2 vs tapha tine date","calendrier lutte s\u00e9n\u00e9galaise 2021","combat de lutte s\u00e9n\u00e9gal 2021","modou lo vs ama bald\u00e9 date","siteu papa sow date"],"articleSection":["Blog"],"inLanguage":"es","potentialAction":[{"@type":"CommentAction","name":"Comment","target":["https:\/\/senegalndiaye.com\/%e2%9c%85-programme-de-la-lutte-senegalaise-en-2021\/#respond"]}]},{"@type":"WebPage","@id":"https:\/\/senegalndiaye.com\/%e2%9c%85-programme-de-la-lutte-senegalaise-en-2021\/","url":"https:\/\/senegalndiaye.com\/%e2%9c%85-programme-de-la-lutte-senegalaise-en-2021\/","name":"\u2705 Programa de lucha libre senegalesa 2021-2022 \u00bb Senegal Ndiaye","isPartOf":{"@id":"https:\/\/senegalndiaye.com\/#website"},"primaryImageOfPage":{"@id":"https:\/\/senegalndiaye.com\/%e2%9c%85-programme-de-la-lutte-senegalaise-en-2021\/#primaryimage"},"image":{"@id":"https:\/\/senegalndiaye.com\/%e2%9c%85-programme-de-la-lutte-senegalaise-en-2021\/#primaryimage"},"thumbnailUrl":"https:\/\/i0.wp.com\/senegalndiaye.com\/wp-content\/uploads\/2021\/07\/lutte-senegalaise-programme.jpg?fit=1024%2C609&ssl=1","datePublished":"2021-07-12T21:00:09+00:00","dateModified":"2022-03-08T10:07:14+00:00","description":"No te pierdas ning\u00fan combate, aqu\u00ed tienes el programa de lucha libre senegalesa en 2021.","breadcrumb":{"@id":"https:\/\/senegalndiaye.com\/%e2%9c%85-programme-de-la-lutte-senegalaise-en-2021\/#breadcrumb"},"inLanguage":"es","potentialAction":[{"@type":"ReadAction","target":["https:\/\/senegalndiaye.com\/%e2%9c%85-programme-de-la-lutte-senegalaise-en-2021\/"]}]},{"@type":"ImageObject","inLanguage":"es","@id":"https:\/\/senegalndiaye.com\/%e2%9c%85-programme-de-la-lutte-senegalaise-en-2021\/#primaryimage","url":"https:\/\/i0.wp.com\/senegalndiaye.com\/wp-content\/uploads\/2021\/07\/lutte-senegalaise-programme.jpg?fit=1024%2C609&ssl=1","contentUrl":"https:\/\/i0.wp.com\/senegalndiaye.com\/wp-content\/uploads\/2021\/07\/lutte-senegalaise-programme.jpg?fit=1024%2C609&ssl=1","width":1024,"height":609,"caption":"lutte senegalaise programme 2021"},{"@type":"BreadcrumbList","@id":"https:\/\/senegalndiaye.com\/%e2%9c%85-programme-de-la-lutte-senegalaise-en-2021\/#breadcrumb","itemListElement":[{"@type":"ListItem","position":1,"name":"Accueil","item":"https:\/\/senegalndiaye.com\/"},{"@type":"ListItem","position":2,"name":"\u2705 Programme de la lutte s\u00e9n\u00e9galaise en 2021 &#8211; 2022"}]},{"@type":"WebSite","@id":"https:\/\/senegalndiaye.com\/#website","url":"https:\/\/senegalndiaye.com\/","name":"senegal ndiaye","description":"Encuentra los mejores lugares en Senegal","publisher":{"@id":"https:\/\/senegalndiaye.com\/#organization"},"potentialAction":[{"@type":"SearchAction","target":{"@type":"EntryPoint","urlTemplate":"https:\/\/senegalndiaye.com\/?s={search_term_string}"},"query-input":{"@type":"PropertyValueSpecification","valueRequired":true,"valueName":"search_term_string"}}],"inLanguage":"es"},{"@type":"Organization","@id":"https:\/\/senegalndiaye.com\/#organization","name":"senegal ndiaye","url":"https:\/\/senegalndiaye.com\/","logo":{"@type":"ImageObject","inLanguage":"es","@id":"https:\/\/senegalndiaye.com\/#\/schema\/logo\/image\/","url":"https:\/\/senegalndiaye.com\/wp-content\/uploads\/2018\/05\/senegalndiaye_logo.png","contentUrl":"https:\/\/senegalndiaye.com\/wp-content\/uploads\/2018\/05\/senegalndiaye_logo.png","width":150,"height":106,"caption":"Senegal Ndiaye"},"image":{"@id":"https:\/\/senegalndiaye.com\/#\/schema\/logo\/image\/"},"sameAs":["https:\/\/www.facebook.com\/senegalndiaye4\/","https:\/\/x.com\/Senegalndiaye5","https:\/\/www.instagram.com\/senegalndiaye1\/","https:\/\/www.linkedin.com\/company\/senegal-ndiaye\/"]},{"@type":"Person","@id":"https:\/\/senegalndiaye.com\/#\/schema\/person\/c1e0d9f50bc68102f5a7368b7c9551f5","name":"Moderador","image":{"@type":"ImageObject","inLanguage":"es","@id":"https:\/\/senegalndiaye.com\/wp-content\/litespeed\/avatar\/3fb7bc779db92bd05c1837e9542df344.jpg?ver=1777309443","url":"https:\/\/senegalndiaye.com\/wp-content\/litespeed\/avatar\/3fb7bc779db92bd05c1837e9542df344.jpg?ver=1777309443","contentUrl":"https:\/\/senegalndiaye.com\/wp-content\/litespeed\/avatar\/3fb7bc779db92bd05c1837e9542df344.jpg?ver=1777309443","caption":"Moderateur"},"url":"https:\/\/senegalndiaye.com\/es\/author\/sndigital\/"}]}},"jetpack_featured_media_url":"https:\/\/i0.wp.com\/senegalndiaye.com\/wp-content\/uploads\/2021\/07\/lutte-senegalaise-programme.jpg?fit=1024%2C609&ssl=1","jetpack_sharing_enabled":true,"jetpack-related-posts":[{"id":29539,"url":"https:\/\/senegalndiaye.com\/es\/analyse-du-combat-ama-balde-vs-franc-favori-force-faiblesse-date\/","url_meta":{"origin":24305,"position":0},"title":"An\u00e1lisis de la pelea Ama Balde vs Franc \u2013 Favorito, fortaleza, debilidad, fecha","author":"Moderateur","date":"diciembre 6, 2024","format":false,"excerpt":"El enfrentamiento entre Franc y Ama Bald\u00e9 ser\u00e1 un evento clave en la lucha libre senegalesa, enfrentando a dos luchadores en la cima de su carrera. Su choque pondr\u00e1 de manifiesto las marcadas diferencias en sus estilos de lucha, estrategias y fortalezas. Aqu\u00ed tienes un an\u00e1lisis a fondo basado en...","rel":"","context":"En \u00abLutte s\u00e9n\u00e9galaise\u00bb","block_context":{"text":"Lutte s\u00e9n\u00e9galaise","link":"https:\/\/senegalndiaye.com\/es\/category\/lutte-senegalaise\/"},"img":{"alt_text":"Fiche lutteur Franc","src":"https:\/\/i0.wp.com\/senegalndiaye.com\/wp-content\/uploads\/2024\/12\/fiche-Franc.png?fit=590%2C881&ssl=1&resize=350%2C200","width":350,"height":200,"srcset":"https:\/\/i0.wp.com\/senegalndiaye.com\/wp-content\/uploads\/2024\/12\/fiche-Franc.png?fit=590%2C881&ssl=1&resize=350%2C200 1x, https:\/\/i0.wp.com\/senegalndiaye.com\/wp-content\/uploads\/2024\/12\/fiche-Franc.png?fit=590%2C881&ssl=1&resize=525%2C300 1.5x"},"classes":[]},{"id":29520,"url":"https:\/\/senegalndiaye.com\/es\/analyse-du-combat-boy-niang-2-vs-reug-reug-favoris-force-faiblesse-date\/","url_meta":{"origin":24305,"position":1},"title":"An\u00e1lisis de la pelea Boy Niang 2 vs Reug reug \u2013 Favorito, fuerza, debilidad, fecha","author":"Moderateur","date":"diciembre 5, 2024","format":false,"excerpt":"El combate entre Boy Niang 2 y Reug Reug ser\u00e1 un choque tit\u00e1nico en la arena de la lucha libre senegalesa, a celebrarse el 1 de enero de 2025, enfrentando dos estilos, estrategias y personalidades muy distintos. Bas\u00e1ndonos en sus respectivos r\u00e9cords, aqu\u00ed presentamos un an\u00e1lisis completo de las fortalezas y debilidades de ambos...","rel":"","context":"En \u00abLutte s\u00e9n\u00e9galaise\u00bb","block_context":{"text":"Lutte s\u00e9n\u00e9galaise","link":"https:\/\/senegalndiaye.com\/es\/category\/lutte-senegalaise\/"},"img":{"alt_text":"Fiche reug reug","src":"https:\/\/i0.wp.com\/senegalndiaye.com\/wp-content\/uploads\/2024\/12\/Reug-reug.png?fit=591%2C882&ssl=1&resize=350%2C200","width":350,"height":200,"srcset":"https:\/\/i0.wp.com\/senegalndiaye.com\/wp-content\/uploads\/2024\/12\/Reug-reug.png?fit=591%2C882&ssl=1&resize=350%2C200 1x, https:\/\/i0.wp.com\/senegalndiaye.com\/wp-content\/uploads\/2024\/12\/Reug-reug.png?fit=591%2C882&ssl=1&resize=525%2C300 1.5x"},"classes":[]},{"id":29605,"url":"https:\/\/senegalndiaye.com\/es\/analyse-du-combat-fils-de-balla-vs-diene-kaire-favori-pronostique-force-faiblesse-date\/","url_meta":{"origin":24305,"position":2},"title":"An\u00e1lisis de la pelea Son de Balla vs Di\u00e8ne Kair\u00e9 \u2013 Favorito, predicci\u00f3n, fuerza, debilidad, fecha","author":"Moderateur","date":"diciembre 11, 2024","format":false,"excerpt":"El combate entre Fils de Balla y Di\u00e8ne Kair\u00e9, el 12 de enero de 2025, promete ser un acontecimiento importante en el mundo de la lucha libre senegalesa. A juzgar por las especificaciones t\u00e9cnicas de ambos oponentes, este choque se perfila como un choque entre dos estilos ofensivos, donde cada detalle ser\u00e1 decisivo...","rel":"","context":"En \u00abLutte s\u00e9n\u00e9galaise\u00bb","block_context":{"text":"Lutte s\u00e9n\u00e9galaise","link":"https:\/\/senegalndiaye.com\/es\/category\/lutte-senegalaise\/"},"img":{"alt_text":"","src":"https:\/\/i0.wp.com\/senegalndiaye.com\/wp-content\/uploads\/2024\/12\/fiche-fils-de-balla.png?fit=591%2C883&ssl=1&resize=350%2C200","width":350,"height":200,"srcset":"https:\/\/i0.wp.com\/senegalndiaye.com\/wp-content\/uploads\/2024\/12\/fiche-fils-de-balla.png?fit=591%2C883&ssl=1&resize=350%2C200 1x, https:\/\/i0.wp.com\/senegalndiaye.com\/wp-content\/uploads\/2024\/12\/fiche-fils-de-balla.png?fit=591%2C883&ssl=1&resize=525%2C300 1.5x"},"classes":[]},{"id":29563,"url":"https:\/\/senegalndiaye.com\/es\/analyse-du-combat-gris-bordeaux-vs-zarco-favori-pronostique-force-faiblesse-date\/","url_meta":{"origin":24305,"position":3},"title":"An\u00e1lisis de la pelea Bordeaux Grey vs Zarco \u2013 Favorito, predicci\u00f3n, fuerza, debilidad, fecha","author":"Moderateur","date":"diciembre 8, 2024","format":false,"excerpt":"El combate entre Gris Bordeaux y Zarco, programado para el 12 de enero de 2025, promete ser un duelo cautivador que enfrentar\u00e1 la experiencia y la t\u00e9cnica con la potencia y la determinaci\u00f3n. Ambos luchadores, conocidos por su estilo ofensivo, ya est\u00e1n generando entusiasmo entre los aficionados senegaleses a la lucha libre. Aqu\u00ed tienes\u2026","rel":"","context":"En \u00abLutte s\u00e9n\u00e9galaise\u00bb","block_context":{"text":"Lutte s\u00e9n\u00e9galaise","link":"https:\/\/senegalndiaye.com\/es\/category\/lutte-senegalaise\/"},"img":{"alt_text":"Fiche Zarco","src":"https:\/\/i0.wp.com\/senegalndiaye.com\/wp-content\/uploads\/2024\/12\/fiche-zarco.png?fit=591%2C882&ssl=1&resize=350%2C200","width":350,"height":200,"srcset":"https:\/\/i0.wp.com\/senegalndiaye.com\/wp-content\/uploads\/2024\/12\/fiche-zarco.png?fit=591%2C882&ssl=1&resize=350%2C200 1x, https:\/\/i0.wp.com\/senegalndiaye.com\/wp-content\/uploads\/2024\/12\/fiche-zarco.png?fit=591%2C882&ssl=1&resize=525%2C300 1.5x"},"classes":[]},{"id":29571,"url":"https:\/\/senegalndiaye.com\/es\/analyse-du-combat-forza-vs-general-malika-favori-pronostique-force-faiblesse-date\/","url_meta":{"origin":24305,"position":4},"title":"An\u00e1lisis de la pelea Forza vs General Malika \u2013 Favorito, predicci\u00f3n, fuerza, debilidad, fecha","author":"Moderateur","date":"diciembre 9, 2024","format":false,"excerpt":"El esperado combate entre Forza y General Malika, programado para el 1 de enero de 2025, promete ser emocionante. Este duelo presenta a dos luchadores con estilos ofensivos, impresionantes atributos f\u00edsicos y estrategias bien desarrolladas. Si bien ambos luchadores comparten habilidades y experiencia similares\u2026","rel":"","context":"En \u00abLutte s\u00e9n\u00e9galaise\u00bb","block_context":{"text":"Lutte s\u00e9n\u00e9galaise","link":"https:\/\/senegalndiaye.com\/es\/category\/lutte-senegalaise\/"},"img":{"alt_text":"","src":"https:\/\/i0.wp.com\/senegalndiaye.com\/wp-content\/uploads\/2024\/12\/fiche-forza.png?fit=591%2C886&ssl=1&resize=350%2C200","width":350,"height":200,"srcset":"https:\/\/i0.wp.com\/senegalndiaye.com\/wp-content\/uploads\/2024\/12\/fiche-forza.png?fit=591%2C886&ssl=1&resize=350%2C200 1x, https:\/\/i0.wp.com\/senegalndiaye.com\/wp-content\/uploads\/2024\/12\/fiche-forza.png?fit=591%2C886&ssl=1&resize=525%2C300 1.5x"},"classes":[]},{"id":24323,"url":"https:\/\/senegalndiaye.com\/es\/%e2%9c%85-calendrier-des-concerts-a-dakar-2021\/","url_meta":{"origin":24305,"position":5},"title":"\u2705 Calendario de conciertos en Dakar 2021","author":"Moderateur","date":"julio 14, 2021","format":false,"excerpt":"El calendario de conciertos del Dakar 2021 nos depara sorpresas entre julio y diciembre. De hecho, artistas como los famosos Burna Boy y Samba Peuzzi prometen espect\u00e1culos \u00fanicos. Aqu\u00ed tienes una lista de programas para a\u00f1adir a tu agenda musical este verano. Calendario\u2026","rel":"","context":"En \u00abBlog\u00bb","block_context":{"text":"Blog","link":"https:\/\/senegalndiaye.com\/es\/category\/blog\/"},"img":{"alt_text":"concert dakar 2021","src":"https:\/\/i0.wp.com\/senegalndiaye.com\/wp-content\/uploads\/2021\/07\/concert.jpg?fit=1200%2C750&ssl=1&resize=350%2C200","width":350,"height":200,"srcset":"https:\/\/i0.wp.com\/senegalndiaye.com\/wp-content\/uploads\/2021\/07\/concert.jpg?fit=1200%2C750&ssl=1&resize=350%2C200 1x, https:\/\/i0.wp.com\/senegalndiaye.com\/wp-content\/uploads\/2021\/07\/concert.jpg?fit=1200%2C750&ssl=1&resize=525%2C300 1.5x, https:\/\/i0.wp.com\/senegalndiaye.com\/wp-content\/uploads\/2021\/07\/concert.jpg?fit=1200%2C750&ssl=1&resize=700%2C400 2x, https:\/\/i0.wp.com\/senegalndiaye.com\/wp-content\/uploads\/2021\/07\/concert.jpg?fit=1200%2C750&ssl=1&resize=1050%2C600 3x"},"classes":[]}],"_links":{"self":[{"href":"https:\/\/senegalndiaye.com\/es\/wp-json\/wp\/v2\/posts\/24305","targetHints":{"allow":["GET"]}}],"collection":[{"href":"https:\/\/senegalndiaye.com\/es\/wp-json\/wp\/v2\/posts"}],"about":[{"href":"https:\/\/senegalndiaye.com\/es\/wp-json\/wp\/v2\/types\/post"}],"author":[{"embeddable":true,"href":"https:\/\/senegalndiaye.com\/es\/wp-json\/wp\/v2\/users\/8"}],"replies":[{"embeddable":true,"href":"https:\/\/senegalndiaye.com\/es\/wp-json\/wp\/v2\/comments?post=24305"}],"version-history":[{"count":13,"href":"https:\/\/senegalndiaye.com\/es\/wp-json\/wp\/v2\/posts\/24305\/revisions"}],"predecessor-version":[{"id":25420,"href":"https:\/\/senegalndiaye.com\/es\/wp-json\/wp\/v2\/posts\/24305\/revisions\/25420"}],"wp:featuredmedia":[{"embeddable":true,"href":"https:\/\/senegalndiaye.com\/es\/wp-json\/wp\/v2\/media\/24310"}],"wp:attachment":[{"href":"https:\/\/senegalndiaye.com\/es\/wp-json\/wp\/v2\/media?parent=24305"}],"wp:term":[{"taxonomy":"category","embeddable":true,"href":"https:\/\/senegalndiaye.com\/es\/wp-json\/wp\/v2\/categories?post=24305"},{"taxonomy":"post_tag","embeddable":true,"href":"https:\/\/senegalndiaye.com\/es\/wp-json\/wp\/v2\/tags?post=24305"}],"curies":[{"name":"gracias","href":"https:\/\/api.w.org\/{rel}","templated":true}]}}