{"id":23081,"date":"2020-08-16T19:55:39","date_gmt":"2020-08-16T19:55:39","guid":{"rendered":"https:\/\/senegalndiaye.com\/?p=23081"},"modified":"2021-04-09T10:10:22","modified_gmt":"2021-04-09T10:10:22","slug":"prix-du-samsung-a21s-au-senegal","status":"publish","type":"post","link":"https:\/\/senegalndiaye.com\/es\/prix-du-samsung-a21s-au-senegal\/","title":{"rendered":"Samsung A21S precio en Senegal"},"content":{"rendered":"<h3>FICHA T\u00c9CNICA<\/h3>\n<p>Est\u00e1 disponible en 4 colores. <strong>la<\/strong> <strong>negro<\/strong>,<span style=\"color: #ff0000;\"> el rojo<\/span>, <span style=\"color: #0000ff;\">el azul<\/span> y blanco.<\/p>\n<p>Nivel de rendimiento, no te decepcionar\u00e1 un tel\u00e9fono de esta gama.<br \/>\n- Tiene un <strong>pantalla de 6,5 pulgadas<\/strong> con una definici\u00f3n de 1600\u00d7820 p\u00edxeles<br \/>\n- Ella <strong>bater\u00eda<\/strong> tiene una capacidad de<strong> 5000mAh<\/strong> que f\u00e1cilmente puede durar 1 d\u00eda o incluso 1 d\u00eda y medio con un uso moderado del tel\u00e9fono.<br \/>\n- \u00c9l <strong>conjuntos de chips<\/strong> es <strong>el nuevo procesador Exynos 850<\/strong>. Para la memoria viva es <strong>4 GB <\/strong>con un<strong> almacenamiento<\/strong>\u00a0<strong>64 GB. <\/strong>Si eso no es suficiente para ti, tiene un puerto microSDXC expandible hasta 512 GB.<strong><br \/>\n- El dispositivo <\/strong>frontal es de una capacidad<strong> de 13 <\/strong><strong>megap\u00edxeles <\/strong>En la parte trasera tiene:<\/p>\n<ul>\n<li>sensor principal <strong>48 megap\u00edxeles<\/strong> con apertura de lente en f\/2.0<\/li>\n<li>sensor <strong>8 megap\u00edxeles<\/strong> con lente gran angular<\/li>\n<\/ul>\n<p><script async src=\"https:\/\/pagead2.googlesyndication.com\/pagead\/js\/adsbygoogle.js\"><\/script><br \/>\n<ins class=\"adsbygoogle\"\n     style=\"display:block; text-align:center;\"\n     data-ad-layout=\"in-article\"\n     data-ad-format=\"fluid\"\n     data-ad-client=\"ca-pub-2317662529110026\"\n     data-ad-slot=\"8210013961\"><\/ins><br \/>\n<script>\n     (adsbygoogle = window.adsbygoogle || []).push({});\n<\/script><br \/>\n&nbsp;<\/p>\n<h3>A21S precio en Senegal<\/h3>\n<p>En Senegal los mejores precios var\u00edan entre <strong>117.500 y 125.000 FCFA<\/strong> para el modelo de <strong>64 GB<\/strong>. A continuaci\u00f3n puedes encontrar una tabla con los mejores precios y d\u00f3nde comprar este tel\u00e9fono.<\/p>\n\n<table id=\"tablepress-40\" class=\"tablepress tablepress-id-40 tbody-has-connected-cells\">\n<thead>\n<tr class=\"row-1\">\n\t<th class=\"column-1\">Premio <\/th><th class=\"column-2\">Vendedor<\/th><th class=\"column-3\">Ficha t\u00e9cnica<\/th><th class=\"column-4\">foto samsung a21s<\/th>\n<\/tr>\n<\/thead>\n<tbody class=\"row-striping row-hover\">\n<tr class=\"row-2\">\n\t<td class=\"column-1\"><strong>125.000 francos CFA<\/strong><\/td><td class=\"column-2\"><u><a href=\"https:\/\/kandjietfreres.com\/boutique\/mobiles\/samsung-galaxy-a21s\/\" rel=\"noopener noreferrer\" target=\"_blank\">Kanji y hermanos<\/a><\/td><td rowspan=\"4\" class=\"column-3\">Pantalla: 6,5 pulgadas<br \/>\nMemoria: 64GB ROM + 4GB RAM<br \/>\nC\u00e1mara frontal: 13MP<br \/>\nC\u00e1mara trasera: 4 c\u00e1maras, 48MP, flash Quad-LED.<br \/>\nBater\u00eda: 5000mAh<\/td><td rowspan=\"4\" class=\"column-4\"><img data-recalc-dims=\"1\" loading=\"lazy\" decoding=\"async\" src=\"https:\/\/i0.wp.com\/senegalndiaye.com\/wp-content\/uploads\/2020\/08\/a21s-1.jpg?resize=207%2C250&#038;ssl=1\" alt=\"\" width=\"207\" height=\"250\" class=\"alignnone size-full wp-image-23089\" \/><\/td>\n<\/tr>\n<tr class=\"row-3\">\n\t<td class=\"column-1\"><strong>117.500 francos CFA<\/strong><\/td><td class=\"column-2\"><u><a href=\"https:\/\/nova.sn\/telephones\/8037-samsung-galaxy-a21s-dual-sim-4g-lte-64go-ram-4go-black.html\" rel=\"noopener noreferrer\" target=\"_blank\">Nueva Dakar<\/a><\/td>\n<\/tr>\n<tr class=\"row-4\">\n\t<td class=\"column-1\"><strong>122.900 francos CFA<\/strong><\/td><td class=\"column-2\"><u><a href=\"https:\/\/www.promo.sn\/boutique\/samsung-galaxy-a21s-memoire-64-go-ram-4-go-ecran-6-5-pouces\/\" rel=\"noopener noreferrer\" target=\"_blank\">promo.sn<\/a><\/td>\n<\/tr>\n<tr class=\"row-5\">\n\t<td class=\"column-1\"><strong>124.900 francos CFA<\/strong><\/td><td class=\"column-2\"><u><a href=\"http:\/\/www.dakar-android.com\/sn\/produit\/samsung-galaxy-a21s-64go-6-5-ram-4go\/\" rel=\"noopener noreferrer\" target=\"_blank\">dakar androide<\/a><\/td>\n<\/tr>\n<\/tbody>\n<\/table>\n<!-- #tablepress-40 from cache -->\n<p><a href=\"https:\/\/senegalndiaye.com\/es\/prix-des-samsung-a-dakar\/\">Puede encontrar el precio de todos los tel\u00e9fonos Samsung haciendo clic aqu\u00ed<\/a><\/p>","protected":false},"excerpt":{"rendered":"<p>FICHE TECHNIQUE Il est disponible sous 4 couleurs le noir, le rouge, le bleu et le blanc. Niveau performance, vous ne serez pas d\u00e9\u00e7u pour un t\u00e9l\u00e9phone de cette gamme. &#8211; Il dispose d\u2019un \u00e9cran 6,5 pouces d&rsquo;une d\u00e9finition de 1600&#215;820 pixels &#8211; Sa batterie est d\u2019une capacit\u00e9 de 5000 mAh qui peut facilement tenir [&hellip;]<\/p>\n","protected":false},"author":8,"featured_media":23087,"comment_status":"open","ping_status":"open","sticky":false,"template":"","format":"standard","meta":{"_jetpack_memberships_contains_paid_content":false,"footnotes":""},"categories":[83,347],"tags":[],"class_list":["post-23081","post","type-post","status-publish","format-standard","has-post-thumbnail","hentry","category-blog","category-prix"],"yoast_head":"<!-- This site is optimized with the Yoast SEO plugin v27.5 - https:\/\/yoast.com\/product\/yoast-seo-wordpress\/ -->\n<title>Prix du Samsung A21S au S\u00e9n\u00e9gal &#187; Senegal Ndiaye<\/title>\n<meta name=\"description\" content=\"Au S\u00e9n\u00e9gal les meilleurs prix varient entre 117 500 et 125 000 FCFA pour le mod\u00e8le de 64\u00a0Go. Vous pouvez retrouver ci-dessous un tableau des meilleurs prix\" \/>\n<meta name=\"robots\" content=\"index, follow, max-snippet:-1, max-image-preview:large, max-video-preview:-1\" \/>\n<link rel=\"canonical\" href=\"https:\/\/senegalndiaye.com\/es\/prix-du-samsung-a21s-au-senegal\/\" \/>\n<meta property=\"og:locale\" content=\"es_ES\" \/>\n<meta property=\"og:type\" content=\"article\" \/>\n<meta property=\"og:title\" content=\"Prix du Samsung A21S au S\u00e9n\u00e9gal &#187; Senegal Ndiaye\" \/>\n<meta property=\"og:description\" content=\"Au S\u00e9n\u00e9gal les meilleurs prix varient entre 117 500 et 125 000 FCFA pour le mod\u00e8le de 64\u00a0Go. Vous pouvez retrouver ci-dessous un tableau des meilleurs prix\" \/>\n<meta property=\"og:url\" content=\"https:\/\/senegalndiaye.com\/es\/prix-du-samsung-a21s-au-senegal\/\" \/>\n<meta property=\"og:site_name\" content=\"Senegal Ndiaye\" \/>\n<meta property=\"article:publisher\" content=\"https:\/\/www.facebook.com\/senegalndiaye4\/\" \/>\n<meta property=\"article:published_time\" content=\"2020-08-16T19:55:39+00:00\" \/>\n<meta property=\"article:modified_time\" content=\"2021-04-09T10:10:22+00:00\" \/>\n<meta property=\"og:image\" content=\"https:\/\/senegalndiaye.com\/wp-content\/uploads\/2020\/08\/a21s.jpg\" \/>\n\t<meta property=\"og:image:width\" content=\"713\" \/>\n\t<meta property=\"og:image:height\" content=\"622\" \/>\n\t<meta property=\"og:image:type\" content=\"image\/jpeg\" \/>\n<meta name=\"author\" content=\"Moderateur\" \/>\n<meta name=\"twitter:card\" content=\"summary_large_image\" \/>\n<meta name=\"twitter:creator\" content=\"@Senegalndiaye5\" \/>\n<meta name=\"twitter:site\" content=\"@Senegalndiaye5\" \/>\n<meta name=\"twitter:label1\" content=\"Escrito por\" \/>\n\t<meta name=\"twitter:data1\" content=\"Moderateur\" \/>\n\t<meta name=\"twitter:label2\" content=\"Tiempo de lectura\" \/>\n\t<meta name=\"twitter:data2\" content=\"1 minuto\" \/>\n<script type=\"application\/ld+json\" class=\"yoast-schema-graph\">{\"@context\":\"https:\\\/\\\/schema.org\",\"@graph\":[{\"@type\":\"Article\",\"@id\":\"https:\\\/\\\/senegalndiaye.com\\\/prix-du-samsung-a21s-au-senegal\\\/#article\",\"isPartOf\":{\"@id\":\"https:\\\/\\\/senegalndiaye.com\\\/prix-du-samsung-a21s-au-senegal\\\/\"},\"author\":{\"name\":\"Moderateur\",\"@id\":\"https:\\\/\\\/senegalndiaye.com\\\/#\\\/schema\\\/person\\\/c1e0d9f50bc68102f5a7368b7c9551f5\"},\"headline\":\"Prix du Samsung A21S au S\u00e9n\u00e9gal\",\"datePublished\":\"2020-08-16T19:55:39+00:00\",\"dateModified\":\"2021-04-09T10:10:22+00:00\",\"mainEntityOfPage\":{\"@id\":\"https:\\\/\\\/senegalndiaye.com\\\/prix-du-samsung-a21s-au-senegal\\\/\"},\"wordCount\":213,\"commentCount\":1,\"publisher\":{\"@id\":\"https:\\\/\\\/senegalndiaye.com\\\/#organization\"},\"image\":{\"@id\":\"https:\\\/\\\/senegalndiaye.com\\\/prix-du-samsung-a21s-au-senegal\\\/#primaryimage\"},\"thumbnailUrl\":\"https:\\\/\\\/i0.wp.com\\\/senegalndiaye.com\\\/wp-content\\\/uploads\\\/2020\\\/08\\\/a21s.jpg?fit=713%2C622&ssl=1\",\"articleSection\":[\"Blog\",\"Prix\"],\"inLanguage\":\"es\",\"potentialAction\":[{\"@type\":\"CommentAction\",\"name\":\"Comment\",\"target\":[\"https:\\\/\\\/senegalndiaye.com\\\/prix-du-samsung-a21s-au-senegal\\\/#respond\"]}]},{\"@type\":\"WebPage\",\"@id\":\"https:\\\/\\\/senegalndiaye.com\\\/prix-du-samsung-a21s-au-senegal\\\/\",\"url\":\"https:\\\/\\\/senegalndiaye.com\\\/prix-du-samsung-a21s-au-senegal\\\/\",\"name\":\"Prix du Samsung A21S au S\u00e9n\u00e9gal &#187; Senegal Ndiaye\",\"isPartOf\":{\"@id\":\"https:\\\/\\\/senegalndiaye.com\\\/#website\"},\"primaryImageOfPage\":{\"@id\":\"https:\\\/\\\/senegalndiaye.com\\\/prix-du-samsung-a21s-au-senegal\\\/#primaryimage\"},\"image\":{\"@id\":\"https:\\\/\\\/senegalndiaye.com\\\/prix-du-samsung-a21s-au-senegal\\\/#primaryimage\"},\"thumbnailUrl\":\"https:\\\/\\\/i0.wp.com\\\/senegalndiaye.com\\\/wp-content\\\/uploads\\\/2020\\\/08\\\/a21s.jpg?fit=713%2C622&ssl=1\",\"datePublished\":\"2020-08-16T19:55:39+00:00\",\"dateModified\":\"2021-04-09T10:10:22+00:00\",\"description\":\"Au S\u00e9n\u00e9gal les meilleurs prix varient entre 117 500 et 125 000 FCFA pour le mod\u00e8le de 64\u00a0Go. Vous pouvez retrouver ci-dessous un tableau des meilleurs prix\",\"breadcrumb\":{\"@id\":\"https:\\\/\\\/senegalndiaye.com\\\/prix-du-samsung-a21s-au-senegal\\\/#breadcrumb\"},\"inLanguage\":\"es\",\"potentialAction\":[{\"@type\":\"ReadAction\",\"target\":[\"https:\\\/\\\/senegalndiaye.com\\\/prix-du-samsung-a21s-au-senegal\\\/\"]}]},{\"@type\":\"ImageObject\",\"inLanguage\":\"es\",\"@id\":\"https:\\\/\\\/senegalndiaye.com\\\/prix-du-samsung-a21s-au-senegal\\\/#primaryimage\",\"url\":\"https:\\\/\\\/i0.wp.com\\\/senegalndiaye.com\\\/wp-content\\\/uploads\\\/2020\\\/08\\\/a21s.jpg?fit=713%2C622&ssl=1\",\"contentUrl\":\"https:\\\/\\\/i0.wp.com\\\/senegalndiaye.com\\\/wp-content\\\/uploads\\\/2020\\\/08\\\/a21s.jpg?fit=713%2C622&ssl=1\",\"width\":713,\"height\":622,\"caption\":\"prix samsung a21s S\u00e9n\u00e9gal\"},{\"@type\":\"BreadcrumbList\",\"@id\":\"https:\\\/\\\/senegalndiaye.com\\\/prix-du-samsung-a21s-au-senegal\\\/#breadcrumb\",\"itemListElement\":[{\"@type\":\"ListItem\",\"position\":1,\"name\":\"Accueil\",\"item\":\"https:\\\/\\\/senegalndiaye.com\\\/\"},{\"@type\":\"ListItem\",\"position\":2,\"name\":\"Prix du Samsung A21S au S\u00e9n\u00e9gal\"}]},{\"@type\":\"WebSite\",\"@id\":\"https:\\\/\\\/senegalndiaye.com\\\/#website\",\"url\":\"https:\\\/\\\/senegalndiaye.com\\\/\",\"name\":\"Senegal Ndiaye\",\"description\":\"Retrouvez les meilleurs endroits du S\u00e9n\u00e9gal\",\"publisher\":{\"@id\":\"https:\\\/\\\/senegalndiaye.com\\\/#organization\"},\"potentialAction\":[{\"@type\":\"SearchAction\",\"target\":{\"@type\":\"EntryPoint\",\"urlTemplate\":\"https:\\\/\\\/senegalndiaye.com\\\/?s={search_term_string}\"},\"query-input\":{\"@type\":\"PropertyValueSpecification\",\"valueRequired\":true,\"valueName\":\"search_term_string\"}}],\"inLanguage\":\"es\"},{\"@type\":\"Organization\",\"@id\":\"https:\\\/\\\/senegalndiaye.com\\\/#organization\",\"name\":\"Senegal Ndiaye\",\"url\":\"https:\\\/\\\/senegalndiaye.com\\\/\",\"logo\":{\"@type\":\"ImageObject\",\"inLanguage\":\"es\",\"@id\":\"https:\\\/\\\/senegalndiaye.com\\\/#\\\/schema\\\/logo\\\/image\\\/\",\"url\":\"https:\\\/\\\/senegalndiaye.com\\\/wp-content\\\/uploads\\\/2018\\\/05\\\/senegalndiaye_logo.png\",\"contentUrl\":\"https:\\\/\\\/senegalndiaye.com\\\/wp-content\\\/uploads\\\/2018\\\/05\\\/senegalndiaye_logo.png\",\"width\":150,\"height\":106,\"caption\":\"Senegal Ndiaye\"},\"image\":{\"@id\":\"https:\\\/\\\/senegalndiaye.com\\\/#\\\/schema\\\/logo\\\/image\\\/\"},\"sameAs\":[\"https:\\\/\\\/www.facebook.com\\\/senegalndiaye4\\\/\",\"https:\\\/\\\/x.com\\\/Senegalndiaye5\",\"https:\\\/\\\/www.instagram.com\\\/senegalndiaye1\\\/\",\"https:\\\/\\\/www.linkedin.com\\\/company\\\/senegal-ndiaye\\\/\"]},{\"@type\":\"Person\",\"@id\":\"https:\\\/\\\/senegalndiaye.com\\\/#\\\/schema\\\/person\\\/c1e0d9f50bc68102f5a7368b7c9551f5\",\"name\":\"Moderateur\",\"image\":{\"@type\":\"ImageObject\",\"inLanguage\":\"es\",\"@id\":\"https:\\\/\\\/senegalndiaye.com\\\/wp-content\\\/litespeed\\\/avatar\\\/3fb7bc779db92bd05c1837e9542df344.jpg?ver=1777309443\",\"url\":\"https:\\\/\\\/senegalndiaye.com\\\/wp-content\\\/litespeed\\\/avatar\\\/3fb7bc779db92bd05c1837e9542df344.jpg?ver=1777309443\",\"contentUrl\":\"https:\\\/\\\/senegalndiaye.com\\\/wp-content\\\/litespeed\\\/avatar\\\/3fb7bc779db92bd05c1837e9542df344.jpg?ver=1777309443\",\"caption\":\"Moderateur\"},\"url\":\"https:\\\/\\\/senegalndiaye.com\\\/es\\\/author\\\/sndigital\\\/\"}]}<\/script>\n<!-- \/ Yoast SEO plugin. -->","yoast_head_json":{"title":"Samsung A21S precio en Senegal \u00bb Senegal Ndiaye","description":"En Senegal los mejores precios var\u00edan entre 117.500 y 125.000 FCFA para el modelo de 64 GB, puedes encontrar una tabla con los mejores precios a continuaci\u00f3n.","robots":{"index":"index","follow":"follow","max-snippet":"max-snippet:-1","max-image-preview":"max-image-preview:large","max-video-preview":"max-video-preview:-1"},"canonical":"https:\/\/senegalndiaye.com\/es\/prix-du-samsung-a21s-au-senegal\/","og_locale":"es_ES","og_type":"article","og_title":"Prix du Samsung A21S au S\u00e9n\u00e9gal &#187; Senegal Ndiaye","og_description":"Au S\u00e9n\u00e9gal les meilleurs prix varient entre 117 500 et 125 000 FCFA pour le mod\u00e8le de 64\u00a0Go. Vous pouvez retrouver ci-dessous un tableau des meilleurs prix","og_url":"https:\/\/senegalndiaye.com\/es\/prix-du-samsung-a21s-au-senegal\/","og_site_name":"Senegal Ndiaye","article_publisher":"https:\/\/www.facebook.com\/senegalndiaye4\/","article_published_time":"2020-08-16T19:55:39+00:00","article_modified_time":"2021-04-09T10:10:22+00:00","og_image":[{"width":713,"height":622,"url":"https:\/\/senegalndiaye.com\/wp-content\/uploads\/2020\/08\/a21s.jpg","type":"image\/jpeg"}],"author":"Moderateur","twitter_card":"summary_large_image","twitter_creator":"@Senegalndiaye5","twitter_site":"@Senegalndiaye5","twitter_misc":{"Escrito por":"Moderateur","Tiempo de lectura":"1 minuto"},"schema":{"@context":"https:\/\/schema.org","@graph":[{"@type":"Article","@id":"https:\/\/senegalndiaye.com\/prix-du-samsung-a21s-au-senegal\/#article","isPartOf":{"@id":"https:\/\/senegalndiaye.com\/prix-du-samsung-a21s-au-senegal\/"},"author":{"name":"Moderateur","@id":"https:\/\/senegalndiaye.com\/#\/schema\/person\/c1e0d9f50bc68102f5a7368b7c9551f5"},"headline":"Prix du Samsung A21S au S\u00e9n\u00e9gal","datePublished":"2020-08-16T19:55:39+00:00","dateModified":"2021-04-09T10:10:22+00:00","mainEntityOfPage":{"@id":"https:\/\/senegalndiaye.com\/prix-du-samsung-a21s-au-senegal\/"},"wordCount":213,"commentCount":1,"publisher":{"@id":"https:\/\/senegalndiaye.com\/#organization"},"image":{"@id":"https:\/\/senegalndiaye.com\/prix-du-samsung-a21s-au-senegal\/#primaryimage"},"thumbnailUrl":"https:\/\/i0.wp.com\/senegalndiaye.com\/wp-content\/uploads\/2020\/08\/a21s.jpg?fit=713%2C622&ssl=1","articleSection":["Blog","Prix"],"inLanguage":"es","potentialAction":[{"@type":"CommentAction","name":"Comment","target":["https:\/\/senegalndiaye.com\/prix-du-samsung-a21s-au-senegal\/#respond"]}]},{"@type":"WebPage","@id":"https:\/\/senegalndiaye.com\/prix-du-samsung-a21s-au-senegal\/","url":"https:\/\/senegalndiaye.com\/prix-du-samsung-a21s-au-senegal\/","name":"Samsung A21S precio en Senegal \u00bb Senegal Ndiaye","isPartOf":{"@id":"https:\/\/senegalndiaye.com\/#website"},"primaryImageOfPage":{"@id":"https:\/\/senegalndiaye.com\/prix-du-samsung-a21s-au-senegal\/#primaryimage"},"image":{"@id":"https:\/\/senegalndiaye.com\/prix-du-samsung-a21s-au-senegal\/#primaryimage"},"thumbnailUrl":"https:\/\/i0.wp.com\/senegalndiaye.com\/wp-content\/uploads\/2020\/08\/a21s.jpg?fit=713%2C622&ssl=1","datePublished":"2020-08-16T19:55:39+00:00","dateModified":"2021-04-09T10:10:22+00:00","description":"En Senegal los mejores precios var\u00edan entre 117.500 y 125.000 FCFA para el modelo de 64 GB, puedes encontrar una tabla con los mejores precios a continuaci\u00f3n.","breadcrumb":{"@id":"https:\/\/senegalndiaye.com\/prix-du-samsung-a21s-au-senegal\/#breadcrumb"},"inLanguage":"es","potentialAction":[{"@type":"ReadAction","target":["https:\/\/senegalndiaye.com\/prix-du-samsung-a21s-au-senegal\/"]}]},{"@type":"ImageObject","inLanguage":"es","@id":"https:\/\/senegalndiaye.com\/prix-du-samsung-a21s-au-senegal\/#primaryimage","url":"https:\/\/i0.wp.com\/senegalndiaye.com\/wp-content\/uploads\/2020\/08\/a21s.jpg?fit=713%2C622&ssl=1","contentUrl":"https:\/\/i0.wp.com\/senegalndiaye.com\/wp-content\/uploads\/2020\/08\/a21s.jpg?fit=713%2C622&ssl=1","width":713,"height":622,"caption":"prix samsung a21s S\u00e9n\u00e9gal"},{"@type":"BreadcrumbList","@id":"https:\/\/senegalndiaye.com\/prix-du-samsung-a21s-au-senegal\/#breadcrumb","itemListElement":[{"@type":"ListItem","position":1,"name":"Accueil","item":"https:\/\/senegalndiaye.com\/"},{"@type":"ListItem","position":2,"name":"Prix du Samsung A21S au S\u00e9n\u00e9gal"}]},{"@type":"WebSite","@id":"https:\/\/senegalndiaye.com\/#website","url":"https:\/\/senegalndiaye.com\/","name":"senegal ndiaye","description":"Encuentra los mejores lugares en Senegal","publisher":{"@id":"https:\/\/senegalndiaye.com\/#organization"},"potentialAction":[{"@type":"SearchAction","target":{"@type":"EntryPoint","urlTemplate":"https:\/\/senegalndiaye.com\/?s={search_term_string}"},"query-input":{"@type":"PropertyValueSpecification","valueRequired":true,"valueName":"search_term_string"}}],"inLanguage":"es"},{"@type":"Organization","@id":"https:\/\/senegalndiaye.com\/#organization","name":"senegal ndiaye","url":"https:\/\/senegalndiaye.com\/","logo":{"@type":"ImageObject","inLanguage":"es","@id":"https:\/\/senegalndiaye.com\/#\/schema\/logo\/image\/","url":"https:\/\/senegalndiaye.com\/wp-content\/uploads\/2018\/05\/senegalndiaye_logo.png","contentUrl":"https:\/\/senegalndiaye.com\/wp-content\/uploads\/2018\/05\/senegalndiaye_logo.png","width":150,"height":106,"caption":"Senegal Ndiaye"},"image":{"@id":"https:\/\/senegalndiaye.com\/#\/schema\/logo\/image\/"},"sameAs":["https:\/\/www.facebook.com\/senegalndiaye4\/","https:\/\/x.com\/Senegalndiaye5","https:\/\/www.instagram.com\/senegalndiaye1\/","https:\/\/www.linkedin.com\/company\/senegal-ndiaye\/"]},{"@type":"Person","@id":"https:\/\/senegalndiaye.com\/#\/schema\/person\/c1e0d9f50bc68102f5a7368b7c9551f5","name":"Moderador","image":{"@type":"ImageObject","inLanguage":"es","@id":"https:\/\/senegalndiaye.com\/wp-content\/litespeed\/avatar\/3fb7bc779db92bd05c1837e9542df344.jpg?ver=1777309443","url":"https:\/\/senegalndiaye.com\/wp-content\/litespeed\/avatar\/3fb7bc779db92bd05c1837e9542df344.jpg?ver=1777309443","contentUrl":"https:\/\/senegalndiaye.com\/wp-content\/litespeed\/avatar\/3fb7bc779db92bd05c1837e9542df344.jpg?ver=1777309443","caption":"Moderateur"},"url":"https:\/\/senegalndiaye.com\/es\/author\/sndigital\/"}]}},"jetpack_featured_media_url":"https:\/\/i0.wp.com\/senegalndiaye.com\/wp-content\/uploads\/2020\/08\/a21s.jpg?fit=713%2C622&ssl=1","jetpack_sharing_enabled":true,"jetpack-related-posts":[{"id":22888,"url":"https:\/\/senegalndiaye.com\/es\/prix-du-samsung-a31-au-senegal\/","url_meta":{"origin":23081,"position":0},"title":"Samsung A31 precio en Senegal","author":"Moderateur","date":"agosto 9, 2020","format":false,"excerpt":"El Samsung Galaxy A31 es el nuevo tel\u00e9fono de Samsung lanzado en 2020 y que reemplaza al A30 y al A30s. Es un tel\u00e9fono b\u00e1sico con un dise\u00f1o simple y refinado que se asemeja visualmente al S20, con un sensor selfie en el centro y las cuatro c\u00e1maras en un rect\u00e1ngulo\u2026","rel":"","context":"En \u00abPrix\u00bb","block_context":{"text":"Prix","link":"https:\/\/senegalndiaye.com\/es\/category\/prix\/"},"img":{"alt_text":"prix samsung a31 senegal","src":"https:\/\/i0.wp.com\/senegalndiaye.com\/wp-content\/uploads\/2020\/08\/samsung-galaxy-a31.jpg?fit=720%2C450&ssl=1&resize=350%2C200","width":350,"height":200,"srcset":"https:\/\/i0.wp.com\/senegalndiaye.com\/wp-content\/uploads\/2020\/08\/samsung-galaxy-a31.jpg?fit=720%2C450&ssl=1&resize=350%2C200 1x, https:\/\/i0.wp.com\/senegalndiaye.com\/wp-content\/uploads\/2020\/08\/samsung-galaxy-a31.jpg?fit=720%2C450&ssl=1&resize=525%2C300 1.5x, https:\/\/i0.wp.com\/senegalndiaye.com\/wp-content\/uploads\/2020\/08\/samsung-galaxy-a31.jpg?fit=720%2C450&ssl=1&resize=700%2C400 2x"},"classes":[]},{"id":22156,"url":"https:\/\/senegalndiaye.com\/es\/prix-des-huawei-a-dakar\/","url_meta":{"origin":23081,"position":1},"title":"Precios de Huawei en Dakar","author":"Carine Ramos","date":"mayo 10, 2020","format":false,"excerpt":"HUAWEI es una empresa china fundada en 1989. En 2009, lanz\u00f3 sus primeros tel\u00e9fonos Android. Considerada durante mucho tiempo una marca de gama baja, se ha convertido en la segunda marca de smartphones m\u00e1s grande desde 2018, despu\u00e9s de Samsung, destronando al gigante Apple. Desde entonces, el fabricante chino ha seguido progresando...","rel":"","context":"En \u00abBlog\u00bb","block_context":{"text":"Blog","link":"https:\/\/senegalndiaye.com\/es\/category\/blog\/"},"img":{"alt_text":"prix huawei Dakar","src":"https:\/\/i0.wp.com\/senegalndiaye.com\/wp-content\/uploads\/2020\/05\/prix-huawei-Dakar.jpg?fit=569%2C705&ssl=1&resize=350%2C200","width":350,"height":200,"srcset":"https:\/\/i0.wp.com\/senegalndiaye.com\/wp-content\/uploads\/2020\/05\/prix-huawei-Dakar.jpg?fit=569%2C705&ssl=1&resize=350%2C200 1x, https:\/\/i0.wp.com\/senegalndiaye.com\/wp-content\/uploads\/2020\/05\/prix-huawei-Dakar.jpg?fit=569%2C705&ssl=1&resize=525%2C300 1.5x"},"classes":[]},{"id":24768,"url":"https:\/\/senegalndiaye.com\/es\/%e2%9c%85-iphone-13-pro-max-prix-en-fcfa-au-senegal\/","url_meta":{"origin":23081,"position":2},"title":"\u2705 iphone 13 pro max precio en fcfa en Senegal","author":"Moderateur","date":"septiembre 29, 2021","format":false,"excerpt":"El iPhone 13 ya est\u00e1 disponible. El gigante estadounidense ha lanzado cuatro modelos: el iPhone 13 mini, el iPhone 13, el iPhone 13 pro y el iPhone 13 pro Max. Los precios var\u00edan seg\u00fan el modelo. Descubre los precios del iPhone 13 en Senegal en este art\u00edculo. Precio del iPhone 13 pro max en\u2026","rel":"","context":"En \u00abBlog\u00bb","block_context":{"text":"Blog","link":"https:\/\/senegalndiaye.com\/es\/category\/blog\/"},"img":{"alt_text":"iphone 13 pro max prix en fcfa","src":"https:\/\/i0.wp.com\/senegalndiaye.com\/wp-content\/uploads\/2021\/09\/iphone-13-pro-max.jpg?fit=1200%2C675&ssl=1&resize=350%2C200","width":350,"height":200,"srcset":"https:\/\/i0.wp.com\/senegalndiaye.com\/wp-content\/uploads\/2021\/09\/iphone-13-pro-max.jpg?fit=1200%2C675&ssl=1&resize=350%2C200 1x, https:\/\/i0.wp.com\/senegalndiaye.com\/wp-content\/uploads\/2021\/09\/iphone-13-pro-max.jpg?fit=1200%2C675&ssl=1&resize=525%2C300 1.5x, https:\/\/i0.wp.com\/senegalndiaye.com\/wp-content\/uploads\/2021\/09\/iphone-13-pro-max.jpg?fit=1200%2C675&ssl=1&resize=700%2C400 2x, https:\/\/i0.wp.com\/senegalndiaye.com\/wp-content\/uploads\/2021\/09\/iphone-13-pro-max.jpg?fit=1200%2C675&ssl=1&resize=1050%2C600 3x"},"classes":[]},{"id":23882,"url":"https:\/\/senegalndiaye.com\/es\/prix-des-pizzas-a-dakar\/","url_meta":{"origin":23081,"position":3},"title":"Precios de pizza en Dakar","author":"Moderateur","date":"abril 20, 2021","format":false,"excerpt":"\u00a1Hola, chicos! \u00a1Nos vemos luego! Es verano, disfrutemos del sol, del aire fresco, \u00bfy por qu\u00e9 no de una buena porci\u00f3n de pizza? A todos nos encanta. \u00a1Qu\u00e9 l\u00e1stima por la cintura! \u00bfPara qu\u00e9 sacrificarse cuando puedes darte un capricho? Hemos seleccionado las mejores pizzas de Dakar para ti...","rel":"","context":"En \u00abBlog\u00bb","block_context":{"text":"Blog","link":"https:\/\/senegalndiaye.com\/es\/category\/blog\/"},"img":{"alt_text":"pizza dakar prix","src":"https:\/\/i0.wp.com\/senegalndiaye.com\/wp-content\/uploads\/2021\/04\/pizza-dakar-prix.jpg?fit=1024%2C768&ssl=1&resize=350%2C200","width":350,"height":200,"srcset":"https:\/\/i0.wp.com\/senegalndiaye.com\/wp-content\/uploads\/2021\/04\/pizza-dakar-prix.jpg?fit=1024%2C768&ssl=1&resize=350%2C200 1x, https:\/\/i0.wp.com\/senegalndiaye.com\/wp-content\/uploads\/2021\/04\/pizza-dakar-prix.jpg?fit=1024%2C768&ssl=1&resize=525%2C300 1.5x, https:\/\/i0.wp.com\/senegalndiaye.com\/wp-content\/uploads\/2021\/04\/pizza-dakar-prix.jpg?fit=1024%2C768&ssl=1&resize=700%2C400 2x"},"classes":[]},{"id":21734,"url":"https:\/\/senegalndiaye.com\/es\/prix-des-samsung-a-dakar\/","url_meta":{"origin":23081,"position":4},"title":"Precios de Samsung en Dakar","author":"Moderateur","date":"noviembre 8, 2019","format":false,"excerpt":"Si valoras una mayor duraci\u00f3n de bater\u00eda para tu tel\u00e9fono, Samsung es la opci\u00f3n perfecta. Una marca que te da la sensaci\u00f3n de ver el mundo de cerca, con sus gamas, cada una m\u00e1s potente que la anterior, adaptadas a cualquier situaci\u00f3n. Es el caso de\u2026","rel":"","context":"En \u00abPrix\u00bb","block_context":{"text":"Prix","link":"https:\/\/senegalndiaye.com\/es\/category\/prix\/"},"img":{"alt_text":"Prix des samsung \u00e0 Dakar","src":"https:\/\/i0.wp.com\/senegalndiaye.com\/wp-content\/uploads\/2019\/11\/Capture-d%E2%80%99%C3%A9cran-2019-11-08-%C3%A0-15.13.07.png?fit=425%2C519&ssl=1&resize=350%2C200","width":350,"height":200},"classes":[]},{"id":22301,"url":"https:\/\/senegalndiaye.com\/es\/fete-des-meres-offrons-un-cadeau-a-nos-mamans\/","url_meta":{"origin":23081,"position":5},"title":"D\u00eda de la Madre ? D\u00e9mosle un regalo a nuestras mam\u00e1s","author":"Moderateur","date":"junio 3, 2020","format":false,"excerpt":"El D\u00eda de la Madre es este domingo 7 de junio de 2020 en SENEGAL. Yaye boye, sustantivo com\u00fan de persona, femenino, singular para algunos, plural para otros, t\u00edtulo funcional dado a la mujer que me llev\u00f3 en mi vientre durante 9 meses, me aliment\u00f3, me am\u00f3 y me hizo lo que soy. Esa es una palabra llena de...","rel":"","context":"En \u00abBlog\u00bb","block_context":{"text":"Blog","link":"https:\/\/senegalndiaye.com\/es\/category\/blog\/"},"img":{"alt_text":"F\u00eate des m\u00e8res","src":"https:\/\/i0.wp.com\/senegalndiaye.com\/wp-content\/uploads\/2020\/06\/ma.jpg?fit=504%2C700&ssl=1&resize=350%2C200","width":350,"height":200},"classes":[]}],"_links":{"self":[{"href":"https:\/\/senegalndiaye.com\/es\/wp-json\/wp\/v2\/posts\/23081","targetHints":{"allow":["GET"]}}],"collection":[{"href":"https:\/\/senegalndiaye.com\/es\/wp-json\/wp\/v2\/posts"}],"about":[{"href":"https:\/\/senegalndiaye.com\/es\/wp-json\/wp\/v2\/types\/post"}],"author":[{"embeddable":true,"href":"https:\/\/senegalndiaye.com\/es\/wp-json\/wp\/v2\/users\/8"}],"replies":[{"embeddable":true,"href":"https:\/\/senegalndiaye.com\/es\/wp-json\/wp\/v2\/comments?post=23081"}],"version-history":[{"count":7,"href":"https:\/\/senegalndiaye.com\/es\/wp-json\/wp\/v2\/posts\/23081\/revisions"}],"predecessor-version":[{"id":23842,"href":"https:\/\/senegalndiaye.com\/es\/wp-json\/wp\/v2\/posts\/23081\/revisions\/23842"}],"wp:featuredmedia":[{"embeddable":true,"href":"https:\/\/senegalndiaye.com\/es\/wp-json\/wp\/v2\/media\/23087"}],"wp:attachment":[{"href":"https:\/\/senegalndiaye.com\/es\/wp-json\/wp\/v2\/media?parent=23081"}],"wp:term":[{"taxonomy":"category","embeddable":true,"href":"https:\/\/senegalndiaye.com\/es\/wp-json\/wp\/v2\/categories?post=23081"},{"taxonomy":"post_tag","embeddable":true,"href":"https:\/\/senegalndiaye.com\/es\/wp-json\/wp\/v2\/tags?post=23081"}],"curies":[{"name":"gracias","href":"https:\/\/api.w.org\/{rel}","templated":true}]}}