{"id":22888,"date":"2020-08-09T19:50:59","date_gmt":"2020-08-09T19:50:59","guid":{"rendered":"https:\/\/senegalndiaye.com\/?p=22888"},"modified":"2021-02-01T12:45:36","modified_gmt":"2021-02-01T12:45:36","slug":"prix-du-samsung-a31-au-senegal","status":"publish","type":"post","link":"https:\/\/senegalndiaye.com\/es\/prix-du-samsung-a31-au-senegal\/","title":{"rendered":"Samsung A31 precio en Senegal"},"content":{"rendered":"<p>El samsung galaxy A31 es el nuevo tel\u00e9fono Samsung lanzado en 2020 y reemplaza al a30 y al A30s. Es un tel\u00e9fono de nivel de entrada con un dise\u00f1o simple y elegante que se asemeja visualmente al S20 con un sensor selfie en el centro y las 4 c\u00e1maras en un rect\u00e1ngulo en la parte posterior del tel\u00e9fono. Est\u00e1 disponible en 4 colores. <strong>la<\/strong> <strong>negro<\/strong>,<span style=\"color: #ff0000;\"> el rojo<\/span>, <span style=\"color: #0000ff;\">el azul<\/span> y blanco.<\/p>\n<p><span class=\"alignnone\"><img data-recalc-dims=\"1\" loading=\"lazy\" decoding=\"async\" class=\"alignnone size-full wp-image-22889\" src=\"https:\/\/i0.wp.com\/senegalndiaye.com\/wp-content\/uploads\/2020\/08\/samsung-galaxy-a31.jpg?resize=720%2C450&#038;ssl=1\" alt=\"\" width=\"720\" height=\"450\" srcset=\"https:\/\/i0.wp.com\/senegalndiaye.com\/wp-content\/uploads\/2020\/08\/samsung-galaxy-a31.jpg?w=720&amp;ssl=1 720w, https:\/\/i0.wp.com\/senegalndiaye.com\/wp-content\/uploads\/2020\/08\/samsung-galaxy-a31.jpg?resize=600%2C375&amp;ssl=1 600w, https:\/\/i0.wp.com\/senegalndiaye.com\/wp-content\/uploads\/2020\/08\/samsung-galaxy-a31.jpg?resize=300%2C188&amp;ssl=1 300w, https:\/\/i0.wp.com\/senegalndiaye.com\/wp-content\/uploads\/2020\/08\/samsung-galaxy-a31.jpg?resize=400%2C250&amp;ssl=1 400w, https:\/\/i0.wp.com\/senegalndiaye.com\/wp-content\/uploads\/2020\/08\/samsung-galaxy-a31.jpg?resize=450%2C281&amp;ssl=1 450w\" sizes=\"auto, (max-width: 720px) 100vw, 720px\" \/><\/span><\/p>\n<h3>FICHA T\u00c9CNICA<\/h3>\n<p>Nivel de rendimiento, no te decepcionar\u00e1 un tel\u00e9fono de esta gama.<br \/>\n- Tiene un <strong>pantalla de 6,4 pulgadas<\/strong> super AMOLED y full HD+ con lector \u00f3ptico de huellas dactilares.<br \/>\n- Ella <strong>bater\u00eda<\/strong> tiene una capacidad de<strong> 5000mAh<\/strong> que f\u00e1cilmente puede durar 1 d\u00eda o incluso 1 d\u00eda y medio con un uso moderado del tel\u00e9fono. La bater\u00eda tambi\u00e9n es compatible con carga r\u00e1pida de 15 vatios.<br \/>\n- \u00c9l <strong>conjuntos de chips<\/strong> es un <strong>un octo-core<\/strong>\u00a0con dos corazones <strong>2GHz<\/strong> y seis corazones para <strong>1,7 GHz<\/strong>. Para la memoria viva es <strong>4 GB <\/strong>con un<strong> almacenamiento<\/strong>\u00a0<strong>64 o 128 GB. <\/strong>Si eso no es suficiente para ti, tiene un puerto microSDXC expandible hasta 512 GB.<strong><br \/>\n- El dispositivo <\/strong>frontal es de una capacidad<strong> de 20 <\/strong><strong>megap\u00edxeles <\/strong>En la parte trasera tiene 4 fotosensores:<\/p>\n<ul>\n<li>sensor principal <strong>48 megap\u00edxeles<\/strong> con apertura de lente en f\/2.0<\/li>\n<li>sensor <strong>8 megap\u00edxeles<\/strong> con apertura de lente gran angular en f\/2.2<\/li>\n<li>sensor <strong>5 megap\u00edxeles<\/strong> para fotos de primeros planos con una apertura de lente de f\/2.2<\/li>\n<li>sensor <strong>5 megap\u00edxeles<\/strong> dedicada al c\u00e1lculo de profundidades<\/li>\n<\/ul>\n<h3>A31 precio en Senegal<\/h3>\n<p>En Senegal los mejores precios var\u00edan entre <strong>145.000 y 150.000 FCFA<\/strong> para el modelo de <strong>128GB<\/strong>. A continuaci\u00f3n puedes encontrar una tabla con los mejores precios y d\u00f3nde comprar este tel\u00e9fono.<\/p>\n\n<table id=\"tablepress-39\" class=\"tablepress tablepress-id-39 tbody-has-connected-cells\">\n<thead>\n<tr class=\"row-1\">\n\t<th class=\"column-1\">Premio <\/th><th class=\"column-2\">Vendedor<\/th><th class=\"column-3\">Ficha t\u00e9cnica<\/th><th class=\"column-4\">foto samsung a31<\/th>\n<\/tr>\n<\/thead>\n<tbody class=\"row-striping row-hover\">\n<tr class=\"row-2\">\n\t<td class=\"column-1\"><strong>145.000 francos CFA<\/strong><\/td><td class=\"column-2\"><u><a href=\"https:\/\/kandjietfreres.com\/boutique\/mobiles\/samsung-galasy-a31\/\" rel=\"noopener noreferrer\" target=\"_blank\">Kanji y hermanos<\/a><\/td><td rowspan=\"3\" class=\"column-3\">Pantalla: 6,4 pulgadas<br \/>\nCPU: ocho n\u00facleos, 2 GHz, 1,7 GHz<br \/>\nMemoria: 128 GB de ROM + 4 GB de RAM<br \/>\nC\u00e1mara frontal: 20MP<br \/>\nC\u00e1mara trasera: M\u00faltiples c\u00e1maras, 48 MP + 5 MP + 8 MP + 5 MP<br \/>\nBater\u00eda: 5000mAh<br \/>\nSistema operativo: Android<br \/>\nOtro: sensor de huellas dactilares<\/td><td rowspan=\"3\" class=\"column-4\"><img data-recalc-dims=\"1\" loading=\"lazy\" decoding=\"async\" src=\"https:\/\/i0.wp.com\/senegalndiaye.com\/wp-content\/uploads\/2020\/08\/samsung-a31-1.jpg?resize=153%2C200&#038;ssl=1\" alt=\"\" width=\"153\" height=\"200\" class=\"alignnone size-full wp-image-22892\" \/><\/td>\n<\/tr>\n<tr class=\"row-3\">\n\t<td class=\"column-1\"><strong>148.000 francos CFA<\/strong><\/td><td class=\"column-2\"><u><a href=\"https:\/\/nova.sn\/telephones\/7745-samsung-galaxy-a31-dual-sim-4g-lte-128go-ram-4go.html\" rel=\"noopener noreferrer\" target=\"_blank\">Nueva Dakar<\/a><\/td>\n<\/tr>\n<tr class=\"row-4\">\n\t<td class=\"column-1\"><strong>149.900 francos CFA<\/strong><\/td><td class=\"column-2\"><u><a href=\"https:\/\/www.promo.sn\/boutique\/samsung-galaxy-a31-memoire-128-go-ram-4-go-ecran-6-4-pouces\/\" rel=\"noopener noreferrer\" target=\"_blank\">promo.sn<\/a><\/td>\n<\/tr>\n<\/tbody>\n<\/table>\n<!-- #tablepress-39 from cache -->\n<p><a href=\"https:\/\/senegalndiaye.com\/es\/prix-des-samsung-a-dakar\/\">Puede encontrar el precio de todos los tel\u00e9fonos Samsung haciendo clic aqu\u00ed<\/a><\/p>\n<span class=\"tags-links\"><a href=\"https:\/\/senegalndiaye.com\/es\/tag\/samsung-a31-prix\/\" rel=\"tag\">samsung a31 precio<\/a><\/span>","protected":false},"excerpt":{"rendered":"<p>Le samsung galaxy A31 est le tout nouveau t\u00e9l\u00e9phone samsung sortie en 2020 et qui remplace le a30 et le A30s. C\u2019est un t\u00e9l\u00e9phone d\u2019entr\u00e9e de Gamme au Design simple et \u00e9pur\u00e9 qui ressemble visuellement au S20 avec capteur selfie au centre et les 4 appareils photo dans un rectangle \u00e0 l\u2019arri\u00e8re du t\u00e9l\u00e9phone. Il [&hellip;]<\/p>\n","protected":false},"author":8,"featured_media":22889,"comment_status":"open","ping_status":"open","sticky":false,"template":"","format":"standard","meta":{"_jetpack_memberships_contains_paid_content":false,"footnotes":""},"categories":[347],"tags":[442],"class_list":["post-22888","post","type-post","status-publish","format-standard","has-post-thumbnail","hentry","category-prix","tag-samsung-a31-prix"],"yoast_head":"<!-- This site is optimized with the Yoast SEO plugin v27.5 - https:\/\/yoast.com\/product\/yoast-seo-wordpress\/ -->\n<title>Prix du Samsung A31 au S\u00e9n\u00e9gal &#187; Senegal Ndiaye<\/title>\n<meta name=\"description\" content=\"Prix du Samsung A31 au S\u00e9n\u00e9gal Le samsung A31 est le tout nouveau t\u00e9l\u00e9phone samsung sortie en 2020 et qui remplace le a30 et le A30s\" \/>\n<meta name=\"robots\" content=\"index, follow, max-snippet:-1, max-image-preview:large, max-video-preview:-1\" \/>\n<link rel=\"canonical\" href=\"https:\/\/senegalndiaye.com\/es\/prix-du-samsung-a31-au-senegal\/\" \/>\n<meta property=\"og:locale\" content=\"es_ES\" \/>\n<meta property=\"og:type\" content=\"article\" \/>\n<meta property=\"og:title\" content=\"Prix du Samsung A31 au S\u00e9n\u00e9gal &#187; Senegal Ndiaye\" \/>\n<meta property=\"og:description\" content=\"Prix du Samsung A31 au S\u00e9n\u00e9gal Le samsung A31 est le tout nouveau t\u00e9l\u00e9phone samsung sortie en 2020 et qui remplace le a30 et le A30s\" \/>\n<meta property=\"og:url\" content=\"https:\/\/senegalndiaye.com\/es\/prix-du-samsung-a31-au-senegal\/\" \/>\n<meta property=\"og:site_name\" content=\"Senegal Ndiaye\" \/>\n<meta property=\"article:publisher\" content=\"https:\/\/www.facebook.com\/senegalndiaye4\/\" \/>\n<meta property=\"article:published_time\" content=\"2020-08-09T19:50:59+00:00\" \/>\n<meta property=\"article:modified_time\" content=\"2021-02-01T12:45:36+00:00\" \/>\n<meta property=\"og:image\" content=\"https:\/\/senegalndiaye.com\/wp-content\/uploads\/2020\/08\/samsung-galaxy-a31.jpg\" \/>\n\t<meta property=\"og:image:width\" content=\"720\" \/>\n\t<meta property=\"og:image:height\" content=\"450\" \/>\n\t<meta property=\"og:image:type\" content=\"image\/jpeg\" \/>\n<meta name=\"author\" content=\"Moderateur\" \/>\n<meta name=\"twitter:card\" content=\"summary_large_image\" \/>\n<meta name=\"twitter:creator\" content=\"@Senegalndiaye5\" \/>\n<meta name=\"twitter:site\" content=\"@Senegalndiaye5\" \/>\n<meta name=\"twitter:label1\" content=\"Escrito por\" \/>\n\t<meta name=\"twitter:data1\" content=\"Moderateur\" \/>\n\t<meta name=\"twitter:label2\" content=\"Tiempo de lectura\" \/>\n\t<meta name=\"twitter:data2\" content=\"2 minutos\" \/>\n<script type=\"application\/ld+json\" class=\"yoast-schema-graph\">{\"@context\":\"https:\\\/\\\/schema.org\",\"@graph\":[{\"@type\":\"Article\",\"@id\":\"https:\\\/\\\/senegalndiaye.com\\\/prix-du-samsung-a31-au-senegal\\\/#article\",\"isPartOf\":{\"@id\":\"https:\\\/\\\/senegalndiaye.com\\\/prix-du-samsung-a31-au-senegal\\\/\"},\"author\":{\"name\":\"Moderateur\",\"@id\":\"https:\\\/\\\/senegalndiaye.com\\\/#\\\/schema\\\/person\\\/c1e0d9f50bc68102f5a7368b7c9551f5\"},\"headline\":\"Prix du Samsung A31 au S\u00e9n\u00e9gal\",\"datePublished\":\"2020-08-09T19:50:59+00:00\",\"dateModified\":\"2021-02-01T12:45:36+00:00\",\"mainEntityOfPage\":{\"@id\":\"https:\\\/\\\/senegalndiaye.com\\\/prix-du-samsung-a31-au-senegal\\\/\"},\"wordCount\":323,\"commentCount\":0,\"publisher\":{\"@id\":\"https:\\\/\\\/senegalndiaye.com\\\/#organization\"},\"image\":{\"@id\":\"https:\\\/\\\/senegalndiaye.com\\\/prix-du-samsung-a31-au-senegal\\\/#primaryimage\"},\"thumbnailUrl\":\"https:\\\/\\\/i0.wp.com\\\/senegalndiaye.com\\\/wp-content\\\/uploads\\\/2020\\\/08\\\/samsung-galaxy-a31.jpg?fit=720%2C450&ssl=1\",\"keywords\":[\"samsung a31 prix\"],\"articleSection\":[\"Prix\"],\"inLanguage\":\"es\",\"potentialAction\":[{\"@type\":\"CommentAction\",\"name\":\"Comment\",\"target\":[\"https:\\\/\\\/senegalndiaye.com\\\/prix-du-samsung-a31-au-senegal\\\/#respond\"]}]},{\"@type\":\"WebPage\",\"@id\":\"https:\\\/\\\/senegalndiaye.com\\\/prix-du-samsung-a31-au-senegal\\\/\",\"url\":\"https:\\\/\\\/senegalndiaye.com\\\/prix-du-samsung-a31-au-senegal\\\/\",\"name\":\"Prix du Samsung A31 au S\u00e9n\u00e9gal &#187; Senegal Ndiaye\",\"isPartOf\":{\"@id\":\"https:\\\/\\\/senegalndiaye.com\\\/#website\"},\"primaryImageOfPage\":{\"@id\":\"https:\\\/\\\/senegalndiaye.com\\\/prix-du-samsung-a31-au-senegal\\\/#primaryimage\"},\"image\":{\"@id\":\"https:\\\/\\\/senegalndiaye.com\\\/prix-du-samsung-a31-au-senegal\\\/#primaryimage\"},\"thumbnailUrl\":\"https:\\\/\\\/i0.wp.com\\\/senegalndiaye.com\\\/wp-content\\\/uploads\\\/2020\\\/08\\\/samsung-galaxy-a31.jpg?fit=720%2C450&ssl=1\",\"datePublished\":\"2020-08-09T19:50:59+00:00\",\"dateModified\":\"2021-02-01T12:45:36+00:00\",\"description\":\"Prix du Samsung A31 au S\u00e9n\u00e9gal Le samsung A31 est le tout nouveau t\u00e9l\u00e9phone samsung sortie en 2020 et qui remplace le a30 et le A30s\",\"breadcrumb\":{\"@id\":\"https:\\\/\\\/senegalndiaye.com\\\/prix-du-samsung-a31-au-senegal\\\/#breadcrumb\"},\"inLanguage\":\"es\",\"potentialAction\":[{\"@type\":\"ReadAction\",\"target\":[\"https:\\\/\\\/senegalndiaye.com\\\/prix-du-samsung-a31-au-senegal\\\/\"]}]},{\"@type\":\"ImageObject\",\"inLanguage\":\"es\",\"@id\":\"https:\\\/\\\/senegalndiaye.com\\\/prix-du-samsung-a31-au-senegal\\\/#primaryimage\",\"url\":\"https:\\\/\\\/i0.wp.com\\\/senegalndiaye.com\\\/wp-content\\\/uploads\\\/2020\\\/08\\\/samsung-galaxy-a31.jpg?fit=720%2C450&ssl=1\",\"contentUrl\":\"https:\\\/\\\/i0.wp.com\\\/senegalndiaye.com\\\/wp-content\\\/uploads\\\/2020\\\/08\\\/samsung-galaxy-a31.jpg?fit=720%2C450&ssl=1\",\"width\":720,\"height\":450,\"caption\":\"prix samsung a31 senegal\"},{\"@type\":\"BreadcrumbList\",\"@id\":\"https:\\\/\\\/senegalndiaye.com\\\/prix-du-samsung-a31-au-senegal\\\/#breadcrumb\",\"itemListElement\":[{\"@type\":\"ListItem\",\"position\":1,\"name\":\"Accueil\",\"item\":\"https:\\\/\\\/senegalndiaye.com\\\/\"},{\"@type\":\"ListItem\",\"position\":2,\"name\":\"Prix du Samsung A31 au S\u00e9n\u00e9gal\"}]},{\"@type\":\"WebSite\",\"@id\":\"https:\\\/\\\/senegalndiaye.com\\\/#website\",\"url\":\"https:\\\/\\\/senegalndiaye.com\\\/\",\"name\":\"Senegal Ndiaye\",\"description\":\"Retrouvez les meilleurs endroits du S\u00e9n\u00e9gal\",\"publisher\":{\"@id\":\"https:\\\/\\\/senegalndiaye.com\\\/#organization\"},\"potentialAction\":[{\"@type\":\"SearchAction\",\"target\":{\"@type\":\"EntryPoint\",\"urlTemplate\":\"https:\\\/\\\/senegalndiaye.com\\\/?s={search_term_string}\"},\"query-input\":{\"@type\":\"PropertyValueSpecification\",\"valueRequired\":true,\"valueName\":\"search_term_string\"}}],\"inLanguage\":\"es\"},{\"@type\":\"Organization\",\"@id\":\"https:\\\/\\\/senegalndiaye.com\\\/#organization\",\"name\":\"Senegal Ndiaye\",\"url\":\"https:\\\/\\\/senegalndiaye.com\\\/\",\"logo\":{\"@type\":\"ImageObject\",\"inLanguage\":\"es\",\"@id\":\"https:\\\/\\\/senegalndiaye.com\\\/#\\\/schema\\\/logo\\\/image\\\/\",\"url\":\"https:\\\/\\\/senegalndiaye.com\\\/wp-content\\\/uploads\\\/2018\\\/05\\\/senegalndiaye_logo.png\",\"contentUrl\":\"https:\\\/\\\/senegalndiaye.com\\\/wp-content\\\/uploads\\\/2018\\\/05\\\/senegalndiaye_logo.png\",\"width\":150,\"height\":106,\"caption\":\"Senegal Ndiaye\"},\"image\":{\"@id\":\"https:\\\/\\\/senegalndiaye.com\\\/#\\\/schema\\\/logo\\\/image\\\/\"},\"sameAs\":[\"https:\\\/\\\/www.facebook.com\\\/senegalndiaye4\\\/\",\"https:\\\/\\\/x.com\\\/Senegalndiaye5\",\"https:\\\/\\\/www.instagram.com\\\/senegalndiaye1\\\/\",\"https:\\\/\\\/www.linkedin.com\\\/company\\\/senegal-ndiaye\\\/\"]},{\"@type\":\"Person\",\"@id\":\"https:\\\/\\\/senegalndiaye.com\\\/#\\\/schema\\\/person\\\/c1e0d9f50bc68102f5a7368b7c9551f5\",\"name\":\"Moderateur\",\"image\":{\"@type\":\"ImageObject\",\"inLanguage\":\"es\",\"@id\":\"https:\\\/\\\/senegalndiaye.com\\\/wp-content\\\/litespeed\\\/avatar\\\/3fb7bc779db92bd05c1837e9542df344.jpg?ver=1777309443\",\"url\":\"https:\\\/\\\/senegalndiaye.com\\\/wp-content\\\/litespeed\\\/avatar\\\/3fb7bc779db92bd05c1837e9542df344.jpg?ver=1777309443\",\"contentUrl\":\"https:\\\/\\\/senegalndiaye.com\\\/wp-content\\\/litespeed\\\/avatar\\\/3fb7bc779db92bd05c1837e9542df344.jpg?ver=1777309443\",\"caption\":\"Moderateur\"},\"url\":\"https:\\\/\\\/senegalndiaye.com\\\/es\\\/author\\\/sndigital\\\/\"}]}<\/script>\n<!-- \/ Yoast SEO plugin. -->","yoast_head_json":{"title":"Precio del Samsung A31 en Senegal \u00bb Senegal Ndiaye","description":"Precio del Samsung A31 en Senegal El samsung A31 es el nuevo tel\u00e9fono Samsung lanzado en 2020 y reemplaza al a30 y al A30s","robots":{"index":"index","follow":"follow","max-snippet":"max-snippet:-1","max-image-preview":"max-image-preview:large","max-video-preview":"max-video-preview:-1"},"canonical":"https:\/\/senegalndiaye.com\/es\/prix-du-samsung-a31-au-senegal\/","og_locale":"es_ES","og_type":"article","og_title":"Prix du Samsung A31 au S\u00e9n\u00e9gal &#187; Senegal Ndiaye","og_description":"Prix du Samsung A31 au S\u00e9n\u00e9gal Le samsung A31 est le tout nouveau t\u00e9l\u00e9phone samsung sortie en 2020 et qui remplace le a30 et le A30s","og_url":"https:\/\/senegalndiaye.com\/es\/prix-du-samsung-a31-au-senegal\/","og_site_name":"Senegal Ndiaye","article_publisher":"https:\/\/www.facebook.com\/senegalndiaye4\/","article_published_time":"2020-08-09T19:50:59+00:00","article_modified_time":"2021-02-01T12:45:36+00:00","og_image":[{"width":720,"height":450,"url":"https:\/\/senegalndiaye.com\/wp-content\/uploads\/2020\/08\/samsung-galaxy-a31.jpg","type":"image\/jpeg"}],"author":"Moderateur","twitter_card":"summary_large_image","twitter_creator":"@Senegalndiaye5","twitter_site":"@Senegalndiaye5","twitter_misc":{"Escrito por":"Moderateur","Tiempo de lectura":"2 minutos"},"schema":{"@context":"https:\/\/schema.org","@graph":[{"@type":"Article","@id":"https:\/\/senegalndiaye.com\/prix-du-samsung-a31-au-senegal\/#article","isPartOf":{"@id":"https:\/\/senegalndiaye.com\/prix-du-samsung-a31-au-senegal\/"},"author":{"name":"Moderateur","@id":"https:\/\/senegalndiaye.com\/#\/schema\/person\/c1e0d9f50bc68102f5a7368b7c9551f5"},"headline":"Prix du Samsung A31 au S\u00e9n\u00e9gal","datePublished":"2020-08-09T19:50:59+00:00","dateModified":"2021-02-01T12:45:36+00:00","mainEntityOfPage":{"@id":"https:\/\/senegalndiaye.com\/prix-du-samsung-a31-au-senegal\/"},"wordCount":323,"commentCount":0,"publisher":{"@id":"https:\/\/senegalndiaye.com\/#organization"},"image":{"@id":"https:\/\/senegalndiaye.com\/prix-du-samsung-a31-au-senegal\/#primaryimage"},"thumbnailUrl":"https:\/\/i0.wp.com\/senegalndiaye.com\/wp-content\/uploads\/2020\/08\/samsung-galaxy-a31.jpg?fit=720%2C450&ssl=1","keywords":["samsung a31 prix"],"articleSection":["Prix"],"inLanguage":"es","potentialAction":[{"@type":"CommentAction","name":"Comment","target":["https:\/\/senegalndiaye.com\/prix-du-samsung-a31-au-senegal\/#respond"]}]},{"@type":"WebPage","@id":"https:\/\/senegalndiaye.com\/prix-du-samsung-a31-au-senegal\/","url":"https:\/\/senegalndiaye.com\/prix-du-samsung-a31-au-senegal\/","name":"Precio del Samsung A31 en Senegal \u00bb Senegal Ndiaye","isPartOf":{"@id":"https:\/\/senegalndiaye.com\/#website"},"primaryImageOfPage":{"@id":"https:\/\/senegalndiaye.com\/prix-du-samsung-a31-au-senegal\/#primaryimage"},"image":{"@id":"https:\/\/senegalndiaye.com\/prix-du-samsung-a31-au-senegal\/#primaryimage"},"thumbnailUrl":"https:\/\/i0.wp.com\/senegalndiaye.com\/wp-content\/uploads\/2020\/08\/samsung-galaxy-a31.jpg?fit=720%2C450&ssl=1","datePublished":"2020-08-09T19:50:59+00:00","dateModified":"2021-02-01T12:45:36+00:00","description":"Precio del Samsung A31 en Senegal El samsung A31 es el nuevo tel\u00e9fono Samsung lanzado en 2020 y reemplaza al a30 y al A30s","breadcrumb":{"@id":"https:\/\/senegalndiaye.com\/prix-du-samsung-a31-au-senegal\/#breadcrumb"},"inLanguage":"es","potentialAction":[{"@type":"ReadAction","target":["https:\/\/senegalndiaye.com\/prix-du-samsung-a31-au-senegal\/"]}]},{"@type":"ImageObject","inLanguage":"es","@id":"https:\/\/senegalndiaye.com\/prix-du-samsung-a31-au-senegal\/#primaryimage","url":"https:\/\/i0.wp.com\/senegalndiaye.com\/wp-content\/uploads\/2020\/08\/samsung-galaxy-a31.jpg?fit=720%2C450&ssl=1","contentUrl":"https:\/\/i0.wp.com\/senegalndiaye.com\/wp-content\/uploads\/2020\/08\/samsung-galaxy-a31.jpg?fit=720%2C450&ssl=1","width":720,"height":450,"caption":"prix samsung a31 senegal"},{"@type":"BreadcrumbList","@id":"https:\/\/senegalndiaye.com\/prix-du-samsung-a31-au-senegal\/#breadcrumb","itemListElement":[{"@type":"ListItem","position":1,"name":"Accueil","item":"https:\/\/senegalndiaye.com\/"},{"@type":"ListItem","position":2,"name":"Prix du Samsung A31 au S\u00e9n\u00e9gal"}]},{"@type":"WebSite","@id":"https:\/\/senegalndiaye.com\/#website","url":"https:\/\/senegalndiaye.com\/","name":"senegal ndiaye","description":"Encuentra los mejores lugares en Senegal","publisher":{"@id":"https:\/\/senegalndiaye.com\/#organization"},"potentialAction":[{"@type":"SearchAction","target":{"@type":"EntryPoint","urlTemplate":"https:\/\/senegalndiaye.com\/?s={search_term_string}"},"query-input":{"@type":"PropertyValueSpecification","valueRequired":true,"valueName":"search_term_string"}}],"inLanguage":"es"},{"@type":"Organization","@id":"https:\/\/senegalndiaye.com\/#organization","name":"senegal ndiaye","url":"https:\/\/senegalndiaye.com\/","logo":{"@type":"ImageObject","inLanguage":"es","@id":"https:\/\/senegalndiaye.com\/#\/schema\/logo\/image\/","url":"https:\/\/senegalndiaye.com\/wp-content\/uploads\/2018\/05\/senegalndiaye_logo.png","contentUrl":"https:\/\/senegalndiaye.com\/wp-content\/uploads\/2018\/05\/senegalndiaye_logo.png","width":150,"height":106,"caption":"Senegal Ndiaye"},"image":{"@id":"https:\/\/senegalndiaye.com\/#\/schema\/logo\/image\/"},"sameAs":["https:\/\/www.facebook.com\/senegalndiaye4\/","https:\/\/x.com\/Senegalndiaye5","https:\/\/www.instagram.com\/senegalndiaye1\/","https:\/\/www.linkedin.com\/company\/senegal-ndiaye\/"]},{"@type":"Person","@id":"https:\/\/senegalndiaye.com\/#\/schema\/person\/c1e0d9f50bc68102f5a7368b7c9551f5","name":"Moderador","image":{"@type":"ImageObject","inLanguage":"es","@id":"https:\/\/senegalndiaye.com\/wp-content\/litespeed\/avatar\/3fb7bc779db92bd05c1837e9542df344.jpg?ver=1777309443","url":"https:\/\/senegalndiaye.com\/wp-content\/litespeed\/avatar\/3fb7bc779db92bd05c1837e9542df344.jpg?ver=1777309443","contentUrl":"https:\/\/senegalndiaye.com\/wp-content\/litespeed\/avatar\/3fb7bc779db92bd05c1837e9542df344.jpg?ver=1777309443","caption":"Moderateur"},"url":"https:\/\/senegalndiaye.com\/es\/author\/sndigital\/"}]}},"jetpack_featured_media_url":"https:\/\/i0.wp.com\/senegalndiaye.com\/wp-content\/uploads\/2020\/08\/samsung-galaxy-a31.jpg?fit=720%2C450&ssl=1","jetpack_sharing_enabled":true,"jetpack-related-posts":[{"id":23081,"url":"https:\/\/senegalndiaye.com\/es\/prix-du-samsung-a21s-au-senegal\/","url_meta":{"origin":22888,"position":0},"title":"Samsung A21S precio en Senegal","author":"Moderateur","date":"agosto 16, 2020","format":false,"excerpt":"FICHA T\u00c9CNICA: Est\u00e1 disponible en 4 colores: negro, rojo, azul y blanco. En cuanto a rendimiento, no te decepcionar\u00e1s para un tel\u00e9fono de esta gama. - Tiene una pantalla de 6,5 pulgadas con una definici\u00f3n de 1600x820 p\u00edxeles - Su bater\u00eda tiene una capacidad de 5000\u2026","rel":"","context":"En \u00abBlog\u00bb","block_context":{"text":"Blog","link":"https:\/\/senegalndiaye.com\/es\/category\/blog\/"},"img":{"alt_text":"prix samsung a21s S\u00e9n\u00e9gal","src":"https:\/\/i0.wp.com\/senegalndiaye.com\/wp-content\/uploads\/2020\/08\/a21s.jpg?fit=713%2C622&ssl=1&resize=350%2C200","width":350,"height":200,"srcset":"https:\/\/i0.wp.com\/senegalndiaye.com\/wp-content\/uploads\/2020\/08\/a21s.jpg?fit=713%2C622&ssl=1&resize=350%2C200 1x, https:\/\/i0.wp.com\/senegalndiaye.com\/wp-content\/uploads\/2020\/08\/a21s.jpg?fit=713%2C622&ssl=1&resize=525%2C300 1.5x, https:\/\/i0.wp.com\/senegalndiaye.com\/wp-content\/uploads\/2020\/08\/a21s.jpg?fit=713%2C622&ssl=1&resize=700%2C400 2x"},"classes":[]},{"id":21734,"url":"https:\/\/senegalndiaye.com\/es\/prix-des-samsung-a-dakar\/","url_meta":{"origin":22888,"position":1},"title":"Precios de Samsung en Dakar","author":"Moderateur","date":"noviembre 8, 2019","format":false,"excerpt":"Si valoras una mayor duraci\u00f3n de bater\u00eda para tu tel\u00e9fono, Samsung es la opci\u00f3n perfecta. Una marca que te da la sensaci\u00f3n de ver el mundo de cerca, con sus gamas, cada una m\u00e1s potente que la anterior, adaptadas a cualquier situaci\u00f3n. Es el caso de\u2026","rel":"","context":"En \u00abPrix\u00bb","block_context":{"text":"Prix","link":"https:\/\/senegalndiaye.com\/es\/category\/prix\/"},"img":{"alt_text":"Prix des samsung \u00e0 Dakar","src":"https:\/\/i0.wp.com\/senegalndiaye.com\/wp-content\/uploads\/2019\/11\/Capture-d%E2%80%99%C3%A9cran-2019-11-08-%C3%A0-15.13.07.png?fit=425%2C519&ssl=1&resize=350%2C200","width":350,"height":200},"classes":[]},{"id":22156,"url":"https:\/\/senegalndiaye.com\/es\/prix-des-huawei-a-dakar\/","url_meta":{"origin":22888,"position":2},"title":"Precios de Huawei en Dakar","author":"Carine Ramos","date":"mayo 10, 2020","format":false,"excerpt":"HUAWEI es una empresa china fundada en 1989. En 2009, lanz\u00f3 sus primeros tel\u00e9fonos Android. Considerada durante mucho tiempo una marca de gama baja, se ha convertido en la segunda marca de smartphones m\u00e1s grande desde 2018, despu\u00e9s de Samsung, destronando al gigante Apple. Desde entonces, el fabricante chino ha seguido progresando...","rel":"","context":"En \u00abBlog\u00bb","block_context":{"text":"Blog","link":"https:\/\/senegalndiaye.com\/es\/category\/blog\/"},"img":{"alt_text":"prix huawei Dakar","src":"https:\/\/i0.wp.com\/senegalndiaye.com\/wp-content\/uploads\/2020\/05\/prix-huawei-Dakar.jpg?fit=569%2C705&ssl=1&resize=350%2C200","width":350,"height":200,"srcset":"https:\/\/i0.wp.com\/senegalndiaye.com\/wp-content\/uploads\/2020\/05\/prix-huawei-Dakar.jpg?fit=569%2C705&ssl=1&resize=350%2C200 1x, https:\/\/i0.wp.com\/senegalndiaye.com\/wp-content\/uploads\/2020\/05\/prix-huawei-Dakar.jpg?fit=569%2C705&ssl=1&resize=525%2C300 1.5x"},"classes":[]},{"id":23882,"url":"https:\/\/senegalndiaye.com\/es\/prix-des-pizzas-a-dakar\/","url_meta":{"origin":22888,"position":3},"title":"Precios de pizza en Dakar","author":"Moderateur","date":"abril 20, 2021","format":false,"excerpt":"\u00a1Hola, chicos! \u00a1Nos vemos luego! Es verano, disfrutemos del sol, del aire fresco, \u00bfy por qu\u00e9 no de una buena porci\u00f3n de pizza? A todos nos encanta. \u00a1Qu\u00e9 l\u00e1stima por la cintura! \u00bfPara qu\u00e9 sacrificarse cuando puedes darte un capricho? Hemos seleccionado las mejores pizzas de Dakar para ti...","rel":"","context":"En \u00abBlog\u00bb","block_context":{"text":"Blog","link":"https:\/\/senegalndiaye.com\/es\/category\/blog\/"},"img":{"alt_text":"pizza dakar prix","src":"https:\/\/i0.wp.com\/senegalndiaye.com\/wp-content\/uploads\/2021\/04\/pizza-dakar-prix.jpg?fit=1024%2C768&ssl=1&resize=350%2C200","width":350,"height":200,"srcset":"https:\/\/i0.wp.com\/senegalndiaye.com\/wp-content\/uploads\/2021\/04\/pizza-dakar-prix.jpg?fit=1024%2C768&ssl=1&resize=350%2C200 1x, https:\/\/i0.wp.com\/senegalndiaye.com\/wp-content\/uploads\/2021\/04\/pizza-dakar-prix.jpg?fit=1024%2C768&ssl=1&resize=525%2C300 1.5x, https:\/\/i0.wp.com\/senegalndiaye.com\/wp-content\/uploads\/2021\/04\/pizza-dakar-prix.jpg?fit=1024%2C768&ssl=1&resize=700%2C400 2x"},"classes":[]},{"id":24768,"url":"https:\/\/senegalndiaye.com\/es\/%e2%9c%85-iphone-13-pro-max-prix-en-fcfa-au-senegal\/","url_meta":{"origin":22888,"position":4},"title":"\u2705 iphone 13 pro max precio en fcfa en Senegal","author":"Moderateur","date":"septiembre 29, 2021","format":false,"excerpt":"El iPhone 13 ya est\u00e1 disponible. El gigante estadounidense ha lanzado cuatro modelos: el iPhone 13 mini, el iPhone 13, el iPhone 13 pro y el iPhone 13 pro Max. Los precios var\u00edan seg\u00fan el modelo. Descubre los precios del iPhone 13 en Senegal en este art\u00edculo. Precio del iPhone 13 pro max en\u2026","rel":"","context":"En \u00abBlog\u00bb","block_context":{"text":"Blog","link":"https:\/\/senegalndiaye.com\/es\/category\/blog\/"},"img":{"alt_text":"iphone 13 pro max prix en fcfa","src":"https:\/\/i0.wp.com\/senegalndiaye.com\/wp-content\/uploads\/2021\/09\/iphone-13-pro-max.jpg?fit=1200%2C675&ssl=1&resize=350%2C200","width":350,"height":200,"srcset":"https:\/\/i0.wp.com\/senegalndiaye.com\/wp-content\/uploads\/2021\/09\/iphone-13-pro-max.jpg?fit=1200%2C675&ssl=1&resize=350%2C200 1x, https:\/\/i0.wp.com\/senegalndiaye.com\/wp-content\/uploads\/2021\/09\/iphone-13-pro-max.jpg?fit=1200%2C675&ssl=1&resize=525%2C300 1.5x, https:\/\/i0.wp.com\/senegalndiaye.com\/wp-content\/uploads\/2021\/09\/iphone-13-pro-max.jpg?fit=1200%2C675&ssl=1&resize=700%2C400 2x, https:\/\/i0.wp.com\/senegalndiaye.com\/wp-content\/uploads\/2021\/09\/iphone-13-pro-max.jpg?fit=1200%2C675&ssl=1&resize=1050%2C600 3x"},"classes":[]},{"id":22209,"url":"https:\/\/senegalndiaye.com\/es\/ou-trouver-du-make-up-de-qualite-a-dakar\/","url_meta":{"origin":22888,"position":5},"title":"\u00bfD\u00f3nde encontrar maquillaje de calidad en Dakar?","author":"Moderateur","date":"mayo 13, 2020","format":false,"excerpt":"El mercado senegal\u00e9s est\u00e1 inundado de maquillaje falso, de mala calidad y no adaptado a tu tipo de piel. Resultado: alergias, granitos, pero tambi\u00e9n un resultado mediocre si los productos que usas son de mala calidad. Levanta la mano quien nunca haya intentado replicarlo...","rel":"","context":"En \u00abBlog\u00bb","block_context":{"text":"Blog","link":"https:\/\/senegalndiaye.com\/es\/category\/blog\/"},"img":{"alt_text":"make up Dakar","src":"https:\/\/i0.wp.com\/senegalndiaye.com\/wp-content\/uploads\/2020\/05\/flomar.jpg?fit=900%2C755&ssl=1&resize=350%2C200","width":350,"height":200,"srcset":"https:\/\/i0.wp.com\/senegalndiaye.com\/wp-content\/uploads\/2020\/05\/flomar.jpg?fit=900%2C755&ssl=1&resize=350%2C200 1x, https:\/\/i0.wp.com\/senegalndiaye.com\/wp-content\/uploads\/2020\/05\/flomar.jpg?fit=900%2C755&ssl=1&resize=525%2C300 1.5x, https:\/\/i0.wp.com\/senegalndiaye.com\/wp-content\/uploads\/2020\/05\/flomar.jpg?fit=900%2C755&ssl=1&resize=700%2C400 2x"},"classes":[]}],"_links":{"self":[{"href":"https:\/\/senegalndiaye.com\/es\/wp-json\/wp\/v2\/posts\/22888","targetHints":{"allow":["GET"]}}],"collection":[{"href":"https:\/\/senegalndiaye.com\/es\/wp-json\/wp\/v2\/posts"}],"about":[{"href":"https:\/\/senegalndiaye.com\/es\/wp-json\/wp\/v2\/types\/post"}],"author":[{"embeddable":true,"href":"https:\/\/senegalndiaye.com\/es\/wp-json\/wp\/v2\/users\/8"}],"replies":[{"embeddable":true,"href":"https:\/\/senegalndiaye.com\/es\/wp-json\/wp\/v2\/comments?post=22888"}],"version-history":[{"count":13,"href":"https:\/\/senegalndiaye.com\/es\/wp-json\/wp\/v2\/posts\/22888\/revisions"}],"predecessor-version":[{"id":23575,"href":"https:\/\/senegalndiaye.com\/es\/wp-json\/wp\/v2\/posts\/22888\/revisions\/23575"}],"wp:featuredmedia":[{"embeddable":true,"href":"https:\/\/senegalndiaye.com\/es\/wp-json\/wp\/v2\/media\/22889"}],"wp:attachment":[{"href":"https:\/\/senegalndiaye.com\/es\/wp-json\/wp\/v2\/media?parent=22888"}],"wp:term":[{"taxonomy":"category","embeddable":true,"href":"https:\/\/senegalndiaye.com\/es\/wp-json\/wp\/v2\/categories?post=22888"},{"taxonomy":"post_tag","embeddable":true,"href":"https:\/\/senegalndiaye.com\/es\/wp-json\/wp\/v2\/tags?post=22888"}],"curies":[{"name":"gracias","href":"https:\/\/api.w.org\/{rel}","templated":true}]}}