{"id":29905,"date":"2025-03-29T19:00:33","date_gmt":"2025-03-29T19:00:33","guid":{"rendered":"https:\/\/senegalndiaye.com\/?p=29905"},"modified":"2025-03-29T19:00:33","modified_gmt":"2025-03-29T19:00:33","slug":"senegal-le-ministere-de-la-formation-professionnelle-lance-via-le-3fpt-un-appel-a-candidatures-pour-1200-jeunes","status":"publish","type":"post","link":"https:\/\/senegalndiaye.com\/en\/senegal-le-ministere-de-la-formation-professionnelle-lance-via-le-3fpt-un-appel-a-candidatures-pour-1200-jeunes\/","title":{"rendered":"Senegal: The Ministry of Vocational Training launches a call for applications for 1,200 young people via the 3FPT"},"content":{"rendered":"<div id=\"model-response-message-contentr_081c0ce9c3231f0a\" class=\"markdown markdown-main-panel\" dir=\"ltr\">\n<p data-sourcepos=\"1:1-1:394\">The Vocational and Technical Training Fund (3FPT) is launching a call for applications to select 1,200 young people from the Diourbel, Ziguinchor, S\u00e9dhiou, and Kolda regions. These training courses, leading to professional specialization certificates, are part of the PFPE project, which aims to improve the vocational training system in Senegal.<\/p>\n<p data-sourcepos=\"3:1-3:30\"><strong>Objectives of the PFPE project:<\/strong><\/p>\n<ul data-sourcepos=\"5:1-8:0\">\n<li data-sourcepos=\"5:1-5:88\">Improving the framework conditions for an effective vocational training system.<\/li>\n<li data-sourcepos=\"6:1-6:63\">Strengthening the partnership between schools and businesses.<\/li>\n<li data-sourcepos=\"7:1-8:0\">Provide training adapted to the needs of the job market.<\/li>\n<\/ul>\n<p data-sourcepos=\"9:1-9:18\"><strong>Target audience:<\/strong><\/p>\n<ul data-sourcepos=\"11:1-16:0\">\n<li data-sourcepos=\"11:1-11:51\">Young people seeking professional qualifications.<\/li>\n<li data-sourcepos=\"12:1-12:27\">Residents of the daaras.<\/li>\n<li data-sourcepos=\"13:1-13:42\">People in vulnerable situations.<\/li>\n<li data-sourcepos=\"14:1-14:43\">Young people from border and rural areas.<\/li>\n<li data-sourcepos=\"15:1-16:0\">Young mothers.<\/li>\n<\/ul>\n<p data-sourcepos=\"17:1-17:29\"><strong>Registration procedures:<\/strong><\/p>\n<ul data-sourcepos=\"19:1-21:0\">\n<li data-sourcepos=\"19:1-19:51\">Registration period: From January 15 to 27, 2025.<\/li>\n<li data-sourcepos=\"20:1-21:0\">Registration location: Youth and Women&#039;s Employment and Entrepreneurship Centers (PEE\/JF) in the regions concerned.<\/li>\n<\/ul>\n<p data-sourcepos=\"22:1-22:22\"><strong>Required documents:<\/strong><\/p>\n<ul data-sourcepos=\"24:1-26:0\">\n<li data-sourcepos=\"24:1-24:59\">National Identity Card (NIC) or birth certificate.<\/li>\n<li data-sourcepos=\"25:1-26:0\">Proof of vulnerability (parental death certificate, equal opportunities card, etc.), if applicable.<\/li>\n<\/ul>\n<p data-sourcepos=\"27:1-27:34\"><strong>Additional information:<\/strong><\/p>\n<ul data-sourcepos=\"29:1-29:140\">\n<li data-sourcepos=\"29:1-29:140\">For more details, it is advisable to contact the PEE\/JF of the regions concerned directly or to consult the 3FPT website.<\/li>\n<\/ul>\n<\/div>","protected":false},"excerpt":{"rendered":"<p>Le Fonds de Financement de la Formation Professionnelle et Technique (3FPT) lance un appel \u00e0 candidatures pour la s\u00e9lection de 1200 jeunes issus des r\u00e9gions de Diourbel, Ziguinchor, S\u00e9dhiou et Kolda. Ces formations, d\u00e9bouchant sur des certificats professionnels de sp\u00e9cialisation, s&rsquo;inscrivent dans le cadre du projet PFPE, visant \u00e0 am\u00e9liorer le syst\u00e8me de formation professionnelle [&hellip;]<\/p>\n","protected":false},"author":8,"featured_media":29904,"comment_status":"open","ping_status":"open","sticky":false,"template":"","format":"standard","meta":{"_jetpack_memberships_contains_paid_content":false,"footnotes":""},"categories":[459,585],"tags":[],"class_list":["post-29905","post","type-post","status-publish","format-standard","has-post-thumbnail","hentry","category-actualite","category-formations-superieures-au-senegal"],"yoast_head":"<!-- This site is optimized with the Yoast SEO plugin v27.5 - https:\/\/yoast.com\/product\/yoast-seo-wordpress\/ -->\n<title>S\u00e9n\u00e9gal : le Minist\u00e8re de la Formation Professionnelle lance via le 3FPT un appel \u00e0 candidatures pour 1200 jeunes &#187; Senegal Ndiaye<\/title>\n<meta name=\"robots\" content=\"index, follow, max-snippet:-1, max-image-preview:large, max-video-preview:-1\" \/>\n<link rel=\"canonical\" href=\"https:\/\/senegalndiaye.com\/en\/senegal-le-ministere-de-la-formation-professionnelle-lance-via-le-3fpt-un-appel-a-candidatures-pour-1200-jeunes\/\" \/>\n<meta property=\"og:locale\" content=\"en_US\" \/>\n<meta property=\"og:type\" content=\"article\" \/>\n<meta property=\"og:title\" content=\"S\u00e9n\u00e9gal : le Minist\u00e8re de la Formation Professionnelle lance via le 3FPT un appel \u00e0 candidatures pour 1200 jeunes &#187; Senegal Ndiaye\" \/>\n<meta property=\"og:description\" content=\"Le Fonds de Financement de la Formation Professionnelle et Technique (3FPT) lance un appel \u00e0 candidatures pour la s\u00e9lection de 1200 jeunes issus des r\u00e9gions de Diourbel, Ziguinchor, S\u00e9dhiou et Kolda. Ces formations, d\u00e9bouchant sur des certificats professionnels de sp\u00e9cialisation, s&rsquo;inscrivent dans le cadre du projet PFPE, visant \u00e0 am\u00e9liorer le syst\u00e8me de formation professionnelle [&hellip;]\" \/>\n<meta property=\"og:url\" content=\"https:\/\/senegalndiaye.com\/en\/senegal-le-ministere-de-la-formation-professionnelle-lance-via-le-3fpt-un-appel-a-candidatures-pour-1200-jeunes\/\" \/>\n<meta property=\"og:site_name\" content=\"Senegal Ndiaye\" \/>\n<meta property=\"article:publisher\" content=\"https:\/\/www.facebook.com\/senegalndiaye4\/\" \/>\n<meta property=\"article:published_time\" content=\"2025-03-29T19:00:33+00:00\" \/>\n<meta property=\"og:image\" content=\"https:\/\/senegalndiaye.com\/wp-content\/uploads\/2025\/03\/1372c10a764c83c2e0ae1d6e5b546b77file.jpeg\" \/>\n\t<meta property=\"og:image:width\" content=\"800\" \/>\n\t<meta property=\"og:image:height\" content=\"450\" \/>\n\t<meta property=\"og:image:type\" content=\"image\/jpeg\" \/>\n<meta name=\"author\" content=\"Moderateur\" \/>\n<meta name=\"twitter:card\" content=\"summary_large_image\" \/>\n<meta name=\"twitter:creator\" content=\"@Senegalndiaye5\" \/>\n<meta name=\"twitter:site\" content=\"@Senegalndiaye5\" \/>\n<meta name=\"twitter:label1\" content=\"Written by\" \/>\n\t<meta name=\"twitter:data1\" content=\"Moderateur\" \/>\n\t<meta name=\"twitter:label2\" content=\"Est. reading time\" \/>\n\t<meta name=\"twitter:data2\" content=\"2 minutes\" \/>\n<script type=\"application\/ld+json\" class=\"yoast-schema-graph\">{\"@context\":\"https:\\\/\\\/schema.org\",\"@graph\":[{\"@type\":\"Article\",\"@id\":\"https:\\\/\\\/senegalndiaye.com\\\/senegal-le-ministere-de-la-formation-professionnelle-lance-via-le-3fpt-un-appel-a-candidatures-pour-1200-jeunes\\\/#article\",\"isPartOf\":{\"@id\":\"https:\\\/\\\/senegalndiaye.com\\\/senegal-le-ministere-de-la-formation-professionnelle-lance-via-le-3fpt-un-appel-a-candidatures-pour-1200-jeunes\\\/\"},\"author\":{\"name\":\"Moderateur\",\"@id\":\"https:\\\/\\\/senegalndiaye.com\\\/#\\\/schema\\\/person\\\/c1e0d9f50bc68102f5a7368b7c9551f5\"},\"headline\":\"S\u00e9n\u00e9gal : le Minist\u00e8re de la Formation Professionnelle lance via le 3FPT un appel \u00e0 candidatures pour 1200 jeunes\",\"datePublished\":\"2025-03-29T19:00:33+00:00\",\"mainEntityOfPage\":{\"@id\":\"https:\\\/\\\/senegalndiaye.com\\\/senegal-le-ministere-de-la-formation-professionnelle-lance-via-le-3fpt-un-appel-a-candidatures-pour-1200-jeunes\\\/\"},\"wordCount\":243,\"commentCount\":0,\"publisher\":{\"@id\":\"https:\\\/\\\/senegalndiaye.com\\\/#organization\"},\"image\":{\"@id\":\"https:\\\/\\\/senegalndiaye.com\\\/senegal-le-ministere-de-la-formation-professionnelle-lance-via-le-3fpt-un-appel-a-candidatures-pour-1200-jeunes\\\/#primaryimage\"},\"thumbnailUrl\":\"https:\\\/\\\/i0.wp.com\\\/senegalndiaye.com\\\/wp-content\\\/uploads\\\/2025\\\/03\\\/1372c10a764c83c2e0ae1d6e5b546b77file.jpeg?fit=800%2C450&ssl=1\",\"articleSection\":[\"actualit\u00e9\",\"Formations sup\u00e9rieures au S\u00e9n\u00e9gal\"],\"inLanguage\":\"en-US\",\"potentialAction\":[{\"@type\":\"CommentAction\",\"name\":\"Comment\",\"target\":[\"https:\\\/\\\/senegalndiaye.com\\\/senegal-le-ministere-de-la-formation-professionnelle-lance-via-le-3fpt-un-appel-a-candidatures-pour-1200-jeunes\\\/#respond\"]}]},{\"@type\":\"WebPage\",\"@id\":\"https:\\\/\\\/senegalndiaye.com\\\/senegal-le-ministere-de-la-formation-professionnelle-lance-via-le-3fpt-un-appel-a-candidatures-pour-1200-jeunes\\\/\",\"url\":\"https:\\\/\\\/senegalndiaye.com\\\/senegal-le-ministere-de-la-formation-professionnelle-lance-via-le-3fpt-un-appel-a-candidatures-pour-1200-jeunes\\\/\",\"name\":\"S\u00e9n\u00e9gal : le Minist\u00e8re de la Formation Professionnelle lance via le 3FPT un appel \u00e0 candidatures pour 1200 jeunes &#187; Senegal Ndiaye\",\"isPartOf\":{\"@id\":\"https:\\\/\\\/senegalndiaye.com\\\/#website\"},\"primaryImageOfPage\":{\"@id\":\"https:\\\/\\\/senegalndiaye.com\\\/senegal-le-ministere-de-la-formation-professionnelle-lance-via-le-3fpt-un-appel-a-candidatures-pour-1200-jeunes\\\/#primaryimage\"},\"image\":{\"@id\":\"https:\\\/\\\/senegalndiaye.com\\\/senegal-le-ministere-de-la-formation-professionnelle-lance-via-le-3fpt-un-appel-a-candidatures-pour-1200-jeunes\\\/#primaryimage\"},\"thumbnailUrl\":\"https:\\\/\\\/i0.wp.com\\\/senegalndiaye.com\\\/wp-content\\\/uploads\\\/2025\\\/03\\\/1372c10a764c83c2e0ae1d6e5b546b77file.jpeg?fit=800%2C450&ssl=1\",\"datePublished\":\"2025-03-29T19:00:33+00:00\",\"breadcrumb\":{\"@id\":\"https:\\\/\\\/senegalndiaye.com\\\/senegal-le-ministere-de-la-formation-professionnelle-lance-via-le-3fpt-un-appel-a-candidatures-pour-1200-jeunes\\\/#breadcrumb\"},\"inLanguage\":\"en-US\",\"potentialAction\":[{\"@type\":\"ReadAction\",\"target\":[\"https:\\\/\\\/senegalndiaye.com\\\/senegal-le-ministere-de-la-formation-professionnelle-lance-via-le-3fpt-un-appel-a-candidatures-pour-1200-jeunes\\\/\"]}]},{\"@type\":\"ImageObject\",\"inLanguage\":\"en-US\",\"@id\":\"https:\\\/\\\/senegalndiaye.com\\\/senegal-le-ministere-de-la-formation-professionnelle-lance-via-le-3fpt-un-appel-a-candidatures-pour-1200-jeunes\\\/#primaryimage\",\"url\":\"https:\\\/\\\/i0.wp.com\\\/senegalndiaye.com\\\/wp-content\\\/uploads\\\/2025\\\/03\\\/1372c10a764c83c2e0ae1d6e5b546b77file.jpeg?fit=800%2C450&ssl=1\",\"contentUrl\":\"https:\\\/\\\/i0.wp.com\\\/senegalndiaye.com\\\/wp-content\\\/uploads\\\/2025\\\/03\\\/1372c10a764c83c2e0ae1d6e5b546b77file.jpeg?fit=800%2C450&ssl=1\",\"width\":800,\"height\":450},{\"@type\":\"BreadcrumbList\",\"@id\":\"https:\\\/\\\/senegalndiaye.com\\\/senegal-le-ministere-de-la-formation-professionnelle-lance-via-le-3fpt-un-appel-a-candidatures-pour-1200-jeunes\\\/#breadcrumb\",\"itemListElement\":[{\"@type\":\"ListItem\",\"position\":1,\"name\":\"Accueil\",\"item\":\"https:\\\/\\\/senegalndiaye.com\\\/\"},{\"@type\":\"ListItem\",\"position\":2,\"name\":\"S\u00e9n\u00e9gal : le Minist\u00e8re de la Formation Professionnelle lance via le 3FPT un appel \u00e0 candidatures pour 1200 jeunes\"}]},{\"@type\":\"WebSite\",\"@id\":\"https:\\\/\\\/senegalndiaye.com\\\/#website\",\"url\":\"https:\\\/\\\/senegalndiaye.com\\\/\",\"name\":\"Senegal Ndiaye\",\"description\":\"Retrouvez les meilleurs endroits du S\u00e9n\u00e9gal\",\"publisher\":{\"@id\":\"https:\\\/\\\/senegalndiaye.com\\\/#organization\"},\"potentialAction\":[{\"@type\":\"SearchAction\",\"target\":{\"@type\":\"EntryPoint\",\"urlTemplate\":\"https:\\\/\\\/senegalndiaye.com\\\/?s={search_term_string}\"},\"query-input\":{\"@type\":\"PropertyValueSpecification\",\"valueRequired\":true,\"valueName\":\"search_term_string\"}}],\"inLanguage\":\"en-US\"},{\"@type\":\"Organization\",\"@id\":\"https:\\\/\\\/senegalndiaye.com\\\/#organization\",\"name\":\"Senegal Ndiaye\",\"url\":\"https:\\\/\\\/senegalndiaye.com\\\/\",\"logo\":{\"@type\":\"ImageObject\",\"inLanguage\":\"en-US\",\"@id\":\"https:\\\/\\\/senegalndiaye.com\\\/#\\\/schema\\\/logo\\\/image\\\/\",\"url\":\"https:\\\/\\\/senegalndiaye.com\\\/wp-content\\\/uploads\\\/2018\\\/05\\\/senegalndiaye_logo.png\",\"contentUrl\":\"https:\\\/\\\/senegalndiaye.com\\\/wp-content\\\/uploads\\\/2018\\\/05\\\/senegalndiaye_logo.png\",\"width\":150,\"height\":106,\"caption\":\"Senegal Ndiaye\"},\"image\":{\"@id\":\"https:\\\/\\\/senegalndiaye.com\\\/#\\\/schema\\\/logo\\\/image\\\/\"},\"sameAs\":[\"https:\\\/\\\/www.facebook.com\\\/senegalndiaye4\\\/\",\"https:\\\/\\\/x.com\\\/Senegalndiaye5\",\"https:\\\/\\\/www.instagram.com\\\/senegalndiaye1\\\/\",\"https:\\\/\\\/www.linkedin.com\\\/company\\\/senegal-ndiaye\\\/\"]},{\"@type\":\"Person\",\"@id\":\"https:\\\/\\\/senegalndiaye.com\\\/#\\\/schema\\\/person\\\/c1e0d9f50bc68102f5a7368b7c9551f5\",\"name\":\"Moderateur\",\"image\":{\"@type\":\"ImageObject\",\"inLanguage\":\"en-US\",\"@id\":\"https:\\\/\\\/senegalndiaye.com\\\/wp-content\\\/litespeed\\\/avatar\\\/3fb7bc779db92bd05c1837e9542df344.jpg?ver=1777309443\",\"url\":\"https:\\\/\\\/senegalndiaye.com\\\/wp-content\\\/litespeed\\\/avatar\\\/3fb7bc779db92bd05c1837e9542df344.jpg?ver=1777309443\",\"contentUrl\":\"https:\\\/\\\/senegalndiaye.com\\\/wp-content\\\/litespeed\\\/avatar\\\/3fb7bc779db92bd05c1837e9542df344.jpg?ver=1777309443\",\"caption\":\"Moderateur\"},\"url\":\"https:\\\/\\\/senegalndiaye.com\\\/en\\\/author\\\/sndigital\\\/\"}]}<\/script>\n<!-- \/ Yoast SEO plugin. -->","yoast_head_json":{"title":"Senegal: The Ministry of Vocational Training is launching a call for applications for 1,200 young people via the 3FPT \u00bb Senegal Ndiaye","robots":{"index":"index","follow":"follow","max-snippet":"max-snippet:-1","max-image-preview":"max-image-preview:large","max-video-preview":"max-video-preview:-1"},"canonical":"https:\/\/senegalndiaye.com\/en\/senegal-le-ministere-de-la-formation-professionnelle-lance-via-le-3fpt-un-appel-a-candidatures-pour-1200-jeunes\/","og_locale":"en_US","og_type":"article","og_title":"S\u00e9n\u00e9gal : le Minist\u00e8re de la Formation Professionnelle lance via le 3FPT un appel \u00e0 candidatures pour 1200 jeunes &#187; Senegal Ndiaye","og_description":"Le Fonds de Financement de la Formation Professionnelle et Technique (3FPT) lance un appel \u00e0 candidatures pour la s\u00e9lection de 1200 jeunes issus des r\u00e9gions de Diourbel, Ziguinchor, S\u00e9dhiou et Kolda. Ces formations, d\u00e9bouchant sur des certificats professionnels de sp\u00e9cialisation, s&rsquo;inscrivent dans le cadre du projet PFPE, visant \u00e0 am\u00e9liorer le syst\u00e8me de formation professionnelle [&hellip;]","og_url":"https:\/\/senegalndiaye.com\/en\/senegal-le-ministere-de-la-formation-professionnelle-lance-via-le-3fpt-un-appel-a-candidatures-pour-1200-jeunes\/","og_site_name":"Senegal Ndiaye","article_publisher":"https:\/\/www.facebook.com\/senegalndiaye4\/","article_published_time":"2025-03-29T19:00:33+00:00","og_image":[{"width":800,"height":450,"url":"https:\/\/senegalndiaye.com\/wp-content\/uploads\/2025\/03\/1372c10a764c83c2e0ae1d6e5b546b77file.jpeg","type":"image\/jpeg"}],"author":"Moderateur","twitter_card":"summary_large_image","twitter_creator":"@Senegalndiaye5","twitter_site":"@Senegalndiaye5","twitter_misc":{"Written by":"Moderateur","Est. reading time":"2 minutes"},"schema":{"@context":"https:\/\/schema.org","@graph":[{"@type":"Article","@id":"https:\/\/senegalndiaye.com\/senegal-le-ministere-de-la-formation-professionnelle-lance-via-le-3fpt-un-appel-a-candidatures-pour-1200-jeunes\/#article","isPartOf":{"@id":"https:\/\/senegalndiaye.com\/senegal-le-ministere-de-la-formation-professionnelle-lance-via-le-3fpt-un-appel-a-candidatures-pour-1200-jeunes\/"},"author":{"name":"Moderateur","@id":"https:\/\/senegalndiaye.com\/#\/schema\/person\/c1e0d9f50bc68102f5a7368b7c9551f5"},"headline":"S\u00e9n\u00e9gal : le Minist\u00e8re de la Formation Professionnelle lance via le 3FPT un appel \u00e0 candidatures pour 1200 jeunes","datePublished":"2025-03-29T19:00:33+00:00","mainEntityOfPage":{"@id":"https:\/\/senegalndiaye.com\/senegal-le-ministere-de-la-formation-professionnelle-lance-via-le-3fpt-un-appel-a-candidatures-pour-1200-jeunes\/"},"wordCount":243,"commentCount":0,"publisher":{"@id":"https:\/\/senegalndiaye.com\/#organization"},"image":{"@id":"https:\/\/senegalndiaye.com\/senegal-le-ministere-de-la-formation-professionnelle-lance-via-le-3fpt-un-appel-a-candidatures-pour-1200-jeunes\/#primaryimage"},"thumbnailUrl":"https:\/\/i0.wp.com\/senegalndiaye.com\/wp-content\/uploads\/2025\/03\/1372c10a764c83c2e0ae1d6e5b546b77file.jpeg?fit=800%2C450&ssl=1","articleSection":["actualit\u00e9","Formations sup\u00e9rieures au S\u00e9n\u00e9gal"],"inLanguage":"en-US","potentialAction":[{"@type":"CommentAction","name":"Comment","target":["https:\/\/senegalndiaye.com\/senegal-le-ministere-de-la-formation-professionnelle-lance-via-le-3fpt-un-appel-a-candidatures-pour-1200-jeunes\/#respond"]}]},{"@type":"WebPage","@id":"https:\/\/senegalndiaye.com\/senegal-le-ministere-de-la-formation-professionnelle-lance-via-le-3fpt-un-appel-a-candidatures-pour-1200-jeunes\/","url":"https:\/\/senegalndiaye.com\/senegal-le-ministere-de-la-formation-professionnelle-lance-via-le-3fpt-un-appel-a-candidatures-pour-1200-jeunes\/","name":"Senegal: The Ministry of Vocational Training is launching a call for applications for 1,200 young people via the 3FPT \u00bb Senegal Ndiaye","isPartOf":{"@id":"https:\/\/senegalndiaye.com\/#website"},"primaryImageOfPage":{"@id":"https:\/\/senegalndiaye.com\/senegal-le-ministere-de-la-formation-professionnelle-lance-via-le-3fpt-un-appel-a-candidatures-pour-1200-jeunes\/#primaryimage"},"image":{"@id":"https:\/\/senegalndiaye.com\/senegal-le-ministere-de-la-formation-professionnelle-lance-via-le-3fpt-un-appel-a-candidatures-pour-1200-jeunes\/#primaryimage"},"thumbnailUrl":"https:\/\/i0.wp.com\/senegalndiaye.com\/wp-content\/uploads\/2025\/03\/1372c10a764c83c2e0ae1d6e5b546b77file.jpeg?fit=800%2C450&ssl=1","datePublished":"2025-03-29T19:00:33+00:00","breadcrumb":{"@id":"https:\/\/senegalndiaye.com\/senegal-le-ministere-de-la-formation-professionnelle-lance-via-le-3fpt-un-appel-a-candidatures-pour-1200-jeunes\/#breadcrumb"},"inLanguage":"en-US","potentialAction":[{"@type":"ReadAction","target":["https:\/\/senegalndiaye.com\/senegal-le-ministere-de-la-formation-professionnelle-lance-via-le-3fpt-un-appel-a-candidatures-pour-1200-jeunes\/"]}]},{"@type":"ImageObject","inLanguage":"en-US","@id":"https:\/\/senegalndiaye.com\/senegal-le-ministere-de-la-formation-professionnelle-lance-via-le-3fpt-un-appel-a-candidatures-pour-1200-jeunes\/#primaryimage","url":"https:\/\/i0.wp.com\/senegalndiaye.com\/wp-content\/uploads\/2025\/03\/1372c10a764c83c2e0ae1d6e5b546b77file.jpeg?fit=800%2C450&ssl=1","contentUrl":"https:\/\/i0.wp.com\/senegalndiaye.com\/wp-content\/uploads\/2025\/03\/1372c10a764c83c2e0ae1d6e5b546b77file.jpeg?fit=800%2C450&ssl=1","width":800,"height":450},{"@type":"BreadcrumbList","@id":"https:\/\/senegalndiaye.com\/senegal-le-ministere-de-la-formation-professionnelle-lance-via-le-3fpt-un-appel-a-candidatures-pour-1200-jeunes\/#breadcrumb","itemListElement":[{"@type":"ListItem","position":1,"name":"Accueil","item":"https:\/\/senegalndiaye.com\/"},{"@type":"ListItem","position":2,"name":"S\u00e9n\u00e9gal : le Minist\u00e8re de la Formation Professionnelle lance via le 3FPT un appel \u00e0 candidatures pour 1200 jeunes"}]},{"@type":"WebSite","@id":"https:\/\/senegalndiaye.com\/#website","url":"https:\/\/senegalndiaye.com\/","name":"Senegal Ndiaye","description":"Find the best places in Senegal","publisher":{"@id":"https:\/\/senegalndiaye.com\/#organization"},"potentialAction":[{"@type":"SearchAction","target":{"@type":"EntryPoint","urlTemplate":"https:\/\/senegalndiaye.com\/?s={search_term_string}"},"query-input":{"@type":"PropertyValueSpecification","valueRequired":true,"valueName":"search_term_string"}}],"inLanguage":"en-US"},{"@type":"Organization","@id":"https:\/\/senegalndiaye.com\/#organization","name":"Senegal Ndiaye","url":"https:\/\/senegalndiaye.com\/","logo":{"@type":"ImageObject","inLanguage":"en-US","@id":"https:\/\/senegalndiaye.com\/#\/schema\/logo\/image\/","url":"https:\/\/senegalndiaye.com\/wp-content\/uploads\/2018\/05\/senegalndiaye_logo.png","contentUrl":"https:\/\/senegalndiaye.com\/wp-content\/uploads\/2018\/05\/senegalndiaye_logo.png","width":150,"height":106,"caption":"Senegal Ndiaye"},"image":{"@id":"https:\/\/senegalndiaye.com\/#\/schema\/logo\/image\/"},"sameAs":["https:\/\/www.facebook.com\/senegalndiaye4\/","https:\/\/x.com\/Senegalndiaye5","https:\/\/www.instagram.com\/senegalndiaye1\/","https:\/\/www.linkedin.com\/company\/senegal-ndiaye\/"]},{"@type":"Person","@id":"https:\/\/senegalndiaye.com\/#\/schema\/person\/c1e0d9f50bc68102f5a7368b7c9551f5","name":"Moderator","image":{"@type":"ImageObject","inLanguage":"en-US","@id":"https:\/\/senegalndiaye.com\/wp-content\/litespeed\/avatar\/3fb7bc779db92bd05c1837e9542df344.jpg?ver=1777309443","url":"https:\/\/senegalndiaye.com\/wp-content\/litespeed\/avatar\/3fb7bc779db92bd05c1837e9542df344.jpg?ver=1777309443","contentUrl":"https:\/\/senegalndiaye.com\/wp-content\/litespeed\/avatar\/3fb7bc779db92bd05c1837e9542df344.jpg?ver=1777309443","caption":"Moderateur"},"url":"https:\/\/senegalndiaye.com\/en\/author\/sndigital\/"}]}},"jetpack_featured_media_url":"https:\/\/i0.wp.com\/senegalndiaye.com\/wp-content\/uploads\/2025\/03\/1372c10a764c83c2e0ae1d6e5b546b77file.jpeg?fit=800%2C450&ssl=1","jetpack_sharing_enabled":true,"jetpack-related-posts":[{"id":23412,"url":"https:\/\/senegalndiaye.com\/en\/les-formations-en-informatique-sans-le-bac-et-gratuites-a-dakar\/","url_meta":{"origin":29905,"position":0},"title":"Computer training without the baccalaureate and free in Dakar","author":"Moderateur","date":"December 4, 2020","format":false,"excerpt":"\u00c9cole 42, Simplon, or WebForce3 don&#039;t ring a bell? No? Yet these three names have more in common than their names suggest. All three are training schools; they provide computer training; the students graduate with the skills needed for the...","rel":"","context":"In &quot;Blog&quot;","block_context":{"text":"Blog","link":"https:\/\/senegalndiaye.com\/en\/category\/blog\/"},"img":{"alt_text":"formation informatique sans bac dakar","src":"https:\/\/i0.wp.com\/senegalndiaye.com\/wp-content\/uploads\/2020\/12\/formation.jpg?fit=450%2C300&ssl=1&resize=350%2C200","width":350,"height":200},"classes":[]},{"id":24036,"url":"https:\/\/senegalndiaye.com\/en\/les-formations-en-cybersecurite-au-senegal\/","url_meta":{"origin":29905,"position":1},"title":"Cybersecurity training in Senegal","author":"Moderateur","date":"May 26, 2021","format":false,"excerpt":"Measures to combat cyberattacks are constantly evolving. Organizations are increasingly seeking experts to protect information and ensure the sustainability of their IT systems. Training in IT security now offers the opportunity to secure a stable and well-paid job. Discover in this article...","rel":"","context":"In &quot;Blog&quot;","block_context":{"text":"Blog","link":"https:\/\/senegalndiaye.com\/en\/category\/blog\/"},"img":{"alt_text":"formation en cybers\u00e9curit\u00e9 s\u00e9n\u00e9gal","src":"https:\/\/i0.wp.com\/senegalndiaye.com\/wp-content\/uploads\/2021\/05\/formation-en-cybersecurite-senegal.jpg?fit=557%2C280&ssl=1&resize=350%2C200","width":350,"height":200,"srcset":"https:\/\/i0.wp.com\/senegalndiaye.com\/wp-content\/uploads\/2021\/05\/formation-en-cybersecurite-senegal.jpg?fit=557%2C280&ssl=1&resize=350%2C200 1x, https:\/\/i0.wp.com\/senegalndiaye.com\/wp-content\/uploads\/2021\/05\/formation-en-cybersecurite-senegal.jpg?fit=557%2C280&ssl=1&resize=525%2C300 1.5x"},"classes":[]},{"id":29881,"url":"https:\/\/senegalndiaye.com\/en\/education-et-formation-au-senegal-une-nouvelle-dynamique-en-marche\/","url_meta":{"origin":29905,"position":2},"title":"Education and training in Senegal: A new dynamic underway","author":"Moderateur","date":"March 24, 2025","format":false,"excerpt":"Senegal is engaged in a profound transformation of its education system, marked by a series of ambitious reforms aimed at improving the quality of teaching, access to education, and the adequacy of training and labor market needs. This dynamic, although facing persistent challenges,\u2026","rel":"","context":"In &quot;actualit\u00e9&quot;","block_context":{"text":"actualit\u00e9","link":"https:\/\/senegalndiaye.com\/en\/category\/actualite\/"},"img":{"alt_text":"","src":"https:\/\/i0.wp.com\/senegalndiaye.com\/wp-content\/uploads\/2025\/03\/6cd940ab6bd7c1f17adba597e923196dfile.png?fit=1200%2C1000&ssl=1&resize=350%2C200","width":350,"height":200,"srcset":"https:\/\/i0.wp.com\/senegalndiaye.com\/wp-content\/uploads\/2025\/03\/6cd940ab6bd7c1f17adba597e923196dfile.png?fit=1200%2C1000&ssl=1&resize=350%2C200 1x, https:\/\/i0.wp.com\/senegalndiaye.com\/wp-content\/uploads\/2025\/03\/6cd940ab6bd7c1f17adba597e923196dfile.png?fit=1200%2C1000&ssl=1&resize=525%2C300 1.5x, https:\/\/i0.wp.com\/senegalndiaye.com\/wp-content\/uploads\/2025\/03\/6cd940ab6bd7c1f17adba597e923196dfile.png?fit=1200%2C1000&ssl=1&resize=700%2C400 2x, https:\/\/i0.wp.com\/senegalndiaye.com\/wp-content\/uploads\/2025\/03\/6cd940ab6bd7c1f17adba597e923196dfile.png?fit=1200%2C1000&ssl=1&resize=1050%2C600 3x"},"classes":[]},{"id":28161,"url":"https:\/\/senegalndiaye.com\/en\/%e2%9c%85-formation-gratuite-en-ligne-au-senegal-avec-certificat\/","url_meta":{"origin":29905,"position":3},"title":"\u2705 Free online training in Senegal with certificate","author":"Moderateur","date":"June 10, 2023","format":false,"excerpt":"In the current context of rapidly evolving technology and the growing importance of online learning, Senegal has taken significant steps to offer free online training to its population. This initiative aims to enable a greater number of people, regardless of their\u2026","rel":"","context":"In &quot;Blog&quot;","block_context":{"text":"Blog","link":"https:\/\/senegalndiaye.com\/en\/category\/blog\/"},"img":{"alt_text":"Formation gratuite en ligne au S\u00e9n\u00e9gal","src":"https:\/\/i0.wp.com\/senegalndiaye.com\/wp-content\/uploads\/2023\/06\/formation-en-ligne.png?fit=823%2C549&ssl=1&resize=350%2C200","width":350,"height":200,"srcset":"https:\/\/i0.wp.com\/senegalndiaye.com\/wp-content\/uploads\/2023\/06\/formation-en-ligne.png?fit=823%2C549&ssl=1&resize=350%2C200 1x, https:\/\/i0.wp.com\/senegalndiaye.com\/wp-content\/uploads\/2023\/06\/formation-en-ligne.png?fit=823%2C549&ssl=1&resize=525%2C300 1.5x, https:\/\/i0.wp.com\/senegalndiaye.com\/wp-content\/uploads\/2023\/06\/formation-en-ligne.png?fit=823%2C549&ssl=1&resize=700%2C400 2x"},"classes":[]},{"id":24784,"url":"https:\/\/senegalndiaye.com\/en\/%e2%9c%85-formation-en-qualite-hygiene-securite-environnement-au-senegal\/","url_meta":{"origin":29905,"position":4},"title":"\u2705 Training in quality hygiene, environmental safety in Senegal","author":"Moderateur","date":"October 5, 2021","format":false,"excerpt":"If you&#039;d like to pursue a degree in quality, health, safety, and environmental management in Senegal, it&#039;s possible. You can complete your degree without leaving the country, earning a nationally and internationally recognized diploma. Which courses should you choose? What are the best QHSE training schools in Senegal?","rel":"","context":"In &quot;Blog&quot;","block_context":{"text":"Blog","link":"https:\/\/senegalndiaye.com\/en\/category\/blog\/"},"img":{"alt_text":"Formation en qualit\u00e9 hygi\u00e8ne s\u00e9curit\u00e9 environnement au S\u00e9n\u00e9gal","src":"https:\/\/i0.wp.com\/senegalndiaye.com\/wp-content\/uploads\/2021\/10\/QHSE.jpg?fit=675%2C437&ssl=1&resize=350%2C200","width":350,"height":200,"srcset":"https:\/\/i0.wp.com\/senegalndiaye.com\/wp-content\/uploads\/2021\/10\/QHSE.jpg?fit=675%2C437&ssl=1&resize=350%2C200 1x, https:\/\/i0.wp.com\/senegalndiaye.com\/wp-content\/uploads\/2021\/10\/QHSE.jpg?fit=675%2C437&ssl=1&resize=525%2C300 1.5x"},"classes":[]},{"id":23946,"url":"https:\/\/senegalndiaye.com\/en\/les-offres-de-formations-gratuites-au-senegal-2021\/","url_meta":{"origin":29905,"position":5},"title":"Free training offers in Senegal 2021","author":"Moderateur","date":"May 4, 2021","format":false,"excerpt":"Are you looking for completely free training in a school that will provide you with a state-recognized professional diploma? There are dozens of them in Senegal. Their offerings cover almost every area of education. Furthermore, they are accessible through tests or...","rel":"","context":"In &quot;actualit\u00e9&quot;","block_context":{"text":"actualit\u00e9","link":"https:\/\/senegalndiaye.com\/en\/category\/actualite\/"},"img":{"alt_text":"offre de formation gratuite au S\u00e9n\u00e9gal 2021","src":"https:\/\/i0.wp.com\/senegalndiaye.com\/wp-content\/uploads\/2021\/05\/formation-2021.jpg?fit=849%2C566&ssl=1&resize=350%2C200","width":350,"height":200,"srcset":"https:\/\/i0.wp.com\/senegalndiaye.com\/wp-content\/uploads\/2021\/05\/formation-2021.jpg?fit=849%2C566&ssl=1&resize=350%2C200 1x, https:\/\/i0.wp.com\/senegalndiaye.com\/wp-content\/uploads\/2021\/05\/formation-2021.jpg?fit=849%2C566&ssl=1&resize=525%2C300 1.5x, https:\/\/i0.wp.com\/senegalndiaye.com\/wp-content\/uploads\/2021\/05\/formation-2021.jpg?fit=849%2C566&ssl=1&resize=700%2C400 2x"},"classes":[]}],"_links":{"self":[{"href":"https:\/\/senegalndiaye.com\/en\/wp-json\/wp\/v2\/posts\/29905","targetHints":{"allow":["GET"]}}],"collection":[{"href":"https:\/\/senegalndiaye.com\/en\/wp-json\/wp\/v2\/posts"}],"about":[{"href":"https:\/\/senegalndiaye.com\/en\/wp-json\/wp\/v2\/types\/post"}],"author":[{"embeddable":true,"href":"https:\/\/senegalndiaye.com\/en\/wp-json\/wp\/v2\/users\/8"}],"replies":[{"embeddable":true,"href":"https:\/\/senegalndiaye.com\/en\/wp-json\/wp\/v2\/comments?post=29905"}],"version-history":[{"count":1,"href":"https:\/\/senegalndiaye.com\/en\/wp-json\/wp\/v2\/posts\/29905\/revisions"}],"predecessor-version":[{"id":29907,"href":"https:\/\/senegalndiaye.com\/en\/wp-json\/wp\/v2\/posts\/29905\/revisions\/29907"}],"wp:featuredmedia":[{"embeddable":true,"href":"https:\/\/senegalndiaye.com\/en\/wp-json\/wp\/v2\/media\/29904"}],"wp:attachment":[{"href":"https:\/\/senegalndiaye.com\/en\/wp-json\/wp\/v2\/media?parent=29905"}],"wp:term":[{"taxonomy":"category","embeddable":true,"href":"https:\/\/senegalndiaye.com\/en\/wp-json\/wp\/v2\/categories?post=29905"},{"taxonomy":"post_tag","embeddable":true,"href":"https:\/\/senegalndiaye.com\/en\/wp-json\/wp\/v2\/tags?post=29905"}],"curies":[{"name":"wp","href":"https:\/\/api.w.org\/{rel}","templated":true}]}}