{"id":29881,"date":"2025-03-24T21:12:39","date_gmt":"2025-03-24T21:12:39","guid":{"rendered":"https:\/\/senegalndiaye.com\/?p=29881"},"modified":"2025-03-24T21:12:39","modified_gmt":"2025-03-24T21:12:39","slug":"education-et-formation-au-senegal-une-nouvelle-dynamique-en-marche","status":"publish","type":"post","link":"https:\/\/senegalndiaye.com\/en\/education-et-formation-au-senegal-une-nouvelle-dynamique-en-marche\/","title":{"rendered":"Education and training in Senegal: A new dynamic underway"},"content":{"rendered":"<p>Senegal is engaged in a profound transformation of its education system, marked by a series of ambitious reforms aimed at improving the quality of teaching, access to education, and the alignment of training with labor market needs. This dynamic, although facing persistent challenges, opens up promising prospects for the future of education in Senegal.<\/p>\n<h3>Key reforms and flagship initiatives<\/h3>\n<p>At the heart of this transformation is the desire to harmonize the education system with the socio-economic realities of the country. Several key initiatives are planned:<\/p>\n<p><strong>Improving the quality of education<\/strong> : Considerable efforts are being made to strengthen initial and continuing teacher training, with an emphasis on pedagogical skills and the use of digital technologies.<br \/>\n<strong>Expanding access to education<\/strong> : The government is working to reduce disparities in access to education, particularly for girls and children from disadvantaged backgrounds, through scholarship programs, school meals and infrastructure construction.<br \/>\n<strong>Training-employment match<\/strong> : Particular attention is paid to career guidance and the development of technical and vocational training courses, in partnership with the private sector, in order to meet the needs of the labor market.<\/p>\n<h3>Persistent challenges and ways forward<\/h3>\n<p>Despite these notable advances, the Senegalese education system still faces major challenges, including:<\/p>\n<p><strong>Lack of resources<\/strong> : Insufficient funding allocated to education, combined with sometimes inefficient management, hinders the effective implementation of reforms.<br \/>\n<strong>Inequalities of access<\/strong> : Disparities between urban and rural areas, as well as between different social strata, persist and require targeted interventions.<br \/>\n<strong>The quality of teaching<\/strong> : Although efforts are being made, the quality of education remains a major challenge, particularly in rural areas and the most disadvantaged establishments.<\/p>\n<p>To address these challenges, it is imperative to strengthen resource mobilization, improve the governance of the education system, promote educational innovation and develop effective public-private partnerships.<\/p>\n<h3>Future prospects<\/h3>\n<p>The transformation of Senegal&#039;s education system is a long-term process that requires the continued commitment of all stakeholders. By investing in education, Senegal is giving itself the means to build a better future for its youth and foster sustainable economic and social development. The ongoing reforms, if implemented effectively and inclusively, can enable Senegal to become a leader in education in West Africa.<\/p>","protected":false},"excerpt":{"rendered":"<p>Le S\u00e9n\u00e9gal est engag\u00e9 dans une transformation profonde de son syst\u00e8me \u00e9ducatif, marqu\u00e9e par une s\u00e9rie de r\u00e9formes ambitieuses visant \u00e0 am\u00e9liorer la qualit\u00e9 de l&rsquo;enseignement, l&rsquo;acc\u00e8s \u00e0 l&rsquo;\u00e9ducation et l&rsquo;ad\u00e9quation entre la formation et les besoins du march\u00e9 du travail. Cette dynamique, bien que confront\u00e9e \u00e0 des d\u00e9fis persistants, ouvre des perspectives prometteuses pour [&hellip;]<\/p>\n","protected":false},"author":8,"featured_media":29880,"comment_status":"open","ping_status":"open","sticky":false,"template":"","format":"standard","meta":{"_jetpack_memberships_contains_paid_content":false,"footnotes":""},"categories":[459,585],"tags":[],"class_list":["post-29881","post","type-post","status-publish","format-standard","has-post-thumbnail","hentry","category-actualite","category-formations-superieures-au-senegal"],"yoast_head":"<!-- This site is optimized with the Yoast SEO plugin v27.5 - https:\/\/yoast.com\/product\/yoast-seo-wordpress\/ -->\n<title>Education et formation au S\u00e9n\u00e9gal : Une nouvelle dynamique en marche &#187; Senegal Ndiaye<\/title>\n<meta name=\"robots\" content=\"index, follow, max-snippet:-1, max-image-preview:large, max-video-preview:-1\" \/>\n<link rel=\"canonical\" href=\"https:\/\/senegalndiaye.com\/en\/education-et-formation-au-senegal-une-nouvelle-dynamique-en-marche\/\" \/>\n<meta property=\"og:locale\" content=\"en_US\" \/>\n<meta property=\"og:type\" content=\"article\" \/>\n<meta property=\"og:title\" content=\"Education et formation au S\u00e9n\u00e9gal : Une nouvelle dynamique en marche &#187; Senegal Ndiaye\" \/>\n<meta property=\"og:description\" content=\"Le S\u00e9n\u00e9gal est engag\u00e9 dans une transformation profonde de son syst\u00e8me \u00e9ducatif, marqu\u00e9e par une s\u00e9rie de r\u00e9formes ambitieuses visant \u00e0 am\u00e9liorer la qualit\u00e9 de l&rsquo;enseignement, l&rsquo;acc\u00e8s \u00e0 l&rsquo;\u00e9ducation et l&rsquo;ad\u00e9quation entre la formation et les besoins du march\u00e9 du travail. Cette dynamique, bien que confront\u00e9e \u00e0 des d\u00e9fis persistants, ouvre des perspectives prometteuses pour [&hellip;]\" \/>\n<meta property=\"og:url\" content=\"https:\/\/senegalndiaye.com\/en\/education-et-formation-au-senegal-une-nouvelle-dynamique-en-marche\/\" \/>\n<meta property=\"og:site_name\" content=\"Senegal Ndiaye\" \/>\n<meta property=\"article:publisher\" content=\"https:\/\/www.facebook.com\/senegalndiaye4\/\" \/>\n<meta property=\"article:published_time\" content=\"2025-03-24T21:12:39+00:00\" \/>\n<meta property=\"og:image\" content=\"https:\/\/senegalndiaye.com\/wp-content\/uploads\/2025\/03\/6cd940ab6bd7c1f17adba597e923196dfile.png\" \/>\n\t<meta property=\"og:image:width\" content=\"1200\" \/>\n\t<meta property=\"og:image:height\" content=\"1000\" \/>\n\t<meta property=\"og:image:type\" content=\"image\/png\" \/>\n<meta name=\"author\" content=\"Moderateur\" \/>\n<meta name=\"twitter:card\" content=\"summary_large_image\" \/>\n<meta name=\"twitter:creator\" content=\"@Senegalndiaye5\" \/>\n<meta name=\"twitter:site\" content=\"@Senegalndiaye5\" \/>\n<meta name=\"twitter:label1\" content=\"Written by\" \/>\n\t<meta name=\"twitter:data1\" content=\"Moderateur\" \/>\n\t<meta name=\"twitter:label2\" content=\"Est. reading time\" \/>\n\t<meta name=\"twitter:data2\" content=\"3 minutes\" \/>\n<script type=\"application\/ld+json\" class=\"yoast-schema-graph\">{\"@context\":\"https:\\\/\\\/schema.org\",\"@graph\":[{\"@type\":\"Article\",\"@id\":\"https:\\\/\\\/senegalndiaye.com\\\/education-et-formation-au-senegal-une-nouvelle-dynamique-en-marche\\\/#article\",\"isPartOf\":{\"@id\":\"https:\\\/\\\/senegalndiaye.com\\\/education-et-formation-au-senegal-une-nouvelle-dynamique-en-marche\\\/\"},\"author\":{\"name\":\"Moderateur\",\"@id\":\"https:\\\/\\\/senegalndiaye.com\\\/#\\\/schema\\\/person\\\/c1e0d9f50bc68102f5a7368b7c9551f5\"},\"headline\":\"Education et formation au S\u00e9n\u00e9gal : Une nouvelle dynamique en marche\",\"datePublished\":\"2025-03-24T21:12:39+00:00\",\"mainEntityOfPage\":{\"@id\":\"https:\\\/\\\/senegalndiaye.com\\\/education-et-formation-au-senegal-une-nouvelle-dynamique-en-marche\\\/\"},\"wordCount\":513,\"commentCount\":0,\"publisher\":{\"@id\":\"https:\\\/\\\/senegalndiaye.com\\\/#organization\"},\"image\":{\"@id\":\"https:\\\/\\\/senegalndiaye.com\\\/education-et-formation-au-senegal-une-nouvelle-dynamique-en-marche\\\/#primaryimage\"},\"thumbnailUrl\":\"https:\\\/\\\/i0.wp.com\\\/senegalndiaye.com\\\/wp-content\\\/uploads\\\/2025\\\/03\\\/6cd940ab6bd7c1f17adba597e923196dfile.png?fit=1200%2C1000&ssl=1\",\"articleSection\":[\"actualit\u00e9\",\"Formations sup\u00e9rieures au S\u00e9n\u00e9gal\"],\"inLanguage\":\"en-US\",\"potentialAction\":[{\"@type\":\"CommentAction\",\"name\":\"Comment\",\"target\":[\"https:\\\/\\\/senegalndiaye.com\\\/education-et-formation-au-senegal-une-nouvelle-dynamique-en-marche\\\/#respond\"]}]},{\"@type\":\"WebPage\",\"@id\":\"https:\\\/\\\/senegalndiaye.com\\\/education-et-formation-au-senegal-une-nouvelle-dynamique-en-marche\\\/\",\"url\":\"https:\\\/\\\/senegalndiaye.com\\\/education-et-formation-au-senegal-une-nouvelle-dynamique-en-marche\\\/\",\"name\":\"Education et formation au S\u00e9n\u00e9gal : Une nouvelle dynamique en marche &#187; Senegal Ndiaye\",\"isPartOf\":{\"@id\":\"https:\\\/\\\/senegalndiaye.com\\\/#website\"},\"primaryImageOfPage\":{\"@id\":\"https:\\\/\\\/senegalndiaye.com\\\/education-et-formation-au-senegal-une-nouvelle-dynamique-en-marche\\\/#primaryimage\"},\"image\":{\"@id\":\"https:\\\/\\\/senegalndiaye.com\\\/education-et-formation-au-senegal-une-nouvelle-dynamique-en-marche\\\/#primaryimage\"},\"thumbnailUrl\":\"https:\\\/\\\/i0.wp.com\\\/senegalndiaye.com\\\/wp-content\\\/uploads\\\/2025\\\/03\\\/6cd940ab6bd7c1f17adba597e923196dfile.png?fit=1200%2C1000&ssl=1\",\"datePublished\":\"2025-03-24T21:12:39+00:00\",\"breadcrumb\":{\"@id\":\"https:\\\/\\\/senegalndiaye.com\\\/education-et-formation-au-senegal-une-nouvelle-dynamique-en-marche\\\/#breadcrumb\"},\"inLanguage\":\"en-US\",\"potentialAction\":[{\"@type\":\"ReadAction\",\"target\":[\"https:\\\/\\\/senegalndiaye.com\\\/education-et-formation-au-senegal-une-nouvelle-dynamique-en-marche\\\/\"]}]},{\"@type\":\"ImageObject\",\"inLanguage\":\"en-US\",\"@id\":\"https:\\\/\\\/senegalndiaye.com\\\/education-et-formation-au-senegal-une-nouvelle-dynamique-en-marche\\\/#primaryimage\",\"url\":\"https:\\\/\\\/i0.wp.com\\\/senegalndiaye.com\\\/wp-content\\\/uploads\\\/2025\\\/03\\\/6cd940ab6bd7c1f17adba597e923196dfile.png?fit=1200%2C1000&ssl=1\",\"contentUrl\":\"https:\\\/\\\/i0.wp.com\\\/senegalndiaye.com\\\/wp-content\\\/uploads\\\/2025\\\/03\\\/6cd940ab6bd7c1f17adba597e923196dfile.png?fit=1200%2C1000&ssl=1\",\"width\":1200,\"height\":1000},{\"@type\":\"BreadcrumbList\",\"@id\":\"https:\\\/\\\/senegalndiaye.com\\\/education-et-formation-au-senegal-une-nouvelle-dynamique-en-marche\\\/#breadcrumb\",\"itemListElement\":[{\"@type\":\"ListItem\",\"position\":1,\"name\":\"Accueil\",\"item\":\"https:\\\/\\\/senegalndiaye.com\\\/\"},{\"@type\":\"ListItem\",\"position\":2,\"name\":\"Education et formation au S\u00e9n\u00e9gal : Une nouvelle dynamique en marche\"}]},{\"@type\":\"WebSite\",\"@id\":\"https:\\\/\\\/senegalndiaye.com\\\/#website\",\"url\":\"https:\\\/\\\/senegalndiaye.com\\\/\",\"name\":\"Senegal Ndiaye\",\"description\":\"Retrouvez les meilleurs endroits du S\u00e9n\u00e9gal\",\"publisher\":{\"@id\":\"https:\\\/\\\/senegalndiaye.com\\\/#organization\"},\"potentialAction\":[{\"@type\":\"SearchAction\",\"target\":{\"@type\":\"EntryPoint\",\"urlTemplate\":\"https:\\\/\\\/senegalndiaye.com\\\/?s={search_term_string}\"},\"query-input\":{\"@type\":\"PropertyValueSpecification\",\"valueRequired\":true,\"valueName\":\"search_term_string\"}}],\"inLanguage\":\"en-US\"},{\"@type\":\"Organization\",\"@id\":\"https:\\\/\\\/senegalndiaye.com\\\/#organization\",\"name\":\"Senegal Ndiaye\",\"url\":\"https:\\\/\\\/senegalndiaye.com\\\/\",\"logo\":{\"@type\":\"ImageObject\",\"inLanguage\":\"en-US\",\"@id\":\"https:\\\/\\\/senegalndiaye.com\\\/#\\\/schema\\\/logo\\\/image\\\/\",\"url\":\"https:\\\/\\\/senegalndiaye.com\\\/wp-content\\\/uploads\\\/2018\\\/05\\\/senegalndiaye_logo.png\",\"contentUrl\":\"https:\\\/\\\/senegalndiaye.com\\\/wp-content\\\/uploads\\\/2018\\\/05\\\/senegalndiaye_logo.png\",\"width\":150,\"height\":106,\"caption\":\"Senegal Ndiaye\"},\"image\":{\"@id\":\"https:\\\/\\\/senegalndiaye.com\\\/#\\\/schema\\\/logo\\\/image\\\/\"},\"sameAs\":[\"https:\\\/\\\/www.facebook.com\\\/senegalndiaye4\\\/\",\"https:\\\/\\\/x.com\\\/Senegalndiaye5\",\"https:\\\/\\\/www.instagram.com\\\/senegalndiaye1\\\/\",\"https:\\\/\\\/www.linkedin.com\\\/company\\\/senegal-ndiaye\\\/\"]},{\"@type\":\"Person\",\"@id\":\"https:\\\/\\\/senegalndiaye.com\\\/#\\\/schema\\\/person\\\/c1e0d9f50bc68102f5a7368b7c9551f5\",\"name\":\"Moderateur\",\"image\":{\"@type\":\"ImageObject\",\"inLanguage\":\"en-US\",\"@id\":\"https:\\\/\\\/senegalndiaye.com\\\/wp-content\\\/litespeed\\\/avatar\\\/3fb7bc779db92bd05c1837e9542df344.jpg?ver=1777309443\",\"url\":\"https:\\\/\\\/senegalndiaye.com\\\/wp-content\\\/litespeed\\\/avatar\\\/3fb7bc779db92bd05c1837e9542df344.jpg?ver=1777309443\",\"contentUrl\":\"https:\\\/\\\/senegalndiaye.com\\\/wp-content\\\/litespeed\\\/avatar\\\/3fb7bc779db92bd05c1837e9542df344.jpg?ver=1777309443\",\"caption\":\"Moderateur\"},\"url\":\"https:\\\/\\\/senegalndiaye.com\\\/en\\\/author\\\/sndigital\\\/\"}]}<\/script>\n<!-- \/ Yoast SEO plugin. -->","yoast_head_json":{"title":"Education and training in Senegal: A new dynamic underway \u00bb Senegal Ndiaye","robots":{"index":"index","follow":"follow","max-snippet":"max-snippet:-1","max-image-preview":"max-image-preview:large","max-video-preview":"max-video-preview:-1"},"canonical":"https:\/\/senegalndiaye.com\/en\/education-et-formation-au-senegal-une-nouvelle-dynamique-en-marche\/","og_locale":"en_US","og_type":"article","og_title":"Education et formation au S\u00e9n\u00e9gal : Une nouvelle dynamique en marche &#187; Senegal Ndiaye","og_description":"Le S\u00e9n\u00e9gal est engag\u00e9 dans une transformation profonde de son syst\u00e8me \u00e9ducatif, marqu\u00e9e par une s\u00e9rie de r\u00e9formes ambitieuses visant \u00e0 am\u00e9liorer la qualit\u00e9 de l&rsquo;enseignement, l&rsquo;acc\u00e8s \u00e0 l&rsquo;\u00e9ducation et l&rsquo;ad\u00e9quation entre la formation et les besoins du march\u00e9 du travail. Cette dynamique, bien que confront\u00e9e \u00e0 des d\u00e9fis persistants, ouvre des perspectives prometteuses pour [&hellip;]","og_url":"https:\/\/senegalndiaye.com\/en\/education-et-formation-au-senegal-une-nouvelle-dynamique-en-marche\/","og_site_name":"Senegal Ndiaye","article_publisher":"https:\/\/www.facebook.com\/senegalndiaye4\/","article_published_time":"2025-03-24T21:12:39+00:00","og_image":[{"width":1200,"height":1000,"url":"https:\/\/senegalndiaye.com\/wp-content\/uploads\/2025\/03\/6cd940ab6bd7c1f17adba597e923196dfile.png","type":"image\/png"}],"author":"Moderateur","twitter_card":"summary_large_image","twitter_creator":"@Senegalndiaye5","twitter_site":"@Senegalndiaye5","twitter_misc":{"Written by":"Moderateur","Est. reading time":"3 minutes"},"schema":{"@context":"https:\/\/schema.org","@graph":[{"@type":"Article","@id":"https:\/\/senegalndiaye.com\/education-et-formation-au-senegal-une-nouvelle-dynamique-en-marche\/#article","isPartOf":{"@id":"https:\/\/senegalndiaye.com\/education-et-formation-au-senegal-une-nouvelle-dynamique-en-marche\/"},"author":{"name":"Moderateur","@id":"https:\/\/senegalndiaye.com\/#\/schema\/person\/c1e0d9f50bc68102f5a7368b7c9551f5"},"headline":"Education et formation au S\u00e9n\u00e9gal : Une nouvelle dynamique en marche","datePublished":"2025-03-24T21:12:39+00:00","mainEntityOfPage":{"@id":"https:\/\/senegalndiaye.com\/education-et-formation-au-senegal-une-nouvelle-dynamique-en-marche\/"},"wordCount":513,"commentCount":0,"publisher":{"@id":"https:\/\/senegalndiaye.com\/#organization"},"image":{"@id":"https:\/\/senegalndiaye.com\/education-et-formation-au-senegal-une-nouvelle-dynamique-en-marche\/#primaryimage"},"thumbnailUrl":"https:\/\/i0.wp.com\/senegalndiaye.com\/wp-content\/uploads\/2025\/03\/6cd940ab6bd7c1f17adba597e923196dfile.png?fit=1200%2C1000&ssl=1","articleSection":["actualit\u00e9","Formations sup\u00e9rieures au S\u00e9n\u00e9gal"],"inLanguage":"en-US","potentialAction":[{"@type":"CommentAction","name":"Comment","target":["https:\/\/senegalndiaye.com\/education-et-formation-au-senegal-une-nouvelle-dynamique-en-marche\/#respond"]}]},{"@type":"WebPage","@id":"https:\/\/senegalndiaye.com\/education-et-formation-au-senegal-une-nouvelle-dynamique-en-marche\/","url":"https:\/\/senegalndiaye.com\/education-et-formation-au-senegal-une-nouvelle-dynamique-en-marche\/","name":"Education and training in Senegal: A new dynamic underway \u00bb Senegal Ndiaye","isPartOf":{"@id":"https:\/\/senegalndiaye.com\/#website"},"primaryImageOfPage":{"@id":"https:\/\/senegalndiaye.com\/education-et-formation-au-senegal-une-nouvelle-dynamique-en-marche\/#primaryimage"},"image":{"@id":"https:\/\/senegalndiaye.com\/education-et-formation-au-senegal-une-nouvelle-dynamique-en-marche\/#primaryimage"},"thumbnailUrl":"https:\/\/i0.wp.com\/senegalndiaye.com\/wp-content\/uploads\/2025\/03\/6cd940ab6bd7c1f17adba597e923196dfile.png?fit=1200%2C1000&ssl=1","datePublished":"2025-03-24T21:12:39+00:00","breadcrumb":{"@id":"https:\/\/senegalndiaye.com\/education-et-formation-au-senegal-une-nouvelle-dynamique-en-marche\/#breadcrumb"},"inLanguage":"en-US","potentialAction":[{"@type":"ReadAction","target":["https:\/\/senegalndiaye.com\/education-et-formation-au-senegal-une-nouvelle-dynamique-en-marche\/"]}]},{"@type":"ImageObject","inLanguage":"en-US","@id":"https:\/\/senegalndiaye.com\/education-et-formation-au-senegal-une-nouvelle-dynamique-en-marche\/#primaryimage","url":"https:\/\/i0.wp.com\/senegalndiaye.com\/wp-content\/uploads\/2025\/03\/6cd940ab6bd7c1f17adba597e923196dfile.png?fit=1200%2C1000&ssl=1","contentUrl":"https:\/\/i0.wp.com\/senegalndiaye.com\/wp-content\/uploads\/2025\/03\/6cd940ab6bd7c1f17adba597e923196dfile.png?fit=1200%2C1000&ssl=1","width":1200,"height":1000},{"@type":"BreadcrumbList","@id":"https:\/\/senegalndiaye.com\/education-et-formation-au-senegal-une-nouvelle-dynamique-en-marche\/#breadcrumb","itemListElement":[{"@type":"ListItem","position":1,"name":"Accueil","item":"https:\/\/senegalndiaye.com\/"},{"@type":"ListItem","position":2,"name":"Education et formation au S\u00e9n\u00e9gal : Une nouvelle dynamique en marche"}]},{"@type":"WebSite","@id":"https:\/\/senegalndiaye.com\/#website","url":"https:\/\/senegalndiaye.com\/","name":"Senegal Ndiaye","description":"Find the best places in Senegal","publisher":{"@id":"https:\/\/senegalndiaye.com\/#organization"},"potentialAction":[{"@type":"SearchAction","target":{"@type":"EntryPoint","urlTemplate":"https:\/\/senegalndiaye.com\/?s={search_term_string}"},"query-input":{"@type":"PropertyValueSpecification","valueRequired":true,"valueName":"search_term_string"}}],"inLanguage":"en-US"},{"@type":"Organization","@id":"https:\/\/senegalndiaye.com\/#organization","name":"Senegal Ndiaye","url":"https:\/\/senegalndiaye.com\/","logo":{"@type":"ImageObject","inLanguage":"en-US","@id":"https:\/\/senegalndiaye.com\/#\/schema\/logo\/image\/","url":"https:\/\/senegalndiaye.com\/wp-content\/uploads\/2018\/05\/senegalndiaye_logo.png","contentUrl":"https:\/\/senegalndiaye.com\/wp-content\/uploads\/2018\/05\/senegalndiaye_logo.png","width":150,"height":106,"caption":"Senegal Ndiaye"},"image":{"@id":"https:\/\/senegalndiaye.com\/#\/schema\/logo\/image\/"},"sameAs":["https:\/\/www.facebook.com\/senegalndiaye4\/","https:\/\/x.com\/Senegalndiaye5","https:\/\/www.instagram.com\/senegalndiaye1\/","https:\/\/www.linkedin.com\/company\/senegal-ndiaye\/"]},{"@type":"Person","@id":"https:\/\/senegalndiaye.com\/#\/schema\/person\/c1e0d9f50bc68102f5a7368b7c9551f5","name":"Moderator","image":{"@type":"ImageObject","inLanguage":"en-US","@id":"https:\/\/senegalndiaye.com\/wp-content\/litespeed\/avatar\/3fb7bc779db92bd05c1837e9542df344.jpg?ver=1777309443","url":"https:\/\/senegalndiaye.com\/wp-content\/litespeed\/avatar\/3fb7bc779db92bd05c1837e9542df344.jpg?ver=1777309443","contentUrl":"https:\/\/senegalndiaye.com\/wp-content\/litespeed\/avatar\/3fb7bc779db92bd05c1837e9542df344.jpg?ver=1777309443","caption":"Moderateur"},"url":"https:\/\/senegalndiaye.com\/en\/author\/sndigital\/"}]}},"jetpack_featured_media_url":"https:\/\/i0.wp.com\/senegalndiaye.com\/wp-content\/uploads\/2025\/03\/6cd940ab6bd7c1f17adba597e923196dfile.png?fit=1200%2C1000&ssl=1","jetpack_sharing_enabled":true,"jetpack-related-posts":[{"id":29894,"url":"https:\/\/senegalndiaye.com\/en\/agenda-national-de-transformation-de-lenseignement-superieur-dr-abdourahmane-diouf-detaille-les-grands-axes\/","url_meta":{"origin":29881,"position":0},"title":"National Agenda for the Transformation of Higher Education: Dr. Abdourahmane Diouf Details the Main Plans","author":"Moderateur","date":"March 27, 2025","format":false,"excerpt":"On Monday, December 16, the Minister of Higher Education, Research and Innovation (MESRI), Dr. Abdourahmane Diouf, presented the 2025 Finance Bill to the Finance and Budget Control Committee. This meeting was an opportunity to unveil the National Education Transformation Agenda\u2026","rel":"","context":"In &quot;actualit\u00e9&quot;","block_context":{"text":"actualit\u00e9","link":"https:\/\/senegalndiaye.com\/en\/category\/actualite\/"},"img":{"alt_text":"","src":"https:\/\/i0.wp.com\/senegalndiaye.com\/wp-content\/uploads\/2025\/03\/0ad8eeb9df904106433c077bfda1f2a4file.jpeg?fit=1200%2C900&ssl=1&resize=350%2C200","width":350,"height":200,"srcset":"https:\/\/i0.wp.com\/senegalndiaye.com\/wp-content\/uploads\/2025\/03\/0ad8eeb9df904106433c077bfda1f2a4file.jpeg?fit=1200%2C900&ssl=1&resize=350%2C200 1x, https:\/\/i0.wp.com\/senegalndiaye.com\/wp-content\/uploads\/2025\/03\/0ad8eeb9df904106433c077bfda1f2a4file.jpeg?fit=1200%2C900&ssl=1&resize=525%2C300 1.5x, https:\/\/i0.wp.com\/senegalndiaye.com\/wp-content\/uploads\/2025\/03\/0ad8eeb9df904106433c077bfda1f2a4file.jpeg?fit=1200%2C900&ssl=1&resize=700%2C400 2x, https:\/\/i0.wp.com\/senegalndiaye.com\/wp-content\/uploads\/2025\/03\/0ad8eeb9df904106433c077bfda1f2a4file.jpeg?fit=1200%2C900&ssl=1&resize=1050%2C600 3x"},"classes":[]},{"id":29867,"url":"https:\/\/senegalndiaye.com\/en\/senegal-le-president-diomaye-cree-un-conseil-superieur-de-leducation-et-de-la-formation\/","url_meta":{"origin":29881,"position":1},"title":"Senegal: President Diomaye creates a Higher Council for Education and Training","author":"Moderateur","date":"March 22, 2025","format":false,"excerpt":"Senegal is about to undergo a major transformation in its education system. President Bassirou Diomaye Faye has announced the establishment of a Higher Council for Education and Training. This ambitious initiative aims to fundamentally overhaul the education sector, thus meeting the pressing needs of a\u2026","rel":"","context":"In &quot;actualit\u00e9&quot;","block_context":{"text":"actualit\u00e9","link":"https:\/\/senegalndiaye.com\/en\/category\/actualite\/"},"img":{"alt_text":"","src":"https:\/\/i0.wp.com\/senegalndiaye.com\/wp-content\/uploads\/2025\/03\/89d7d54d9a7582ca71c8928f3646c20efile.jpeg?fit=1200%2C536&ssl=1&resize=350%2C200","width":350,"height":200,"srcset":"https:\/\/i0.wp.com\/senegalndiaye.com\/wp-content\/uploads\/2025\/03\/89d7d54d9a7582ca71c8928f3646c20efile.jpeg?fit=1200%2C536&ssl=1&resize=350%2C200 1x, https:\/\/i0.wp.com\/senegalndiaye.com\/wp-content\/uploads\/2025\/03\/89d7d54d9a7582ca71c8928f3646c20efile.jpeg?fit=1200%2C536&ssl=1&resize=525%2C300 1.5x, https:\/\/i0.wp.com\/senegalndiaye.com\/wp-content\/uploads\/2025\/03\/89d7d54d9a7582ca71c8928f3646c20efile.jpeg?fit=1200%2C536&ssl=1&resize=700%2C400 2x, https:\/\/i0.wp.com\/senegalndiaye.com\/wp-content\/uploads\/2025\/03\/89d7d54d9a7582ca71c8928f3646c20efile.jpeg?fit=1200%2C536&ssl=1&resize=1050%2C600 3x"},"classes":[]},{"id":28161,"url":"https:\/\/senegalndiaye.com\/en\/%e2%9c%85-formation-gratuite-en-ligne-au-senegal-avec-certificat\/","url_meta":{"origin":29881,"position":2},"title":"\u2705 Free online training in Senegal with certificate","author":"Moderateur","date":"June 10, 2023","format":false,"excerpt":"In the current context of rapidly evolving technology and the growing importance of online learning, Senegal has taken significant steps to offer free online training to its population. This initiative aims to enable a greater number of people, regardless of their\u2026","rel":"","context":"In &quot;Blog&quot;","block_context":{"text":"Blog","link":"https:\/\/senegalndiaye.com\/en\/category\/blog\/"},"img":{"alt_text":"Formation gratuite en ligne au S\u00e9n\u00e9gal","src":"https:\/\/i0.wp.com\/senegalndiaye.com\/wp-content\/uploads\/2023\/06\/formation-en-ligne.png?fit=823%2C549&ssl=1&resize=350%2C200","width":350,"height":200,"srcset":"https:\/\/i0.wp.com\/senegalndiaye.com\/wp-content\/uploads\/2023\/06\/formation-en-ligne.png?fit=823%2C549&ssl=1&resize=350%2C200 1x, https:\/\/i0.wp.com\/senegalndiaye.com\/wp-content\/uploads\/2023\/06\/formation-en-ligne.png?fit=823%2C549&ssl=1&resize=525%2C300 1.5x, https:\/\/i0.wp.com\/senegalndiaye.com\/wp-content\/uploads\/2023\/06\/formation-en-ligne.png?fit=823%2C549&ssl=1&resize=700%2C400 2x"},"classes":[]},{"id":29758,"url":"https:\/\/senegalndiaye.com\/en\/recrutement-de-2000-enseignants-au-senegal-lien-de-la-plateforme-mirador\/","url_meta":{"origin":29881,"position":3},"title":"Recruitment of 2000 teachers in Senegal \u2013 Mirador platform link","author":"Moderateur","date":"January 27, 2025","format":false,"excerpt":"Recruitment of 2,000 teachers in Senegal via the Mirador platform: A step forward for national education As part of Senegal&#039;s education policy and its ambition to improve the quality and accessibility of education, the government has just announced an exceptional recruitment campaign for 2,000 teachers.\u2026","rel":"","context":"In &quot;actualit\u00e9&quot;","block_context":{"text":"actualit\u00e9","link":"https:\/\/senegalndiaye.com\/en\/category\/actualite\/"},"img":{"alt_text":"Recrutement 2000 enseignants s\u00e9n\u00e9gal lien","src":"https:\/\/i0.wp.com\/senegalndiaye.com\/wp-content\/uploads\/2025\/01\/mirador-recrutement-2000-enseignants-Senegal.jpg?fit=1200%2C1200&ssl=1&resize=350%2C200","width":350,"height":200,"srcset":"https:\/\/i0.wp.com\/senegalndiaye.com\/wp-content\/uploads\/2025\/01\/mirador-recrutement-2000-enseignants-Senegal.jpg?fit=1200%2C1200&ssl=1&resize=350%2C200 1x, https:\/\/i0.wp.com\/senegalndiaye.com\/wp-content\/uploads\/2025\/01\/mirador-recrutement-2000-enseignants-Senegal.jpg?fit=1200%2C1200&ssl=1&resize=525%2C300 1.5x, https:\/\/i0.wp.com\/senegalndiaye.com\/wp-content\/uploads\/2025\/01\/mirador-recrutement-2000-enseignants-Senegal.jpg?fit=1200%2C1200&ssl=1&resize=700%2C400 2x, https:\/\/i0.wp.com\/senegalndiaye.com\/wp-content\/uploads\/2025\/01\/mirador-recrutement-2000-enseignants-Senegal.jpg?fit=1200%2C1200&ssl=1&resize=1050%2C600 3x"},"classes":[]},{"id":28544,"url":"https:\/\/senegalndiaye.com\/en\/%e2%9c%85-le-groupe-scolaire-marieme-et-aida-un-pilier-de-leducation-specialisee-au-senegal-enfant-autiste\/","url_meta":{"origin":29881,"position":4},"title":"\u2705 The Mari\u00e8me and Aida School Group: A Pillar of Inclusion in Senegal (special education, autistic child)","author":"Moderateur","date":"August 21, 2023","format":false,"excerpt":"Special education plays a crucial role in Senegalese society, providing vital support to individuals with disabilities, such as autistic children in Senegal. Over the years, Senegal has made significant progress in implementing programs and policies\u2026","rel":"","context":"In &quot;actualit\u00e9&quot;","block_context":{"text":"actualit\u00e9","link":"https:\/\/senegalndiaye.com\/en\/category\/actualite\/"},"img":{"alt_text":"\u00c9ducation sp\u00e9cialis\u00e9e au S\u00e9n\u00e9gal","src":"https:\/\/i0.wp.com\/senegalndiaye.com\/wp-content\/uploads\/2023\/08\/educ-spe.jpg?fit=806%2C746&ssl=1&resize=350%2C200","width":350,"height":200,"srcset":"https:\/\/i0.wp.com\/senegalndiaye.com\/wp-content\/uploads\/2023\/08\/educ-spe.jpg?fit=806%2C746&ssl=1&resize=350%2C200 1x, https:\/\/i0.wp.com\/senegalndiaye.com\/wp-content\/uploads\/2023\/08\/educ-spe.jpg?fit=806%2C746&ssl=1&resize=525%2C300 1.5x, https:\/\/i0.wp.com\/senegalndiaye.com\/wp-content\/uploads\/2023\/08\/educ-spe.jpg?fit=806%2C746&ssl=1&resize=700%2C400 2x"},"classes":[]},{"id":29903,"url":"https:\/\/senegalndiaye.com\/en\/enseignement-superieur-ousmane-sonko-devoile-des-changements-majeurs-pour-les-etudiants\/","url_meta":{"origin":29881,"position":5},"title":"Higher Education: Ousmane Sonko Unveils Major Changes for Students","author":"Moderateur","date":"March 29, 2025","format":false,"excerpt":"In his general policy statement on December 27, 2024, Prime Minister Ousmane Sonko presented a set of ambitious reforms to modernize higher education in Senegal. One of the key measures is the implementation of an internship development policy for all students, aimed at...","rel":"","context":"In &quot;actualit\u00e9&quot;","block_context":{"text":"actualit\u00e9","link":"https:\/\/senegalndiaye.com\/en\/category\/actualite\/"},"img":{"alt_text":"","src":"https:\/\/i0.wp.com\/senegalndiaye.com\/wp-content\/uploads\/2025\/03\/4c37b18b08b7726de9c2e5e9ab5bea28file.jpeg?fit=1200%2C587&ssl=1&resize=350%2C200","width":350,"height":200,"srcset":"https:\/\/i0.wp.com\/senegalndiaye.com\/wp-content\/uploads\/2025\/03\/4c37b18b08b7726de9c2e5e9ab5bea28file.jpeg?fit=1200%2C587&ssl=1&resize=350%2C200 1x, https:\/\/i0.wp.com\/senegalndiaye.com\/wp-content\/uploads\/2025\/03\/4c37b18b08b7726de9c2e5e9ab5bea28file.jpeg?fit=1200%2C587&ssl=1&resize=525%2C300 1.5x, https:\/\/i0.wp.com\/senegalndiaye.com\/wp-content\/uploads\/2025\/03\/4c37b18b08b7726de9c2e5e9ab5bea28file.jpeg?fit=1200%2C587&ssl=1&resize=700%2C400 2x, https:\/\/i0.wp.com\/senegalndiaye.com\/wp-content\/uploads\/2025\/03\/4c37b18b08b7726de9c2e5e9ab5bea28file.jpeg?fit=1200%2C587&ssl=1&resize=1050%2C600 3x"},"classes":[]}],"_links":{"self":[{"href":"https:\/\/senegalndiaye.com\/en\/wp-json\/wp\/v2\/posts\/29881","targetHints":{"allow":["GET"]}}],"collection":[{"href":"https:\/\/senegalndiaye.com\/en\/wp-json\/wp\/v2\/posts"}],"about":[{"href":"https:\/\/senegalndiaye.com\/en\/wp-json\/wp\/v2\/types\/post"}],"author":[{"embeddable":true,"href":"https:\/\/senegalndiaye.com\/en\/wp-json\/wp\/v2\/users\/8"}],"replies":[{"embeddable":true,"href":"https:\/\/senegalndiaye.com\/en\/wp-json\/wp\/v2\/comments?post=29881"}],"version-history":[{"count":1,"href":"https:\/\/senegalndiaye.com\/en\/wp-json\/wp\/v2\/posts\/29881\/revisions"}],"predecessor-version":[{"id":29882,"href":"https:\/\/senegalndiaye.com\/en\/wp-json\/wp\/v2\/posts\/29881\/revisions\/29882"}],"wp:featuredmedia":[{"embeddable":true,"href":"https:\/\/senegalndiaye.com\/en\/wp-json\/wp\/v2\/media\/29880"}],"wp:attachment":[{"href":"https:\/\/senegalndiaye.com\/en\/wp-json\/wp\/v2\/media?parent=29881"}],"wp:term":[{"taxonomy":"category","embeddable":true,"href":"https:\/\/senegalndiaye.com\/en\/wp-json\/wp\/v2\/categories?post=29881"},{"taxonomy":"post_tag","embeddable":true,"href":"https:\/\/senegalndiaye.com\/en\/wp-json\/wp\/v2\/tags?post=29881"}],"curies":[{"name":"wp","href":"https:\/\/api.w.org\/{rel}","templated":true}]}}