{"id":28544,"date":"2023-08-21T15:40:12","date_gmt":"2023-08-21T15:40:12","guid":{"rendered":"https:\/\/senegalndiaye.com\/?p=28544"},"modified":"2023-08-28T09:15:23","modified_gmt":"2023-08-28T09:15:23","slug":"%e2%9c%85-le-groupe-scolaire-marieme-et-aida-un-pilier-de-leducation-specialisee-au-senegal-enfant-autiste","status":"publish","type":"post","link":"https:\/\/senegalndiaye.com\/en\/%e2%9c%85-le-groupe-scolaire-marieme-et-aida-un-pilier-de-leducation-specialisee-au-senegal-enfant-autiste\/","title":{"rendered":"\u2705 The Mari\u00e8me and Aida School Group: A Pillar of Inclusion in Senegal (special education, autistic child)"},"content":{"rendered":"<p>Special education plays a crucial role in Senegalese society, providing vital support to individuals with disabilities, such as autistic children in Senegal. Over the years, Senegal has made significant progress in implementing programs and policies to ensure access to quality education for all, including those with special educational needs. However, challenges remain, highlighting the continued need to improve special education systems to meet the diverse needs of this population.<\/p>\n<h3><strong>Significant progress<\/strong><\/h3>\n<p>Over the past few decades, Senegal has made significant progress in the field of special education. The implementation of Law No. 2010-11 of May 25, 2010 on the protection and promotion of the rights of persons with disabilities marked an important turning point. This law established a solid legal foundation to guarantee equal opportunities and access to inclusive education for all children, regardless of their needs.<\/p>\n<p>As part of this legislation, the Senegalese government has launched several initiatives to improve special education. It has set up special schools and classes in regular schools to accommodate students with disabilities. In addition, specialized teachers have been trained to meet the specific needs of learners with disabilities, thereby promoting an inclusive learning environment.<\/p>\n<h3><a href=\"https:\/\/www.mariemeetaida.com\/\"><strong>The Mari\u00e8me and Aida School Group, a pillar of specialized education in Senegal<\/strong><\/a><\/h3>\n<p>Within the landscape of special education in Senegal, the Mari\u00e8me et Aida School Group has established itself as a reference in terms of educational inclusion. Founded with a deep vision of equal opportunities for all students, this school group is committed to providing quality education to learners with disabilities (autistic children, etc.).<\/p>\n<p>You can find more information on their website: <a href=\"https:\/\/www.mariemeetaida.com\">https:\/\/www.mariemeetaida.com<\/a><\/p>\n<p>Since its creation, Groupe Scolaire Mari\u00e8me et Aida has implemented an innovative educational model focused on inclusion. It offers an adapted learning environment where each student is supported and supervised according to their specific needs. By working closely with special education professionals, psychologists and therapists, the school offers holistic support to students, thus promoting their academic, social and emotional development.<\/p>\n<p>Groupe Scolaire Mari\u00e8me et Aida also plays a vital role in raising awareness about inclusive education in Senegal. By organizing workshops, seminars, and community events, the school helps change perceptions about disability and promotes the idea that every individual has the right to receive a quality education, regardless of their differences.<\/p>\n<p>Furthermore, the success of Groupe Scolaire Mari\u00e8me et Aida lies in its ability to create a supportive and engaged educational community. Teachers, parents and students work together to create a warm and welcoming environment where all children can thrive. This collaborative approach not only contributes to the development of students with disabilities, but also to the enrichment of the entire school community.<\/p>\n<p>In short, Groupe Scolaire Mari\u00e8me et Aida embodies the core values of special education in Senegal. By providing a model of educational inclusion, raising awareness in society, and creating a supportive educational community, this institution plays an inspiring role in promoting education for all. Its commitment to equal opportunities demonstrates the path forward for a truly inclusive and caring Senegalese society.<\/p>\n<h3>Find all our articles on our <a href=\"https:\/\/senegalndiaye.com\/en\/blog\/\">blog<\/a><\/h3>","protected":false},"excerpt":{"rendered":"<p>L&rsquo;\u00e9ducation sp\u00e9cialis\u00e9e occupe une place cruciale dans la soci\u00e9t\u00e9 s\u00e9n\u00e9galaise en offrant un soutien vital aux individus en situation de handicap comme par exemple les enfants autiste au S\u00e9n\u00e9gal. Au fil des ann\u00e9es, le S\u00e9n\u00e9gal a fait des progr\u00e8s significatifs dans la mise en \u0153uvre de programmes et de politiques visant \u00e0 garantir l&rsquo;acc\u00e8s \u00e0 [&hellip;]<\/p>\n","protected":false},"author":8,"featured_media":28545,"comment_status":"open","ping_status":"open","sticky":false,"template":"","format":"standard","meta":{"_jetpack_memberships_contains_paid_content":false,"footnotes":""},"categories":[459],"tags":[],"class_list":["post-28544","post","type-post","status-publish","format-standard","has-post-thumbnail","hentry","category-actualite"],"yoast_head":"<!-- This site is optimized with the Yoast SEO plugin v27.5 - https:\/\/yoast.com\/product\/yoast-seo-wordpress\/ -->\n<title>\u2705 Le Groupe Scolaire Mari\u00e8me et Aida : Un Pilier de l&#039;inclusion au S\u00e9n\u00e9gal (\u00e9ducation sp\u00e9cialis\u00e9e, Enfant autiste) &#187; Senegal Ndiaye<\/title>\n<meta name=\"description\" content=\"L&#039;\u00e9ducation sp\u00e9cialis\u00e9e occupe une place cruciale dans la soci\u00e9t\u00e9 s\u00e9n\u00e9galaise en offrant un soutien vital aux individus en situation de handicap comme par exemple les enfants autiste au S\u00e9n\u00e9gal.\" \/>\n<meta name=\"robots\" content=\"index, follow, max-snippet:-1, max-image-preview:large, max-video-preview:-1\" \/>\n<link rel=\"canonical\" href=\"https:\/\/senegalndiaye.com\/en\/\u2705-le-groupe-scolaire-marieme-et-aida-un-pilier-de-leducation-specialisee-au-senegal-enfant-autiste\/\" \/>\n<meta property=\"og:locale\" content=\"en_US\" \/>\n<meta property=\"og:type\" content=\"article\" \/>\n<meta property=\"og:title\" content=\"\u2705 Le Groupe Scolaire Mari\u00e8me et Aida : Un Pilier de l&#039;inclusion au S\u00e9n\u00e9gal (\u00e9ducation sp\u00e9cialis\u00e9e, Enfant autiste) &#187; Senegal Ndiaye\" \/>\n<meta property=\"og:description\" content=\"L&#039;\u00e9ducation sp\u00e9cialis\u00e9e occupe une place cruciale dans la soci\u00e9t\u00e9 s\u00e9n\u00e9galaise en offrant un soutien vital aux individus en situation de handicap comme par exemple les enfants autiste au S\u00e9n\u00e9gal.\" \/>\n<meta property=\"og:url\" content=\"https:\/\/senegalndiaye.com\/en\/\u2705-le-groupe-scolaire-marieme-et-aida-un-pilier-de-leducation-specialisee-au-senegal-enfant-autiste\/\" \/>\n<meta property=\"og:site_name\" content=\"Senegal Ndiaye\" \/>\n<meta property=\"article:publisher\" content=\"https:\/\/www.facebook.com\/senegalndiaye4\/\" \/>\n<meta property=\"article:published_time\" content=\"2023-08-21T15:40:12+00:00\" \/>\n<meta property=\"article:modified_time\" content=\"2023-08-28T09:15:23+00:00\" \/>\n<meta property=\"og:image\" content=\"https:\/\/senegalndiaye.com\/wp-content\/uploads\/2023\/08\/educ-spe.jpg\" \/>\n\t<meta property=\"og:image:width\" content=\"806\" \/>\n\t<meta property=\"og:image:height\" content=\"746\" \/>\n\t<meta property=\"og:image:type\" content=\"image\/jpeg\" \/>\n<meta name=\"author\" content=\"Moderateur\" \/>\n<meta name=\"twitter:card\" content=\"summary_large_image\" \/>\n<meta name=\"twitter:creator\" content=\"@Senegalndiaye5\" \/>\n<meta name=\"twitter:site\" content=\"@Senegalndiaye5\" \/>\n<meta name=\"twitter:label1\" content=\"Written by\" \/>\n\t<meta name=\"twitter:data1\" content=\"Moderateur\" \/>\n\t<meta name=\"twitter:label2\" content=\"Est. reading time\" \/>\n\t<meta name=\"twitter:data2\" content=\"4 minutes\" \/>\n<script type=\"application\/ld+json\" class=\"yoast-schema-graph\">{\"@context\":\"https:\\\/\\\/schema.org\",\"@graph\":[{\"@type\":\"Article\",\"@id\":\"https:\\\/\\\/senegalndiaye.com\\\/%e2%9c%85-le-groupe-scolaire-marieme-et-aida-un-pilier-de-leducation-specialisee-au-senegal-enfant-autiste\\\/#article\",\"isPartOf\":{\"@id\":\"https:\\\/\\\/senegalndiaye.com\\\/%e2%9c%85-le-groupe-scolaire-marieme-et-aida-un-pilier-de-leducation-specialisee-au-senegal-enfant-autiste\\\/\"},\"author\":{\"name\":\"Moderateur\",\"@id\":\"https:\\\/\\\/senegalndiaye.com\\\/#\\\/schema\\\/person\\\/c1e0d9f50bc68102f5a7368b7c9551f5\"},\"headline\":\"\u2705 Le Groupe Scolaire Mari\u00e8me et Aida : Un Pilier de l&rsquo;inclusion au S\u00e9n\u00e9gal (\u00e9ducation sp\u00e9cialis\u00e9e, Enfant autiste)\",\"datePublished\":\"2023-08-21T15:40:12+00:00\",\"dateModified\":\"2023-08-28T09:15:23+00:00\",\"mainEntityOfPage\":{\"@id\":\"https:\\\/\\\/senegalndiaye.com\\\/%e2%9c%85-le-groupe-scolaire-marieme-et-aida-un-pilier-de-leducation-specialisee-au-senegal-enfant-autiste\\\/\"},\"wordCount\":727,\"commentCount\":0,\"publisher\":{\"@id\":\"https:\\\/\\\/senegalndiaye.com\\\/#organization\"},\"image\":{\"@id\":\"https:\\\/\\\/senegalndiaye.com\\\/%e2%9c%85-le-groupe-scolaire-marieme-et-aida-un-pilier-de-leducation-specialisee-au-senegal-enfant-autiste\\\/#primaryimage\"},\"thumbnailUrl\":\"https:\\\/\\\/i0.wp.com\\\/senegalndiaye.com\\\/wp-content\\\/uploads\\\/2023\\\/08\\\/educ-spe.jpg?fit=806%2C746&ssl=1\",\"articleSection\":[\"actualit\u00e9\"],\"inLanguage\":\"en-US\",\"potentialAction\":[{\"@type\":\"CommentAction\",\"name\":\"Comment\",\"target\":[\"https:\\\/\\\/senegalndiaye.com\\\/%e2%9c%85-le-groupe-scolaire-marieme-et-aida-un-pilier-de-leducation-specialisee-au-senegal-enfant-autiste\\\/#respond\"]}]},{\"@type\":\"WebPage\",\"@id\":\"https:\\\/\\\/senegalndiaye.com\\\/%e2%9c%85-le-groupe-scolaire-marieme-et-aida-un-pilier-de-leducation-specialisee-au-senegal-enfant-autiste\\\/\",\"url\":\"https:\\\/\\\/senegalndiaye.com\\\/%e2%9c%85-le-groupe-scolaire-marieme-et-aida-un-pilier-de-leducation-specialisee-au-senegal-enfant-autiste\\\/\",\"name\":\"\u2705 Le Groupe Scolaire Mari\u00e8me et Aida : Un Pilier de l'inclusion au S\u00e9n\u00e9gal (\u00e9ducation sp\u00e9cialis\u00e9e, Enfant autiste) &#187; Senegal Ndiaye\",\"isPartOf\":{\"@id\":\"https:\\\/\\\/senegalndiaye.com\\\/#website\"},\"primaryImageOfPage\":{\"@id\":\"https:\\\/\\\/senegalndiaye.com\\\/%e2%9c%85-le-groupe-scolaire-marieme-et-aida-un-pilier-de-leducation-specialisee-au-senegal-enfant-autiste\\\/#primaryimage\"},\"image\":{\"@id\":\"https:\\\/\\\/senegalndiaye.com\\\/%e2%9c%85-le-groupe-scolaire-marieme-et-aida-un-pilier-de-leducation-specialisee-au-senegal-enfant-autiste\\\/#primaryimage\"},\"thumbnailUrl\":\"https:\\\/\\\/i0.wp.com\\\/senegalndiaye.com\\\/wp-content\\\/uploads\\\/2023\\\/08\\\/educ-spe.jpg?fit=806%2C746&ssl=1\",\"datePublished\":\"2023-08-21T15:40:12+00:00\",\"dateModified\":\"2023-08-28T09:15:23+00:00\",\"description\":\"L'\u00e9ducation sp\u00e9cialis\u00e9e occupe une place cruciale dans la soci\u00e9t\u00e9 s\u00e9n\u00e9galaise en offrant un soutien vital aux individus en situation de handicap comme par exemple les enfants autiste au S\u00e9n\u00e9gal.\",\"breadcrumb\":{\"@id\":\"https:\\\/\\\/senegalndiaye.com\\\/%e2%9c%85-le-groupe-scolaire-marieme-et-aida-un-pilier-de-leducation-specialisee-au-senegal-enfant-autiste\\\/#breadcrumb\"},\"inLanguage\":\"en-US\",\"potentialAction\":[{\"@type\":\"ReadAction\",\"target\":[\"https:\\\/\\\/senegalndiaye.com\\\/%e2%9c%85-le-groupe-scolaire-marieme-et-aida-un-pilier-de-leducation-specialisee-au-senegal-enfant-autiste\\\/\"]}]},{\"@type\":\"ImageObject\",\"inLanguage\":\"en-US\",\"@id\":\"https:\\\/\\\/senegalndiaye.com\\\/%e2%9c%85-le-groupe-scolaire-marieme-et-aida-un-pilier-de-leducation-specialisee-au-senegal-enfant-autiste\\\/#primaryimage\",\"url\":\"https:\\\/\\\/i0.wp.com\\\/senegalndiaye.com\\\/wp-content\\\/uploads\\\/2023\\\/08\\\/educ-spe.jpg?fit=806%2C746&ssl=1\",\"contentUrl\":\"https:\\\/\\\/i0.wp.com\\\/senegalndiaye.com\\\/wp-content\\\/uploads\\\/2023\\\/08\\\/educ-spe.jpg?fit=806%2C746&ssl=1\",\"width\":806,\"height\":746,\"caption\":\"\u00c9ducation sp\u00e9cialis\u00e9e au S\u00e9n\u00e9gal\"},{\"@type\":\"BreadcrumbList\",\"@id\":\"https:\\\/\\\/senegalndiaye.com\\\/%e2%9c%85-le-groupe-scolaire-marieme-et-aida-un-pilier-de-leducation-specialisee-au-senegal-enfant-autiste\\\/#breadcrumb\",\"itemListElement\":[{\"@type\":\"ListItem\",\"position\":1,\"name\":\"Accueil\",\"item\":\"https:\\\/\\\/senegalndiaye.com\\\/\"},{\"@type\":\"ListItem\",\"position\":2,\"name\":\"\u2705 Le Groupe Scolaire Mari\u00e8me et Aida : Un Pilier de l&rsquo;inclusion au S\u00e9n\u00e9gal (\u00e9ducation sp\u00e9cialis\u00e9e, Enfant autiste)\"}]},{\"@type\":\"WebSite\",\"@id\":\"https:\\\/\\\/senegalndiaye.com\\\/#website\",\"url\":\"https:\\\/\\\/senegalndiaye.com\\\/\",\"name\":\"Senegal Ndiaye\",\"description\":\"Retrouvez les meilleurs endroits du S\u00e9n\u00e9gal\",\"publisher\":{\"@id\":\"https:\\\/\\\/senegalndiaye.com\\\/#organization\"},\"potentialAction\":[{\"@type\":\"SearchAction\",\"target\":{\"@type\":\"EntryPoint\",\"urlTemplate\":\"https:\\\/\\\/senegalndiaye.com\\\/?s={search_term_string}\"},\"query-input\":{\"@type\":\"PropertyValueSpecification\",\"valueRequired\":true,\"valueName\":\"search_term_string\"}}],\"inLanguage\":\"en-US\"},{\"@type\":\"Organization\",\"@id\":\"https:\\\/\\\/senegalndiaye.com\\\/#organization\",\"name\":\"Senegal Ndiaye\",\"url\":\"https:\\\/\\\/senegalndiaye.com\\\/\",\"logo\":{\"@type\":\"ImageObject\",\"inLanguage\":\"en-US\",\"@id\":\"https:\\\/\\\/senegalndiaye.com\\\/#\\\/schema\\\/logo\\\/image\\\/\",\"url\":\"https:\\\/\\\/senegalndiaye.com\\\/wp-content\\\/uploads\\\/2018\\\/05\\\/senegalndiaye_logo.png\",\"contentUrl\":\"https:\\\/\\\/senegalndiaye.com\\\/wp-content\\\/uploads\\\/2018\\\/05\\\/senegalndiaye_logo.png\",\"width\":150,\"height\":106,\"caption\":\"Senegal Ndiaye\"},\"image\":{\"@id\":\"https:\\\/\\\/senegalndiaye.com\\\/#\\\/schema\\\/logo\\\/image\\\/\"},\"sameAs\":[\"https:\\\/\\\/www.facebook.com\\\/senegalndiaye4\\\/\",\"https:\\\/\\\/x.com\\\/Senegalndiaye5\",\"https:\\\/\\\/www.instagram.com\\\/senegalndiaye1\\\/\",\"https:\\\/\\\/www.linkedin.com\\\/company\\\/senegal-ndiaye\\\/\"]},{\"@type\":\"Person\",\"@id\":\"https:\\\/\\\/senegalndiaye.com\\\/#\\\/schema\\\/person\\\/c1e0d9f50bc68102f5a7368b7c9551f5\",\"name\":\"Moderateur\",\"image\":{\"@type\":\"ImageObject\",\"inLanguage\":\"en-US\",\"@id\":\"https:\\\/\\\/senegalndiaye.com\\\/wp-content\\\/litespeed\\\/avatar\\\/3fb7bc779db92bd05c1837e9542df344.jpg?ver=1777309443\",\"url\":\"https:\\\/\\\/senegalndiaye.com\\\/wp-content\\\/litespeed\\\/avatar\\\/3fb7bc779db92bd05c1837e9542df344.jpg?ver=1777309443\",\"contentUrl\":\"https:\\\/\\\/senegalndiaye.com\\\/wp-content\\\/litespeed\\\/avatar\\\/3fb7bc779db92bd05c1837e9542df344.jpg?ver=1777309443\",\"caption\":\"Moderateur\"},\"url\":\"https:\\\/\\\/senegalndiaye.com\\\/en\\\/author\\\/sndigital\\\/\"}]}<\/script>\n<!-- \/ Yoast SEO plugin. -->","yoast_head_json":{"title":"\u2705 The Mari\u00e8me and Aida School Group: A Pillar of Inclusion in Senegal (special education, autistic child) \u00bb Senegal Ndiaye","description":"Special education occupies a crucial place in Senegalese society by offering vital support to individuals with disabilities such as autistic children in Senegal.","robots":{"index":"index","follow":"follow","max-snippet":"max-snippet:-1","max-image-preview":"max-image-preview:large","max-video-preview":"max-video-preview:-1"},"canonical":"https:\/\/senegalndiaye.com\/en\/\u2705-le-groupe-scolaire-marieme-et-aida-un-pilier-de-leducation-specialisee-au-senegal-enfant-autiste\/","og_locale":"en_US","og_type":"article","og_title":"\u2705 Le Groupe Scolaire Mari\u00e8me et Aida : Un Pilier de l'inclusion au S\u00e9n\u00e9gal (\u00e9ducation sp\u00e9cialis\u00e9e, Enfant autiste) &#187; Senegal Ndiaye","og_description":"L'\u00e9ducation sp\u00e9cialis\u00e9e occupe une place cruciale dans la soci\u00e9t\u00e9 s\u00e9n\u00e9galaise en offrant un soutien vital aux individus en situation de handicap comme par exemple les enfants autiste au S\u00e9n\u00e9gal.","og_url":"https:\/\/senegalndiaye.com\/en\/\u2705-le-groupe-scolaire-marieme-et-aida-un-pilier-de-leducation-specialisee-au-senegal-enfant-autiste\/","og_site_name":"Senegal Ndiaye","article_publisher":"https:\/\/www.facebook.com\/senegalndiaye4\/","article_published_time":"2023-08-21T15:40:12+00:00","article_modified_time":"2023-08-28T09:15:23+00:00","og_image":[{"width":806,"height":746,"url":"https:\/\/senegalndiaye.com\/wp-content\/uploads\/2023\/08\/educ-spe.jpg","type":"image\/jpeg"}],"author":"Moderateur","twitter_card":"summary_large_image","twitter_creator":"@Senegalndiaye5","twitter_site":"@Senegalndiaye5","twitter_misc":{"Written by":"Moderateur","Est. reading time":"4 minutes"},"schema":{"@context":"https:\/\/schema.org","@graph":[{"@type":"Article","@id":"https:\/\/senegalndiaye.com\/%e2%9c%85-le-groupe-scolaire-marieme-et-aida-un-pilier-de-leducation-specialisee-au-senegal-enfant-autiste\/#article","isPartOf":{"@id":"https:\/\/senegalndiaye.com\/%e2%9c%85-le-groupe-scolaire-marieme-et-aida-un-pilier-de-leducation-specialisee-au-senegal-enfant-autiste\/"},"author":{"name":"Moderateur","@id":"https:\/\/senegalndiaye.com\/#\/schema\/person\/c1e0d9f50bc68102f5a7368b7c9551f5"},"headline":"\u2705 Le Groupe Scolaire Mari\u00e8me et Aida : Un Pilier de l&rsquo;inclusion au S\u00e9n\u00e9gal (\u00e9ducation sp\u00e9cialis\u00e9e, Enfant autiste)","datePublished":"2023-08-21T15:40:12+00:00","dateModified":"2023-08-28T09:15:23+00:00","mainEntityOfPage":{"@id":"https:\/\/senegalndiaye.com\/%e2%9c%85-le-groupe-scolaire-marieme-et-aida-un-pilier-de-leducation-specialisee-au-senegal-enfant-autiste\/"},"wordCount":727,"commentCount":0,"publisher":{"@id":"https:\/\/senegalndiaye.com\/#organization"},"image":{"@id":"https:\/\/senegalndiaye.com\/%e2%9c%85-le-groupe-scolaire-marieme-et-aida-un-pilier-de-leducation-specialisee-au-senegal-enfant-autiste\/#primaryimage"},"thumbnailUrl":"https:\/\/i0.wp.com\/senegalndiaye.com\/wp-content\/uploads\/2023\/08\/educ-spe.jpg?fit=806%2C746&ssl=1","articleSection":["actualit\u00e9"],"inLanguage":"en-US","potentialAction":[{"@type":"CommentAction","name":"Comment","target":["https:\/\/senegalndiaye.com\/%e2%9c%85-le-groupe-scolaire-marieme-et-aida-un-pilier-de-leducation-specialisee-au-senegal-enfant-autiste\/#respond"]}]},{"@type":"WebPage","@id":"https:\/\/senegalndiaye.com\/%e2%9c%85-le-groupe-scolaire-marieme-et-aida-un-pilier-de-leducation-specialisee-au-senegal-enfant-autiste\/","url":"https:\/\/senegalndiaye.com\/%e2%9c%85-le-groupe-scolaire-marieme-et-aida-un-pilier-de-leducation-specialisee-au-senegal-enfant-autiste\/","name":"\u2705 The Mari\u00e8me and Aida School Group: A Pillar of Inclusion in Senegal (special education, autistic child) \u00bb Senegal Ndiaye","isPartOf":{"@id":"https:\/\/senegalndiaye.com\/#website"},"primaryImageOfPage":{"@id":"https:\/\/senegalndiaye.com\/%e2%9c%85-le-groupe-scolaire-marieme-et-aida-un-pilier-de-leducation-specialisee-au-senegal-enfant-autiste\/#primaryimage"},"image":{"@id":"https:\/\/senegalndiaye.com\/%e2%9c%85-le-groupe-scolaire-marieme-et-aida-un-pilier-de-leducation-specialisee-au-senegal-enfant-autiste\/#primaryimage"},"thumbnailUrl":"https:\/\/i0.wp.com\/senegalndiaye.com\/wp-content\/uploads\/2023\/08\/educ-spe.jpg?fit=806%2C746&ssl=1","datePublished":"2023-08-21T15:40:12+00:00","dateModified":"2023-08-28T09:15:23+00:00","description":"Special education occupies a crucial place in Senegalese society by offering vital support to individuals with disabilities such as autistic children in Senegal.","breadcrumb":{"@id":"https:\/\/senegalndiaye.com\/%e2%9c%85-le-groupe-scolaire-marieme-et-aida-un-pilier-de-leducation-specialisee-au-senegal-enfant-autiste\/#breadcrumb"},"inLanguage":"en-US","potentialAction":[{"@type":"ReadAction","target":["https:\/\/senegalndiaye.com\/%e2%9c%85-le-groupe-scolaire-marieme-et-aida-un-pilier-de-leducation-specialisee-au-senegal-enfant-autiste\/"]}]},{"@type":"ImageObject","inLanguage":"en-US","@id":"https:\/\/senegalndiaye.com\/%e2%9c%85-le-groupe-scolaire-marieme-et-aida-un-pilier-de-leducation-specialisee-au-senegal-enfant-autiste\/#primaryimage","url":"https:\/\/i0.wp.com\/senegalndiaye.com\/wp-content\/uploads\/2023\/08\/educ-spe.jpg?fit=806%2C746&ssl=1","contentUrl":"https:\/\/i0.wp.com\/senegalndiaye.com\/wp-content\/uploads\/2023\/08\/educ-spe.jpg?fit=806%2C746&ssl=1","width":806,"height":746,"caption":"\u00c9ducation sp\u00e9cialis\u00e9e au S\u00e9n\u00e9gal"},{"@type":"BreadcrumbList","@id":"https:\/\/senegalndiaye.com\/%e2%9c%85-le-groupe-scolaire-marieme-et-aida-un-pilier-de-leducation-specialisee-au-senegal-enfant-autiste\/#breadcrumb","itemListElement":[{"@type":"ListItem","position":1,"name":"Accueil","item":"https:\/\/senegalndiaye.com\/"},{"@type":"ListItem","position":2,"name":"\u2705 Le Groupe Scolaire Mari\u00e8me et Aida : Un Pilier de l&rsquo;inclusion au S\u00e9n\u00e9gal (\u00e9ducation sp\u00e9cialis\u00e9e, Enfant autiste)"}]},{"@type":"WebSite","@id":"https:\/\/senegalndiaye.com\/#website","url":"https:\/\/senegalndiaye.com\/","name":"Senegal Ndiaye","description":"Find the best places in Senegal","publisher":{"@id":"https:\/\/senegalndiaye.com\/#organization"},"potentialAction":[{"@type":"SearchAction","target":{"@type":"EntryPoint","urlTemplate":"https:\/\/senegalndiaye.com\/?s={search_term_string}"},"query-input":{"@type":"PropertyValueSpecification","valueRequired":true,"valueName":"search_term_string"}}],"inLanguage":"en-US"},{"@type":"Organization","@id":"https:\/\/senegalndiaye.com\/#organization","name":"Senegal Ndiaye","url":"https:\/\/senegalndiaye.com\/","logo":{"@type":"ImageObject","inLanguage":"en-US","@id":"https:\/\/senegalndiaye.com\/#\/schema\/logo\/image\/","url":"https:\/\/senegalndiaye.com\/wp-content\/uploads\/2018\/05\/senegalndiaye_logo.png","contentUrl":"https:\/\/senegalndiaye.com\/wp-content\/uploads\/2018\/05\/senegalndiaye_logo.png","width":150,"height":106,"caption":"Senegal Ndiaye"},"image":{"@id":"https:\/\/senegalndiaye.com\/#\/schema\/logo\/image\/"},"sameAs":["https:\/\/www.facebook.com\/senegalndiaye4\/","https:\/\/x.com\/Senegalndiaye5","https:\/\/www.instagram.com\/senegalndiaye1\/","https:\/\/www.linkedin.com\/company\/senegal-ndiaye\/"]},{"@type":"Person","@id":"https:\/\/senegalndiaye.com\/#\/schema\/person\/c1e0d9f50bc68102f5a7368b7c9551f5","name":"Moderator","image":{"@type":"ImageObject","inLanguage":"en-US","@id":"https:\/\/senegalndiaye.com\/wp-content\/litespeed\/avatar\/3fb7bc779db92bd05c1837e9542df344.jpg?ver=1777309443","url":"https:\/\/senegalndiaye.com\/wp-content\/litespeed\/avatar\/3fb7bc779db92bd05c1837e9542df344.jpg?ver=1777309443","contentUrl":"https:\/\/senegalndiaye.com\/wp-content\/litespeed\/avatar\/3fb7bc779db92bd05c1837e9542df344.jpg?ver=1777309443","caption":"Moderateur"},"url":"https:\/\/senegalndiaye.com\/en\/author\/sndigital\/"}]}},"jetpack_featured_media_url":"https:\/\/i0.wp.com\/senegalndiaye.com\/wp-content\/uploads\/2023\/08\/educ-spe.jpg?fit=806%2C746&ssl=1","jetpack_sharing_enabled":true,"jetpack-related-posts":[{"id":29881,"url":"https:\/\/senegalndiaye.com\/en\/education-et-formation-au-senegal-une-nouvelle-dynamique-en-marche\/","url_meta":{"origin":28544,"position":0},"title":"Education and training in Senegal: A new dynamic underway","author":"Moderateur","date":"March 24, 2025","format":false,"excerpt":"Senegal is engaged in a profound transformation of its education system, marked by a series of ambitious reforms aimed at improving the quality of teaching, access to education, and the adequacy of training and labor market needs. This dynamic, although facing persistent challenges,\u2026","rel":"","context":"In &quot;actualit\u00e9&quot;","block_context":{"text":"actualit\u00e9","link":"https:\/\/senegalndiaye.com\/en\/category\/actualite\/"},"img":{"alt_text":"","src":"https:\/\/i0.wp.com\/senegalndiaye.com\/wp-content\/uploads\/2025\/03\/6cd940ab6bd7c1f17adba597e923196dfile.png?fit=1200%2C1000&ssl=1&resize=350%2C200","width":350,"height":200,"srcset":"https:\/\/i0.wp.com\/senegalndiaye.com\/wp-content\/uploads\/2025\/03\/6cd940ab6bd7c1f17adba597e923196dfile.png?fit=1200%2C1000&ssl=1&resize=350%2C200 1x, https:\/\/i0.wp.com\/senegalndiaye.com\/wp-content\/uploads\/2025\/03\/6cd940ab6bd7c1f17adba597e923196dfile.png?fit=1200%2C1000&ssl=1&resize=525%2C300 1.5x, https:\/\/i0.wp.com\/senegalndiaye.com\/wp-content\/uploads\/2025\/03\/6cd940ab6bd7c1f17adba597e923196dfile.png?fit=1200%2C1000&ssl=1&resize=700%2C400 2x, https:\/\/i0.wp.com\/senegalndiaye.com\/wp-content\/uploads\/2025\/03\/6cd940ab6bd7c1f17adba597e923196dfile.png?fit=1200%2C1000&ssl=1&resize=1050%2C600 3x"},"classes":[]},{"id":29758,"url":"https:\/\/senegalndiaye.com\/en\/recrutement-de-2000-enseignants-au-senegal-lien-de-la-plateforme-mirador\/","url_meta":{"origin":28544,"position":1},"title":"Recruitment of 2000 teachers in Senegal \u2013 Mirador platform link","author":"Moderateur","date":"January 27, 2025","format":false,"excerpt":"Recruitment of 2,000 teachers in Senegal via the Mirador platform: A step forward for national education As part of Senegal&#039;s education policy and its ambition to improve the quality and accessibility of education, the government has just announced an exceptional recruitment campaign for 2,000 teachers.\u2026","rel":"","context":"In &quot;actualit\u00e9&quot;","block_context":{"text":"actualit\u00e9","link":"https:\/\/senegalndiaye.com\/en\/category\/actualite\/"},"img":{"alt_text":"Recrutement 2000 enseignants s\u00e9n\u00e9gal lien","src":"https:\/\/i0.wp.com\/senegalndiaye.com\/wp-content\/uploads\/2025\/01\/mirador-recrutement-2000-enseignants-Senegal.jpg?fit=1200%2C1200&ssl=1&resize=350%2C200","width":350,"height":200,"srcset":"https:\/\/i0.wp.com\/senegalndiaye.com\/wp-content\/uploads\/2025\/01\/mirador-recrutement-2000-enseignants-Senegal.jpg?fit=1200%2C1200&ssl=1&resize=350%2C200 1x, https:\/\/i0.wp.com\/senegalndiaye.com\/wp-content\/uploads\/2025\/01\/mirador-recrutement-2000-enseignants-Senegal.jpg?fit=1200%2C1200&ssl=1&resize=525%2C300 1.5x, https:\/\/i0.wp.com\/senegalndiaye.com\/wp-content\/uploads\/2025\/01\/mirador-recrutement-2000-enseignants-Senegal.jpg?fit=1200%2C1200&ssl=1&resize=700%2C400 2x, https:\/\/i0.wp.com\/senegalndiaye.com\/wp-content\/uploads\/2025\/01\/mirador-recrutement-2000-enseignants-Senegal.jpg?fit=1200%2C1200&ssl=1&resize=1050%2C600 3x"},"classes":[]},{"id":29867,"url":"https:\/\/senegalndiaye.com\/en\/senegal-le-president-diomaye-cree-un-conseil-superieur-de-leducation-et-de-la-formation\/","url_meta":{"origin":28544,"position":2},"title":"Senegal: President Diomaye creates a Higher Council for Education and Training","author":"Moderateur","date":"March 22, 2025","format":false,"excerpt":"Senegal is about to undergo a major transformation in its education system. President Bassirou Diomaye Faye has announced the establishment of a Higher Council for Education and Training. This ambitious initiative aims to fundamentally overhaul the education sector, thus meeting the pressing needs of a\u2026","rel":"","context":"In &quot;actualit\u00e9&quot;","block_context":{"text":"actualit\u00e9","link":"https:\/\/senegalndiaye.com\/en\/category\/actualite\/"},"img":{"alt_text":"","src":"https:\/\/i0.wp.com\/senegalndiaye.com\/wp-content\/uploads\/2025\/03\/89d7d54d9a7582ca71c8928f3646c20efile.jpeg?fit=1200%2C536&ssl=1&resize=350%2C200","width":350,"height":200,"srcset":"https:\/\/i0.wp.com\/senegalndiaye.com\/wp-content\/uploads\/2025\/03\/89d7d54d9a7582ca71c8928f3646c20efile.jpeg?fit=1200%2C536&ssl=1&resize=350%2C200 1x, https:\/\/i0.wp.com\/senegalndiaye.com\/wp-content\/uploads\/2025\/03\/89d7d54d9a7582ca71c8928f3646c20efile.jpeg?fit=1200%2C536&ssl=1&resize=525%2C300 1.5x, https:\/\/i0.wp.com\/senegalndiaye.com\/wp-content\/uploads\/2025\/03\/89d7d54d9a7582ca71c8928f3646c20efile.jpeg?fit=1200%2C536&ssl=1&resize=700%2C400 2x, https:\/\/i0.wp.com\/senegalndiaye.com\/wp-content\/uploads\/2025\/03\/89d7d54d9a7582ca71c8928f3646c20efile.jpeg?fit=1200%2C536&ssl=1&resize=1050%2C600 3x"},"classes":[]},{"id":29584,"url":"https:\/\/senegalndiaye.com\/en\/quelle-formation-apres-le-bac-l2-au-senegal\/","url_meta":{"origin":28544,"position":3},"title":"What training after the BAC L2 in Senegal?","author":"Moderateur","date":"December 9, 2024","format":false,"excerpt":"The second year of a Baccalaureate (L2), with its literary focus, opens the door to numerous academic and professional opportunities. However, the choice of post-baccalaureate training must be strategic to align personal interests with available job opportunities. Here is a comprehensive guide to guide holders of a\u2026","rel":"","context":"In &quot;Formations sup\u00e9rieures au S\u00e9n\u00e9gal&quot;","block_context":{"text":"Formations sup\u00e9rieures au S\u00e9n\u00e9gal","link":"https:\/\/senegalndiaye.com\/en\/category\/formations-superieures-au-senegal\/"},"img":{"alt_text":"","src":"https:\/\/senegalndiaye.com\/wp-content\/uploads\/2024\/12\/Bac-L2.avif","width":350,"height":200,"srcset":"https:\/\/senegalndiaye.com\/wp-content\/uploads\/2024\/12\/Bac-L2.avif 1x, https:\/\/senegalndiaye.com\/wp-content\/uploads\/2024\/12\/Bac-L2.avif 1.5x"},"classes":[]},{"id":25547,"url":"https:\/\/senegalndiaye.com\/en\/%e2%9c%85-les-organismes-faisant-du-benevolat-au-senegal\/","url_meta":{"origin":28544,"position":4},"title":"\u2705 Organizations doing volunteer work in Senegal","author":"Moderateur","date":"April 14, 2022","format":false,"excerpt":"What are the volunteer organizations in Senegal? There are many volunteer organizations in Senegal. These charitable organizations work to help the poor, renovate schools, and promote development. You will find some examples in this article. Save the Children Save the Children\u2026","rel":"","context":"In &quot;Blog&quot;","block_context":{"text":"Blog","link":"https:\/\/senegalndiaye.com\/en\/category\/blog\/"},"img":{"alt_text":"b\u00e9n\u00e9volat s\u00e9n\u00e9gal","src":"https:\/\/i0.wp.com\/senegalndiaye.com\/wp-content\/uploads\/2022\/04\/benevolat-senegal.jpg?fit=360%2C239&ssl=1&resize=350%2C200","width":350,"height":200},"classes":[]},{"id":28161,"url":"https:\/\/senegalndiaye.com\/en\/%e2%9c%85-formation-gratuite-en-ligne-au-senegal-avec-certificat\/","url_meta":{"origin":28544,"position":5},"title":"\u2705 Free online training in Senegal with certificate","author":"Moderateur","date":"June 10, 2023","format":false,"excerpt":"In the current context of rapidly evolving technology and the growing importance of online learning, Senegal has taken significant steps to offer free online training to its population. This initiative aims to enable a greater number of people, regardless of their\u2026","rel":"","context":"In &quot;Blog&quot;","block_context":{"text":"Blog","link":"https:\/\/senegalndiaye.com\/en\/category\/blog\/"},"img":{"alt_text":"Formation gratuite en ligne au S\u00e9n\u00e9gal","src":"https:\/\/i0.wp.com\/senegalndiaye.com\/wp-content\/uploads\/2023\/06\/formation-en-ligne.png?fit=823%2C549&ssl=1&resize=350%2C200","width":350,"height":200,"srcset":"https:\/\/i0.wp.com\/senegalndiaye.com\/wp-content\/uploads\/2023\/06\/formation-en-ligne.png?fit=823%2C549&ssl=1&resize=350%2C200 1x, https:\/\/i0.wp.com\/senegalndiaye.com\/wp-content\/uploads\/2023\/06\/formation-en-ligne.png?fit=823%2C549&ssl=1&resize=525%2C300 1.5x, https:\/\/i0.wp.com\/senegalndiaye.com\/wp-content\/uploads\/2023\/06\/formation-en-ligne.png?fit=823%2C549&ssl=1&resize=700%2C400 2x"},"classes":[]}],"_links":{"self":[{"href":"https:\/\/senegalndiaye.com\/en\/wp-json\/wp\/v2\/posts\/28544","targetHints":{"allow":["GET"]}}],"collection":[{"href":"https:\/\/senegalndiaye.com\/en\/wp-json\/wp\/v2\/posts"}],"about":[{"href":"https:\/\/senegalndiaye.com\/en\/wp-json\/wp\/v2\/types\/post"}],"author":[{"embeddable":true,"href":"https:\/\/senegalndiaye.com\/en\/wp-json\/wp\/v2\/users\/8"}],"replies":[{"embeddable":true,"href":"https:\/\/senegalndiaye.com\/en\/wp-json\/wp\/v2\/comments?post=28544"}],"version-history":[{"count":9,"href":"https:\/\/senegalndiaye.com\/en\/wp-json\/wp\/v2\/posts\/28544\/revisions"}],"predecessor-version":[{"id":28592,"href":"https:\/\/senegalndiaye.com\/en\/wp-json\/wp\/v2\/posts\/28544\/revisions\/28592"}],"wp:featuredmedia":[{"embeddable":true,"href":"https:\/\/senegalndiaye.com\/en\/wp-json\/wp\/v2\/media\/28545"}],"wp:attachment":[{"href":"https:\/\/senegalndiaye.com\/en\/wp-json\/wp\/v2\/media?parent=28544"}],"wp:term":[{"taxonomy":"category","embeddable":true,"href":"https:\/\/senegalndiaye.com\/en\/wp-json\/wp\/v2\/categories?post=28544"},{"taxonomy":"post_tag","embeddable":true,"href":"https:\/\/senegalndiaye.com\/en\/wp-json\/wp\/v2\/tags?post=28544"}],"curies":[{"name":"wp","href":"https:\/\/api.w.org\/{rel}","templated":true}]}}